{"id":1853,"date":"2017-10-17T14:45:28","date_gmt":"2017-10-17T13:45:28","guid":{"rendered":"http:\/\/ferne-welten.com\/?p=1853"},"modified":"2017-10-17T15:43:15","modified_gmt":"2017-10-17T14:43:15","slug":"antisemitismus-in-parteiforen","status":"publish","type":"post","link":"https:\/\/ferne-welten.com\/?p=1853","title":{"rendered":"Antisemitismus in Parteiforen"},"content":{"rendered":"<p style=\"text-align: justify;\">DM-Funktion\u00e4re nutzen Facebook-Gruppen und Parteiforen, um ihre Inhalte zu verbreiten. Kritiker_innen drohen diese Kader mit dem Einsatz einer <em>&#8222;vollj\u00fcdischen Anw\u00e4ltin&#8220;<\/em>. Die Einordnung, die an nationalsozialistische Rassenlehren ankn\u00fcpft, scheint kein Zufall. Schlie\u00dflich verbreitetet ein Vorstand der Deutschen Mitte, unter reger Beteiligung von anderen Parteimitgliedern, allerlei\u00a0 Mythen, die\u00a0an klassische Ritualmordlegenden erinnern. Akteure verfallen in den DM-Foren in ein Jargon, das deutlich an die Sprache des\u00a0Nationalsozialismus ankn\u00fcpft.<\/p>\n<p style=\"text-align: justify;\"><!--more--><\/p>\n<p style=\"text-align: justify;\">Dass J\u00fcdinnen und Juden unschuldige Kinder f\u00fcr satanisch-magische Zwecke ermorden, ist eine langlebige\u00a0<a href=\"http:\/\/www.hagalil.com\/deutschland\/ost\/judentum\/2-3.htm\" target=\"_blank\" rel=\"noopener\">Legende<\/a> des christlichen Anti-Judaismus. Wurde zun\u00e4chst behauptet, dass das Blut unschuldiger Kinder eine Zutat f\u00fcr j\u00fcdische Matze sei, richtet sich der Mythos heute gegen eine zionistische Konspiration, die <a href=\"https:\/\/manfredbreitenberger.wordpress.com\/2012\/05\/30\/antisemitische-karikaturen-in-deutschland-und-im-nahen-osten\/\" target=\"_blank\" rel=\"noopener\">durch Israel<\/a>\u00a0Kinderblut vergie\u00dfen soll. Auf diese Weise transformiert aktueller Antisemitismus, der Codes und Chiffren nutzt, uralte Legenden. Er verwendet den Term\u00a0<em>&#8222;Zionisten&#8220;<\/em>, um Ritualmordlegenden fortzuf\u00fchren, die J\u00fcdinnen und Juden zu Handlangern des Teufels machen.<\/p>\n<p style=\"text-align: justify;\">Dieter Wolter, <a href=\"http:\/\/antifaelf.blogsport.de\/2017\/04\/14\/verschwoerungsideologie-in-parteiform-die-deutsche-mitte-ist-nun-auch-in-oldenburg-angekommen\/\" target=\"_blank\" rel=\"noopener\">Waffenbesitzer<\/a>\u00a0und Bundesvorstandsmitglied der <a href=\"http:\/\/ferne-welten.com\/?p=1155\" target=\"_blank\" rel=\"noopener\">Deutschen Mitte (DM)<\/a>, gebraucht diese Bezeichnung, um die Legende mit der Chiffre zu aktualisieren. In einer Facebook-Gruppe seiner Gruppierung schreibt das Vorstandsmitglied von<em> &#8222;Zionisten&#8220;<\/em>, die er zu Anh\u00e4nger_innen satanischer Kulte macht. Sie\u00a0<em>&#8222;leben (&#8230;) den luziferischen\u00a0Baal-Kult&#8220;<\/em>, warnt Wolter lesende Parteimitglieder. Es gehe den Beteiligten, so die paranoide Verunglimpfung, in Wirklichkeit um <em>&#8222;die Opferung von Kleinkindern&#8220;<\/em>.\u00a0Die erstaunlichen Aktualisierungen der christlichen Ritualmordlegende findet sich in einem Thread, den der selbstst\u00e4ndige Unternehmer angesichts eines <a href=\"http:\/\/marinaweisband.de\/ueber-strukturellen-antisemitismus\/\" target=\"_blank\" rel=\"noopener\">Artikels<\/a> erstellte, der sich mit der Bildsprache seiner Partei befasst.<\/p>\n<div id=\"attachment_1968\" style=\"width: 795px\" class=\"wp-caption aligncenter\"><a href=\"http:\/\/ferne-welten.com\/wp-content\/uploads\/2017\/10\/Dieter-Wolter-DM-Ritualmordlegende.jpg\"><img loading=\"lazy\" decoding=\"async\" aria-describedby=\"caption-attachment-1968\" class=\" wp-image-1968\" src=\"http:\/\/ferne-welten.com\/wp-content\/uploads\/2017\/10\/Dieter-Wolter-DM-Ritualmordlegende.jpg\" alt=\"\" width=\"785\" height=\"161\" srcset=\"https:\/\/ferne-welten.com\/wp-content\/uploads\/2017\/10\/Dieter-Wolter-DM-Ritualmordlegende.jpg 424w, https:\/\/ferne-welten.com\/wp-content\/uploads\/2017\/10\/Dieter-Wolter-DM-Ritualmordlegende-300x62.jpg 300w\" sizes=\"auto, (max-width: 785px) 100vw, 785px\" \/><\/a><p id=\"caption-attachment-1968\" class=\"wp-caption-text\">Aktualisierte Ritualmordlegende: DM-Vorstand Dieter Wolter (2017)<\/p><\/div>\n<p style=\"text-align: justify;\">Weil Kritik an <a href=\"http:\/\/www.belltower.news\/artikel\/bundestagswahl-2017-was-treibt-die-rechtsau%C3%9Fen-parteien-im-wahlkampf-um-deutsche-mitte-12535\" target=\"_blank\" rel=\"noopener\">antisemitischen Parteiplakaten<\/a> kursierte, <a href=\"http:\/\/ferne-welten.com\/wp-content\/uploads\/2017\/10\/Dieter-Wolter-DM-Schuldumkehr.jpg\" target=\"_blank\" rel=\"noopener\">emp\u00f6rte<\/a> sich Wolter <em>&#8222;\u00fcber eine Hetze wie in den 30er Jahren&#8220;<\/em>. Sie stamme <em>&#8222;von einer J\u00fcdin&#8220;<\/em>,\u00a0 <em>&#8222;geboren in Kiew&#8220;<\/em>, klagte der Parteikader, der sich typischen Mustern der antisemitischen Schuldumkehr hingab. Seine <a href=\"http:\/\/ferne-welten.com\/wp-content\/uploads\/2017\/10\/Dieter-Wolter-DM-Schuldumkehr.jpg\" target=\"_blank\" rel=\"noopener\">Einlassungen<\/a> kommentierten weitere Nutzer des Parteiforums, die ihr Bundesvorstandsmitglied durch antisemitische Inhalte erg\u00e4nzten. So finden sich dort abscheuliche Mythen, die in Tradition fetischisierter Feindbildpflege stehen. Ein User verweist beispielsweise auf deutsche Weltkriegsl\u00fcgen, die sich auf einer nationalsozialistischen Internetseite befinden. Der DM-Vorstand kommentiert <a href=\"http:\/\/ferne-welten.com\/wp-content\/uploads\/2017\/10\/Dieter-Wolter-DM-NS-Link.jpg\" target=\"_blank\" rel=\"noopener\">diesen NS-Link zustimmend<\/a>.<\/p>\n<p style=\"text-align: justify;\">Dass antisemitische Behauptungen in Parteiforen der Deutschen Mitte fortleben, beweisen viele Nutzer, die Wolters Einlassungen kommentieren. Ein DM-Fan\u00a0<a href=\"http:\/\/ferne-welten.com\/wp-content\/uploads\/2017\/10\/Dieter-Wolter-DM-Einordnungen.jpg\" target=\"_blank\" rel=\"noopener\">behauptet<\/a> im Verlauf der Debatte, dass <em>&#8222;die Juden&#8220;<\/em>\u00a0die Gesellschaft beherrschen, indem sie\u00a0<em>&#8222;alle wichtigen Schnittstellen besetzt&#8220;<\/em> h\u00e4tten. Politiker_innen wie Angela Merkel seien in Wirklichkeit<em> &#8222;extrem zionistische Juden&#8220;<\/em>, warnt dieser Partei-Paranoide. Im Verlauf seiner Fantasie schreibt der DM-Anh\u00e4nger, dass die <em>&#8222;die Juden&#8220;<\/em> die baldige <em>&#8222;Vernichtung Deutschlands&#8220;<\/em> anstreben w\u00fcrden. Sein Wahn gipfelt in der perfiden Behauptung, dass die ausgemachten Feinde die\u00a0<em>&#8222;Erbschuld an der gesamten Menschheit tragen&#8220;.<\/em><\/p>\n<p style=\"text-align: justify;\">Wolter kritisiert keine dieser L\u00fcgen; er <a href=\"http:\/\/ferne-welten.com\/wp-content\/uploads\/2017\/10\/Dieter-Wolter-DM-Einordnungen.jpg\" target=\"_blank\" rel=\"noopener\">erg\u00e4nzt<\/a> die Beleidigungen sogar. Zur Beweisf\u00fchrung teilt der in Oldenburg lebende Aktivist ein Video des s\u00fcdafrikanischen Zoologie-Professors Walter Veith. Nicht nur im von Parteivorstandsmitglied beworbenen Clip\u00a0<em>&#8222;transportiert und verbreitet&#8220;<\/em> dieser <a href=\"http:\/\/www.hagalil.com\/2013\/01\/veith\/\" target=\"_blank\" rel=\"noopener\">Fantast<\/a>\u00a0<em>&#8222;ganz offensichtlich antisemitische Stereotype, nutzt diese gezielt f\u00fcr seine Argumentation und verharmlost den Holocaust&#8220;<\/em>, hei\u00dft es in einer <a href=\"http:\/\/www.hagalil.com\/2013\/01\/veith\/\" target=\"_blank\" rel=\"noopener\">Kritik<\/a>. Dass f\u00fcr die Shoa der <em>&#8222;Zionismus&#8220;<\/em>,\u00a0der als Chiffre und Feinbild zugleich dient, verantwortlich sein soll, ist die These dieses Kronzeugen. Da ist es traurig-konsequent, wenn ein DM-User seine identifizierten Feinde, J\u00fcdinnen und Juden,\u00a0<em>&#8222;f\u00fcr alle negativen Dinge auf der Welt&#8220;<\/em> verantwortlich macht. Dass es ein\u00a0<em>&#8222;Problem&#8220;<\/em> gibt, glaubt derweil auch Wolter.<\/p>\n<div id=\"attachment_1984\" style=\"width: 1669px\" class=\"wp-caption aligncenter\"><a href=\"http:\/\/ferne-welten.com\/wp-content\/uploads\/2017\/10\/DM-Kraken.jpg\"><img loading=\"lazy\" decoding=\"async\" aria-describedby=\"caption-attachment-1984\" class=\"size-full wp-image-1984\" src=\"http:\/\/ferne-welten.com\/wp-content\/uploads\/2017\/10\/DM-Kraken.jpg\" alt=\"\" width=\"1659\" height=\"455\" srcset=\"https:\/\/ferne-welten.com\/wp-content\/uploads\/2017\/10\/DM-Kraken.jpg 1659w, https:\/\/ferne-welten.com\/wp-content\/uploads\/2017\/10\/DM-Kraken-300x82.jpg 300w, https:\/\/ferne-welten.com\/wp-content\/uploads\/2017\/10\/DM-Kraken-768x211.jpg 768w, https:\/\/ferne-welten.com\/wp-content\/uploads\/2017\/10\/DM-Kraken-1024x281.jpg 1024w, https:\/\/ferne-welten.com\/wp-content\/uploads\/2017\/10\/DM-Kraken-940x258.jpg 940w, https:\/\/ferne-welten.com\/wp-content\/uploads\/2017\/10\/DM-Kraken-1200x329.jpg 1200w\" sizes=\"auto, (max-width: 1659px) 100vw, 1659px\" \/><\/a><p id=\"caption-attachment-1984\" class=\"wp-caption-text\">Ein Kraken umschlingt die Welt: Antisemitisches Motiv der Kleinpartei DM (2017)<\/p><\/div>\n<p style=\"text-align: justify;\">Das Bundesvorstandsmitglied m\u00f6chte trotzdem zwischen <em>&#8222;Juden die deutschnational sind und Zionisten&#8220;<\/em> <a href=\"http:\/\/ferne-welten.com\/wp-content\/uploads\/2017\/10\/Dieter-Wolter-DM-Ritualmordlegende.jpg\" target=\"_blank\" rel=\"noopener\">unterscheiden<\/a>. Die <em>&#8222;Zionisten&#8220;<\/em> w\u00fcrden kleine Kinder opfern, w\u00e4hrend die erste Gruppe auch <em>&#8222;nette Juden&#8220;<\/em>\u00a0umfasst. Zum Beweis f\u00fchrt ein weiteres Parteimitglied die Worte\u00a0<em>&#8222;Talmud-Zitate&#8220;<\/em> und <em>&#8222;Youtube&#8220;<\/em> an. Wolters Gegner bleiben unterdessen konkreter. Ein Feind <a href=\"http:\/\/ferne-welten.com\/wp-content\/uploads\/2017\/10\/Dieter-Wolter-DM-Soros.jpg\" target=\"_blank\" rel=\"noopener\">scheint<\/a> der amerikanische\u00a0Investor George Soros, dem er<em> &#8222;Verbindungen zu deutschen Politikern&#8220;<\/em> unterstellt. Dass dieser die Vernichtungspraxis des Nationalsozialismus knapp \u00fcberlebte, weil er sich \u00fcber Monate vor den NS-T\u00e4tern verbarg, benennt der deutsche Politiker in diesem Beitrag nicht. <em>&#8222;Die Ratte ist auch schon tot &#8211; wird nur verschwiegen&#8220;<\/em>, <a href=\"http:\/\/ferne-welten.com\/wp-content\/uploads\/2017\/10\/Dieter-Wolter-DM-Soros-Reaktion.jpg\" target=\"_blank\" rel=\"noopener\">hofft<\/a> ein Parteimitglied daf\u00fcr unter seinen Ausf\u00fchrungen.<\/p>\n<p style=\"text-align: justify;\">Wolter m\u00f6chte &#8211; trotz Alledem &#8211; kein Antisemit sein. Schlie\u00dflich sei sogar <em>&#8222;ein Gesch\u00e4ftspartner meinerseits Jude&#8220;<\/em>, sagt das Bundesvorstandsmitglied. Sein Alibi findet\u00a0<em>&#8222;die Mitgliedschaft nicht schlimm&#8220;<\/em>, behauptet der Unternehmer. Einlassungen des Bundesvorstandsmitglieds und Ausf\u00fchrungen anderer Parteimitglieder erscheinen allerdings als prototypische Beispiele f\u00fcr die Bestrebungen des modernen Antisemitismus, der sich weiterhin Codes und Chiffren bedient, um uralte Mythen mit aktualisierten Zuschreibungen zu versehen.\u00a0Wohin der Weg des Bundesvorstandsmitglied f\u00fchren k\u00f6nnte, offenbart derweil eine letzte \u00c4u\u00dferung zur IRA. Die nationalistische Gruppierung, auf die sich der <a href=\"http:\/\/ferne-welten.com\/wp-content\/uploads\/2017\/10\/Dieter-Wolter-Deutsche-Mitte-Vollj\u00fcdische-Anw\u00e4ltin.jpg\" target=\"_blank\" rel=\"noopener\">drohende<\/a> Waffenbesitzer bezieht, habe <em>&#8222;begriffen, da\u00df es einen politischen Fl\u00fcgel geben muss. Immerhin hatte diese auch einen milit\u00e4rischen. Wir haben ohne die DM nichts von beiden in Deutschland&#8220;<\/em>, <a href=\"http:\/\/ferne-welten.com\/wp-content\/uploads\/2017\/10\/Dieter-Wolter-DM-Widerstand-IRA.jpg\" target=\"_blank\" rel=\"noopener\">urteilt<\/a> das Bundesvorstandsmitglied.<\/p>\n<div id=\"attachment_1973\" style=\"width: 790px\" class=\"wp-caption aligncenter\"><a href=\"http:\/\/ferne-welten.com\/wp-content\/uploads\/2017\/10\/Dieter-Wolter-DM-Widerstand-IRA.jpg\" target=\"_blank\" rel=\"noopener\"><img loading=\"lazy\" decoding=\"async\" aria-describedby=\"caption-attachment-1973\" class=\"wp-image-1973\" src=\"http:\/\/ferne-welten.com\/wp-content\/uploads\/2017\/10\/Dieter-Wolter-DM-Widerstand-IRA.jpg\" alt=\"\" width=\"780\" height=\"153\" srcset=\"https:\/\/ferne-welten.com\/wp-content\/uploads\/2017\/10\/Dieter-Wolter-DM-Widerstand-IRA.jpg 438w, https:\/\/ferne-welten.com\/wp-content\/uploads\/2017\/10\/Dieter-Wolter-DM-Widerstand-IRA-300x59.jpg 300w\" sizes=\"auto, (max-width: 780px) 100vw, 780px\" \/><\/a><p id=\"caption-attachment-1973\" class=\"wp-caption-text\">Noch ohne milit\u00e4rischen Fl\u00fcgel: Dieter Wolter und seine Deutsche Mitte (2017)<\/p><\/div>\n<p style=\"text-align: justify;\">W\u00e4hrend dieser Wortf\u00fchrer mit alten Rassenphrasen, modernisierten Ritualmordlegenden und typischen Umkehrungen hantiert, begeistern sich Kommentatoren f\u00fcr uralte Verschw\u00f6rungsmythen, die bereits Kompilationen wie die <em>&#8222;Protokolle der Weisen von Zion&#8220;<\/em> popularisierten. Die <em>&#8222;Bewegung&#8220;<\/em> namens Deutsche Mitte wirbt derweil f\u00fcr die Boykottkampagne BDS, die <a href=\"http:\/\/ferne-welten.com\/?p=1155\" target=\"_blank\" rel=\"noopener\">wie die Partei<\/a> von der Abschaffung Israels tr\u00e4umt. In Wahlk\u00e4mpfen nutzt diese DM den klassischen Kraken. Inhalte in den Parteiforen zeigen, welche Motive die schreibenden Parteimitglieder antreibt, die solche <a href=\"http:\/\/ferne-welten.com\/wp-content\/uploads\/2017\/10\/DM-Kraken.jpg\" target=\"_blank\" rel=\"noopener\">Wahlwerbung<\/a> h\u00e4ngen.<\/p>\n<a class=\"synved-social-button synved-social-button-share synved-social-size-32 synved-social-resolution-single synved-social-provider-facebook nolightbox\" data-provider=\"facebook\" target=\"_blank\" rel=\"nofollow\" title=\"Auf Facebook teilen\" href=\"https:\/\/www.facebook.com\/sharer.php?u=https%3A%2F%2Fferne-welten.com%2Findex.php%3Frest_route%3D%252Fwp%252Fv2%252Fposts%252F1853&#038;t=Antisemitismus%20in%20Parteiforen&#038;s=100&#038;p&#091;url&#093;=https%3A%2F%2Fferne-welten.com%2Findex.php%3Frest_route%3D%252Fwp%252Fv2%252Fposts%252F1853&#038;p&#091;images&#093;&#091;0&#093;=http%3A%2F%2Fferne-welten.com%2Fwp-content%2Fuploads%2F2017%2F10%2FDieter-Wolter-DM-Ritualmordlegende.jpg&#038;p&#091;title&#093;=Antisemitismus%20in%20Parteiforen\" style=\"font-size: 0px;width:32px;height:32px;margin:0;margin-bottom:5px;margin-right:5px\"><img loading=\"lazy\" decoding=\"async\" alt=\"Facebook\" title=\"Auf Facebook teilen\" class=\"synved-share-image synved-social-image synved-social-image-share\" width=\"32\" height=\"32\" style=\"display: inline;width:32px;height:32px;margin: 0;padding: 0;border: none;box-shadow: none\" src=\"https:\/\/ferne-welten.com\/wp-content\/plugins\/social-media-feather\/synved-social\/addons\/extra-icons\/image\/social\/circle\/64x64\/facebook.png\" \/><\/a><a class=\"synved-social-button synved-social-button-share synved-social-size-32 synved-social-resolution-single synved-social-provider-twitter nolightbox\" data-provider=\"twitter\" target=\"_blank\" rel=\"nofollow\" title=\"Auf Twitter teilen\" href=\"https:\/\/twitter.com\/intent\/tweet?url=https%3A%2F%2Fferne-welten.com%2Findex.php%3Frest_route%3D%252Fwp%252Fv2%252Fposts%252F1853&#038;text=Hey%20check%20this%20out\" style=\"font-size: 0px;width:32px;height:32px;margin:0;margin-bottom:5px;margin-right:5px\"><img loading=\"lazy\" decoding=\"async\" alt=\"twitter\" title=\"Auf Twitter teilen\" class=\"synved-share-image synved-social-image synved-social-image-share\" width=\"32\" height=\"32\" style=\"display: inline;width:32px;height:32px;margin: 0;padding: 0;border: none;box-shadow: none\" src=\"https:\/\/ferne-welten.com\/wp-content\/plugins\/social-media-feather\/synved-social\/addons\/extra-icons\/image\/social\/circle\/64x64\/twitter.png\" \/><\/a><a class=\"synved-social-button synved-social-button-share synved-social-size-32 synved-social-resolution-single synved-social-provider-reddit nolightbox\" data-provider=\"reddit\" target=\"_blank\" rel=\"nofollow\" title=\"Auf Reddit teilen\" href=\"https:\/\/www.reddit.com\/submit?url=https%3A%2F%2Fferne-welten.com%2Findex.php%3Frest_route%3D%252Fwp%252Fv2%252Fposts%252F1853&#038;title=Antisemitismus%20in%20Parteiforen\" style=\"font-size: 0px;width:32px;height:32px;margin:0;margin-bottom:5px;margin-right:5px\"><img loading=\"lazy\" decoding=\"async\" alt=\"reddit\" title=\"Auf Reddit teilen\" class=\"synved-share-image synved-social-image synved-social-image-share\" width=\"32\" height=\"32\" style=\"display: inline;width:32px;height:32px;margin: 0;padding: 0;border: none;box-shadow: none\" src=\"https:\/\/ferne-welten.com\/wp-content\/plugins\/social-media-feather\/synved-social\/addons\/extra-icons\/image\/social\/circle\/64x64\/reddit.png\" \/><\/a><a class=\"synved-social-button synved-social-button-share synved-social-size-32 synved-social-resolution-single synved-social-provider-pinterest nolightbox\" data-provider=\"pinterest\" target=\"_blank\" rel=\"nofollow\" title=\"Auf Pinterest pinnen\" href=\"https:\/\/pinterest.com\/pin\/create\/button\/?url=https%3A%2F%2Fferne-welten.com%2Findex.php%3Frest_route%3D%252Fwp%252Fv2%252Fposts%252F1853&#038;media=http%3A%2F%2Fferne-welten.com%2Fwp-content%2Fuploads%2F2017%2F10%2FDieter-Wolter-DM-Ritualmordlegende.jpg&#038;description=Antisemitismus%20in%20Parteiforen\" style=\"font-size: 0px;width:32px;height:32px;margin:0;margin-bottom:5px;margin-right:5px\"><img loading=\"lazy\" decoding=\"async\" alt=\"pinterest\" title=\"Auf Pinterest pinnen\" class=\"synved-share-image synved-social-image synved-social-image-share\" width=\"32\" height=\"32\" style=\"display: inline;width:32px;height:32px;margin: 0;padding: 0;border: none;box-shadow: none\" src=\"https:\/\/ferne-welten.com\/wp-content\/plugins\/social-media-feather\/synved-social\/addons\/extra-icons\/image\/social\/circle\/64x64\/pinterest.png\" \/><\/a><a class=\"synved-social-button synved-social-button-share synved-social-size-32 synved-social-resolution-single synved-social-provider-linkedin nolightbox\" data-provider=\"linkedin\" target=\"_blank\" rel=\"nofollow\" title=\"Auf Linkedin teilen\" href=\"https:\/\/www.linkedin.com\/shareArticle?mini=true&#038;url=https%3A%2F%2Fferne-welten.com%2Findex.php%3Frest_route%3D%252Fwp%252Fv2%252Fposts%252F1853&#038;title=Antisemitismus%20in%20Parteiforen\" style=\"font-size: 0px;width:32px;height:32px;margin:0;margin-bottom:5px;margin-right:5px\"><img loading=\"lazy\" decoding=\"async\" alt=\"linkedin\" title=\"Auf Linkedin teilen\" class=\"synved-share-image synved-social-image synved-social-image-share\" width=\"32\" height=\"32\" style=\"display: inline;width:32px;height:32px;margin: 0;padding: 0;border: none;box-shadow: none\" src=\"https:\/\/ferne-welten.com\/wp-content\/plugins\/social-media-feather\/synved-social\/addons\/extra-icons\/image\/social\/circle\/64x64\/linkedin.png\" \/><\/a><a class=\"synved-social-button synved-social-button-share synved-social-size-32 synved-social-resolution-single synved-social-provider-tumblr nolightbox\" data-provider=\"tumblr\" target=\"_blank\" rel=\"nofollow\" title=\"\u00dcber Tumblr teilen\" href=\"https:\/\/tumblr.com\/share?s=&#038;v=3&#038;t=Antisemitismus%20in%20Parteiforen&#038;u=https%3A%2F%2Fferne-welten.com%2Findex.php%3Frest_route%3D%252Fwp%252Fv2%252Fposts%252F1853\" style=\"font-size: 0px;width:32px;height:32px;margin:0;margin-bottom:5px;margin-right:5px\"><img loading=\"lazy\" decoding=\"async\" alt=\"tumblr\" title=\"\u00dcber Tumblr teilen\" class=\"synved-share-image synved-social-image synved-social-image-share\" width=\"32\" height=\"32\" style=\"display: inline;width:32px;height:32px;margin: 0;padding: 0;border: none;box-shadow: none\" src=\"https:\/\/ferne-welten.com\/wp-content\/plugins\/social-media-feather\/synved-social\/addons\/extra-icons\/image\/social\/circle\/64x64\/tumblr.png\" \/><\/a><a class=\"synved-social-button synved-social-button-share synved-social-size-32 synved-social-resolution-single synved-social-provider-mail nolightbox\" data-provider=\"mail\" rel=\"nofollow\" title=\"Link per Mail weiterleiten\" href=\"mailto:?subject=Antisemitismus%20in%20Parteiforen&#038;body=Hey%20check%20this%20out:%20https%3A%2F%2Fferne-welten.com%2Findex.php%3Frest_route%3D%252Fwp%252Fv2%252Fposts%252F1853\" style=\"font-size: 0px;width:32px;height:32px;margin:0;margin-bottom:5px\"><img loading=\"lazy\" decoding=\"async\" alt=\"mail\" title=\"Link per Mail weiterleiten\" class=\"synved-share-image synved-social-image synved-social-image-share\" width=\"32\" height=\"32\" style=\"display: inline;width:32px;height:32px;margin: 0;padding: 0;border: none;box-shadow: none\" src=\"https:\/\/ferne-welten.com\/wp-content\/plugins\/social-media-feather\/synved-social\/addons\/extra-icons\/image\/social\/circle\/64x64\/mail.png\" \/><\/a>","protected":false},"excerpt":{"rendered":"<p>DM-Funktion\u00e4re nutzen Facebook-Gruppen und Parteiforen, um ihre Inhalte zu verbreiten. Kritiker_innen drohen diese Kader mit dem Einsatz einer &#8222;vollj\u00fcdischen Anw\u00e4ltin&#8220;. Die Einordnung, die an nationalsozialistische Rassenlehren ankn\u00fcpft, scheint kein Zufall. Schlie\u00dflich verbreitetet ein Vorstand der Deutschen Mitte, unter reger Beteiligung&#8230;<br \/><a class=\"read-more-button\" href=\"https:\/\/ferne-welten.com\/?p=1853\">Read more<\/a><\/p>\n","protected":false},"author":1,"featured_media":0,"comment_status":"open","ping_status":"open","sticky":false,"template":"","format":"standard","meta":{"footnotes":""},"categories":[88,359,79],"tags":[107,756,724,782,784,785,590,783,786,769],"class_list":["post-1853","post","type-post","status-publish","format-standard","hentry","category-dorfkritik","category-eiskaltland","category-mythen","tag-antisemitismus","tag-chiffre","tag-deutsche-mitte","tag-dieter-wolter","tag-ira","tag-kraken","tag-shoa","tag-soros","tag-walter-veith","tag-zionisten"],"_links":{"self":[{"href":"https:\/\/ferne-welten.com\/index.php?rest_route=\/wp\/v2\/posts\/1853","targetHints":{"allow":["GET"]}}],"collection":[{"href":"https:\/\/ferne-welten.com\/index.php?rest_route=\/wp\/v2\/posts"}],"about":[{"href":"https:\/\/ferne-welten.com\/index.php?rest_route=\/wp\/v2\/types\/post"}],"author":[{"embeddable":true,"href":"https:\/\/ferne-welten.com\/index.php?rest_route=\/wp\/v2\/users\/1"}],"replies":[{"embeddable":true,"href":"https:\/\/ferne-welten.com\/index.php?rest_route=%2Fwp%2Fv2%2Fcomments&post=1853"}],"version-history":[{"count":22,"href":"https:\/\/ferne-welten.com\/index.php?rest_route=\/wp\/v2\/posts\/1853\/revisions"}],"predecessor-version":[{"id":1993,"href":"https:\/\/ferne-welten.com\/index.php?rest_route=\/wp\/v2\/posts\/1853\/revisions\/1993"}],"wp:attachment":[{"href":"https:\/\/ferne-welten.com\/index.php?rest_route=%2Fwp%2Fv2%2Fmedia&parent=1853"}],"wp:term":[{"taxonomy":"category","embeddable":true,"href":"https:\/\/ferne-welten.com\/index.php?rest_route=%2Fwp%2Fv2%2Fcategories&post=1853"},{"taxonomy":"post_tag","embeddable":true,"href":"https:\/\/ferne-welten.com\/index.php?rest_route=%2Fwp%2Fv2%2Ftags&post=1853"}],"curies":[{"name":"wp","href":"https:\/\/api.w.org\/{rel}","templated":true}]}}