{"id":1975,"date":"2017-10-17T18:22:14","date_gmt":"2017-10-17T17:22:14","guid":{"rendered":"http:\/\/ferne-welten.com\/?p=1975"},"modified":"2017-10-18T01:28:33","modified_gmt":"2017-10-18T00:28:33","slug":"von-der-raf-in-die-szenekneipen","status":"publish","type":"post","link":"https:\/\/ferne-welten.com\/?p=1975","title":{"rendered":"Von der RAF in die Szenekneipen"},"content":{"rendered":"<p style=\"text-align: center;\">\n<p style=\"text-align: justify;\">Derzeit bereist Lutz Taufer linksdeutsche Zentren und Buchhandlungen, um seine Biographie vorzustellen. Als Kader der RAF beteiligte er sich 1975 an der Geiselnahme in der deutschen Botschaft, in deren Verlauf zwei Mitarbeiter ermordet wurden, bevor die Gruppe ihren Sprengstoff einsetzte. Heute fungiert Taufer als gel\u00e4utertes Aush\u00e4ngeschild einer anderen Truppe, die Teil der anti-israelischen NGO-Szene ist. Phrasen, die den einseitigen Krieg der antisemitischen Internationale als banalen Konflikt verkennen, zeichnen Einordnungen des ehemaligen RAF-Mitglieds aus. Mit aktuelleren Einlassungen kn\u00fcpft Taufer an alte Feindbilder an. Sein neuer Verband, der mit PFLP-Kadern kooperiert, wendet sich schlie\u00dflich gegen Israel, wobei manche Akteure sogar den Boykott des Judenstaates anstreben.<\/p>\n<p style=\"text-align: justify;\"><!--more--><\/p>\n<p style=\"text-align: justify;\"><em>&#8222;Feinde des Volkes&#8220;<\/em> bek\u00e4mpfte die vormalige Gruppe des Lutz Taufer mit m\u00f6rderischer Effizienz. Sie w\u00e4hnten sich im Einklang mit der postnazistischen Bev\u00f6lkerung, die<em> &#8222;Auschwitz, Dresden und Hamburg nicht\u00a0vergessen&#8220;<\/em> <a href=\"http:\/\/www.rafinfo.de\/archiv\/raf\/raf-25-5-72.php\" target=\"_blank\" rel=\"noopener\">h\u00e4tte<\/a>. Die erste Generation attackierte das Springerhochaus, wobei sie 17 Arbeiter_innen durch Sprengstoff verletzte. Als <a href=\"http:\/\/www.rafinfo.de\/archiv\/raf\/raf-20-5-72-b.php\" target=\"_blank\" rel=\"noopener\">Legitimation<\/a> diente die angebliche <em>&#8222;Unterst\u00fctzung f\u00fcr den Zionismus&#8220;<\/em>. Wenig sp\u00e4ter griff die Struktur das US-Hauptquartier per Autobombenanschlag an, wobei der\u00a0K\u00f6rper von\u00a0Captain\u00a0Clyde R. Bonner zerrissen und der Sch\u00e4del von\u00a0Specialist\u00a0Charles Peck zertr\u00fcmmert wurde. Ronald A. Woodward starb auf dem Weg ins Krankenhaus. Die Gruppe erkl\u00e4rte diese Morde in einem Bekennerschreiben, das die Shoa durch Gleichsetzung relativierte: Es <em>&#8222;ist Auschwitz&#8220;<\/em>, urteilte die RAF \u00fcber Vietnam.<\/p>\n<p style=\"text-align: justify;\">Anti-Amerikanismus und Antisemitismus der deutschen Rackets, die an g\u00e4ngige Erkl\u00e4rungsmuster linksreaktion\u00e4rer Milieus ankn\u00fcpften, f\u00fchrten zur <a href=\"http:\/\/www.taz.de\/!5193915\/\" target=\"_blank\" rel=\"noopener\">gemeinsamen Praxis mit den Feinden des israelischen Staates<\/a>: <em>&#8222;Die RAF bildete, auch dies eine Tatsache, eine strategische Front mit der pal\u00e4stinensischen Guerilla gegen die \u00dcberlebenden der deutschen Vernichtungspolitik in Israel&#8220;. <\/em>Dem ging eine\u00a0Pogromrhetorik einher, die Israel und j\u00fcdische Politiker als Wiederg\u00e4nger der Nazis kennzeichnete. Zugleich verharmloste die Gruppierung das nationalsozialistische Vernichtungsprojekt, das sie als <em>&#8222;politische und milit\u00e4rische Vorwegnahme\u00a0des imperialistischen Systems der multinationalen Konzerne&#8220;<\/em> <a href=\"https:\/\/www.nadir.org\/nadir\/archiv\/PolitischeStroemungen\/Stadtguerilla+RAF\/RAF\/brd+raf\/011.html\" target=\"_blank\" rel=\"noopener\">bezeichnete<\/a>. In dieser Gruppierung organisierte sich Taufer, der als Teil der zweiten Generation <a href=\"https:\/\/www.youtube.com\/watch?v=RVXZtSq8eoo\" target=\"_blank\" rel=\"noopener\">die<\/a> <em>&#8222;Very Big Raushole&#8220;<\/em> plante, um Personen wie Andreas Baader die Freiheit zu bringen.<\/p>\n<p style=\"text-align: justify;\">Am 24. April 1975 <a href=\"https:\/\/www.welt.de\/print-welt\/article667026\/Der-Terror-von-Stockholm.html\" target=\"_blank\" rel=\"noopener\">st\u00fcrmten<\/a> sechs RAF-Mitglieder, unter ihnen Lutz Taufer, die\u00a0Botschaft\u00a0der Bundesrepublik in Stockholm. Dort nahmen die Kader zw\u00f6lf Geiseln, bevor sie sich im oberen Stockwerk verbarrikadierten. Als <em>&#8222;Kommando Holger Meins&#8220;<\/em>, der einige Monate zuvor w\u00e4hrend eines Hungerstreiks verstarb, exekutierten die Akteure zwei Mitarbeiter der Botschaft. Einer Person wurde, aus direkter\u00a0N\u00e4he und von hinten, mit f\u00fcnf Sch\u00fcssen in Kopf, R\u00fccken, Becken und Beine niedergeschossen, bevor ihn die RAF-Kader zum Sterben eine Treppe herunterwarfen. Dem anderen Opfer schoss ein Mitglied von hinten in den Kopf. Danach legten diese Akteure ihr TNT, das im Anschluss zur Explosion kam, wobei zwei RAF-Mitglieder ums Leben kamen. Zuvor hatte der damalige Bundeskanzler, der ehemalige Wehrmachts-Offizier Helmut Schmidt, alle Forderungen abgelehnt.<\/p>\n<p style=\"text-align: justify;\">Lutz Taufer, der in der postnazistischen Gesellschaft mit <em>&#8222;Werten&#8220;<\/em> wie <em>&#8222;Flei\u00df, Ordnung, Sauberkeit&#8220;<\/em> <a href=\"http:\/\/www.wfd-projekte.de\/vom-untergrund-ins-armenviertel-eine-spurensuche\/\" target=\"_blank\" rel=\"noopener\">aufwuchs<\/a>, verarbeitet diese <em>&#8222;Ereignisse&#8220;<\/em> in einem Buch, das er nun in linksdeutschen Zentren vorstellt. Zur Abkehr brachten ihn nicht die Morde an den GIs oder die Bomben gegen Arbeiter_innen, sondern Aktionen der <em>&#8222;Offensive &#8217;77&#8220;<\/em>, in deren Rahmen PFLP-Kader des antisemitischen Terropaten Wadi Hadad eine Maschine der Lufthansa kaperten. Es seien <em>&#8222;ganz normale Menschen, wie meine Kolleginnen und Kollegen beim Weltfriedensdienst&#8220;<\/em> gewesen, <a href=\"http:\/\/www.tagesspiegel.de\/berlin\/terror-der-roten-armee-fraktion-die-schuld-wird-mich-ein-leben-lang-begleiten\/19942392.html\" target=\"_blank\" rel=\"noopener\">sagt<\/a> Taufer im R\u00fcckblick. Er\u00a0<a href=\"https:\/\/www.neues-deutschland.de\/artikel\/1062521.die-ganze-aktion-lief-voellig-schief.html\" target=\"_blank\" rel=\"noopener\">distanziert<\/a> sich mittlerweile, weil diese Tat<em> &#8222;eine Aktion gegen das Volk&#8220;<\/em> gewesen sei. Die Morde von Stockholm bezeichnet er als <em>&#8222;ein Verbrechen&#8220;<\/em>. Vom Antisemitismus und Anti-Amerikanismus seiner Gruppierung schweigt Taufer zumindest in Interviews, durch die er sein Buch bewirbt. Daf\u00fcr <a href=\"https:\/\/www.woz.ch\/-37ff\" target=\"_blank\" rel=\"noopener\">glorifiziert<\/a> der ehemalige <a href=\"https:\/\/www.nadir.org\/nadir\/initiativ\/rev_linke\/rli\/handbuch.html\" target=\"_blank\" rel=\"noopener\">Stadtguerillero<\/a> die RAF als\u00a0\u00a0<em>&#8222;versp\u00e4tete R\u00e9sistance&#8220;<\/em>.<\/p>\n<p style=\"text-align: justify;\">Derzeit k\u00fcndet das ehemalige RAF-Mitglied von anderen Taten. Nach seiner Haft ging Taufer f\u00fcr eine NGO in brasilianische Favelas. Bis heute engagiert er sich im <em>&#8222;Weltfriedensdienst&#8220;<\/em>, den das Bundesministerium f\u00fcr Entwicklung <a href=\"https:\/\/de.wikipedia.org\/wiki\/Weltfriedensdienst\" target=\"_blank\" rel=\"noopener\">mitfinanziert<\/a>. Taufer sitzt im Vorstand dieser <a href=\"http:\/\/www.ngo-monitor.org\/reports\/bundesdeutsche-organisationen-mit-einfluss-auf-die-zivilgesellschaft-im-arabisch-israelischen-konflikt\/\" target=\"_blank\" rel=\"noopener\">Vereinigung<\/a>, die auch in <em>&#8222;Pal\u00e4stina&#8220;<\/em> t\u00e4tig ist: <em>&#8222;Unter seiner Mitwirkung wurden Multiplikatoren ausgebildet, Theaterprojekte aus der Taufe gehoben, Werkst\u00e4tten eingerichtet und Formen solidarischer \u00d6konomie aufgebaut&#8220;<\/em>, <a href=\"https:\/\/anonym.to\/?https:\/\/www.nachdenkseiten.de\/wp-print.php?p=40209\" target=\"_blank\" rel=\"noopener\">loben<\/a> die <a href=\"https:\/\/www.psiram.com\/de\/index.php\/NachDenkSeiten\" target=\"_blank\" rel=\"noopener\">verschw\u00f6rungsideologischen<\/a> <em>&#8222;Nachdenkseiten&#8220;<\/em>. Er setze sich daf\u00fcr ein, <em>&#8222;dass Frieden und Gerechtigkeit zueinander finden und sich die Strategie des Gl\u00fccks ausbreite&#8220;<\/em>, hei\u00dft es <a href=\"https:\/\/anonym.to\/?https:\/\/www.nachdenkseiten.de\/wp-print.php?p=40209\" target=\"_blank\" rel=\"noopener\">dort<\/a>.<\/p>\n<p style=\"text-align: justify;\"><em>&#8222;In Pal\u00e4stina f\u00f6rdern wir die Theaterarbeit von Jugendlichen, mit denen sie sich sowohl gegen das Siedlerregime als auch gegen ihre konservative Comunity emanzipieren k\u00f6nnen&#8220;<\/em>, <a href=\"http:\/\/rosaluxspba.org\/de\/lutz-taufer\/\" target=\"_blank\" rel=\"noopener\">erz\u00e4hlt <\/a>Taufer, der mit solchen Einordnungen deutliche Positionen bezieht. Seine Gruppierung <a href=\"http:\/\/wfd.de\/thema\/palaestina-training-for-peace\/\" target=\"_blank\" rel=\"noopener\">benennt<\/a> derweil den \u00fcblichen Schuldigen, den schon die RAF als Feind identifizierte: <em>&#8222;Die pal\u00e4stinensische Bev\u00f6lkerung leidet seit Jahren unter der israelischen Besatzung. Durch den anhaltenden Konflikt und den instabilen Friedensprozess wird der Aufbau eines souver\u00e4nen und wirtschaftlich stabilen pal\u00e4stinensischen Staates verhindert&#8220;<\/em>, <a href=\"http:\/\/wfd.de\/thema\/palaestina-training-for-peace\/\" target=\"_blank\" rel=\"noopener\">klagt<\/a>\u00a0die Truppe, die nach eigenen Angaben einen <em>&#8222;Ansatz verfolgt&#8220;<\/em>, der die <em>&#8222;Interessen beider V\u00f6lker in Israel\/Pal\u00e4stina (&#8230;) ber\u00fccksichtigt&#8220;<\/em>.<\/p>\n<div id=\"attachment_1998\" style=\"width: 1010px\" class=\"wp-caption aligncenter\"><a href=\"http:\/\/ferne-welten.com\/wp-content\/uploads\/2017\/10\/Lutz-Taufer-Lesung.jpg\"><img loading=\"lazy\" decoding=\"async\" aria-describedby=\"caption-attachment-1998\" class=\"wp-image-1998 size-full\" src=\"http:\/\/ferne-welten.com\/wp-content\/uploads\/2017\/10\/Lutz-Taufer-Lesung.jpg\" alt=\"\" width=\"1000\" height=\"564\" srcset=\"https:\/\/ferne-welten.com\/wp-content\/uploads\/2017\/10\/Lutz-Taufer-Lesung.jpg 1000w, https:\/\/ferne-welten.com\/wp-content\/uploads\/2017\/10\/Lutz-Taufer-Lesung-300x169.jpg 300w, https:\/\/ferne-welten.com\/wp-content\/uploads\/2017\/10\/Lutz-Taufer-Lesung-768x433.jpg 768w, https:\/\/ferne-welten.com\/wp-content\/uploads\/2017\/10\/Lutz-Taufer-Lesung-940x530.jpg 940w, https:\/\/ferne-welten.com\/wp-content\/uploads\/2017\/10\/Lutz-Taufer-Lesung-680x383.jpg 680w, https:\/\/ferne-welten.com\/wp-content\/uploads\/2017\/10\/Lutz-Taufer-Lesung-709x400.jpg 709w\" sizes=\"auto, (max-width: 1000px) 100vw, 1000px\" \/><\/a><p id=\"caption-attachment-1998\" class=\"wp-caption-text\">Einladung im Szene-Blog, der &#8222;neue Perspektiven&#8220; verspricht<\/p><\/div>\n<p style=\"text-align: justify;\">Der anarchistische Verlag, der die Biographie des gel\u00e4uterten Taufer verlegt, <a href=\"http:\/\/www.assoziation-a.de\/buch\/%C3%9Cber%20Grenzen\" target=\"_blank\" rel=\"noopener\">schreibt<\/a> von politischen, moralischen und kulturellen <em>&#8222;Grenz\u00fcberschreitungen&#8220;,<\/em> f\u00fcr die der Friedensaktivist heute stehe. In seiner Biographie klagt ihr Autor \u00fcber das <em>&#8222;besetzte Pal\u00e4stina&#8220;<\/em>, w\u00e4hrend er eine antisemitischen Erkl\u00e4rung der RAF, die sich gegen <em>&#8222;israelische Ausrottungspolitik&#8220;<\/em> richtete, als <em>&#8222;fragw\u00fcrdige Schrift&#8220;<\/em> verharmlost. Sein neuer Verband ver\u00f6ffentlicht Berichte, die Israel d\u00e4monisieren. Hier <a href=\"http:\/\/www.wfd-projekte.de\/stein-staub-und-stacheldraht\/\" target=\"_blank\" rel=\"noopener\">erz\u00e4hlen<\/a> Aktivisten das alte M\u00e4rchen von <em>&#8222;Stein, Staub und Stacheldraht&#8220;<\/em>, w\u00e4hrend die T\u00e4tigkeit in <em>&#8222;Pal\u00e4stina&#8220;<\/em> als <em>&#8222;fester Bestandteil der Arbeit des Weltfriedensdienstes&#8220;<\/em> definiert wird.<\/p>\n<p style=\"text-align: justify;\"><a href=\"http:\/\/www.wfd-projekte.de\/weltfriedensdienst-mahnt-initiative-von-bundeskanzlerin-merkel-an-fur-bilin-palastinensische-gebiete\/\" target=\"_blank\" rel=\"noopener\">Briefe<\/a> dieses Vereins, f\u00fcr den Taufer arbeitet, gelangen an Charaktermasken wie die Bundeskanzlerin, die den israelischen Staat laut <em>&#8222;Weltfriedensdienst&#8220;<\/em> belehren soll. W\u00e4hrenddessen treiben <a href=\"http:\/\/www.ngo-monitor.org\/ngos\/al_haq\/\" target=\"_blank\" rel=\"noopener\">Partnerorganisationen<\/a> wie <em>&#8222;Al-Haq&#8220;<\/em> die Verunglimpfung des israelischen Staates voran, indem sie Zionismus als Rassismus definieren. Die Gruppierung, mit der Taufers Friedensdienst eng kooperiert, rief als BDS-Unterst\u00fctzung wiederholt zum <em>&#8222;Boykott israelischer Produkte&#8220;<\/em> auf. Taufers neue Struktur <a href=\"http:\/\/wfd.de\/weltfriedensdienst-in-palaestina\/\" target=\"_blank\" rel=\"noopener\">organisiert <\/a>ebenfalls<em> &#8222;\u00f6ffentliche Proteste&#8220;<\/em> gegen Israel, die mit <em>&#8222;Einladungen der pal\u00e4stinensischen Partner nach Deutschland&#8220;<\/em> einhergehen, <em>&#8222;um sich und ihre Arbeit selbst vorzustellen&#8220;<\/em>. Auf die Einladung des <em>&#8222;Al-Haq&#8220;<\/em>-Vorsitzenden muss Taufers <em>&#8222;Weltfriedensdienst&#8220;<\/em> bislang verzichten. Es ist\u00a0Shawan Jabarin, <a href=\"http:\/\/www.ngo-monitor.org\/reports\/bundesdeutsche-organisationen-mit-einfluss-auf-die-zivilgesellschaft-im-arabisch-israelischen-konflikt\/\" target=\"_blank\" rel=\"noopener\">einer<\/a> der <em>&#8222;f\u00fchrenden Aktivisten der Terrororganisation &#8218;Volksfront f\u00fcr die Befreiung Pal\u00e4stinas&#8216; (PFLP)&#8220;<\/em>.<\/p>\n<p style=\"text-align: justify;\">Die antisemitischen Einordnungen, die die RAF betrieb, d\u00e4monisierten Israel. Eine \u00e4hnliche Ablehnung dieses Staates manifestiert sich auch in den Erkl\u00e4rungen, die der <em>&#8222;Weltfriedensdienst&#8220;<\/em> publiziert. Taufers Biographie verbindet beide Gruppen, die auf den ersten Blick nur wenige Schnittmengen besitzen. In der Ablehnung Israels scheint die postnazistische RAF aber mit der pazifistischen Truppe geeint. Das zeugt die Unterschrift eines Ehrenmitglieds, der im Aufsichtsrat der deutschen Pazifist_innen agiert. Helge L\u00f6w, Ehrenvorstandsmitglied im<em> &#8222;Weltfriedensdienst&#8220;<\/em>, unterst\u00fctzte 2013 einen <a href=\"https:\/\/anonym.to\/?http:\/\/bds-kampagne.de\/2013\/11\/10\/wir-heissen-den-jnf-ausdruecklich-nicht-willkommen\/\" target=\"_blank\" rel=\"noopener\">Boykott-Aufruf<\/a>, der sich gegen die <em>&#8222;Judaisierung des Bodens&#8220;<\/em> <a href=\"http:\/\/haolam.info\/artikel_28509.html\" target=\"_blank\" rel=\"noopener\">wandte<\/a>.<\/p>\n<p style=\"text-align: justify;\">\u00c4hnliche Phrasen verwendet Taufer, der mit bestimmten Positionen niemals brach. In einem Interview raunt das ehemalige RAF-Mitglied von <em>&#8222;fanatischen israelischen Siedlern\u00a0und Soldaten&#8220;<\/em>. Dabei spricht er von einer\u00a0<em>&#8222;f\u00fcnfzig Jahre dauernden israelischen Besatzung und Annexion des pal\u00e4stinensischen Gebiets&#8220;<\/em>. Im <a href=\"https:\/\/www.oldenburger-rundschau.de\/2017\/10\/15\/buchvorstellung-der-autobiografie-von-lutz-taufer-lesung-diskussion-mit-dem-autor\/\" target=\"_blank\" rel=\"noopener\">Aufruf zur Veranstaltung<\/a> in Oldenburg, die in einem <a href=\"http:\/\/alhambra.de\/10\/17\/17-10-2017_lutztaufer.png\" target=\"_blank\" rel=\"noopener\">autonomen Szenetreff<\/a> stattfindet, fehlen derartige Einordnungen. Stattdessen m\u00f6chten die \u00f6rtlichen Veranstalter_innen debattieren, <em>&#8222;worin der emanzipatorische Charakter der Bewegung lag und an welchen Stellen er verloren ging&#8220;<\/em>. Dass er nie existierte, ist dort auch 2017 noch nicht angekommen.<\/p>\n<p style=\"text-align: justify;\">\n<a class=\"synved-social-button synved-social-button-share synved-social-size-32 synved-social-resolution-single synved-social-provider-facebook nolightbox\" data-provider=\"facebook\" target=\"_blank\" rel=\"nofollow\" title=\"Auf Facebook teilen\" href=\"https:\/\/www.facebook.com\/sharer.php?u=https%3A%2F%2Fferne-welten.com%2Findex.php%3Frest_route%3D%252Fwp%252Fv2%252Fposts%252F1975&#038;t=Von%20der%20RAF%20in%20die%20Szenekneipen&#038;s=100&#038;p&#091;url&#093;=https%3A%2F%2Fferne-welten.com%2Findex.php%3Frest_route%3D%252Fwp%252Fv2%252Fposts%252F1975&#038;p&#091;images&#093;&#091;0&#093;=http%3A%2F%2Fferne-welten.com%2Fwp-content%2Fuploads%2F2017%2F10%2FLutz-Taufer-Lesung.jpg&#038;p&#091;title&#093;=Von%20der%20RAF%20in%20die%20Szenekneipen\" style=\"font-size: 0px;width:32px;height:32px;margin:0;margin-bottom:5px;margin-right:5px\"><img loading=\"lazy\" decoding=\"async\" alt=\"Facebook\" title=\"Auf Facebook teilen\" class=\"synved-share-image synved-social-image synved-social-image-share\" width=\"32\" height=\"32\" style=\"display: inline;width:32px;height:32px;margin: 0;padding: 0;border: none;box-shadow: none\" src=\"https:\/\/ferne-welten.com\/wp-content\/plugins\/social-media-feather\/synved-social\/addons\/extra-icons\/image\/social\/circle\/64x64\/facebook.png\" \/><\/a><a class=\"synved-social-button synved-social-button-share synved-social-size-32 synved-social-resolution-single synved-social-provider-twitter nolightbox\" data-provider=\"twitter\" target=\"_blank\" rel=\"nofollow\" title=\"Auf Twitter teilen\" href=\"https:\/\/twitter.com\/intent\/tweet?url=https%3A%2F%2Fferne-welten.com%2Findex.php%3Frest_route%3D%252Fwp%252Fv2%252Fposts%252F1975&#038;text=Hey%20check%20this%20out\" style=\"font-size: 0px;width:32px;height:32px;margin:0;margin-bottom:5px;margin-right:5px\"><img loading=\"lazy\" decoding=\"async\" alt=\"twitter\" title=\"Auf Twitter teilen\" class=\"synved-share-image synved-social-image synved-social-image-share\" width=\"32\" height=\"32\" style=\"display: inline;width:32px;height:32px;margin: 0;padding: 0;border: none;box-shadow: none\" src=\"https:\/\/ferne-welten.com\/wp-content\/plugins\/social-media-feather\/synved-social\/addons\/extra-icons\/image\/social\/circle\/64x64\/twitter.png\" \/><\/a><a class=\"synved-social-button synved-social-button-share synved-social-size-32 synved-social-resolution-single synved-social-provider-reddit nolightbox\" data-provider=\"reddit\" target=\"_blank\" rel=\"nofollow\" title=\"Auf Reddit teilen\" href=\"https:\/\/www.reddit.com\/submit?url=https%3A%2F%2Fferne-welten.com%2Findex.php%3Frest_route%3D%252Fwp%252Fv2%252Fposts%252F1975&#038;title=Von%20der%20RAF%20in%20die%20Szenekneipen\" style=\"font-size: 0px;width:32px;height:32px;margin:0;margin-bottom:5px;margin-right:5px\"><img loading=\"lazy\" decoding=\"async\" alt=\"reddit\" title=\"Auf Reddit teilen\" class=\"synved-share-image synved-social-image synved-social-image-share\" width=\"32\" height=\"32\" style=\"display: inline;width:32px;height:32px;margin: 0;padding: 0;border: none;box-shadow: none\" src=\"https:\/\/ferne-welten.com\/wp-content\/plugins\/social-media-feather\/synved-social\/addons\/extra-icons\/image\/social\/circle\/64x64\/reddit.png\" \/><\/a><a class=\"synved-social-button synved-social-button-share synved-social-size-32 synved-social-resolution-single synved-social-provider-pinterest nolightbox\" data-provider=\"pinterest\" target=\"_blank\" rel=\"nofollow\" title=\"Auf Pinterest pinnen\" href=\"https:\/\/pinterest.com\/pin\/create\/button\/?url=https%3A%2F%2Fferne-welten.com%2Findex.php%3Frest_route%3D%252Fwp%252Fv2%252Fposts%252F1975&#038;media=http%3A%2F%2Fferne-welten.com%2Fwp-content%2Fuploads%2F2017%2F10%2FLutz-Taufer-Lesung.jpg&#038;description=Von%20der%20RAF%20in%20die%20Szenekneipen\" style=\"font-size: 0px;width:32px;height:32px;margin:0;margin-bottom:5px;margin-right:5px\"><img loading=\"lazy\" decoding=\"async\" alt=\"pinterest\" title=\"Auf Pinterest pinnen\" class=\"synved-share-image synved-social-image synved-social-image-share\" width=\"32\" height=\"32\" style=\"display: inline;width:32px;height:32px;margin: 0;padding: 0;border: none;box-shadow: none\" src=\"https:\/\/ferne-welten.com\/wp-content\/plugins\/social-media-feather\/synved-social\/addons\/extra-icons\/image\/social\/circle\/64x64\/pinterest.png\" \/><\/a><a class=\"synved-social-button synved-social-button-share synved-social-size-32 synved-social-resolution-single synved-social-provider-linkedin nolightbox\" data-provider=\"linkedin\" target=\"_blank\" rel=\"nofollow\" title=\"Auf Linkedin teilen\" href=\"https:\/\/www.linkedin.com\/shareArticle?mini=true&#038;url=https%3A%2F%2Fferne-welten.com%2Findex.php%3Frest_route%3D%252Fwp%252Fv2%252Fposts%252F1975&#038;title=Von%20der%20RAF%20in%20die%20Szenekneipen\" style=\"font-size: 0px;width:32px;height:32px;margin:0;margin-bottom:5px;margin-right:5px\"><img loading=\"lazy\" decoding=\"async\" alt=\"linkedin\" title=\"Auf Linkedin teilen\" class=\"synved-share-image synved-social-image synved-social-image-share\" width=\"32\" height=\"32\" style=\"display: inline;width:32px;height:32px;margin: 0;padding: 0;border: none;box-shadow: none\" src=\"https:\/\/ferne-welten.com\/wp-content\/plugins\/social-media-feather\/synved-social\/addons\/extra-icons\/image\/social\/circle\/64x64\/linkedin.png\" \/><\/a><a class=\"synved-social-button synved-social-button-share synved-social-size-32 synved-social-resolution-single synved-social-provider-tumblr nolightbox\" data-provider=\"tumblr\" target=\"_blank\" rel=\"nofollow\" title=\"\u00dcber Tumblr teilen\" href=\"https:\/\/tumblr.com\/share?s=&#038;v=3&#038;t=Von%20der%20RAF%20in%20die%20Szenekneipen&#038;u=https%3A%2F%2Fferne-welten.com%2Findex.php%3Frest_route%3D%252Fwp%252Fv2%252Fposts%252F1975\" style=\"font-size: 0px;width:32px;height:32px;margin:0;margin-bottom:5px;margin-right:5px\"><img loading=\"lazy\" decoding=\"async\" alt=\"tumblr\" title=\"\u00dcber Tumblr teilen\" class=\"synved-share-image synved-social-image synved-social-image-share\" width=\"32\" height=\"32\" style=\"display: inline;width:32px;height:32px;margin: 0;padding: 0;border: none;box-shadow: none\" src=\"https:\/\/ferne-welten.com\/wp-content\/plugins\/social-media-feather\/synved-social\/addons\/extra-icons\/image\/social\/circle\/64x64\/tumblr.png\" \/><\/a><a class=\"synved-social-button synved-social-button-share synved-social-size-32 synved-social-resolution-single synved-social-provider-mail nolightbox\" data-provider=\"mail\" rel=\"nofollow\" title=\"Link per Mail weiterleiten\" href=\"mailto:?subject=Von%20der%20RAF%20in%20die%20Szenekneipen&#038;body=Hey%20check%20this%20out:%20https%3A%2F%2Fferne-welten.com%2Findex.php%3Frest_route%3D%252Fwp%252Fv2%252Fposts%252F1975\" style=\"font-size: 0px;width:32px;height:32px;margin:0;margin-bottom:5px\"><img loading=\"lazy\" decoding=\"async\" alt=\"mail\" title=\"Link per Mail weiterleiten\" class=\"synved-share-image synved-social-image synved-social-image-share\" width=\"32\" height=\"32\" style=\"display: inline;width:32px;height:32px;margin: 0;padding: 0;border: none;box-shadow: none\" src=\"https:\/\/ferne-welten.com\/wp-content\/plugins\/social-media-feather\/synved-social\/addons\/extra-icons\/image\/social\/circle\/64x64\/mail.png\" \/><\/a>","protected":false},"excerpt":{"rendered":"<p>Derzeit bereist Lutz Taufer linksdeutsche Zentren und Buchhandlungen, um seine Biographie vorzustellen. Als Kader der RAF beteiligte er sich 1975 an der Geiselnahme in der deutschen Botschaft, in deren Verlauf zwei Mitarbeiter ermordet wurden, bevor die Gruppe ihren Sprengstoff einsetzte&#8230;.<br \/><a class=\"read-more-button\" href=\"https:\/\/ferne-welten.com\/?p=1975\">Read more<\/a><\/p>\n","protected":false},"author":1,"featured_media":0,"comment_status":"open","ping_status":"open","sticky":false,"template":"","format":"standard","meta":{"footnotes":""},"categories":[88,359,79],"tags":[791,107,286,752,287,794,796,788,93,767,787,797,798,789,793,795,792,790],"class_list":["post-1975","post","type-post","status-publish","format-standard","hentry","category-dorfkritik","category-eiskaltland","category-mythen","tag-andreas-taufer","tag-antisemitismus","tag-bds","tag-daemonisierung","tag-israel","tag-kommando-holger-meins","tag-lutz-taufer","tag-offensive-77","tag-oldenburg","tag-pflp","tag-raf","tag-schwarzer-september","tag-shawan-jabarin","tag-springer","tag-stockholm","tag-wadi-hadad","tag-weltfriedensdienst","tag-zionismus"],"_links":{"self":[{"href":"https:\/\/ferne-welten.com\/index.php?rest_route=\/wp\/v2\/posts\/1975","targetHints":{"allow":["GET"]}}],"collection":[{"href":"https:\/\/ferne-welten.com\/index.php?rest_route=\/wp\/v2\/posts"}],"about":[{"href":"https:\/\/ferne-welten.com\/index.php?rest_route=\/wp\/v2\/types\/post"}],"author":[{"embeddable":true,"href":"https:\/\/ferne-welten.com\/index.php?rest_route=\/wp\/v2\/users\/1"}],"replies":[{"embeddable":true,"href":"https:\/\/ferne-welten.com\/index.php?rest_route=%2Fwp%2Fv2%2Fcomments&post=1975"}],"version-history":[{"count":14,"href":"https:\/\/ferne-welten.com\/index.php?rest_route=\/wp\/v2\/posts\/1975\/revisions"}],"predecessor-version":[{"id":2003,"href":"https:\/\/ferne-welten.com\/index.php?rest_route=\/wp\/v2\/posts\/1975\/revisions\/2003"}],"wp:attachment":[{"href":"https:\/\/ferne-welten.com\/index.php?rest_route=%2Fwp%2Fv2%2Fmedia&parent=1975"}],"wp:term":[{"taxonomy":"category","embeddable":true,"href":"https:\/\/ferne-welten.com\/index.php?rest_route=%2Fwp%2Fv2%2Fcategories&post=1975"},{"taxonomy":"post_tag","embeddable":true,"href":"https:\/\/ferne-welten.com\/index.php?rest_route=%2Fwp%2Fv2%2Ftags&post=1975"}],"curies":[{"name":"wp","href":"https:\/\/api.w.org\/{rel}","templated":true}]}}