{"id":2120,"date":"2018-01-05T15:00:30","date_gmt":"2018-01-05T14:00:30","guid":{"rendered":"http:\/\/ferne-welten.com\/?p=2120"},"modified":"2018-01-06T12:17:26","modified_gmt":"2018-01-06T11:17:26","slug":"antikommunismus-aus-bonn","status":"publish","type":"post","link":"https:\/\/ferne-welten.com\/?p=2120","title":{"rendered":"Antikommunismus aus Bonn"},"content":{"rendered":"<p style=\"text-align: justify;\">Der konservative RCDS nutzte eine Tagung des Studierenparlaments\u00a0 der Universit\u00e4t Bonn, um mit antikommunistischen Thesen gegen die Teilfinanzierung einer Lesung des ehemaligen RAF-Kaders Lutz Taufer vorzugehen. Am 06. Dezember 2017 pr\u00e4sentierte der heutige Entwicklungshelfer im Buchladenkollektiv Le Sabot seine Autobiographie. Vorab inszenierte sich die konservativ-liberale Opposition als Verteidigung der b\u00fcrgerlichen Ordnung. Dabei schwiegen sie von den anti-israelischen Positionen des Vorlesers. Umso vehementer wandten sich Konservative gegen diesen Blog.<\/p>\n<p><!--more--><\/p>\n<p style=\"text-align: justify;\">Lutz Taufer beteiligte sich an der am 24. April 1975 an der Geiselnahme in der deutschen Botschaft in Stockholm. Ziel war die Befreiung von RAF-Mitgliedern wie Ulrike Meinhof und Andreas Baader. Im Verlauf der Aktion ermordete das Kommando zwei Diplomaten der Botschaft, bevor sie Sprengstoff einsetzten. Heute ist Taufer ein NGO-Akteur, der im Vorstand des sogenannten Weltfriedensdienstes\u00a0sitzt. In dieser Funktion d\u00e4monisiert das resozialisierte Mitglied der deutschen Gesellschaft nun Israel. Er spricht vom &#8222;<em>Siedlerregime&#8220;, <\/em>das f\u00fcr das Ungl\u00fcck in der Region verantwortlich sei:<em> \u201cDie pal\u00e4stinensische Bev\u00f6lkerung leidet seit Jahren unter der israelischen Besatzung&#8220;, <\/em>die aus <em>\u201cfanatischen israelischen Siedlern\u00a0und Soldaten\u201d <\/em>best\u00fcnde, <a href=\"http:\/\/ferne-welten.com\/?p=1975\" target=\"_blank\" rel=\"noopener\">lehrt<\/a> dieser deutsche Entwicklungshelfer, der seine Autobiographie pr\u00e4sentiert<em>.\u00a0<\/em><\/p>\n<p style=\"text-align: justify;\">Weil der AStA der Universit\u00e4t Bonn die \u00f6rtliche Lesung teilfinanzierte, emp\u00f6rten sich der Ring Christlich-Demokratischer Studenten (RCDS) und die Liberale Hochschulgruppe (LHG). Taufers anti-israelische Einordnungen benannten die Gruppen nicht. Stattdessen ergingen sie sich in \u00fcblichen Anklagen, die gegen ehemalige RAF-Mitglieder erklingen. Der Vorleser habe sich <em>&#8222;nur unzureichend von der RAF distanziert\u201c<\/em>, definierten die \u00f6rtliche Dependance\u00a0der Deutschliberalen. Durch Taufer sei eine\u00a0<em>&#8222;Aufarbeitung behindert&#8220;<\/em>, <a href=\"https:\/\/www.facebook.com\/LHGBonn\/photos\/a.333835110056876.79239.303805273059860\/1532950430145332\/?type=3\" target=\"_blank\" rel=\"noopener\">schrieben diese Kneipenbesucher<\/a>, die nach <em>&#8222;einem Historiker&#8220;<\/em> riefen, w\u00e4hrend sie von anti-israelischen Positionen schwiegen. Die Konservativen \u00fcbten sich nach eigenen Angaben im Anprangern, weil <em>&#8222;Taufer das Weltbild der RAF nicht abgelegt hat&#8220;<\/em>. Ihren Populismus belegten diese Verantwortlichen durch eine Grafik, die das Logo der linksdeutschen Bande zeigt, die 1998 ihre Aufl\u00f6sung erkl\u00e4rte.<em> &#8222;Sowas darf nicht passieren&#8220;<\/em>, hei\u00dft es daneben\u00a0<a href=\"https:\/\/www.facebook.com\/rcdsbonn\/photos\/a.170698489652347.46880.166990800023116\/1492503974138452\/?type=3\" target=\"_blank\" rel=\"noopener\">zum Thema.<\/a><\/p>\n<p style=\"text-align: justify;\">Mit dem Hashtag <em>&#8222;AstaSkandal&#8220;<\/em> sowie mit einem Vorwurf aus der Mottenkiste des deutschen Antikommunismus wandte sich der RCDS an seine Fans: <em>&#8222;Seine Weltanschauung bleibt offenbar unserem Staats- und Wirtschaftssystem gegen\u00fcber feindlich&#8220;<\/em>, warnten sie in einem <a href=\"https:\/\/www.facebook.com\/rcdsbonn\/photos\/a.170698489652347.46880.166990800023116\/1492503974138452\/?type=3\" target=\"_blank\" rel=\"noopener\">Statement<\/a>. Solche Angst vor dem Kommunismus, dem <em>&#8222;Schrecken der b\u00fcrgerlichen Welt&#8220;<\/em>, war <a href=\"https:\/\/books.google.de\/books?id=HYixB0JawekC&amp;pg=PA39&amp;hl=de#v=onepage&amp;q&amp;f=false\" target=\"_blank\" rel=\"noopener\">die<\/a> ideologische\u00a0<em>&#8222;Grundtorheit&#8220;. <\/em>Daher\u00a0emp\u00f6rten sich diese Konservativen \u00fcber den gel\u00e4uterten Entwicklungshelfer, der erneut zum Kommunisten avancierte. Daf\u00fcr schwiegen sie von den anti-israelischen Positionen des ehemaligen RAF-Mitglieds, der klassische Codes wie <em>&#8222;Land- und Watergrabbing&#8220;<\/em>\u00a0verwendet, wenn es um Israel geht. Statt diesen Antisemitismus zu denunzieren, \u00fcbten sich konservative Nachwuchspolitiker im\u00a0<a href=\"http:\/\/rcds-bonn.de\/2017\/12\/05\/raf-vortrag-auf-asta-kosten\/\" target=\"_blank\" rel=\"noopener\">Verharmlosen und Relativieren<\/a>.<\/p>\n<p style=\"text-align: justify;\">Als die Positionen dieses Vorlesers durch die\u00a0Redaktion der Studenzeitschrift akduell thematisiert wurden, distanzierte sich der RCDS nicht vom Antisemitismus. Einlassungen des Entwicklungshelfers, die ich in <a href=\"http:\/\/ferne-welten.com\/?p=1975\" target=\"_blank\" rel=\"noopener\">diesem Weblog dokumentierte<\/a>, machten diese Konservativen stattdessen zu <em>&#8222;Antisemitismus-Vorw\u00fcrfen&#8220;.\u00a0<\/em>Dabei wandte sich die Gruppierung gegen diesen Weblog, der mit einer Einordnung ausgezeichnet wurde: <em>&#8222;Den Artikel des Blogs\u00a0Ferne Welten, der die Vorw\u00fcrfe erhebt, erscheine dem RCDS als &#8217;nicht seri\u00f6s&#8217;\u201c<\/em>, berichtet akduell. Der Autor registrierte die Auszeichnung mit Freude. <em>&#8222;Alles richtig gemacht&#8220;<\/em>, sagt ein Genosse, der mich mit Mao <a href=\"https:\/\/books.google.de\/books?id=4-ElDwAAQBAJ&amp;pg=PT14&amp;lpg=PT14&amp;dq=Wenn+wir+vom+Feind+bek%C3%A4mpft+werden,+dann+ist+das+gut;+denn+es+ist+ein+Beweis,+da%C3%9F+wir+zwischen+uns+und+dem+Feind+einen+klaren+Trennungsstrich+gezogen+haben&amp;source=bl&amp;ots=ZTFRNhy9ZU&amp;sig=OyiF2fA_G2en6P6cEOI9ZPS4zHI&amp;hl=de&amp;sa=X&amp;ved=0ahUKEwjhqcCZsLfYAhWOCuwKHY26B9AQ6AEIPDAD#v=onepage&amp;q=Wenn%20wir%20vom%20Feind%20bek%C3%A4mpft%20werden%2C%20dann%20ist%20das%20gut%3B%20denn%20es%20ist%20ein%20Beweis%2C%20da%C3%9F%20wir%20zwischen%20uns%20und%20dem%20Feind%20einen%20klaren%20Trennungsstrich%20gezogen%20haben&amp;f=false\" target=\"_blank\" rel=\"noopener\">neckt<\/a>: <em>&#8222;Wenn wir vom Feind bek\u00e4mpft werden, dann ist das gut; denn es ist ein Beweis, da\u00df wir zwischen uns und dem Feind einen klaren Trennungsstrich gezogen haben<\/em>.&#8220;<\/p>\n<p style=\"text-align: justify;\">Die Jungsozialist_innen der Noske- und Schr\u00f6der-Partei, die sich mit Sigmar Gabriel einen <a href=\"http:\/\/www.juedische-allgemeine.de\/article\/view\/id\/30455\" target=\"_blank\" rel=\"noopener\">wortgewaltigen Einfl\u00fcsterer gegen Israel<\/a> leistet, sprachen sich im Verlauf der Debatten gegen Veranstaltungen mit Lutz Taufer aus.\u00a0Zuvor verteidigten diese Sozialdemokrat_innen dessen Lesung mit der Begr\u00fcndung, dass das <em>&#8222;Eintreten gegen Extremismus&#8220;<\/em> eine <em>&#8222;Auseinandersetzung mit Aussteigern&#8220;<\/em> <a href=\"http:\/\/jusohsgbonn.de\/stellungnahme-zur-veranstaltung-mit-lutz-taufer\/\" target=\"_blank\" rel=\"noopener\">erfordere<\/a>. Sp\u00e4ter distanzierten sich die Jusos deutlich von Einlassungen des Entwicklungshelfers, <a href=\"http:\/\/akduell.de\/2017\/12\/streit-um-ex-raf-terroristen\/\" target=\"_blank\" rel=\"noopener\">wobei<\/a> sie\u00a0<em>&#8222;israelbezogenem Antisemitismus und der damit verbundenen BDS-Bewegung&#8220;<\/em> eine Absage erteilten.\u00a0Von den Konservativen und Liberalen, die sich durch Antikommunismus bemerkbar machten, sind solche Kurskorrekturen zum Thema Taufer nicht zu erwarten.<\/p>\n<a class=\"synved-social-button synved-social-button-share synved-social-size-32 synved-social-resolution-single synved-social-provider-facebook nolightbox\" data-provider=\"facebook\" target=\"_blank\" rel=\"nofollow\" title=\"Auf Facebook teilen\" href=\"https:\/\/www.facebook.com\/sharer.php?u=https%3A%2F%2Fferne-welten.com%2Findex.php%3Frest_route%3D%252Fwp%252Fv2%252Fposts%252F2120&#038;t=Antikommunismus%20aus%20Bonn&#038;s=100&#038;p&#091;url&#093;=https%3A%2F%2Fferne-welten.com%2Findex.php%3Frest_route%3D%252Fwp%252Fv2%252Fposts%252F2120&#038;p&#091;images&#093;&#091;0&#093;=&#038;p&#091;title&#093;=Antikommunismus%20aus%20Bonn\" style=\"font-size: 0px;width:32px;height:32px;margin:0;margin-bottom:5px;margin-right:5px\"><img loading=\"lazy\" decoding=\"async\" alt=\"Facebook\" title=\"Auf Facebook teilen\" class=\"synved-share-image synved-social-image synved-social-image-share\" width=\"32\" height=\"32\" style=\"display: inline;width:32px;height:32px;margin: 0;padding: 0;border: none;box-shadow: none\" src=\"https:\/\/ferne-welten.com\/wp-content\/plugins\/social-media-feather\/synved-social\/addons\/extra-icons\/image\/social\/circle\/64x64\/facebook.png\" \/><\/a><a class=\"synved-social-button synved-social-button-share synved-social-size-32 synved-social-resolution-single synved-social-provider-twitter nolightbox\" data-provider=\"twitter\" target=\"_blank\" rel=\"nofollow\" title=\"Auf Twitter teilen\" href=\"https:\/\/twitter.com\/intent\/tweet?url=https%3A%2F%2Fferne-welten.com%2Findex.php%3Frest_route%3D%252Fwp%252Fv2%252Fposts%252F2120&#038;text=Hey%20check%20this%20out\" style=\"font-size: 0px;width:32px;height:32px;margin:0;margin-bottom:5px;margin-right:5px\"><img loading=\"lazy\" decoding=\"async\" alt=\"twitter\" title=\"Auf Twitter teilen\" class=\"synved-share-image synved-social-image synved-social-image-share\" width=\"32\" height=\"32\" style=\"display: inline;width:32px;height:32px;margin: 0;padding: 0;border: none;box-shadow: none\" src=\"https:\/\/ferne-welten.com\/wp-content\/plugins\/social-media-feather\/synved-social\/addons\/extra-icons\/image\/social\/circle\/64x64\/twitter.png\" \/><\/a><a class=\"synved-social-button synved-social-button-share synved-social-size-32 synved-social-resolution-single synved-social-provider-reddit nolightbox\" data-provider=\"reddit\" target=\"_blank\" rel=\"nofollow\" title=\"Auf Reddit teilen\" href=\"https:\/\/www.reddit.com\/submit?url=https%3A%2F%2Fferne-welten.com%2Findex.php%3Frest_route%3D%252Fwp%252Fv2%252Fposts%252F2120&#038;title=Antikommunismus%20aus%20Bonn\" style=\"font-size: 0px;width:32px;height:32px;margin:0;margin-bottom:5px;margin-right:5px\"><img loading=\"lazy\" decoding=\"async\" alt=\"reddit\" title=\"Auf Reddit teilen\" class=\"synved-share-image synved-social-image synved-social-image-share\" width=\"32\" height=\"32\" style=\"display: inline;width:32px;height:32px;margin: 0;padding: 0;border: none;box-shadow: none\" src=\"https:\/\/ferne-welten.com\/wp-content\/plugins\/social-media-feather\/synved-social\/addons\/extra-icons\/image\/social\/circle\/64x64\/reddit.png\" \/><\/a><a class=\"synved-social-button synved-social-button-share synved-social-size-32 synved-social-resolution-single synved-social-provider-pinterest nolightbox\" data-provider=\"pinterest\" target=\"_blank\" rel=\"nofollow\" title=\"Auf Pinterest pinnen\" href=\"https:\/\/pinterest.com\/pin\/create\/button\/?url=https%3A%2F%2Fferne-welten.com%2Findex.php%3Frest_route%3D%252Fwp%252Fv2%252Fposts%252F2120&#038;media=&#038;description=Antikommunismus%20aus%20Bonn\" style=\"font-size: 0px;width:32px;height:32px;margin:0;margin-bottom:5px;margin-right:5px\"><img loading=\"lazy\" decoding=\"async\" alt=\"pinterest\" title=\"Auf Pinterest pinnen\" class=\"synved-share-image synved-social-image synved-social-image-share\" width=\"32\" height=\"32\" style=\"display: inline;width:32px;height:32px;margin: 0;padding: 0;border: none;box-shadow: none\" src=\"https:\/\/ferne-welten.com\/wp-content\/plugins\/social-media-feather\/synved-social\/addons\/extra-icons\/image\/social\/circle\/64x64\/pinterest.png\" \/><\/a><a class=\"synved-social-button synved-social-button-share synved-social-size-32 synved-social-resolution-single synved-social-provider-linkedin nolightbox\" data-provider=\"linkedin\" target=\"_blank\" rel=\"nofollow\" title=\"Auf Linkedin teilen\" href=\"https:\/\/www.linkedin.com\/shareArticle?mini=true&#038;url=https%3A%2F%2Fferne-welten.com%2Findex.php%3Frest_route%3D%252Fwp%252Fv2%252Fposts%252F2120&#038;title=Antikommunismus%20aus%20Bonn\" style=\"font-size: 0px;width:32px;height:32px;margin:0;margin-bottom:5px;margin-right:5px\"><img loading=\"lazy\" decoding=\"async\" alt=\"linkedin\" title=\"Auf Linkedin teilen\" class=\"synved-share-image synved-social-image synved-social-image-share\" width=\"32\" height=\"32\" style=\"display: inline;width:32px;height:32px;margin: 0;padding: 0;border: none;box-shadow: none\" src=\"https:\/\/ferne-welten.com\/wp-content\/plugins\/social-media-feather\/synved-social\/addons\/extra-icons\/image\/social\/circle\/64x64\/linkedin.png\" \/><\/a><a class=\"synved-social-button synved-social-button-share synved-social-size-32 synved-social-resolution-single synved-social-provider-tumblr nolightbox\" data-provider=\"tumblr\" target=\"_blank\" rel=\"nofollow\" title=\"\u00dcber Tumblr teilen\" href=\"https:\/\/tumblr.com\/share?s=&#038;v=3&#038;t=Antikommunismus%20aus%20Bonn&#038;u=https%3A%2F%2Fferne-welten.com%2Findex.php%3Frest_route%3D%252Fwp%252Fv2%252Fposts%252F2120\" style=\"font-size: 0px;width:32px;height:32px;margin:0;margin-bottom:5px;margin-right:5px\"><img loading=\"lazy\" decoding=\"async\" alt=\"tumblr\" title=\"\u00dcber Tumblr teilen\" class=\"synved-share-image synved-social-image synved-social-image-share\" width=\"32\" height=\"32\" style=\"display: inline;width:32px;height:32px;margin: 0;padding: 0;border: none;box-shadow: none\" src=\"https:\/\/ferne-welten.com\/wp-content\/plugins\/social-media-feather\/synved-social\/addons\/extra-icons\/image\/social\/circle\/64x64\/tumblr.png\" \/><\/a><a class=\"synved-social-button synved-social-button-share synved-social-size-32 synved-social-resolution-single synved-social-provider-mail nolightbox\" data-provider=\"mail\" rel=\"nofollow\" title=\"Link per Mail weiterleiten\" href=\"mailto:?subject=Antikommunismus%20aus%20Bonn&#038;body=Hey%20check%20this%20out:%20https%3A%2F%2Fferne-welten.com%2Findex.php%3Frest_route%3D%252Fwp%252Fv2%252Fposts%252F2120\" style=\"font-size: 0px;width:32px;height:32px;margin:0;margin-bottom:5px\"><img loading=\"lazy\" decoding=\"async\" alt=\"mail\" title=\"Link per Mail weiterleiten\" class=\"synved-share-image synved-social-image synved-social-image-share\" width=\"32\" height=\"32\" style=\"display: inline;width:32px;height:32px;margin: 0;padding: 0;border: none;box-shadow: none\" src=\"https:\/\/ferne-welten.com\/wp-content\/plugins\/social-media-feather\/synved-social\/addons\/extra-icons\/image\/social\/circle\/64x64\/mail.png\" \/><\/a>","protected":false},"excerpt":{"rendered":"<p>Der konservative RCDS nutzte eine Tagung des Studierenparlaments\u00a0 der Universit\u00e4t Bonn, um mit antikommunistischen Thesen gegen die Teilfinanzierung einer Lesung des ehemaligen RAF-Kaders Lutz Taufer vorzugehen. Am 06. Dezember 2017 pr\u00e4sentierte der heutige Entwicklungshelfer im Buchladenkollektiv Le Sabot seine Autobiographie&#8230;.<br \/><a class=\"read-more-button\" href=\"https:\/\/ferne-welten.com\/?p=2120\">Read more<\/a><\/p>\n","protected":false},"author":1,"featured_media":0,"comment_status":"open","ping_status":"open","sticky":false,"template":"","format":"standard","meta":{"footnotes":""},"categories":[359],"tags":[843,47,107,286,545,287,840,841,842,796,845,787,839,844],"class_list":["post-2120","post","type-post","status-publish","format-standard","hentry","category-eiskaltland","tag-akduell","tag-antikommunismus","tag-antisemitismus","tag-bds","tag-bonn","tag-israel","tag-jusos","tag-le-sabot","tag-liberale-hochschulgruppe","tag-lutz-taufer","tag-mao","tag-raf","tag-rcds","tag-thomas-mann"],"_links":{"self":[{"href":"https:\/\/ferne-welten.com\/index.php?rest_route=\/wp\/v2\/posts\/2120","targetHints":{"allow":["GET"]}}],"collection":[{"href":"https:\/\/ferne-welten.com\/index.php?rest_route=\/wp\/v2\/posts"}],"about":[{"href":"https:\/\/ferne-welten.com\/index.php?rest_route=\/wp\/v2\/types\/post"}],"author":[{"embeddable":true,"href":"https:\/\/ferne-welten.com\/index.php?rest_route=\/wp\/v2\/users\/1"}],"replies":[{"embeddable":true,"href":"https:\/\/ferne-welten.com\/index.php?rest_route=%2Fwp%2Fv2%2Fcomments&post=2120"}],"version-history":[{"count":29,"href":"https:\/\/ferne-welten.com\/index.php?rest_route=\/wp\/v2\/posts\/2120\/revisions"}],"predecessor-version":[{"id":2166,"href":"https:\/\/ferne-welten.com\/index.php?rest_route=\/wp\/v2\/posts\/2120\/revisions\/2166"}],"wp:attachment":[{"href":"https:\/\/ferne-welten.com\/index.php?rest_route=%2Fwp%2Fv2%2Fmedia&parent=2120"}],"wp:term":[{"taxonomy":"category","embeddable":true,"href":"https:\/\/ferne-welten.com\/index.php?rest_route=%2Fwp%2Fv2%2Fcategories&post=2120"},{"taxonomy":"post_tag","embeddable":true,"href":"https:\/\/ferne-welten.com\/index.php?rest_route=%2Fwp%2Fv2%2Ftags&post=2120"}],"curies":[{"name":"wp","href":"https:\/\/api.w.org\/{rel}","templated":true}]}}