{"id":2177,"date":"2018-03-02T18:23:28","date_gmt":"2018-03-02T17:23:28","guid":{"rendered":"http:\/\/ferne-welten.com\/?p=2177"},"modified":"2018-03-24T20:13:09","modified_gmt":"2018-03-24T19:13:09","slug":"gegen-antideutsche-ego-shooter-und-israel-positionen-in-der-dkp","status":"publish","type":"post","link":"https:\/\/ferne-welten.com\/?p=2177","title":{"rendered":"Gegen Ego-Shooter und Israel: Positionen der DKP"},"content":{"rendered":"<p style=\"text-align: justify;\">Es steht schlecht um die <em>&#8222;Deutsche Kommunistische Partei&#8220;<\/em> (DKP), die weiterhin erbitterte Auseinandersetzungen ersch\u00fcttern.\u00a0<em>&#8222;Unsere Partei ist in einer sehr komplizierten Situation&#8220;, <\/em>warnt ihr Vorsitzender. Patrik K\u00f6bele steht f\u00fcr klassischen Stalinismus. Ihn umgeben j\u00fcngere Kader, die ebenfalls DDR-Nostalgie betreiben. Nach Sozialisierung im parteinahen Jugendverband dominieren sie mittlerweile relevante Parteistrukturen. Der Nachwuchs sorgte f\u00fcr die administrative Aufl\u00f6sung der\u00a0Bezirksorganisation in S\u00fcdbayern. Dieser Deklassierung der linkssozialdemokratischen Opposition folgte ein Massenaustritt von ehemaligen F\u00fchrungskr\u00e4ften. Entt\u00e4uschte DKP-Kader wie Bettina J\u00fcrgensen, die von 2010 bis 2013 als Parteivorsitzende diente, verlie\u00dfen ihre Struktur. Einigkeit soll nun ein Papier bringen, das sich gegen <em>&#8222;Antideutsche&#8220;<\/em> und Israel richtet.<\/p>\n<p style=\"text-align: justify;\"><!--more--><\/p>\n<p><b>Zank, Streit und Einigkeit\u00a0<\/b><\/p>\n<p style=\"text-align: justify;\"><span style=\"font-weight: 400;\">W\u00e4hrend <a href=\"http:\/\/wieweiter.net\/hello-world\/\" target=\"_blank\" rel=\"noopener\">ehemalige Mitglieder<\/a> von <em>\u201cAusschlussdrohungen\u201d<\/em> und <em>\u201cIntrigen\u201d<\/em> sprachen, <a href=\"https:\/\/www.mlpd.de\/2017\/kw48\/tiefe-krise-und-spaltung-der-dkp\">erfreute<\/a> sich die maoistische Konkurrenz an der\u00a0<\/span><em>&#8222;Krise und Spaltung der DKP&#8220;. <\/em>In dieser Situation legte der Parteivorstand mehrere Parteitagspapiere vor, das die Struktur erneut vereinen sollen. Ihr Leitantrag richtet sich nicht nur gegen den d\u00e4monisierten <em>&#8222;US-Imperialismus&#8220;<\/em>, sondern vor allem gegen eine Chim\u00e4re, die in Deutschland als Gespenst verhasst ist. Mit dem <a href=\"http:\/\/news.dkp.suhail.uberspace.de\/2017\/09\/leitantrag-zum-22-parteitag-2\/\" target=\"_blank\" rel=\"noopener\">Papier<\/a>, das Mitglieder auf dem 22. Parteitag in Frankfurt am Main verhandeln, geht<em>\u00a0<\/em>es gegen eine <em>&#8222;antideutsche Bewegung\u201d. <\/em>Die Schrift <a href=\"http:\/\/ferne-welten.com\/?p=1864\">wendet sich gegen Israel<\/a>,\u00a0wobei von <em>&#8222;angeblichem Antisemitismus&#8220; <\/em>die Rede ist. Dabei relativiert diese Struktur, die sich in ihrem Parteitagspapier sogar um<em>\u00a0&#8222;nationale Souver\u00e4nit\u00e4t der BRD&#8220; <\/em>sorgt, moderne Mythen, die sich gegen Shoa-Staat richten. So schwadroniert diese DKP von israelischer <em>&#8222;Apartheidpolitik&#8220;<\/em>.<\/p>\n<div id=\"attachment_2256\" style=\"width: 979px\" class=\"wp-caption aligncenter\"><a href=\"http:\/\/ferne-welten.com\/wp-content\/uploads\/2018\/03\/DKP-22-Leitantragsantr\u00e4ge.jpg\"><img loading=\"lazy\" decoding=\"async\" aria-describedby=\"caption-attachment-2256\" class=\"wp-image-2256 size-full\" src=\"http:\/\/ferne-welten.com\/wp-content\/uploads\/2018\/03\/DKP-22-Leitantragsantr\u00e4ge.jpg\" alt=\"\" width=\"969\" height=\"456\" srcset=\"https:\/\/ferne-welten.com\/wp-content\/uploads\/2018\/03\/DKP-22-Leitantragsantr\u00e4ge.jpg 969w, https:\/\/ferne-welten.com\/wp-content\/uploads\/2018\/03\/DKP-22-Leitantragsantr\u00e4ge-300x141.jpg 300w, https:\/\/ferne-welten.com\/wp-content\/uploads\/2018\/03\/DKP-22-Leitantragsantr\u00e4ge-768x361.jpg 768w, https:\/\/ferne-welten.com\/wp-content\/uploads\/2018\/03\/DKP-22-Leitantragsantr\u00e4ge-940x442.jpg 940w, https:\/\/ferne-welten.com\/wp-content\/uploads\/2018\/03\/DKP-22-Leitantragsantr\u00e4ge-850x400.jpg 850w\" sizes=\"auto, (max-width: 969px) 100vw, 969px\" \/><\/a><p id=\"caption-attachment-2256\" class=\"wp-caption-text\">Papierkram zum Parteitag: Gegen Antideutsche, Hollywood und Israel<\/p><\/div>\n<p style=\"text-align: justify;\"><span style=\"font-weight: 400;\"><em>&#8222;In vielen grundlegenden Fragen herrscht (&#8230;)&#8220; <\/em>aber <em>&#8222;<\/em><em>Einigkeit&#8220;<\/em>, hei\u00dft es in einer <a href=\"http:\/\/wieweiter.net\/hello-world\/\" target=\"_blank\" rel=\"noopener\">Erkl\u00e4rung<\/a> entt\u00e4uschter Rebellen. Tats\u00e4chlich zeigen <\/span>\u00c4nderungsantr\u00e4ge vieler Parteigliederungen, dass es um die vom Parteivorsitzenden <a href=\"https:\/\/unsere-zeit.de\/de\/4932\/21\/6177\/Die-Gesellschaft-ver%C3%A4ndern%C2%A0%E2%80%93-aber-wie-und-wohin.htm\" target=\"_blank\" rel=\"noopener\">beschworene<\/a> <em>&#8222;kollektive Weisheit der Partei&#8220;<\/em> nicht gut bestellt ist. Kritische Gedanken sind eine rare Ausnahme. Neben wenigen Ausf\u00fchrungen opponierender Gliederungen, die den Leitantrag des Parteivorstands <a href=\"http:\/\/ferne-welten.com\/wp-content\/uploads\/2018\/03\/DKP-22-Ablehnung.jpg\" target=\"_blank\" rel=\"noopener\">ablehnen<\/a>, gibt es viel Lobhudelei. Dieses Papier sei &#8222;<em>eine hervorragende Grundlage zur umfassenden Diskussion der revolution\u00e4ren Orientierung&#8220;<\/em>, <a href=\"http:\/\/news.dkp.suhail.uberspace.de\/2017\/12\/hervorragende-grundlage-zur-umfassenden-diskussion\/\" target=\"_blank\" rel=\"noopener\">hei\u00dft<\/a> es beispielsweise in einer Erkl\u00e4rung der DKP-Karlsruhe. Andere Parteigliederungen versch\u00e4rfen unterdessen die Inhalte des Leitantrages. Ihre \u00c4nderungsw\u00fcnsche, die vor kurzem <a href=\"http:\/\/news.dkp.suhail.uberspace.de\/2018\/02\/unterlagen-zum-22-parteitag-der-dkp\/\" target=\"_blank\" rel=\"noopener\">ver\u00f6ffentlicht<\/a> wurden, f\u00fchren anti-amerikanischen Ausf\u00fchrungen fort, die bereits in der urspr\u00fcnglichen Version <a href=\"http:\/\/ferne-welten.com\/?p=1864\" target=\"_blank\" rel=\"noopener\">enthalten sind<\/a>.<\/p>\n<p><strong>Gegen Hollywood und &#8222;Antideutsche&#8220;<\/strong><\/p>\n<p style=\"text-align: justify;\">Die DKP Dortmund-Nord klagt \u00fcber Kulturprodukte einer &#8222;<i>Unterhaltungs- und Kulturindustrie&#8220;: \u201cDie Brutalit\u00e4t\u201d <\/i>ihrer <i>\u201czahllosen Kriegs-, Action-, Splatter- und Horrorfilme, der Ego-Shooter Games spricht f\u00fcr sich. Die bombastischen Supermen und Superwomen, die alles in Klump hauen, was sich den Guten entgegenstellt\u201d, <\/i>seien Vorbild von Donald Trump, behauptet diese Parteigliederung (3.1, <a href=\"http:\/\/news.dkp.suhail.uberspace.de\/wp-content\/uploads\/2018\/02\/22PT_Arbeitsheft_3-1_Versand-1.pdf\" target=\"_blank\" rel=\"noopener\">S. 51<\/a>). Videospiele, TV-Serien und Filme macht diese DKP-Struktur sogar zu\u00a0<i>\u201cSumpfbl\u00fcten der Dekadenz&#8220;.<\/i>\u00a0Dabei begann, <a href=\"http:\/\/www.zeit.de\/1981\/45\/ein-volk-ein-reich-ein-frieden\/seite-2\" target=\"_blank\" rel=\"noopener\">so schrieb Wolfgang Pohrt<\/a>,<i>\u00a0&#8222;mit dem amerikanischen Kulturimperialismus&#8220;, <\/i>der sich nach 1945 in Westdeutschland manifestierte<i>, &#8222;nicht die Barbarei, sondern die Zivilisation&#8220;.<\/i>\u00a0Weil es dieser DKP aber nicht um zivilisatorische Mindeststandards geht, die erst die US-Army in das Land brachte, erbost sie sich auch \u00fcber Comicfiguren, die in fr\u00fchen Jahren vor allem gegen Hitler <a href=\"http:\/\/www.sueddeutsche.de\/muenchen\/comic-forscher-ralf-palandt-superman-hat-hitler-bekaempft-1.1121854\" target=\"_blank\" rel=\"noopener\">k\u00e4mpften<\/a>.<i>\u00a0<\/i><\/p>\n<div id=\"attachment_2265\" style=\"width: 1128px\" class=\"wp-caption aligncenter\"><a href=\"http:\/\/ferne-welten.com\/wp-content\/uploads\/2018\/03\/DKP-22-Supermen-Superwomen.jpg\"><img loading=\"lazy\" decoding=\"async\" aria-describedby=\"caption-attachment-2265\" class=\"wp-image-2265 size-full\" src=\"http:\/\/ferne-welten.com\/wp-content\/uploads\/2018\/03\/DKP-22-Supermen-Superwomen.jpg\" alt=\"\" width=\"1118\" height=\"176\" srcset=\"https:\/\/ferne-welten.com\/wp-content\/uploads\/2018\/03\/DKP-22-Supermen-Superwomen.jpg 1118w, https:\/\/ferne-welten.com\/wp-content\/uploads\/2018\/03\/DKP-22-Supermen-Superwomen-300x47.jpg 300w, https:\/\/ferne-welten.com\/wp-content\/uploads\/2018\/03\/DKP-22-Supermen-Superwomen-768x121.jpg 768w, https:\/\/ferne-welten.com\/wp-content\/uploads\/2018\/03\/DKP-22-Supermen-Superwomen-1024x161.jpg 1024w, https:\/\/ferne-welten.com\/wp-content\/uploads\/2018\/03\/DKP-22-Supermen-Superwomen-940x148.jpg 940w\" sizes=\"auto, (max-width: 1118px) 100vw, 1118px\" \/><\/a><p id=\"caption-attachment-2265\" class=\"wp-caption-text\">Gegen Hollywood und Videospiele<\/p><\/div>\n<p style=\"text-align: justify;\">Andere Eingaben befassen sich mit verbliebenen staatskapitalistischen Regimen, die sich mit roten Fahnen und Symbolen der Klasse tarnen. Die\u00a0<span style=\"font-weight: 400;\">Bezirksmitgliederversammlung Hamburg widmet sich dieser Maskerade, kommt aber zu einem anderen Urteil: &#8222;<\/span><i><span style=\"font-weight: 400;\">Zu den Kr\u00e4ften des Widerstands und des Fortschritts auf internationaler Ebene z\u00e4hlen auch Staaten mit sozialistischer Orientierung und mit Regierungen die \u2013 gest\u00fctzt auf die Bev\u00f6lkerung \u2013 eine Alternative zum Neoliberalismus suchen und sich gegen die Dominanz des US Imperialismus in den internationalen Beziehungen wehren\u201d <\/span><\/i><span style=\"font-weight: 400;\">(3.2, <a href=\"http:\/\/news.dkp.suhail.uberspace.de\/wp-content\/uploads\/2018\/02\/22PT_Arbeitsheft_3-2_Versand.pdf\">S. 27<\/a>), hei\u00dft es in ihrem Antrag, der die chinesische, laotische und cubanische B\u00fcrokratie erfreuen d\u00fcrfte. Der Parteivorstand dankt ebenfalls f\u00fcr diesen Input. Ihre Antragskommission erg\u00e4nzt den eigenen Antrag.\u00a0<\/span><span style=\"font-weight: 400;\">Zum beschworenen\u00a0<\/span><i><span style=\"font-weight: 400;\">\u201cWiderstand\u201d<\/span><\/i><span style=\"font-weight: 400;\"> soll sogar die <\/span><i><span style=\"font-weight: 400;\">\u201cDemokratische Volksrepublik Nordkorea\u201d <\/span><\/i><span style=\"font-weight: 400;\">geh\u00f6ren (3.2, S. <a href=\"http:\/\/news.dkp.suhail.uberspace.de\/wp-content\/uploads\/2018\/02\/22PT_Arbeitsheft_3-2_Versand.pdf\" target=\"_blank\" rel=\"noopener\">28<\/a>).<\/span><\/p>\n<p style=\"text-align: justify;\"><span style=\"font-weight: 400;\">Die Grundorganisation Stuttgart-Nord besch\u00e4ftigt sich unterdessen mit den Teilen des Leitantrags, der sich gegen die\u00a0<\/span><i><span style=\"font-weight: 400;\">\u201cantideutsche Bewegung\u201d <\/span><\/i><span style=\"font-weight: 400;\">wendet und den heutigen Antisemitismus relativiert. W\u00e4hrend die Parteigliederung aus dem S\u00fcden der Stadt davor warnt, den Antisemitismus <em>&#8222;ausschlie\u00dflich in der (&#8230;) vorgelegten Form&#8220;<\/em> zu erw\u00e4hnen, f\u00fcrchten Parteimitglieder aus dem Norden der Metropole eine Werbung f\u00fcr Kritiker_innen der deutschen Nation: <\/span><i><span style=\"font-weight: 400;\">\u201cEine Erw\u00e4hnung der Antideutschen in unserem Leitantrag wertet sie nur auf\u201d<\/span><\/i><span style=\"font-weight: 400;\">, glaubt diese Struktur (3.2, <a href=\"http:\/\/news.dkp.suhail.uberspace.de\/wp-content\/uploads\/2018\/02\/22PT_Arbeitsheft_3-2_Versand.pdf\">S. 40<\/a>).\u00a0<\/span><span style=\"font-weight: 400;\">Der Landesverband Mecklenburg-Vorpommern, der sich f\u00fcr einen Marxismus-Leninismus stalinistischer Pr\u00e4gung einsetzt, sieht das \u00e4hnlich. Er fordert die Streichung der Ausf\u00fchrungen, weil der <\/span><i><span style=\"font-weight: 400;\">\u201cEinstieg in die antideutsche Debatte an dieser Stelle (&#8230;) unzweckm\u00e4\u00dfig\u201d <\/span><\/i><span style=\"font-weight: 400;\">sei (<a href=\"http:\/\/news.dkp.suhail.uberspace.de\/wp-content\/uploads\/2018\/02\/22PT_Arbeitsheft_3-2_Versand.pdf\" target=\"_blank\" rel=\"noopener\">ebd<\/a>.).<\/span><\/p>\n<p><strong>Linksnationalismus zum Aufkl\u00e4rungsverrat<\/strong><\/p>\n<p style=\"text-align: justify;\">Anders die Einsch\u00e4tzung der Parteimehrheit. Ihre Antragskommission h\u00e4lt es nicht nur f\u00fcr <em>&#8222;wichtig&#8220;<\/em>, sondern auch f\u00fcr <em>&#8222;unverzichtbar, die grunds\u00e4tzliche Position der DKP (&#8230;) zur Thematik der &#8218;Anti-Deutschen&#8216; zu benennen&#8220;<span style=\"font-weight: 400;\">\u00a0<\/span><\/em><span style=\"font-weight: 400;\">(3.2,<a href=\"http:\/\/news.dkp.suhail.uberspace.de\/wp-content\/uploads\/2018\/02\/22PT_Arbeitsheft_3-2_Versand.pdf\" target=\"_blank\" rel=\"noopener\"> S. 39 ff<\/a>).\u00a0<\/span>Die Kreismitgliederversammlung Hamm-Hellweg nutzt derweil den Leitantrag, um verschw\u00f6rungsideologische Mystik zum Handeln von antideutschen Kommunist_innen zu verbreiten. Dass <i>\u201cdie Antideutschen ihrer eigenen Propaganda in den seltensten F\u00e4llen selbst glauben, sondern wider besseres Wissen bewusst Verwirrung stiften\u201d<\/i>, munkelt diese Vereinigung von DKP-Mitgliedern (3.2, <a href=\"http:\/\/news.dkp.suhail.uberspace.de\/wp-content\/uploads\/2018\/02\/22PT_Arbeitsheft_3-2_Versand.pdf\" target=\"_blank\" rel=\"noopener\">S. 41<\/a>) . Sie sehen ebenfalls eine <em>&#8222;Bewegung&#8220;<\/em>, wo nur <em>&#8222;Gruppe von Einzelpersonen&#8220;<\/em> <a href=\"http:\/\/www.ca-ira.net\/isf\/beitraege\/dahlmann-antideutsch.php\" target=\"_blank\" rel=\"noopener\">existieren<\/a>, <em>&#8222;die allerdings, und das kann und braucht gar nicht verschwiegen zu werden, eine Reihe von Essentials gemeinsam haben&#8220;.<\/em><\/p>\n<div id=\"attachment_2255\" style=\"width: 1194px\" class=\"wp-caption aligncenter\"><a href=\"http:\/\/ferne-welten.com\/wp-content\/uploads\/2018\/03\/DKP-22-Antideutsche-Verwirrung.jpg\"><img loading=\"lazy\" decoding=\"async\" aria-describedby=\"caption-attachment-2255\" class=\"wp-image-2255 size-full\" src=\"http:\/\/ferne-welten.com\/wp-content\/uploads\/2018\/03\/DKP-22-Antideutsche-Verwirrung.jpg\" alt=\"\" width=\"1184\" height=\"338\" srcset=\"https:\/\/ferne-welten.com\/wp-content\/uploads\/2018\/03\/DKP-22-Antideutsche-Verwirrung.jpg 1184w, https:\/\/ferne-welten.com\/wp-content\/uploads\/2018\/03\/DKP-22-Antideutsche-Verwirrung-300x86.jpg 300w, https:\/\/ferne-welten.com\/wp-content\/uploads\/2018\/03\/DKP-22-Antideutsche-Verwirrung-768x219.jpg 768w, https:\/\/ferne-welten.com\/wp-content\/uploads\/2018\/03\/DKP-22-Antideutsche-Verwirrung-1024x292.jpg 1024w, https:\/\/ferne-welten.com\/wp-content\/uploads\/2018\/03\/DKP-22-Antideutsche-Verwirrung-940x268.jpg 940w\" sizes=\"auto, (max-width: 1184px) 100vw, 1184px\" \/><\/a><p id=\"caption-attachment-2255\" class=\"wp-caption-text\">\u00c4nderungsantrag zum Leitantrag: Verwirrung \u00fcber Antideutsche<\/p><\/div>\n<p style=\"text-align: justify;\">Dass <a href=\"http:\/\/www.ca-ira.net\/isf\/beitraege\/dahlmann-antideutsch.php\" target=\"_blank\" rel=\"noopener\">ihre<\/a>\u00a0<em>&#8222;Destruktion der tief in Kopf und Gef\u00fchl verankerten Fetische von Staat, Geld, Nation und Kultur&#8220;<\/em> den Zorn stalinistischer Strukturen erregt, geh\u00f6rt zur Geschichte und Gegenwart der kommunistischen Organisierung. Weil <a href=\"http:\/\/www.ca-ira.net\/isf\/beitraege\/dahlmann-antideutsch.php\" target=\"_blank\" rel=\"noopener\">solche<\/a> &#8222;F<em>etischkritik aggressive Abwehr erzeugt&#8220;, <\/em>entstehen verschw\u00f6rungsideologische Phantasien, die aktuelle \u00c4nderungsantr\u00e4ge pr\u00e4gen. So hei\u00dft es in einem Text von DKP-Mitgliedern aus Dortmund:\u00a0<i>\u201cVon Angela Merkel bis Marine Le Pen, von Donald Trump bis zu den Antideutschen. Von den Atlantikern, der neoliberalen Journaille gar nicht zu reden. Sie alle verstehen sich als gl\u00fchende Verteidiger des Imperialismus\u201d (3.3; <a href=\"http:\/\/news.dkp.suhail.uberspace.de\/wp-content\/uploads\/2018\/02\/22PT_Arbeitsheft_3-3_Versand.pdf\" target=\"_blank\" rel=\"noopener\">S. 11<\/a>). Z<\/i>ornige Emp\u00f6rung zum Thema entstand auch in Nordbayern: Sie\u00a0<i><span style=\"font-weight: 400;\">\u201cleugnen die Existenz der Nation und der nationalen Frage \u00fcberhaupt\u201d<\/span><\/i><span style=\"font-weight: 400;\">, klagt zum Beispiel die dortige Bezirksmitgliederversammlung\u00a0<\/span><span style=\"font-weight: 400;\">(3.3, <a href=\"http:\/\/news.dkp.suhail.uberspace.de\/wp-content\/uploads\/2018\/02\/22PT_Arbeitsheft_3-3_Versand.pdf\" target=\"_blank\" rel=\"noopener\">S.5<\/a>).<\/span><\/p>\n<p style=\"text-align: justify;\"><span style=\"font-weight: 400;\">Die DKP scheint dieser\u00a0<\/span><i><span style=\"font-weight: 400;\">\u201cnationalen Frage\u201d <\/span><\/i><span style=\"font-weight: 400;\">gro\u00dfe Bedeutung beizumessen. Sie kn\u00fcpft an die uns\u00e4gliche <a href=\"https:\/\/www.marxists.org\/deutsch\/referenz\/thaelmann\/1930\/08\/natsozbef.htm\" target=\"_blank\" rel=\"noopener\">KPD-Programmerkl\u00e4rung<\/a> zur <em>&#8222;nationalen und sozialen Befreiung des deutschen Volkes&#8220;<\/em> an, durch die der deutsche Nationalbolschewismus angebliche\u00a0<em>&#8222;<\/em><\/span><em>Schmarotzer&#8220; <\/em>sowie\u00a0<em>&#8222;Arbeiterverr\u00e4ter, Spekulanten und Schieber&#8220;<\/em> als Gegner markierte. D<span style=\"font-weight: 400;\">ie heutige Antragskommission der Nachfolgepartei fabuliert in dieser traurigen Tradition. Ihre Kader erdenken gar<em>\u00a0&#8222;nationale Belange&#8220;<\/em>, f\u00fcr die es zu k\u00e4mpfen gilt:\u00a0<\/span><i><span style=\"font-weight: 400;\">\u201cUnser Eintreten f\u00fcr die nationalen Belange geht vom marxistisch-leninistischen Nationen-Begriff aus, der die Gesamtheit des werkt\u00e4tigen Volkes und deren Interessen als Basis der nationalen Politik ansieht und die diejenigen Teile der Bourgeoisie als B\u00fcndnispartner in diesem Zusammenhang bewertet, die (&#8230;) sich dem unterordnet\u201d<\/span><\/i><span style=\"font-weight: 400;\"> (3.2, <a href=\"http:\/\/news.dkp.suhail.uberspace.de\/wp-content\/uploads\/2018\/02\/22PT_Arbeitsheft_3-2_Versand.pdf\" target=\"_blank\" rel=\"noopener\">S. 47<\/a>), definiert die Kommission. <\/span><\/p>\n<p style=\"text-align: justify;\"><span style=\"font-weight: 400;\">Der reaktion\u00e4re Traum von einer gro\u00dfen Vereinigung der produktiven und schaffenden Deutschen, die sogar\u00a0<\/span><i><span style=\"font-weight: 400;\">\u201cTeile der Bourgeoisie\u201d <\/span><\/i><span style=\"font-weight: 400;\">umfasst, ist in diesen linksnationalen Kreisen weiterhin lebendig. In der <em>&#8222;Jungen Welt&#8220;<\/em> begeistert sich ihr Parteivorsitzender f\u00fcr ein B\u00fcndnis mit sogenannten<em> &#8222;Kleinkapitalisten&#8220;<\/em>. Es half auch nicht, dass die Kreismitgliederversammlung Regensburg vor linksnationalen Phrasen warnte. D<\/span><span style=\"font-weight: 400;\">ass die <\/span><i><span style=\"font-weight: 400;\">\u201cArgumentation mit der &#8217;nationalen Souver\u00e4nit\u00e4t&#8216; sehr genau \u00fcberlegt sein\u201d<\/span><\/i><span style=\"font-weight: 400;\"> sollte, <\/span><i><span style=\"font-weight: 400;\">\u201cgerade weil sie von Nazis benutzt wird\u201d<\/span><\/i><span style=\"font-weight: 400;\"> (3.3, <a href=\"http:\/\/news.dkp.suhail.uberspace.de\/wp-content\/uploads\/2018\/02\/22PT_Arbeitsheft_3-1_Versand-1.pdf\" target=\"_blank\" rel=\"noopener\">S. 1<\/a>), scheint die DKP-Mehrheit nicht zu st\u00f6ren. Schlie\u00dflich zeigen weitere Inhalte, wie deutsch und reaktion\u00e4r diese Parteistrukturen argumentieren. Dabei bedient sich diese DKP recht ungehemmt dem verschw\u00f6rungsideologischen Jargon der deutschen Rechten. In \u00c4nderungsantr\u00e4gen offenbart sich sogar Geschichtsrevisionismus, der von Ausschwitz schweigt, w\u00e4hrend er \u00fcber Mahnmale klagt.\u00a0\u00a0<\/span><\/p>\n<div id=\"attachment_2264\" style=\"width: 1219px\" class=\"wp-caption aligncenter\"><a href=\"http:\/\/ferne-welten.com\/wp-content\/uploads\/2018\/03\/DKP-22-Nationale-Belange.jpg\"><img loading=\"lazy\" decoding=\"async\" aria-describedby=\"caption-attachment-2264\" class=\"wp-image-2264 size-full\" src=\"http:\/\/ferne-welten.com\/wp-content\/uploads\/2018\/03\/DKP-22-Nationale-Belange.jpg\" alt=\"\" width=\"1209\" height=\"203\" srcset=\"https:\/\/ferne-welten.com\/wp-content\/uploads\/2018\/03\/DKP-22-Nationale-Belange.jpg 1209w, https:\/\/ferne-welten.com\/wp-content\/uploads\/2018\/03\/DKP-22-Nationale-Belange-300x50.jpg 300w, https:\/\/ferne-welten.com\/wp-content\/uploads\/2018\/03\/DKP-22-Nationale-Belange-768x129.jpg 768w, https:\/\/ferne-welten.com\/wp-content\/uploads\/2018\/03\/DKP-22-Nationale-Belange-1024x172.jpg 1024w, https:\/\/ferne-welten.com\/wp-content\/uploads\/2018\/03\/DKP-22-Nationale-Belange-940x158.jpg 940w, https:\/\/ferne-welten.com\/wp-content\/uploads\/2018\/03\/DKP-22-Nationale-Belange-1200x201.jpg 1200w\" sizes=\"auto, (max-width: 1209px) 100vw, 1209px\" \/><\/a><p id=\"caption-attachment-2264\" class=\"wp-caption-text\">&#8222;Eintreten f\u00fcr die nationalen Belange&#8220;: Ansichten der Antragskommission<\/p><\/div>\n<p><strong>Geschichtsrevisionismus von Links<\/strong><\/p>\n<p style=\"text-align: justify;\">Mit ihren Ausf\u00fchrungen zur Nation und ihrem antideutschen Feindbild f\u00e4llt die DKP-Mehrheit sogar hinter <span style=\"font-weight: 400;\">linke Idealisten wie Slavoj \u017di\u017eek zur\u00fcck, den sie ungewollt ad absurdum f\u00fchrt:\u00a0<\/span><i><span style=\"font-weight: 400;\">\u201cUnsere Aufgabe besteht nicht darin, eine Koalition zwischen der radikalen Linken und der faschistischen Rechten zu bilden, sondern darin, den Schlauch zu durchtrennen, \u00fcber den die neue Rechte die Arbeiterklasse mit Sauerstoff versorgt,\u201d <\/span><\/i><span style=\"font-weight: 400;\"><a href=\"https:\/\/www.nzz.ch\/feuilleton\/oeffnet-die-augen-genossen-ld.1353690\" target=\"_blank\" rel=\"noopener\">sagt<\/a> der Philosoph<\/span><i><span style=\"font-weight: 400;\">. <\/span><\/i><span style=\"font-weight: 400;\">Tats\u00e4chlich sind es linksdeutsche DKP-Koaliton\u00e4re aus dem Ruhrpott, die diesen Sauerstoff, die Phrasen und Codes der deutschen Rechten, in derartige Schl\u00e4uche bef\u00f6rdern<\/span><i><span style=\"font-weight: 400;\">. <\/span><\/i><span style=\"font-weight: 400;\">D<\/span><span style=\"font-weight: 400;\">ie\u00a0<\/span><span style=\"font-weight: 400;\">Parteistruktur aus Dortmund-Nord klingt sogar nach PEGIDA: In einem \u00c4nderungsantrag f\u00fchren diese Populisten gesellschaftliche Ver\u00e4nderungen der vergangenen Jahrzehnte auf <\/span><i><span style=\"font-weight: 400;\">\u201cstaatsmonopolistische Oligarchien\u201d <\/span><\/i><span style=\"font-weight: 400;\">zur\u00fcck, die in die Tradition des Nationalsozialismus gestellt werden. <\/span><\/p>\n<p style=\"text-align: justify;\"><span style=\"font-weight: 400;\">Relativierungen der deutschen Vergangenheit ziehen sich durch ihre Erkl\u00e4rungen zum DKP-Parteitag. Journalist_innen seien eine <em>&#8222;skrupel- wie bedinglos ergebene Sturmtruppe&#8220;<\/em>. Als Teil einer <em>&#8222;von wenigen Milliard\u00e4ren kontrollierten Meinungsindustrie&#8220;<\/em> w\u00fcrden sie <em>&#8222;eine Art freiwilliger Reichspressekammer&#8220;<\/em> bilden, lautet ihre geschichtsrevisionistische Theorie, die NS-Propaganda durch diesen unversch\u00e4mten Vergleich entlastet\u00a0<\/span><i><span style=\"font-weight: 400;\">(3.1, <a href=\"http:\/\/news.dkp.suhail.uberspace.de\/wp-content\/uploads\/2018\/02\/22PT_Arbeitsheft_3-1_Versand-1.pdf\" target=\"_blank\" rel=\"noopener\">S.54<\/a>). <\/span><\/i><span style=\"font-weight: 400;\">Weil der Charakter dieser\u00a0<\/span><i><span style=\"font-weight: 400;\">&#8222;L\u00fcgenpresse&#8220;, <\/span><\/i><span style=\"font-weight: 400;\">so die \u00dcbernahme der reaktion\u00e4ren Phrase,\u00a0<\/span><span style=\"font-weight: 400;\">zunehmend ins Bewusstsein der Massen wandert, seien<em>\u00a0<\/em>angeblich <em>&#8222;Alternativen (&#8230;) im Internet&#8220;<\/em> entstanden. Es bleibt offen, ob sich diese DKP-Struktur tats\u00e4chlich auf antisemitische <a href=\"http:\/\/ferne-welten.com\/?p=1494\" target=\"_blank\" rel=\"noopener\">Akteure wie Ken Jebsen<\/a> bezieht, der sich als Teil dieser alternativen Medienlandschaft begreift. Sicher scheint nur eines: Die &#8222;<\/span><i><span style=\"font-weight: 400;\">Herrschenden&#8220; <\/span><\/i><span style=\"font-weight: 400;\">versuchen,\u00a0<\/span><i><span style=\"font-weight: 400;\">&#8222;diesen Bereich der Meinungs\u00e4u\u00dferung unter ihre Kontrolle zu bringen\u201d\u00a0<\/span><span style=\"font-weight: 400;\">(3.2, <a href=\"http:\/\/news.dkp.suhail.uberspace.de\/wp-content\/uploads\/2018\/02\/22PT_Arbeitsheft_3-1_Versand-1.pdf\" target=\"_blank\" rel=\"noopener\">S. 53<\/a>).<\/span><\/i><\/p>\n<p style=\"text-align: justify;\">Jargon und Feinbilder kennen gesch\u00e4tzte Leser_innen, an die sich diese Flaschenpost richtet, vielleicht aus deutschen Verschw\u00f6rungspamphleten der vergangenen Jahre. Dieser reaktion\u00e4re Diskurs zieht sich durch \u00c4nderungsantr\u00e4ge der DKP-Strukturen. Manche Mitglieder klagen sogar \u00fcber angeblichen <em>&#8222;Konformit\u00e4tsdruck einer (&#8230;) Political Correctness&#8220;<\/em>. Urspr\u00fcnglich stammt diese <a href=\"http:\/\/www.zeit.de\/2017\/04\/politicial-correctness-populismus-afd-zensur\" target=\"_blank\" rel=\"noopener\">Phrase<\/a> aus den <a href=\"http:\/\/www.taz.de\/!5272050\/\" target=\"_blank\" rel=\"noopener\">Propagandaschmieden<\/a> der Rechten. Mittlerweile scheint sie nicht nur in deutschen Talkshows, sondern auch in linksdeutschen Parteien popul\u00e4r. Das zeigt zum Beispiel die DKP-Struktur, die Anf\u00fchrungszeichen nutzt, um die <em>&#8222;angebliche &#8218;Querfront&#8220;<\/em> zu entlasten. Wie die gef\u00fcrchtete <em>&#8222;Political Correctness&#8220;<\/em> sei diese Querfront nur eine Erfindung der <em>&#8222;Herrschenden&#8220;<\/em>. Ihren Persilschein erhalten somit Personen, die\u00a0antisemitische, verschw\u00f6rungsideologische und antikapitalistische Rackets vereinen m\u00f6chten. (<i><span style=\"font-weight: 400;\">3.2, <a href=\"http:\/\/news.dkp.suhail.uberspace.de\/wp-content\/uploads\/2018\/02\/22PT_Arbeitsheft_3-1_Versand-1.pdf\" target=\"_blank\" rel=\"noopener\">S. 53<\/a>).<\/span><\/i><\/p>\n<p><b>Anti-Imperialismus statt Analyse<\/b><\/p>\n<p style=\"text-align: justify;\"><span style=\"font-weight: 400;\">Um die<\/span><span style=\"font-weight: 400;\"><em> \u201cFiktion einer freien, offenen, demokratischen Gesellschaft aufrechtzuhalten\u201d<\/em>, <\/span><span style=\"font-weight: 400;\">sei <\/span><span style=\"font-weight: 400;\"><em>\u201cdas gigantische Holocaust-Mahnmal in Berlin errichtet\u201d<\/em> worden, behauptet diese DKP (3.2, <a href=\"http:\/\/news.dkp.suhail.uberspace.de\/wp-content\/uploads\/2018\/02\/22PT_Arbeitsheft_3-1_Versand-1.pdf\" target=\"_blank\" rel=\"noopener\">S. 54<\/a>), die\u00a0<\/span>keine weiteren Worte zum deutscchen Vernichtungsprojekt formuliert. Stattdessen finden sich Phrasen, die den verschw\u00f6rungsideologischen Phantasien von postnazionalsozialistischen Akteuren der verschw\u00f6rungsideologischen Rechten entstammen k\u00f6nnten: Ihre angebliche <em>&#8222;L\u00fcgenpresse&#8220;<\/em>, vor der auch PEGIDA, die\u00a0<a href=\"http:\/\/ferne-welten.com\/?p=616\" target=\"_blank\" rel=\"noopener\">AfD<\/a> und die Junge Freiheit warnen, ist Teil dieser verschw\u00f6rungsideologischen Vorstellungswelt. Falls die DKP-Kader dem Antrag zustimmen, machen sie sogar eine\u00a0<em>&#8222;Gender-<\/em>\u00a0<em>und\u00a0LGBT-Bewegung&#8220;<\/em> zum Bestandteil ihrer Konspirationsphantasien. Eine <em>&#8222;politische Vereinnahmung (&#8230;) in das imperialistische Projekt&#8220;<\/em>, lautet die klassische Anklage [3.2, <a href=\"http:\/\/news.dkp.suhail.uberspace.de\/wp-content\/uploads\/2018\/02\/22PT_Arbeitsheft_3-1_Versand-1.pdf\" target=\"_blank\" rel=\"noopener\">ebd<\/a>.]. Dass Feminismus der <em>&#8222;Bek\u00e4mpfung der (&#8230;) Klassenk\u00e4mpfe&#8220;<\/em> dienen soll, glaubten bereits die linksreaktion\u00e4ren K-Gruppen in den 1970er Jahren.<\/p>\n<div id=\"attachment_2262\" style=\"width: 1174px\" class=\"wp-caption aligncenter\"><a href=\"http:\/\/ferne-welten.com\/wp-content\/uploads\/2018\/03\/DKP-22-Holocaust-und-PC.jpg\"><img loading=\"lazy\" decoding=\"async\" aria-describedby=\"caption-attachment-2262\" class=\"wp-image-2262 size-full\" src=\"http:\/\/ferne-welten.com\/wp-content\/uploads\/2018\/03\/DKP-22-Holocaust-und-PC.jpg\" alt=\"\" width=\"1164\" height=\"169\" srcset=\"https:\/\/ferne-welten.com\/wp-content\/uploads\/2018\/03\/DKP-22-Holocaust-und-PC.jpg 1164w, https:\/\/ferne-welten.com\/wp-content\/uploads\/2018\/03\/DKP-22-Holocaust-und-PC-300x44.jpg 300w, https:\/\/ferne-welten.com\/wp-content\/uploads\/2018\/03\/DKP-22-Holocaust-und-PC-768x112.jpg 768w, https:\/\/ferne-welten.com\/wp-content\/uploads\/2018\/03\/DKP-22-Holocaust-und-PC-1024x149.jpg 1024w, https:\/\/ferne-welten.com\/wp-content\/uploads\/2018\/03\/DKP-22-Holocaust-und-PC-1160x169.jpg 1160w, https:\/\/ferne-welten.com\/wp-content\/uploads\/2018\/03\/DKP-22-Holocaust-und-PC-940x136.jpg 940w\" sizes=\"auto, (max-width: 1164px) 100vw, 1164px\" \/><\/a><p id=\"caption-attachment-2262\" class=\"wp-caption-text\">DKP-Dortmund: Reaktion\u00e4re Phrasen gegen das Holocaustmahnmal<\/p><\/div>\n<p style=\"text-align: justify;\">Die <em>&#8222;<\/em><span style=\"font-weight: 400;\"><em>Antragskommission&#8220;<\/em> der DKP-Mehrheit teilt derartige Vorstellungen. Sie gelten ihr als <em>&#8222;Beitrag f\u00fcr unsere antifaschistische Strategie&#8220;<\/em> sowie als Konkretisierung einer <em>&#8222;Gegenstrategie gegen rechtspopulistische Parteien&#8220;<\/em>.\u00a0<\/span><span style=\"font-weight: 400;\">Ihre Kader empfehlen die Zustimmung, weil dem \u00c4nderungsantrag die <em>&#8222;Bestimmung der Hauptgefahr\u201d<\/em> gelingt. Er f\u00fcrchtet eine schleichende <em>&#8222;<\/em><\/span><span style=\"font-weight: 400;\"><em>Faschisierung&#8220;<\/em>, vor dem sich bereits der deutsche Maoismus \u00e4ngstigte. Vor einem drohenden Kapital-Faschismus warnten linke Sekten, die sich einer Analyse der postnazistischen Verh\u00e4ltnisse verweigerten, schon in den 1970er Jahren. In dieser Tradition steht der Antrag mit dem falschen Vorwurf, der postnazistische Gesellschaft verharmlost. Doch es geht um viel mehr. Die &#8222;<em>Verteidigung alternativer Medien, einer Charakterisierung des &#8218;Querfront&#8216;-Vorwurfes gegen Linke und den Konformit\u00e4tsdruck&#8220;<\/em>,\u00a0<\/span><span style=\"font-weight: 400;\">erfreut die vorl\u00e4ufige Antragskommission ebenfalls (3.2, <a href=\"http:\/\/news.dkp.suhail.uberspace.de\/wp-content\/uploads\/2018\/02\/22PT_Arbeitsheft_3-1_Versand-1.pdf\" target=\"_blank\" rel=\"noopener\">S. 54<\/a>).<\/span><\/p>\n<div id=\"attachment_2263\" style=\"width: 1085px\" class=\"wp-caption aligncenter\"><a href=\"http:\/\/ferne-welten.com\/wp-content\/uploads\/2018\/03\/DKP-22-L\u00fcgenpresse.jpg\"><img loading=\"lazy\" decoding=\"async\" aria-describedby=\"caption-attachment-2263\" class=\"wp-image-2263 size-full\" src=\"http:\/\/ferne-welten.com\/wp-content\/uploads\/2018\/03\/DKP-22-L\u00fcgenpresse.jpg\" alt=\"\" width=\"1075\" height=\"149\" srcset=\"https:\/\/ferne-welten.com\/wp-content\/uploads\/2018\/03\/DKP-22-L\u00fcgenpresse.jpg 1075w, https:\/\/ferne-welten.com\/wp-content\/uploads\/2018\/03\/DKP-22-L\u00fcgenpresse-300x42.jpg 300w, https:\/\/ferne-welten.com\/wp-content\/uploads\/2018\/03\/DKP-22-L\u00fcgenpresse-768x106.jpg 768w, https:\/\/ferne-welten.com\/wp-content\/uploads\/2018\/03\/DKP-22-L\u00fcgenpresse-1024x142.jpg 1024w, https:\/\/ferne-welten.com\/wp-content\/uploads\/2018\/03\/DKP-22-L\u00fcgenpresse-940x130.jpg 940w\" sizes=\"auto, (max-width: 1075px) 100vw, 1075px\" \/><\/a><p id=\"caption-attachment-2263\" class=\"wp-caption-text\">Lob der Verschw\u00f6rungsmedien&#8230;<\/p><\/div>\n<div id=\"attachment_2259\" style=\"width: 1141px\" class=\"wp-caption aligncenter\"><a href=\"http:\/\/ferne-welten.com\/wp-content\/uploads\/2018\/03\/DKP-22-AlternativeMedien.jpg\"><img loading=\"lazy\" decoding=\"async\" aria-describedby=\"caption-attachment-2259\" class=\"wp-image-2259 size-full\" src=\"http:\/\/ferne-welten.com\/wp-content\/uploads\/2018\/03\/DKP-22-AlternativeMedien.jpg\" alt=\"\" width=\"1131\" height=\"172\" srcset=\"https:\/\/ferne-welten.com\/wp-content\/uploads\/2018\/03\/DKP-22-AlternativeMedien.jpg 1131w, https:\/\/ferne-welten.com\/wp-content\/uploads\/2018\/03\/DKP-22-AlternativeMedien-300x46.jpg 300w, https:\/\/ferne-welten.com\/wp-content\/uploads\/2018\/03\/DKP-22-AlternativeMedien-768x117.jpg 768w, https:\/\/ferne-welten.com\/wp-content\/uploads\/2018\/03\/DKP-22-AlternativeMedien-1024x156.jpg 1024w, https:\/\/ferne-welten.com\/wp-content\/uploads\/2018\/03\/DKP-22-AlternativeMedien-940x143.jpg 940w\" sizes=\"auto, (max-width: 1131px) 100vw, 1131px\" \/><\/a><p id=\"caption-attachment-2259\" class=\"wp-caption-text\">&#8230; und die Zustimmung der Antragskommission<\/p><\/div>\n<p><b>Versammlung der Reaktion<\/b><\/p>\n<p style=\"text-align: justify;\"><span style=\"font-weight: 400;\">Statt einmal Marx zu gebrauchen, \u00fcben sich DKP-Gliederungen vermehrt in der Verunglimpfung der kritischen Theorie, die Auschwitz als deutsche Raserei gegen die Moderne erkennt. Die Strukturen richten sich gegen eine materialistische Einordnung, die Israel als\u00a0notwendige <em>&#8222;Reaktion auf den Verrat an Aufkl\u00e4rung und Weltrevolution&#8220;<\/em> <a href=\"http:\/\/www.ca-ira.net\/isf\/beitraege\/isf-kommunismus.israel.php\" target=\"_blank\" rel=\"noopener\">verteidigen muss<\/a>. Ihr Vorstand m\u00f6chte zuk\u00fcnftig\u00a0<em>&#8222;<\/em><\/span><em>die Solidarit\u00e4t mit Pal\u00e4stina verst\u00e4rken&#8220;<\/em>. Derzeit weist ihre F\u00fchrung &#8222;<em>die Denunziation von Kritik an der aggressiven Apartheidpolitik der israelischen Regierung\u00a0als Antisemitismus entschieden zur\u00fcck&#8220;.<\/em>\u00a0Bezeichnende S\u00e4tze aus einem erg\u00e4nzenden Antrag des Parteivorstands, dessen verharmlosender Ton zur Entlastung der Konterrevolution gegen Israel beitr\u00e4gt. \u00c4hnliche Ausf\u00fchrungen kommen vom Parteivorsitzenden K\u00f6bele, der derzeit von <em>&#8222;rassistischen und imperialistischen Kr\u00e4fte des Zionismus&#8220;<\/em> schwadroniert. Dass eine\u00a0<em>&#8222;Kritik an Israel&#8220;<\/em> und die <em>&#8222;Ablehnung von Zionismus&#8220; i<\/em>n Deutschland<em> &#8222;als Antisemitismus&#8220;<\/em>\u00a0gilt (<a href=\"http:\/\/news.dkp.suhail.uberspace.de\/wp-content\/uploads\/2018\/02\/DKP-Info-2018_06_12.-PVT.pdf\" target=\"_blank\" rel=\"noopener\">PDF<\/a>), erg\u00e4nzt solche Traurigkeiten.<\/p>\n<p style=\"text-align: justify;\">Am ersten M\u00e4rzwochenende versammeln sich DKP-Kader in Frankfurt am Main, um den 22. Parteitag durchzuf\u00fchren. Die Abstimmungen d\u00fcrften sich nach den Vorgaben der Antragskommission gestalten. Sie vertritt die Vorstellungen der DKP-Mehrheit, sodass im Saal keine \u00dcberraschungen zu erwarten sind. Schon Tage sp\u00e4ter sind die <em>&#8222;antideutsche Bewegung&#8220;<\/em> und Israel offizielle Feinde dieser Gruppierung:<em> &#8222;Wir werden (&#8230;) die imperialistische Ideologie des Zionismus (&#8230;) in Israel bek\u00e4mpfen&#8220;<\/em>, verspricht Parteivorsitzende K\u00f6bele bereits vorab (<a href=\"http:\/\/news.dkp.suhail.uberspace.de\/wp-content\/uploads\/2018\/02\/DKP-Info-2018_06_12.-PVT.pdf\">PDF<\/a>).\u00a0Dass diese\u00a0Deutsche Partei\u00a0tats\u00e4chlich das Element einer ideologisierten Sph\u00e4re ist, die als Teil des falschen Ganzen zu denunzieren w\u00e4re, beweisen solche Einlassungen. Antr\u00e4ge zum Parteitag sprechen die gleiche Sprache. Um die Emanzipation des Menschen erneut denkbar zu machen, gilt es, solche linksreaktion\u00e4ren Verblendungszusammenh\u00e4nge zu attackieren. Uns bleibt nur diese &#8222;<em>unfreiwilige Praxis<\/em>&#8222;, die sich der<em>\u00a0<\/em>Denunziation des Falschen widmet.<\/p>\n<a class=\"synved-social-button synved-social-button-share synved-social-size-32 synved-social-resolution-single synved-social-provider-facebook nolightbox\" data-provider=\"facebook\" target=\"_blank\" rel=\"nofollow\" title=\"Auf Facebook teilen\" href=\"https:\/\/www.facebook.com\/sharer.php?u=https%3A%2F%2Fferne-welten.com%2Findex.php%3Frest_route%3D%252Fwp%252Fv2%252Fposts%252F2177&#038;t=Gegen%20Ego-Shooter%20und%20Israel%3A%20Positionen%20der%20DKP&#038;s=100&#038;p&#091;url&#093;=https%3A%2F%2Fferne-welten.com%2Findex.php%3Frest_route%3D%252Fwp%252Fv2%252Fposts%252F2177&#038;p&#091;images&#093;&#091;0&#093;=http%3A%2F%2Fferne-welten.com%2Fwp-content%2Fuploads%2F2018%2F03%2FDKP-22-Leitantragsantr%C3%A4ge.jpg&#038;p&#091;title&#093;=Gegen%20Ego-Shooter%20und%20Israel%3A%20Positionen%20der%20DKP\" style=\"font-size: 0px;width:32px;height:32px;margin:0;margin-bottom:5px;margin-right:5px\"><img loading=\"lazy\" decoding=\"async\" alt=\"Facebook\" title=\"Auf Facebook teilen\" class=\"synved-share-image synved-social-image synved-social-image-share\" width=\"32\" height=\"32\" style=\"display: inline;width:32px;height:32px;margin: 0;padding: 0;border: none;box-shadow: none\" src=\"https:\/\/ferne-welten.com\/wp-content\/plugins\/social-media-feather\/synved-social\/addons\/extra-icons\/image\/social\/circle\/64x64\/facebook.png\" \/><\/a><a class=\"synved-social-button synved-social-button-share synved-social-size-32 synved-social-resolution-single synved-social-provider-twitter nolightbox\" data-provider=\"twitter\" target=\"_blank\" rel=\"nofollow\" title=\"Auf Twitter teilen\" href=\"https:\/\/twitter.com\/intent\/tweet?url=https%3A%2F%2Fferne-welten.com%2Findex.php%3Frest_route%3D%252Fwp%252Fv2%252Fposts%252F2177&#038;text=Hey%20check%20this%20out\" style=\"font-size: 0px;width:32px;height:32px;margin:0;margin-bottom:5px;margin-right:5px\"><img loading=\"lazy\" decoding=\"async\" alt=\"twitter\" title=\"Auf Twitter teilen\" class=\"synved-share-image synved-social-image synved-social-image-share\" width=\"32\" height=\"32\" style=\"display: inline;width:32px;height:32px;margin: 0;padding: 0;border: none;box-shadow: none\" src=\"https:\/\/ferne-welten.com\/wp-content\/plugins\/social-media-feather\/synved-social\/addons\/extra-icons\/image\/social\/circle\/64x64\/twitter.png\" \/><\/a><a class=\"synved-social-button synved-social-button-share synved-social-size-32 synved-social-resolution-single synved-social-provider-reddit nolightbox\" data-provider=\"reddit\" target=\"_blank\" rel=\"nofollow\" title=\"Auf Reddit teilen\" href=\"https:\/\/www.reddit.com\/submit?url=https%3A%2F%2Fferne-welten.com%2Findex.php%3Frest_route%3D%252Fwp%252Fv2%252Fposts%252F2177&#038;title=Gegen%20Ego-Shooter%20und%20Israel%3A%20Positionen%20der%20DKP\" style=\"font-size: 0px;width:32px;height:32px;margin:0;margin-bottom:5px;margin-right:5px\"><img loading=\"lazy\" decoding=\"async\" alt=\"reddit\" title=\"Auf Reddit teilen\" class=\"synved-share-image synved-social-image synved-social-image-share\" width=\"32\" height=\"32\" style=\"display: inline;width:32px;height:32px;margin: 0;padding: 0;border: none;box-shadow: none\" src=\"https:\/\/ferne-welten.com\/wp-content\/plugins\/social-media-feather\/synved-social\/addons\/extra-icons\/image\/social\/circle\/64x64\/reddit.png\" \/><\/a><a class=\"synved-social-button synved-social-button-share synved-social-size-32 synved-social-resolution-single synved-social-provider-pinterest nolightbox\" data-provider=\"pinterest\" target=\"_blank\" rel=\"nofollow\" title=\"Auf Pinterest pinnen\" href=\"https:\/\/pinterest.com\/pin\/create\/button\/?url=https%3A%2F%2Fferne-welten.com%2Findex.php%3Frest_route%3D%252Fwp%252Fv2%252Fposts%252F2177&#038;media=http%3A%2F%2Fferne-welten.com%2Fwp-content%2Fuploads%2F2018%2F03%2FDKP-22-Leitantragsantr%C3%A4ge.jpg&#038;description=Gegen%20Ego-Shooter%20und%20Israel%3A%20Positionen%20der%20DKP\" style=\"font-size: 0px;width:32px;height:32px;margin:0;margin-bottom:5px;margin-right:5px\"><img loading=\"lazy\" decoding=\"async\" alt=\"pinterest\" title=\"Auf Pinterest pinnen\" class=\"synved-share-image synved-social-image synved-social-image-share\" width=\"32\" height=\"32\" style=\"display: inline;width:32px;height:32px;margin: 0;padding: 0;border: none;box-shadow: none\" src=\"https:\/\/ferne-welten.com\/wp-content\/plugins\/social-media-feather\/synved-social\/addons\/extra-icons\/image\/social\/circle\/64x64\/pinterest.png\" \/><\/a><a class=\"synved-social-button synved-social-button-share synved-social-size-32 synved-social-resolution-single synved-social-provider-linkedin nolightbox\" data-provider=\"linkedin\" target=\"_blank\" rel=\"nofollow\" title=\"Auf Linkedin teilen\" href=\"https:\/\/www.linkedin.com\/shareArticle?mini=true&#038;url=https%3A%2F%2Fferne-welten.com%2Findex.php%3Frest_route%3D%252Fwp%252Fv2%252Fposts%252F2177&#038;title=Gegen%20Ego-Shooter%20und%20Israel%3A%20Positionen%20der%20DKP\" style=\"font-size: 0px;width:32px;height:32px;margin:0;margin-bottom:5px;margin-right:5px\"><img loading=\"lazy\" decoding=\"async\" alt=\"linkedin\" title=\"Auf Linkedin teilen\" class=\"synved-share-image synved-social-image synved-social-image-share\" width=\"32\" height=\"32\" style=\"display: inline;width:32px;height:32px;margin: 0;padding: 0;border: none;box-shadow: none\" src=\"https:\/\/ferne-welten.com\/wp-content\/plugins\/social-media-feather\/synved-social\/addons\/extra-icons\/image\/social\/circle\/64x64\/linkedin.png\" \/><\/a><a class=\"synved-social-button synved-social-button-share synved-social-size-32 synved-social-resolution-single synved-social-provider-tumblr nolightbox\" data-provider=\"tumblr\" target=\"_blank\" rel=\"nofollow\" title=\"\u00dcber Tumblr teilen\" href=\"https:\/\/tumblr.com\/share?s=&#038;v=3&#038;t=Gegen%20Ego-Shooter%20und%20Israel%3A%20Positionen%20der%20DKP&#038;u=https%3A%2F%2Fferne-welten.com%2Findex.php%3Frest_route%3D%252Fwp%252Fv2%252Fposts%252F2177\" style=\"font-size: 0px;width:32px;height:32px;margin:0;margin-bottom:5px;margin-right:5px\"><img loading=\"lazy\" decoding=\"async\" alt=\"tumblr\" title=\"\u00dcber Tumblr teilen\" class=\"synved-share-image synved-social-image synved-social-image-share\" width=\"32\" height=\"32\" style=\"display: inline;width:32px;height:32px;margin: 0;padding: 0;border: none;box-shadow: none\" src=\"https:\/\/ferne-welten.com\/wp-content\/plugins\/social-media-feather\/synved-social\/addons\/extra-icons\/image\/social\/circle\/64x64\/tumblr.png\" \/><\/a><a class=\"synved-social-button synved-social-button-share synved-social-size-32 synved-social-resolution-single synved-social-provider-mail nolightbox\" data-provider=\"mail\" rel=\"nofollow\" title=\"Link per Mail weiterleiten\" href=\"mailto:?subject=Gegen%20Ego-Shooter%20und%20Israel%3A%20Positionen%20der%20DKP&#038;body=Hey%20check%20this%20out:%20https%3A%2F%2Fferne-welten.com%2Findex.php%3Frest_route%3D%252Fwp%252Fv2%252Fposts%252F2177\" style=\"font-size: 0px;width:32px;height:32px;margin:0;margin-bottom:5px\"><img loading=\"lazy\" decoding=\"async\" alt=\"mail\" title=\"Link per Mail weiterleiten\" class=\"synved-share-image synved-social-image synved-social-image-share\" width=\"32\" height=\"32\" style=\"display: inline;width:32px;height:32px;margin: 0;padding: 0;border: none;box-shadow: none\" src=\"https:\/\/ferne-welten.com\/wp-content\/plugins\/social-media-feather\/synved-social\/addons\/extra-icons\/image\/social\/circle\/64x64\/mail.png\" \/><\/a>","protected":false},"excerpt":{"rendered":"<p>Es steht schlecht um die &#8222;Deutsche Kommunistische Partei&#8220; (DKP), die weiterhin erbitterte Auseinandersetzungen ersch\u00fcttern.\u00a0&#8222;Unsere Partei ist in einer sehr komplizierten Situation&#8220;, warnt ihr Vorsitzender. Patrik K\u00f6bele steht f\u00fcr klassischen Stalinismus. Ihn umgeben j\u00fcngere Kader, die ebenfalls DDR-Nostalgie betreiben. Nach Sozialisierung&#8230;<br \/><a class=\"read-more-button\" href=\"https:\/\/ferne-welten.com\/?p=2177\">Read more<\/a><\/p>\n","protected":false},"author":1,"featured_media":0,"comment_status":"open","ping_status":"open","sticky":false,"template":"","format":"standard","meta":{"footnotes":""},"categories":[359,79],"tags":[848,303,856,585,695,47,107,846,292,849,851,853,859,854,850,200,855,295,870,852,857,725,860,301,165,858],"class_list":["post-2177","post","type-post","status-publish","format-standard","hentry","category-eiskaltland","category-mythen","tag-22-parteitag","tag-anti-amerikanismus","tag-anti-feminismus","tag-anti-imperialismus","tag-antideutsch","tag-antikommunismus","tag-antisemitismus","tag-bettina-juergensen","tag-dkp","tag-dkp-dortmund","tag-dkp-hamburg","tag-dkp-hamm-hellweg","tag-dkp-karlsruhe","tag-dkp-nordbayern","tag-dkp-stuttgart","tag-frankfurt","tag-k-gruppen","tag-kpd","tag-linksnationalismus","tag-nordkorea","tag-patrik-koebele","tag-pegida","tag-slavoj-zizek","tag-superman","tag-verschwoerungsideologie","tag-wolfgang-pohrt"],"_links":{"self":[{"href":"https:\/\/ferne-welten.com\/index.php?rest_route=\/wp\/v2\/posts\/2177","targetHints":{"allow":["GET"]}}],"collection":[{"href":"https:\/\/ferne-welten.com\/index.php?rest_route=\/wp\/v2\/posts"}],"about":[{"href":"https:\/\/ferne-welten.com\/index.php?rest_route=\/wp\/v2\/types\/post"}],"author":[{"embeddable":true,"href":"https:\/\/ferne-welten.com\/index.php?rest_route=\/wp\/v2\/users\/1"}],"replies":[{"embeddable":true,"href":"https:\/\/ferne-welten.com\/index.php?rest_route=%2Fwp%2Fv2%2Fcomments&post=2177"}],"version-history":[{"count":66,"href":"https:\/\/ferne-welten.com\/index.php?rest_route=\/wp\/v2\/posts\/2177\/revisions"}],"predecessor-version":[{"id":2338,"href":"https:\/\/ferne-welten.com\/index.php?rest_route=\/wp\/v2\/posts\/2177\/revisions\/2338"}],"wp:attachment":[{"href":"https:\/\/ferne-welten.com\/index.php?rest_route=%2Fwp%2Fv2%2Fmedia&parent=2177"}],"wp:term":[{"taxonomy":"category","embeddable":true,"href":"https:\/\/ferne-welten.com\/index.php?rest_route=%2Fwp%2Fv2%2Fcategories&post=2177"},{"taxonomy":"post_tag","embeddable":true,"href":"https:\/\/ferne-welten.com\/index.php?rest_route=%2Fwp%2Fv2%2Ftags&post=2177"}],"curies":[{"name":"wp","href":"https:\/\/api.w.org\/{rel}","templated":true}]}}