{"id":2225,"date":"2018-02-22T09:24:21","date_gmt":"2018-02-22T08:24:21","guid":{"rendered":"http:\/\/ferne-welten.com\/?p=2225"},"modified":"2018-02-22T09:24:59","modified_gmt":"2018-02-22T08:24:59","slug":"kleinstadthoelle-v","status":"publish","type":"post","link":"https:\/\/ferne-welten.com\/?p=2225","title":{"rendered":"Ottos gegen Churchill"},"content":{"rendered":"<p style=\"text-align: justify;\">Seit dem 18. Januar 2018 l\u00e4uft das Biopic <em>&#8222;Die dunkelste Stunde&#8220;<\/em>, das ein Meisterwerk der antifaschistischen Redekunst beleuchtet, in den hiesigen Kinos. H\u00f6hepunkt ist die Ansprache eines konservativen Politikers, der gegen den Nationalsozialismus mobilisierte:\u00a0<em>&#8222;We shall never surrender&#8220;<\/em>, hei\u00dft es zum Abschluss der ber\u00fchmten <a href=\"https:\/\/de.wikipedia.org\/wiki\/We_Shall_Fight_on_the_Beaches\" target=\"_blank\" rel=\"noopener\">Rede<\/a>, die Winston Churchill am 04. Juni 1940 vor dem britischen Unterhaus <a href=\"https:\/\/www.youtube.com\/watch?v=s_LncVnecLA\">hielt<\/a>. F\u00fcr die Darstellung dieses Antifaschisten <a href=\"http:\/\/www.tagesschau.de\/ausland\/golden-globes-163.html\" target=\"_blank\" rel=\"noopener\">erhielt<\/a> Gary Oldman in Hollywood den Golden Globe. In der norddeutschen Kleinstadth\u00f6lle zerst\u00f6ren Ottos derweil gro\u00dffl\u00e4chige Werbung f\u00fcr das <a href=\"https:\/\/www.youtube.com\/watch?v=eFFj2gS9UWs\" target=\"_blank\" rel=\"noopener\">Drama<\/a>, w\u00e4hrend lokaler TV-Journalismus die antifaschistische Mobilisierung als <em>&#8222;einzige Nuschelei&#8220;<\/em> <a href=\"https:\/\/www.ndr.de\/kultur\/film\/Biografie-Die-dunkelste-Stunde,dunkelstestunde128.html\" target=\"_blank\" rel=\"noopener\">verunglimpft<\/a>.<\/p>\n<p><a href=\"http:\/\/ferne-welten.com\/wp-content\/uploads\/2018\/02\/Kleinstadth\u00f6lle-V.jpg\"><img loading=\"lazy\" decoding=\"async\" class=\"aligncenter size-full wp-image-2231\" src=\"http:\/\/ferne-welten.com\/wp-content\/uploads\/2018\/02\/Kleinstadth\u00f6lle-V.jpg\" alt=\"\" width=\"1200\" height=\"599\" srcset=\"https:\/\/ferne-welten.com\/wp-content\/uploads\/2018\/02\/Kleinstadth\u00f6lle-V.jpg 1200w, https:\/\/ferne-welten.com\/wp-content\/uploads\/2018\/02\/Kleinstadth\u00f6lle-V-300x150.jpg 300w, https:\/\/ferne-welten.com\/wp-content\/uploads\/2018\/02\/Kleinstadth\u00f6lle-V-768x383.jpg 768w, https:\/\/ferne-welten.com\/wp-content\/uploads\/2018\/02\/Kleinstadth\u00f6lle-V-1024x511.jpg 1024w, https:\/\/ferne-welten.com\/wp-content\/uploads\/2018\/02\/Kleinstadth\u00f6lle-V-940x469.jpg 940w, https:\/\/ferne-welten.com\/wp-content\/uploads\/2018\/02\/Kleinstadth\u00f6lle-V-801x400.jpg 801w\" sizes=\"auto, (max-width: 1200px) 100vw, 1200px\" \/><\/a><\/p>\n<p style=\"text-align: justify;\">Ein ehemaliges Kasernengeb\u00e4ude befindet sich im Hintergrund dieser fotografischen Dokumentation. Im Hinterhof trieben NS-Aktivisten im November 1938 m\u00e4nnliche Juden aus der Region zusammen. <em>&#8222;Nachdem die Juden (&#8230;) eingetroffen waren, mu\u00dften alle zusammen von der Polizeikaserne quer\u00a0durch die Stadt zum Landgerichtsgef\u00e4ngnis gehen&#8220;<\/em>, wobei sie den Spott, den Hass und die Verachtung der begeisterten Einheimischen erlebten. Die Betroffenen des hiesigen Antisemitismus wurden<em> &#8222;in das\u00a0Konzentrationslager Sachsenhausen transportiert&#8220; [<a href=\"http:\/\/www.erinnerungsgang.de\/wordpress\/wp-content\/uploads\/2015\/09\/1988_seite_2_u_3.pdf\" target=\"_blank\" rel=\"noopener\">PDF<\/a>]<\/em>. Als Oldenburg am 03. Mai 1945 durch kanadische Einheiten eingenommen wurde, existierte die hiesige j\u00fcdische Gemeinde nicht mehr. Viele Mitglieder wurden ermordet, bevor die Alliierten das Menschheitsverbrechen beenden konnten.<\/p>\n<a class=\"synved-social-button synved-social-button-share synved-social-size-32 synved-social-resolution-single synved-social-provider-facebook nolightbox\" data-provider=\"facebook\" target=\"_blank\" rel=\"nofollow\" title=\"Auf Facebook teilen\" href=\"https:\/\/www.facebook.com\/sharer.php?u=https%3A%2F%2Fferne-welten.com%2Findex.php%3Frest_route%3D%252Fwp%252Fv2%252Fposts%252F2225&#038;t=Ottos%20gegen%20Churchill&#038;s=100&#038;p&#091;url&#093;=https%3A%2F%2Fferne-welten.com%2Findex.php%3Frest_route%3D%252Fwp%252Fv2%252Fposts%252F2225&#038;p&#091;images&#093;&#091;0&#093;=http%3A%2F%2Fferne-welten.com%2Fwp-content%2Fuploads%2F2018%2F02%2FKleinstadth%C3%B6lle-V.jpg&#038;p&#091;title&#093;=Ottos%20gegen%20Churchill\" style=\"font-size: 0px;width:32px;height:32px;margin:0;margin-bottom:5px;margin-right:5px\"><img loading=\"lazy\" decoding=\"async\" alt=\"Facebook\" title=\"Auf Facebook teilen\" class=\"synved-share-image synved-social-image synved-social-image-share\" width=\"32\" height=\"32\" style=\"display: inline;width:32px;height:32px;margin: 0;padding: 0;border: none;box-shadow: none\" src=\"https:\/\/ferne-welten.com\/wp-content\/plugins\/social-media-feather\/synved-social\/addons\/extra-icons\/image\/social\/circle\/64x64\/facebook.png\" \/><\/a><a class=\"synved-social-button synved-social-button-share synved-social-size-32 synved-social-resolution-single synved-social-provider-twitter nolightbox\" data-provider=\"twitter\" target=\"_blank\" rel=\"nofollow\" title=\"Auf Twitter teilen\" href=\"https:\/\/twitter.com\/intent\/tweet?url=https%3A%2F%2Fferne-welten.com%2Findex.php%3Frest_route%3D%252Fwp%252Fv2%252Fposts%252F2225&#038;text=Hey%20check%20this%20out\" style=\"font-size: 0px;width:32px;height:32px;margin:0;margin-bottom:5px;margin-right:5px\"><img loading=\"lazy\" decoding=\"async\" alt=\"twitter\" title=\"Auf Twitter teilen\" class=\"synved-share-image synved-social-image synved-social-image-share\" width=\"32\" height=\"32\" style=\"display: inline;width:32px;height:32px;margin: 0;padding: 0;border: none;box-shadow: none\" src=\"https:\/\/ferne-welten.com\/wp-content\/plugins\/social-media-feather\/synved-social\/addons\/extra-icons\/image\/social\/circle\/64x64\/twitter.png\" \/><\/a><a class=\"synved-social-button synved-social-button-share synved-social-size-32 synved-social-resolution-single synved-social-provider-reddit nolightbox\" data-provider=\"reddit\" target=\"_blank\" rel=\"nofollow\" title=\"Auf Reddit teilen\" href=\"https:\/\/www.reddit.com\/submit?url=https%3A%2F%2Fferne-welten.com%2Findex.php%3Frest_route%3D%252Fwp%252Fv2%252Fposts%252F2225&#038;title=Ottos%20gegen%20Churchill\" style=\"font-size: 0px;width:32px;height:32px;margin:0;margin-bottom:5px;margin-right:5px\"><img loading=\"lazy\" decoding=\"async\" alt=\"reddit\" title=\"Auf Reddit teilen\" class=\"synved-share-image synved-social-image synved-social-image-share\" width=\"32\" height=\"32\" style=\"display: inline;width:32px;height:32px;margin: 0;padding: 0;border: none;box-shadow: none\" src=\"https:\/\/ferne-welten.com\/wp-content\/plugins\/social-media-feather\/synved-social\/addons\/extra-icons\/image\/social\/circle\/64x64\/reddit.png\" \/><\/a><a class=\"synved-social-button synved-social-button-share synved-social-size-32 synved-social-resolution-single synved-social-provider-pinterest nolightbox\" data-provider=\"pinterest\" target=\"_blank\" rel=\"nofollow\" title=\"Auf Pinterest pinnen\" href=\"https:\/\/pinterest.com\/pin\/create\/button\/?url=https%3A%2F%2Fferne-welten.com%2Findex.php%3Frest_route%3D%252Fwp%252Fv2%252Fposts%252F2225&#038;media=http%3A%2F%2Fferne-welten.com%2Fwp-content%2Fuploads%2F2018%2F02%2FKleinstadth%C3%B6lle-V.jpg&#038;description=Ottos%20gegen%20Churchill\" style=\"font-size: 0px;width:32px;height:32px;margin:0;margin-bottom:5px;margin-right:5px\"><img loading=\"lazy\" decoding=\"async\" alt=\"pinterest\" title=\"Auf Pinterest pinnen\" class=\"synved-share-image synved-social-image synved-social-image-share\" width=\"32\" height=\"32\" style=\"display: inline;width:32px;height:32px;margin: 0;padding: 0;border: none;box-shadow: none\" src=\"https:\/\/ferne-welten.com\/wp-content\/plugins\/social-media-feather\/synved-social\/addons\/extra-icons\/image\/social\/circle\/64x64\/pinterest.png\" \/><\/a><a class=\"synved-social-button synved-social-button-share synved-social-size-32 synved-social-resolution-single synved-social-provider-linkedin nolightbox\" data-provider=\"linkedin\" target=\"_blank\" rel=\"nofollow\" title=\"Auf Linkedin teilen\" href=\"https:\/\/www.linkedin.com\/shareArticle?mini=true&#038;url=https%3A%2F%2Fferne-welten.com%2Findex.php%3Frest_route%3D%252Fwp%252Fv2%252Fposts%252F2225&#038;title=Ottos%20gegen%20Churchill\" style=\"font-size: 0px;width:32px;height:32px;margin:0;margin-bottom:5px;margin-right:5px\"><img loading=\"lazy\" decoding=\"async\" alt=\"linkedin\" title=\"Auf Linkedin teilen\" class=\"synved-share-image synved-social-image synved-social-image-share\" width=\"32\" height=\"32\" style=\"display: inline;width:32px;height:32px;margin: 0;padding: 0;border: none;box-shadow: none\" src=\"https:\/\/ferne-welten.com\/wp-content\/plugins\/social-media-feather\/synved-social\/addons\/extra-icons\/image\/social\/circle\/64x64\/linkedin.png\" \/><\/a><a class=\"synved-social-button synved-social-button-share synved-social-size-32 synved-social-resolution-single synved-social-provider-tumblr nolightbox\" data-provider=\"tumblr\" target=\"_blank\" rel=\"nofollow\" title=\"\u00dcber Tumblr teilen\" href=\"https:\/\/tumblr.com\/share?s=&#038;v=3&#038;t=Ottos%20gegen%20Churchill&#038;u=https%3A%2F%2Fferne-welten.com%2Findex.php%3Frest_route%3D%252Fwp%252Fv2%252Fposts%252F2225\" style=\"font-size: 0px;width:32px;height:32px;margin:0;margin-bottom:5px;margin-right:5px\"><img loading=\"lazy\" decoding=\"async\" alt=\"tumblr\" title=\"\u00dcber Tumblr teilen\" class=\"synved-share-image synved-social-image synved-social-image-share\" width=\"32\" height=\"32\" style=\"display: inline;width:32px;height:32px;margin: 0;padding: 0;border: none;box-shadow: none\" src=\"https:\/\/ferne-welten.com\/wp-content\/plugins\/social-media-feather\/synved-social\/addons\/extra-icons\/image\/social\/circle\/64x64\/tumblr.png\" \/><\/a><a class=\"synved-social-button synved-social-button-share synved-social-size-32 synved-social-resolution-single synved-social-provider-mail nolightbox\" data-provider=\"mail\" rel=\"nofollow\" title=\"Link per Mail weiterleiten\" href=\"mailto:?subject=Ottos%20gegen%20Churchill&#038;body=Hey%20check%20this%20out:%20https%3A%2F%2Fferne-welten.com%2Findex.php%3Frest_route%3D%252Fwp%252Fv2%252Fposts%252F2225\" style=\"font-size: 0px;width:32px;height:32px;margin:0;margin-bottom:5px\"><img loading=\"lazy\" decoding=\"async\" alt=\"mail\" title=\"Link per Mail weiterleiten\" class=\"synved-share-image synved-social-image synved-social-image-share\" width=\"32\" height=\"32\" style=\"display: inline;width:32px;height:32px;margin: 0;padding: 0;border: none;box-shadow: none\" src=\"https:\/\/ferne-welten.com\/wp-content\/plugins\/social-media-feather\/synved-social\/addons\/extra-icons\/image\/social\/circle\/64x64\/mail.png\" \/><\/a>","protected":false},"excerpt":{"rendered":"<p>Seit dem 18. Januar 2018 l\u00e4uft das Biopic &#8222;Die dunkelste Stunde&#8220;, das ein Meisterwerk der antifaschistischen Redekunst beleuchtet, in den hiesigen Kinos. H\u00f6hepunkt ist die Ansprache eines konservativen Politikers, der gegen den Nationalsozialismus mobilisierte:\u00a0&#8222;We shall never surrender&#8220;, hei\u00dft es zum&#8230;<br \/><a class=\"read-more-button\" href=\"https:\/\/ferne-welten.com\/?p=2225\">Read more<\/a><\/p>\n","protected":false},"author":1,"featured_media":0,"comment_status":"open","ping_status":"open","sticky":false,"template":"","format":"standard","meta":{"footnotes":""},"categories":[88,66],"tags":[107,861,862,868,864,866,71,867,93,865],"class_list":["post-2225","post","type-post","status-publish","format-standard","hentry","category-dorfkritik","category-sehbares","tag-antisemitismus","tag-churchill","tag-die-dunkelste-stunde","tag-gary-oldman","tag-golden-globe","tag-juedische-gemeinde","tag-nationalsozialismus","tag-ndr","tag-oldenburg","tag-sachsenhausen"],"_links":{"self":[{"href":"https:\/\/ferne-welten.com\/index.php?rest_route=\/wp\/v2\/posts\/2225","targetHints":{"allow":["GET"]}}],"collection":[{"href":"https:\/\/ferne-welten.com\/index.php?rest_route=\/wp\/v2\/posts"}],"about":[{"href":"https:\/\/ferne-welten.com\/index.php?rest_route=\/wp\/v2\/types\/post"}],"author":[{"embeddable":true,"href":"https:\/\/ferne-welten.com\/index.php?rest_route=\/wp\/v2\/users\/1"}],"replies":[{"embeddable":true,"href":"https:\/\/ferne-welten.com\/index.php?rest_route=%2Fwp%2Fv2%2Fcomments&post=2225"}],"version-history":[{"count":9,"href":"https:\/\/ferne-welten.com\/index.php?rest_route=\/wp\/v2\/posts\/2225\/revisions"}],"predecessor-version":[{"id":2237,"href":"https:\/\/ferne-welten.com\/index.php?rest_route=\/wp\/v2\/posts\/2225\/revisions\/2237"}],"wp:attachment":[{"href":"https:\/\/ferne-welten.com\/index.php?rest_route=%2Fwp%2Fv2%2Fmedia&parent=2225"}],"wp:term":[{"taxonomy":"category","embeddable":true,"href":"https:\/\/ferne-welten.com\/index.php?rest_route=%2Fwp%2Fv2%2Fcategories&post=2225"},{"taxonomy":"post_tag","embeddable":true,"href":"https:\/\/ferne-welten.com\/index.php?rest_route=%2Fwp%2Fv2%2Ftags&post=2225"}],"curies":[{"name":"wp","href":"https:\/\/api.w.org\/{rel}","templated":true}]}}