{"id":2239,"date":"2018-03-22T14:54:30","date_gmt":"2018-03-22T13:54:30","guid":{"rendered":"http:\/\/ferne-welten.com\/?p=2239"},"modified":"2018-03-22T17:32:52","modified_gmt":"2018-03-22T16:32:52","slug":"hanseatische-hasstiraden-ausfuehrungen-eines-akademikers","status":"publish","type":"post","link":"https:\/\/ferne-welten.com\/?p=2239","title":{"rendered":"Ausf\u00fchrungen eines Akademikers"},"content":{"rendered":"<p style=\"text-align: justify;\">Eine profane Ank\u00fcndigung, die US-Botschaft zum 1. Mai nach Jerusalem zu verlegen, emp\u00f6rte die hiesige Gesellschaft, deren Antisemitismus sich immer wieder im ritualisierten Aufschrei gegen Israel erbricht. Daher wollte\u00a0die Merkel-Administration<em> &#8222;die Haltung&#8220;<\/em> der US-Regierung nicht unterst\u00fctzen, w\u00e4hrend Gabriel vor einem\u00a0<em>&#8222;\u00d6l&#8220;<\/em> warnte, das nun in ein <em>&#8222;Feuer&#8220;<\/em> gelangen k\u00f6nnte. Die <em>&#8222;Antikapitalistische Linke&#8220;<\/em>, ein Arbeitskreis innerhalb der Linkspartei, verstieg sich gar in die Behauptung, dass die Entscheidung f\u00fcr die israelische Hauptstadt eine <em>&#8222;Dem\u00fctigung der Pal\u00e4stinenser&#8220;<\/em> sei, was <em>&#8222;gewaltt\u00e4tige Kr\u00e4fte&#8220;<\/em> st\u00e4rken w\u00fcrde. Die Nazis vom <em>&#8222;III. Weg&#8220;<\/em> wandten sich ebenfalls gegen die Ank\u00fcndigung, wobei sie von <em>&#8222;der starken j\u00fcdischen Lobby in den\u00a0Vereinigten\u00a0Staaten&#8220;<\/em> schwadronierten. In Berlin brannte der Davidstern. In Bremen drohte ein Professor, indem er\u00a0<em>&#8222;Erwartungen&#8220;<\/em> an die J\u00fcdische Gemeinde der Stadt apo\u00ads\u00adt\u00adro\u00adphie\u00adrte.<\/p>\n<p><!--more--><\/p>\n<p style=\"text-align: justify;\">W\u00e4hrend sich das politische Deutschland gegen Israel vereinte, folgten Aufm\u00e4rsche von emp\u00f6rten Antisemit_innen. <em>&#8222;Ein Thema f\u00fcr die Stra\u00dfe&#8220;<\/em>, <a href=\"https:\/\/www.derstandard.de\/story\/2000069678322\/anerkennung-jerusalems-trumps-geschenk-an-israel-und-den-is\" target=\"_blank\" rel=\"noopener\">unkte<\/a> <em>&#8222;Der Standard&#8220;<\/em> vorab. So\u00a0<a href=\"https:\/\/www.welt.de\/politik\/deutschland\/article171430290\/Demonstranten-verbrennen-israelische-Flaggen-in-Berlin.html\" target=\"_blank\" rel=\"noopener\">brannte<\/a> der Davidsstern in verschiedenen St\u00e4dten der Bundesrepublik. Ein Polizeisprecher aus Berlin betonte, dass solch ein Verbrennen des Judensterns <a href=\"https:\/\/www.welt.de\/newsticker\/dpa_nt\/infoline_nt\/brennpunkte_nt\/article171506482\/Brennende-Israel-Fahnen-Zentralrat-will-schaerfere-Gesetze.html\" target=\"_blank\" rel=\"noopener\">nicht strafbar<\/a> sei. Die Ausbr\u00fcche und ihre Relativierungen kn\u00fcpfen an die allgemeinen Ablehnung des gemeinen Deutschen an. Schlie\u00dflich wenden sich, so verk\u00fcndet es die Tagespresse, rund 64 Prozent der B\u00fcrger_innen gegen die Trump-Ank\u00fcndigung. Es bleibt bei der regressiven <a href=\"https:\/\/www.welt.de\/politik\/deutschland\/article171542517\/Deutsche-lehnen-Anerkennung-von-Jerusalem-als-Israels-Hauptstadt-ab.html\" target=\"_blank\" rel=\"noopener\">Verweigerung<\/a>, sich in der <em>&#8222;Jerusalem-Frage&#8220;<\/em> auf die Seite der Emanzipation zu stellen, die in diesem Fall &#8211; wie es sich f\u00fcr eine sch\u00f6ne Farce geh\u00f6rt &#8211; auch durch die misogyne Charaktermaske Trump vertreten wird.<\/p>\n<p style=\"text-align: justify;\">Eruptive Ausbr\u00fcche des antisemitischen Mobs, der in diesen Tagen vielfach aufmarschierte, gab es in verschiedenen Formen. Am 13. Januar 2018 versammelten sich notorische Feind_innen des israelischen Staates in Bremen.\u00a0Anfang des Jahres brannte dort zwar keine Fahne, daf\u00fcr sprach ein geistiger Brandstifter. In der Hansestadt erklang eine renommierte Stimme der deutschen Soziologie, w\u00e4hrend Fahnen eines Fantasy-Staats wehten. Vor anwesenden Teilnehmer_innen, die sich ansonsten f\u00fcr das iranische Mullah-Regime begeistern, referierte ein hanseatischer Professor. Zum Abschluss seiner Ansprache, die viele Elemente des klassischen Antisemitismus reproduzierte, wandte sich\u00a0 Rudolph Bauer an hiesige J\u00fcdinnen und Juden. Indem der Akademiker als<em> &#8222;Erwartungen&#8220;<\/em> codierte Forderungen an die J\u00fcdische Gemeinde der Stadt adressierte, identifizierte der deutsche Professor vermeintliche Verantwortliche, von denen er ein anti-israelisches Verhalten einforderte.<\/p>\n<p style=\"text-align: justify;\">Eigentlich ist Bauer, der 1939 in Oberpfalz zur Welt kam, <a href=\"https:\/\/de.wikipedia.org\/wiki\/Rudolph_Bauer\" target=\"_blank\" rel=\"noopener\">ein deutscher Sozialwissenschaftler<\/a>. Von\u00a01972 bis 2002 wirkte er als Professor f\u00fcr Sozialp\u00e4dagogik an der Universit\u00e4t Bremen. Sein\u00a0dreib\u00e4ndiges &#8222;<i>Lexikon des Sozial- und Gesundheitswesen&#8220; <\/i>gilt auch heute als Standardwerk. Den Auftritt vor gr\u00f6\u00dftenteils m\u00e4nnlichen Teilnehmern, die lautstark gegen Israel w\u00fcteten, \u00fcbertrug der YouTube-Kanal\u00a0<em>&#8222;Weltnetz.TV&#8220;. <\/em>Der Kanal mit dem <a href=\"http:\/\/www.belltower.news\/artikel\/rechtsextreme-sprachcodes-1144\" target=\"_blank\" rel=\"noopener\">NS-Titel<\/a>, angeblich\u00a0<em>&#8222;Plattform f\u00fcr linken und unabh\u00e4ngigen Videojournalismus&#8220;<\/em>, dokumentiert den Aufmarsch recht wohlwollend.<em>\u00a0<\/em>S\u00f6nke Hundt, <a href=\"http:\/\/www.juedische-allgemeine.de\/article\/view\/id\/15752\" target=\"_blank\" rel=\"noopener\">Aktivist<\/a> der sogenannten Linkspartei, produzierte den Beitrag.\u00a0Im direkten <a href=\"https:\/\/weltnetz.tv\/video\/1383-wem-gehoert-jerusalem\" target=\"_blank\" rel=\"noopener\">Umfeld<\/a> zum <a href=\"https:\/\/www.youtube.com\/watch?v=s-sSfnwUtb4\" target=\"_blank\" rel=\"noopener\">Werbevideo<\/a>, das rund 22 Minuten lang ist, bewerben die Verantwortlichen \u00e4hnliche Inhalte, die verschw\u00f6rungsideologische Akteure wie der Montagsquerfrontler und YouTube-Aktivist Ken Jebsen generieren.<\/p>\n<div id=\"attachment_2326\" style=\"width: 860px\" class=\"wp-caption aligncenter\"><a href=\"http:\/\/ferne-welten.com\/wp-content\/uploads\/2018\/03\/HB-1301-Weltnetz-Faksimile-2.jpg\"><img loading=\"lazy\" decoding=\"async\" aria-describedby=\"caption-attachment-2326\" class=\"size-full wp-image-2326\" src=\"http:\/\/ferne-welten.com\/wp-content\/uploads\/2018\/03\/HB-1301-Weltnetz-Faksimile-2.jpg\" alt=\"\" width=\"850\" height=\"588\" srcset=\"https:\/\/ferne-welten.com\/wp-content\/uploads\/2018\/03\/HB-1301-Weltnetz-Faksimile-2.jpg 850w, https:\/\/ferne-welten.com\/wp-content\/uploads\/2018\/03\/HB-1301-Weltnetz-Faksimile-2-300x208.jpg 300w, https:\/\/ferne-welten.com\/wp-content\/uploads\/2018\/03\/HB-1301-Weltnetz-Faksimile-2-768x531.jpg 768w, https:\/\/ferne-welten.com\/wp-content\/uploads\/2018\/03\/HB-1301-Weltnetz-Faksimile-2-578x400.jpg 578w\" sizes=\"auto, (max-width: 850px) 100vw, 850px\" \/><\/a><p id=\"caption-attachment-2326\" class=\"wp-caption-text\">Bauer in Bremen (13.01.2018)<\/p><\/div>\n<p style=\"text-align: justify;\">Das Video zum Aufmarsch zeigt Bauer, den der <em>&#8222;Ausschuss der pal\u00e4stinensischen Gemeinde&#8220;<\/em> um Anmelder Mohammed Dabour einlud, bei seinem Auftritt. W\u00e4hrend seiner Rede verhaspelt sich der Sozialwissenschaftler gleich mehrfach, wobei er seine Unkenntnis \u00fcber historische Pers\u00f6nlichkeiten der deutschen Konterrevolution offenbarte.<em> &#8222;Wem geh\u00f6rt Jerusalem&#8220;<\/em>, lautete die rhetorische Frage, die Bauer und die anderen Redner beantworteten. Vor den Augen und Ohren anwesender Polizeibeamter erbrach sich ein antisemitisches Sermon. Der deutsche Professor richtete zun\u00e4chst Kampfgr\u00fc\u00dfe an die <em>&#8222;Br\u00fcder und Schwestern in Gaza&#8220;<\/em> und <em>&#8222;in den \u00a0besetzten Gebieten des Westjordanlandes&#8220;<\/em> [<a href=\"https:\/\/www.youtube.com\/redirect?v=s-sSfnwUtb4&amp;event=video_description&amp;q=http%3A%2F%2Fnahost-forum-bremen.de%2Fwp-content%2Fuploads%2F2018%2F01%2FRede-Rudolph-zu-Jerusalem-1.doc&amp;redir_token=GRPSNJW70E4Q9SGJS8XNtnlf4918MTUyMTgwODQ2MEAxNTIxNzIyMDYw\" target=\"_blank\" rel=\"noopener\">DOC<\/a>], bevor er zum Tagesgeschehen \u00fcberging, wobei er dem Judenstaat mehrfach das Existenzrecht absprach: <em>&#8222;Die Hauptstadt-Proklamation ist \u00e4hnlich unzeitgem\u00e4\u00df wie der Staat Israel selbst&#8220;<\/em>, w\u00fctete Bauer.<\/p>\n<p style=\"text-align: justify;\">Eigentlich ist Israel ein notwendiger <em>&#8222;Notwehrversuch gegen den Nazifaschismus&#8220; <\/em>[<a href=\"http:\/\/www.ca-ira.net\/isf\/beitraege\/pdf\/isf-kommunismus.israel.pdf\" target=\"_blank\" rel=\"noopener\">PDF<\/a>]; doch der deutsche Wissenschaftler sprach in Bremen vom <em>&#8222;Anarchronismus&#8220;, <\/em>wobei er sich klassischer\u00a0Motive des Anti-Amerikanismus bediente. Trumps Ank\u00fcndigung wertete Bauer als<em> &#8222;Zeichen&#8220;<\/em>, <em>&#8222;dass Israel (&#8230;) ein Marionettenstaat Washingtons&#8220;<\/em> sei. Den Judenstaat, notwendige Antwort auf den Aufkl\u00e4rungsverrat der Arbeiter_innenklasse, bezeichnete der auch zu historischen Themen forschende Professor als <em>&#8222;kolonialistische Zweigstelle der USA&#8220;<\/em>, der seit der Staatsgr\u00fcndung\u00a0<em>&#8222;ebenfalls wie ein Kolonialstaat&#8220;<\/em> auftreten w\u00fcrde. Es handele sich, so die deutliche D\u00e4monisierung, um ein <em>&#8222;autorit\u00e4res Regime der ethnischen S\u00e4uberung&#8220;<\/em>, das sich bereits seit 1948 gegen <em>&#8222;die Menschen der indigenen (&#8230;) Bev\u00f6lkerung&#8220;<\/em> richtet. Solche Geschichtsverdrehungen, die anti-amerikanische und antisemitische Stereotype vermengte, sorgte vielfach f\u00fcr Beifall der Teilnehmer_innen. Kader der Kampagne <em>&#8222;Israel ist Illegal&#8220;<\/em>\u00a0beteiligten sich an diesen Manifestationen.<\/p>\n<p style=\"text-align: justify;\"><em>&#8222;Dieser Akt ist als besonders perfide, t\u00fcckisch und hinterh\u00e4ltig zu verurteilen&#8220;<\/em>, w\u00fctete der Wissenschaftler, der einen perfiden Geheimplan des <em>&#8222;US-Kapitals&#8220;<\/em> erfand. Die israelische Hauptstadt solle <em>&#8222;Anlageobjekt f\u00fcr Banken, Versicherungen, Touristikunternehmen und Investoren aller Art werden&#8220;<\/em>. W\u00e4hrend er den kapitalistischen Akt der Akkumulation von Kapital zur j\u00fcdisch-amerikanischen Besonderheit machte, wandte der Sozialwissenschaftler weitere Doppelstandards an. Nebenbei verlegte Bauer den deutsch-franz\u00f6sischen Krieg um mehr als 20 Jahre. Solche Ungenauigkeiten erg\u00e4nzte Phrasen, die sich kaum von den Aussagen staatstragender Sozialdemokraten unterscheiden: <em>&#8222;Aus pazifistischer Sicht gie\u00dft die Jerusalem-Entscheidung des gegenw\u00e4rtigen US-Pr\u00e4sidenten \u00d6l ins Feuer der israelischen Aggressionspolitik&#8220;<\/em>, machte Bauer den zu Beginn erw\u00e4hnten Gabriel.<\/p>\n<div id=\"attachment_2325\" style=\"width: 860px\" class=\"wp-caption aligncenter\"><a href=\"http:\/\/ferne-welten.com\/wp-content\/uploads\/2018\/03\/HB-1301-Weltnetz-Faksimile-1.jpg\"><img loading=\"lazy\" decoding=\"async\" aria-describedby=\"caption-attachment-2325\" class=\"size-full wp-image-2325\" src=\"http:\/\/ferne-welten.com\/wp-content\/uploads\/2018\/03\/HB-1301-Weltnetz-Faksimile-1.jpg\" alt=\"\" width=\"850\" height=\"594\" srcset=\"https:\/\/ferne-welten.com\/wp-content\/uploads\/2018\/03\/HB-1301-Weltnetz-Faksimile-1.jpg 850w, https:\/\/ferne-welten.com\/wp-content\/uploads\/2018\/03\/HB-1301-Weltnetz-Faksimile-1-300x210.jpg 300w, https:\/\/ferne-welten.com\/wp-content\/uploads\/2018\/03\/HB-1301-Weltnetz-Faksimile-1-768x537.jpg 768w, https:\/\/ferne-welten.com\/wp-content\/uploads\/2018\/03\/HB-1301-Weltnetz-Faksimile-1-572x400.jpg 572w\" sizes=\"auto, (max-width: 850px) 100vw, 850px\" \/><\/a><p id=\"caption-attachment-2325\" class=\"wp-caption-text\">Bauer in Bremen (13.01.2018)<\/p><\/div>\n<p style=\"text-align: justify;\">Im Fortgang klang der Wissenschaftler fast wie ein vergessener Liberaler. Dass <em>&#8222;in\u00a0\u00a0Deutschland eine Kritik an Israel unerw\u00fcnscht ist&#8220;<\/em>, <a href=\"http:\/\/www.spiegel.de\/politik\/deutschland\/moellemann-affaere-die-zitate-die-die-republik-bewegen-a-199445.html\" target=\"_blank\" rel=\"noopener\">f\u00fcrchtete<\/a> schon FDP-Urgestein J\u00fcrgen M\u00f6llemann, der als deutschnationaler Israelfeind gleichfalls mit antisemitischen Erkl\u00e4rungsmustern arbeitete. Auch in anderer Hinsicht argumentierte Bauer, einstmals lokaler <a href=\"https:\/\/de.wikipedia.org\/wiki\/Rudolph_Bauer#Leben\" target=\"_blank\" rel=\"noopener\">Spitzenkandidat<\/a> der Kleinpartei <em>&#8222;Die Grauen&#8220;<\/em>, wie ein postnazistischer Politiker. Am Ende seiner Ausf\u00fchrungen verharmloste er sein Land und dessen Ideologie, indem er den zur anti-modernen Raserei gesteigerten Vernichtungsantisemitismus verkl\u00e4rte. Statt deutsche Barbarei zu benennen, sprach Bauer von\u00a0<em>&#8222;rassistischen Vorurteilen&#8220;<\/em> im <em>&#8222;Dritten Reich&#8220;<\/em>. Dass Antisemitismus keine Form des Rassismus ist, beweisen die exklusiv zur Vernichtung von J\u00fcdinnen und Juden betriebenen Fabriken. W\u00e4hrenddessen kooperierten die Nationalsozialisten mit japanischen Militaristen sowie arabischen Nationalisten.<\/p>\n<p style=\"text-align: justify;\">Zum Abschluss der Ansprache wandte sich Bauer, der ein historisches Paralleluniversum entwarf, an die J\u00fcdische Gemeinde der Stadt. Zuvor appellierte der Sozialwissenschaftler an seine eigene Regierung, von der er eine <em>&#8222;Beendigung der (&#8230;) &#8217;sicherheitspolitischen Zusammenarbeit Deutschlands mit Israel&#8220;<\/em> sowie <em>&#8222;die R\u00fccknahme des (&#8230;) erweiterten Antisemitismusbegriffs&#8220;<\/em> forderte, der nach Ansicht des deutschen Akademikers <em>&#8222;die Aus\u00fcbung der Meinungsfreiheit einschr\u00e4nkt&#8220;<\/em>. Nach \u00e4hnlichen Forderungen an die Hansestadt richtete sich Bauer abschlie\u00dfend an die J\u00fcdische Gemeinde.\u00a0Im Rahmen seines Forderungskatalogs rief der Wissenschaftler die nicht anwesenden J\u00fcdinnen und Juden dazu auf, mit <em>&#8222;der pal\u00e4stinensisch-islamischen Seite&#8220;<\/em> zusammenzukommen.<\/p>\n<p style=\"text-align: justify;\">Die <a href=\"http:\/\/www.gemeinden.judentum.de\/bremen\/\">J\u00fcdische Gemeinde aus Bremen<\/a> solle sich direkt bei der israelischen Regierung <em>&#8222;f\u00fcr den Stopp von (&#8230;) Siedlungsprojekten&#8220;<\/em> aussprechen und dabei\u00a0<em>&#8222;Verhandlungen \u00fcber die Zukunft der Kinder und Kindeskinder von pal\u00e4stinensischen Fl\u00fcchtlingen&#8220;<\/em> einfordern, lauteten die harsche <em>&#8222;Erwartungen&#8220;<\/em>. Kurz darauf endeten die Ausf\u00fchrungen des deutschen Professors, der kein Wort \u00fcber die Geschichte\u00a0der angesprochenen J\u00fcdischen Gemeinde verlor, die er f\u00fcr israelische Verteidigungspolitik und amerikanische Ank\u00fcndigungen in Haftung nahm. Dass der Gro\u00dfteil der J\u00fcdinnen und Juden, die zur damaligen J\u00fcdischen Gemeinde in Bremen geh\u00f6rten, w\u00e4hrend des Nationalismus in die Ghettos von Minsk und Riga deportiert oder direkt in Auschwitz und Theresienstadt <a href=\"http:\/\/www.gemeinden.judentum.de\/bremen\/\" target=\"_blank\" rel=\"noopener\">ermordet wurden<\/a>, war den Ausf\u00fchrungen des Professors nicht zu entnehmen.<\/p>\n<p style=\"text-align: justify;\">Das deutsche Denken dieses Akademikers veranschaulicht das Gedicht, mit dem er seine Rede beendete [<a href=\"https:\/\/www.youtube.com\/redirect?v=s-sSfnwUtb4&amp;event=video_description&amp;q=http%3A%2F%2Fnahost-forum-bremen.de%2Fwp-content%2Fuploads%2F2018%2F01%2FRede-Rudolph-zu-Jerusalem-1.doc&amp;redir_token=GRPSNJW70E4Q9SGJS8XNtnlf4918MTUyMTgwODQ2MEAxNTIxNzIyMDYw\">DOC<\/a>]. Bauer rezitierte<em> &#8222;die letzte Strophe eines Darwish-Gedichts&#8220;<\/em>, das die <em>&#8222;verzweifelte Lage der Menschen in ihrer pal\u00e4stinensischen Heimat zur Sprache&#8220;<\/em> bringen w\u00fcrde. Mit dunkler Stimme sprach der Professor, vom <em>&#8222;Hunger&#8220;<\/em>, mit dem er den Menschenmord legitimierte. Dann <em>&#8222;esse ich das Fleisch meines Unterdr\u00fcckers&#8220;<\/em>, drohte der Deutsche mit Kannibalismus.<em> &#8222;So h\u00fcte Dich (&#8230;) vor meinem (&#8230;) Zorn&#8220;<\/em>, warnte der Akademiker seinen israelischen Feind. Freude beim anwesenden Mob, der die Inhalte des Sozialwissenschaftlers mit Beifall quittierte.<i><\/i><\/p>\n<div id=\"attachment_2327\" style=\"width: 860px\" class=\"wp-caption aligncenter\"><a href=\"http:\/\/ferne-welten.com\/wp-content\/uploads\/2018\/03\/HB-1301-Weltnetz-Faksimile-3.jpg\"><img loading=\"lazy\" decoding=\"async\" aria-describedby=\"caption-attachment-2327\" class=\"size-full wp-image-2327\" src=\"http:\/\/ferne-welten.com\/wp-content\/uploads\/2018\/03\/HB-1301-Weltnetz-Faksimile-3.jpg\" alt=\"\" width=\"850\" height=\"585\" srcset=\"https:\/\/ferne-welten.com\/wp-content\/uploads\/2018\/03\/HB-1301-Weltnetz-Faksimile-3.jpg 850w, https:\/\/ferne-welten.com\/wp-content\/uploads\/2018\/03\/HB-1301-Weltnetz-Faksimile-3-300x206.jpg 300w, https:\/\/ferne-welten.com\/wp-content\/uploads\/2018\/03\/HB-1301-Weltnetz-Faksimile-3-768x529.jpg 768w, https:\/\/ferne-welten.com\/wp-content\/uploads\/2018\/03\/HB-1301-Weltnetz-Faksimile-3-581x400.jpg 581w\" sizes=\"auto, (max-width: 850px) 100vw, 850px\" \/><\/a><p id=\"caption-attachment-2327\" class=\"wp-caption-text\">Teilnehmende in Bremen (13.01.2018)<\/p><\/div>\n<p style=\"text-align: justify;\">Dass Bauer und Israel in einem kontr\u00e4ren Verh\u00e4ltnis stehen, wobei sich der deutsche Wissenschaftler der typischen Schuldumkehr bedient, beweist eine fr\u00fchere Schrift des Akademikers. In der Tageszeitung\u00a0<em>&#8222;Junge Welt&#8220;<\/em> ver\u00f6ffentliche der Wissenschaftler eine Rezension, das sich mit einem anti-israelischen Pamphlet des hanseatischen Linksaktivsten Arn Strohmeyer befasste. In diesem Text machte Bauer den Judenstaat, eine notwendige Reaktion auf Aufkl\u00e4rungsverrat und Antisemitismus, f\u00fcr <em>&#8222;Einsperrung, Vertreibung und T\u00f6tungen aller Art&#8220;<\/em> verantwortlich. Manchen <em>&#8222;Zionisten&#8220;<\/em>, so die zeitlose Chiffre, schrieb der Deutsche sogar\u00a0<em>&#8222;Herrenmenschenz\u00fcge&#8220;<\/em> zu. Samuel Salzborn warf ihm im Anschluss\u00a0vor, sich\u00a0<em>&#8222;antisemitischer Ressentiments&#8220;<\/em>\u00a0zu bedienen [Siehe: <a href=\"http:\/\/www.editioncritic.de\/allgemein\/neuerscheinung-am-07-08-2013-anton-maegerle-vom-obersalzberg-bis-zum-nsu\/\" target=\"_blank\" rel=\"noopener\">Maegerle, S. 356 ff.<\/a>].<\/p>\n<p style=\"text-align: justify;\">Mit seiner letzten Rede, die die Lokalpresse in der Hansestadt nicht thematisierte offenbarte Bauer, wie sich seine Vorstellungen radikalisierten. Kein Wunder, dass seine Brandrede mit Forderungen an die J\u00fcdische Gemeinde endet. Sein denkw\u00fcrdiger Auftritt wurde bislang weder von antifaschistischen Strukturen noch von lokalen Medien thematisiert. Schweigen in der Hansestadt, in der islamfaschistische Rackets mit deutschen Akademikern gegen Israel w\u00fcten. Wiederholungen sind m\u00f6glich, sodass entschiedener Widerspruch n\u00f6tig bleibt. Die <a href=\"http:\/\/www.rudolph-bauer.de\/category\/termine\/\" target=\"_blank\" rel=\"noopener\">rege T\u00e4tigkeit<\/a> der sozialwissenschaftlichen Koryph\u00e4e bietet viele Gelegenheiten, um gegen diesen Apologeten des aktuellen Antisemitismus zu intervenieren.<\/p>\n<p style=\"text-align: justify;\">\u00a0<sup id=\"cite_ref-12\" class=\"reference\"><\/sup><\/p>\n<a class=\"synved-social-button synved-social-button-share synved-social-size-32 synved-social-resolution-single synved-social-provider-facebook nolightbox\" data-provider=\"facebook\" target=\"_blank\" rel=\"nofollow\" title=\"Auf Facebook teilen\" href=\"https:\/\/www.facebook.com\/sharer.php?u=https%3A%2F%2Fferne-welten.com%2Findex.php%3Frest_route%3D%252Fwp%252Fv2%252Fposts%252F2239&#038;t=Ausf%C3%BChrungen%20eines%20Akademikers&#038;s=100&#038;p&#091;url&#093;=https%3A%2F%2Fferne-welten.com%2Findex.php%3Frest_route%3D%252Fwp%252Fv2%252Fposts%252F2239&#038;p&#091;images&#093;&#091;0&#093;=http%3A%2F%2Fferne-welten.com%2Fwp-content%2Fuploads%2F2018%2F03%2FHB-1301-Weltnetz-Faksimile-2.jpg&#038;p&#091;title&#093;=Ausf%C3%BChrungen%20eines%20Akademikers\" style=\"font-size: 0px;width:32px;height:32px;margin:0;margin-bottom:5px;margin-right:5px\"><img loading=\"lazy\" decoding=\"async\" alt=\"Facebook\" title=\"Auf Facebook teilen\" class=\"synved-share-image synved-social-image synved-social-image-share\" width=\"32\" height=\"32\" style=\"display: inline;width:32px;height:32px;margin: 0;padding: 0;border: none;box-shadow: none\" src=\"https:\/\/ferne-welten.com\/wp-content\/plugins\/social-media-feather\/synved-social\/addons\/extra-icons\/image\/social\/circle\/64x64\/facebook.png\" \/><\/a><a class=\"synved-social-button synved-social-button-share synved-social-size-32 synved-social-resolution-single synved-social-provider-twitter nolightbox\" data-provider=\"twitter\" target=\"_blank\" rel=\"nofollow\" title=\"Auf Twitter teilen\" href=\"https:\/\/twitter.com\/intent\/tweet?url=https%3A%2F%2Fferne-welten.com%2Findex.php%3Frest_route%3D%252Fwp%252Fv2%252Fposts%252F2239&#038;text=Hey%20check%20this%20out\" style=\"font-size: 0px;width:32px;height:32px;margin:0;margin-bottom:5px;margin-right:5px\"><img loading=\"lazy\" decoding=\"async\" alt=\"twitter\" title=\"Auf Twitter teilen\" class=\"synved-share-image synved-social-image synved-social-image-share\" width=\"32\" height=\"32\" style=\"display: inline;width:32px;height:32px;margin: 0;padding: 0;border: none;box-shadow: none\" src=\"https:\/\/ferne-welten.com\/wp-content\/plugins\/social-media-feather\/synved-social\/addons\/extra-icons\/image\/social\/circle\/64x64\/twitter.png\" \/><\/a><a class=\"synved-social-button synved-social-button-share synved-social-size-32 synved-social-resolution-single synved-social-provider-reddit nolightbox\" data-provider=\"reddit\" target=\"_blank\" rel=\"nofollow\" title=\"Auf Reddit teilen\" href=\"https:\/\/www.reddit.com\/submit?url=https%3A%2F%2Fferne-welten.com%2Findex.php%3Frest_route%3D%252Fwp%252Fv2%252Fposts%252F2239&#038;title=Ausf%C3%BChrungen%20eines%20Akademikers\" style=\"font-size: 0px;width:32px;height:32px;margin:0;margin-bottom:5px;margin-right:5px\"><img loading=\"lazy\" decoding=\"async\" alt=\"reddit\" title=\"Auf Reddit teilen\" class=\"synved-share-image synved-social-image synved-social-image-share\" width=\"32\" height=\"32\" style=\"display: inline;width:32px;height:32px;margin: 0;padding: 0;border: none;box-shadow: none\" src=\"https:\/\/ferne-welten.com\/wp-content\/plugins\/social-media-feather\/synved-social\/addons\/extra-icons\/image\/social\/circle\/64x64\/reddit.png\" \/><\/a><a class=\"synved-social-button synved-social-button-share synved-social-size-32 synved-social-resolution-single synved-social-provider-pinterest nolightbox\" data-provider=\"pinterest\" target=\"_blank\" rel=\"nofollow\" title=\"Auf Pinterest pinnen\" href=\"https:\/\/pinterest.com\/pin\/create\/button\/?url=https%3A%2F%2Fferne-welten.com%2Findex.php%3Frest_route%3D%252Fwp%252Fv2%252Fposts%252F2239&#038;media=http%3A%2F%2Fferne-welten.com%2Fwp-content%2Fuploads%2F2018%2F03%2FHB-1301-Weltnetz-Faksimile-2.jpg&#038;description=Ausf%C3%BChrungen%20eines%20Akademikers\" style=\"font-size: 0px;width:32px;height:32px;margin:0;margin-bottom:5px;margin-right:5px\"><img loading=\"lazy\" decoding=\"async\" alt=\"pinterest\" title=\"Auf Pinterest pinnen\" class=\"synved-share-image synved-social-image synved-social-image-share\" width=\"32\" height=\"32\" style=\"display: inline;width:32px;height:32px;margin: 0;padding: 0;border: none;box-shadow: none\" src=\"https:\/\/ferne-welten.com\/wp-content\/plugins\/social-media-feather\/synved-social\/addons\/extra-icons\/image\/social\/circle\/64x64\/pinterest.png\" \/><\/a><a class=\"synved-social-button synved-social-button-share synved-social-size-32 synved-social-resolution-single synved-social-provider-linkedin nolightbox\" data-provider=\"linkedin\" target=\"_blank\" rel=\"nofollow\" title=\"Auf Linkedin teilen\" href=\"https:\/\/www.linkedin.com\/shareArticle?mini=true&#038;url=https%3A%2F%2Fferne-welten.com%2Findex.php%3Frest_route%3D%252Fwp%252Fv2%252Fposts%252F2239&#038;title=Ausf%C3%BChrungen%20eines%20Akademikers\" style=\"font-size: 0px;width:32px;height:32px;margin:0;margin-bottom:5px;margin-right:5px\"><img loading=\"lazy\" decoding=\"async\" alt=\"linkedin\" title=\"Auf Linkedin teilen\" class=\"synved-share-image synved-social-image synved-social-image-share\" width=\"32\" height=\"32\" style=\"display: inline;width:32px;height:32px;margin: 0;padding: 0;border: none;box-shadow: none\" src=\"https:\/\/ferne-welten.com\/wp-content\/plugins\/social-media-feather\/synved-social\/addons\/extra-icons\/image\/social\/circle\/64x64\/linkedin.png\" \/><\/a><a class=\"synved-social-button synved-social-button-share synved-social-size-32 synved-social-resolution-single synved-social-provider-tumblr nolightbox\" data-provider=\"tumblr\" target=\"_blank\" rel=\"nofollow\" title=\"\u00dcber Tumblr teilen\" href=\"https:\/\/tumblr.com\/share?s=&#038;v=3&#038;t=Ausf%C3%BChrungen%20eines%20Akademikers&#038;u=https%3A%2F%2Fferne-welten.com%2Findex.php%3Frest_route%3D%252Fwp%252Fv2%252Fposts%252F2239\" style=\"font-size: 0px;width:32px;height:32px;margin:0;margin-bottom:5px;margin-right:5px\"><img loading=\"lazy\" decoding=\"async\" alt=\"tumblr\" title=\"\u00dcber Tumblr teilen\" class=\"synved-share-image synved-social-image synved-social-image-share\" width=\"32\" height=\"32\" style=\"display: inline;width:32px;height:32px;margin: 0;padding: 0;border: none;box-shadow: none\" src=\"https:\/\/ferne-welten.com\/wp-content\/plugins\/social-media-feather\/synved-social\/addons\/extra-icons\/image\/social\/circle\/64x64\/tumblr.png\" \/><\/a><a class=\"synved-social-button synved-social-button-share synved-social-size-32 synved-social-resolution-single synved-social-provider-mail nolightbox\" data-provider=\"mail\" rel=\"nofollow\" title=\"Link per Mail weiterleiten\" href=\"mailto:?subject=Ausf%C3%BChrungen%20eines%20Akademikers&#038;body=Hey%20check%20this%20out:%20https%3A%2F%2Fferne-welten.com%2Findex.php%3Frest_route%3D%252Fwp%252Fv2%252Fposts%252F2239\" style=\"font-size: 0px;width:32px;height:32px;margin:0;margin-bottom:5px\"><img loading=\"lazy\" decoding=\"async\" alt=\"mail\" title=\"Link per Mail weiterleiten\" class=\"synved-share-image synved-social-image synved-social-image-share\" width=\"32\" height=\"32\" style=\"display: inline;width:32px;height:32px;margin: 0;padding: 0;border: none;box-shadow: none\" src=\"https:\/\/ferne-welten.com\/wp-content\/plugins\/social-media-feather\/synved-social\/addons\/extra-icons\/image\/social\/circle\/64x64\/mail.png\" \/><\/a>","protected":false},"excerpt":{"rendered":"<p>Eine profane Ank\u00fcndigung, die US-Botschaft zum 1. Mai nach Jerusalem zu verlegen, emp\u00f6rte die hiesige Gesellschaft, deren Antisemitismus sich immer wieder im ritualisierten Aufschrei gegen Israel erbricht. Daher wollte\u00a0die Merkel-Administration &#8222;die Haltung&#8220; der US-Regierung nicht unterst\u00fctzen, w\u00e4hrend Gabriel vor einem\u00a0&#8222;\u00d6l&#8220;&#8230;<br \/><a class=\"read-more-button\" href=\"https:\/\/ferne-welten.com\/?p=2239\">Read more<\/a><\/p>\n","protected":false},"author":1,"featured_media":0,"comment_status":"open","ping_status":"open","sticky":false,"template":"","format":"standard","meta":{"footnotes":""},"categories":[359,79],"tags":[303,107,166,879,287,378,866,202,97,876,274,877,878,873,871,874,875],"class_list":["post-2239","post","type-post","status-publish","format-standard","hentry","category-eiskaltland","category-mythen","tag-anti-amerikanismus","tag-antisemitismus","tag-bremen","tag-islamfaschismus","tag-israel","tag-jerusalem","tag-juedische-gemeinde","tag-junge-welt","tag-ken-jebsen","tag-mohammed-dabour","tag-muslim-markt","tag-rudolph-bauer","tag-samuel-salzborn","tag-sozialpaedagogik","tag-trump","tag-universitaet-bremen","tag-weltnetz-tv"],"_links":{"self":[{"href":"https:\/\/ferne-welten.com\/index.php?rest_route=\/wp\/v2\/posts\/2239","targetHints":{"allow":["GET"]}}],"collection":[{"href":"https:\/\/ferne-welten.com\/index.php?rest_route=\/wp\/v2\/posts"}],"about":[{"href":"https:\/\/ferne-welten.com\/index.php?rest_route=\/wp\/v2\/types\/post"}],"author":[{"embeddable":true,"href":"https:\/\/ferne-welten.com\/index.php?rest_route=\/wp\/v2\/users\/1"}],"replies":[{"embeddable":true,"href":"https:\/\/ferne-welten.com\/index.php?rest_route=%2Fwp%2Fv2%2Fcomments&post=2239"}],"version-history":[{"count":49,"href":"https:\/\/ferne-welten.com\/index.php?rest_route=\/wp\/v2\/posts\/2239\/revisions"}],"predecessor-version":[{"id":2331,"href":"https:\/\/ferne-welten.com\/index.php?rest_route=\/wp\/v2\/posts\/2239\/revisions\/2331"}],"wp:attachment":[{"href":"https:\/\/ferne-welten.com\/index.php?rest_route=%2Fwp%2Fv2%2Fmedia&parent=2239"}],"wp:term":[{"taxonomy":"category","embeddable":true,"href":"https:\/\/ferne-welten.com\/index.php?rest_route=%2Fwp%2Fv2%2Fcategories&post=2239"},{"taxonomy":"post_tag","embeddable":true,"href":"https:\/\/ferne-welten.com\/index.php?rest_route=%2Fwp%2Fv2%2Ftags&post=2239"}],"curies":[{"name":"wp","href":"https:\/\/api.w.org\/{rel}","templated":true}]}}