{"id":2342,"date":"2018-07-31T13:41:38","date_gmt":"2018-07-31T12:41:38","guid":{"rendered":"http:\/\/ferne-welten.com\/?p=2342"},"modified":"2018-07-31T13:42:48","modified_gmt":"2018-07-31T12:42:48","slug":"soldat-der-querfront","status":"publish","type":"post","link":"https:\/\/ferne-welten.com\/?p=2342","title":{"rendered":"Soldat der Querfront"},"content":{"rendered":"<p style=\"text-align: justify;\">Ostern ist ein ritualisiertes Fest, das deutsche Kleinb\u00fcrger_innen erfreut. Alte Linke zieht es in die Innenstadt meiner kleinen Provinzmetropole, die manchen Menschen im l\u00e4ndlichen Ostfriesland als Anlaufstelle der Zivilisation gilt. Jedes Jahr mobilisiert das <em>&#8222;Oldenburger Friedensforum&#8220;<\/em> zum Ritual f\u00fcr bewegte Einheimische, die in und um die norddeutsche Kleinstadth\u00f6lle leben. Zum diesj\u00e4hrigen <em>&#8222;Ostermarsch&#8220;<\/em> brachte die langj\u00e4hrige Veranstaltungsleitung eine sozialdemokratische Bundestagsabgeordnete als Vorsprecherin in die Stadt. Sevim Dagdelen trug in den letzten Jahren mit verschw\u00f6rungsideologischen Positionen zur Unw\u00e4hlbarkeit ihrer Gruppierung bei. Die Linkspartei-Deputierte erhielt rhetorische Unterst\u00fctzung durch einen ehemaligen Berufssoldaten, der in der Vergangenheit f\u00fcr verschw\u00f6rungsideologische Organe wie das deutschnationale <em>&#8222;Compact&#8220;<\/em>-Magazin schrieb.<\/p>\n<p style=\"text-align: justify;\"><!--more--><\/p>\n<p style=\"text-align: justify;\"><strong>Von der Armee auf die Friedensdemo<\/strong><\/p>\n<p style=\"text-align: justify;\">Der Ostermarsch ist seit den 1960er Jahren ein fester Bestandteil des alternativen Terminkalenders. Fr\u00fchere Auflagen dieser Demonstrationsm\u00e4rsche richteten sich gegen die neue Bundeswehr und drohende Atombewaffnung. Schnell schlug dieser redliche und dennoch moralisierende Ansatz in rasendes Ressentiment gegen die USA um, die die neue Linke in alternativer Schuldabwehr zum Hauptfeind der vermeintlichen V\u00f6lker machte. Solche Positionen konnten manche Berufssoldaten unterst\u00fctzen, die im Rahmen dieser deutschen Erweckungsbewegung in Heeresuniform gegen amerikanische Pershings und sowjetische <em>SS<\/em>&#8211;<em>21<\/em>\u00a0Raketen protestierten.<\/p>\n<p style=\"text-align: justify;\">Nicht zum ersten Mal trat ein vormaliger Berufssoldat auf einer vermeintlichen Friedensveranstaltung auf. Seit vielen Jahren reist J\u00fcrgen Rose zu Ostern in deutsche St\u00e4dte, um seine Themen vor den Demonstrant_innen abzuhandeln. In Oldenburg, diesj\u00e4hrige Station des Soldaten, befassen sich Teilnehmer_innen passenderweise recht obsessiv mit\u00a0 der D\u00e4monisierung der Vereinigten Staaten. Au\u00dferdem richtet sich die Wut auf Israel. Trotzdem erh\u00e4lt dieser <em>&#8222;Ostermarsch&#8220;<\/em>\u00a0die Unterst\u00fctzung der norddeutschen Sozialdemokratie. Der Landtagsabgeordnete Axel Brammer (SPD)\u00a0sowie der stellvertretende JUSO-Landesvorsitzende Gerrit Edelmann unterst\u00fctzten das hiesige Ritual, das dem ehemaligen Berufsoffizier Rose eine B\u00fchne bereitete.<\/p>\n<p style=\"text-align: justify;\">Der Kreisverband der hiesigen Linken sowie die lokale Dependance der Gr\u00fcnen Jugend fanden sich ebenfalls auf dem blauen Plakat, das mit QR-Code und Friedens-Rune zum diesj\u00e4hrigen <em>&#8222;Ostermarsch&#8220;<\/em> mit Dagdelen und Rose aufrief.\u00a0Die Zweigstelle der\u00a0deutsch-sozialistischen Kleinpartei <em>&#8222;DKP&#8220;<\/em>, deren diesj\u00e4hrige Aktivit\u00e4t <a href=\"https:\/\/anonym.to\/?http:\/\/dkp-oldenburg.de\/?p=1435\" target=\"_blank\" rel=\"noopener\">einen kuriosen Aufruf<\/a> gegen antideutsche Kommunist_innen und andere Israel-Freund_innen umfasst, geh\u00f6rte wie der Gewerkschaftsbund zur \u00f6sterlichen Organisationsstruktur.\u00a0<em>&#8222;Antideutsche Gruppen, wie auch in Oldenburg, versuchen ein Klima zu schaffen, indem allein die Stimme Israels Geh\u00f6r findet und Proteste gegen die Besatzungspolitik zum Schweigen gebracht werden sollen&#8220;<\/em>, glaubt diese DKP, die sich auch <a href=\"http:\/\/ferne-welten.com\/?p=2177\" target=\"_blank\" rel=\"noopener\">als Bundespartei gesellschaftsf\u00e4higer Feindbilder<\/a> bedient.<\/p>\n<div id=\"attachment_2445\" style=\"width: 660px\" class=\"wp-caption aligncenter\"><a href=\"http:\/\/ferne-welten.com\/wp-content\/uploads\/2018\/07\/Ostermarsch-Oldenburg-18-Plakat.jpg\"><img loading=\"lazy\" decoding=\"async\" aria-describedby=\"caption-attachment-2445\" class=\"size-full wp-image-2445\" src=\"http:\/\/ferne-welten.com\/wp-content\/uploads\/2018\/07\/Ostermarsch-Oldenburg-18-Plakat.jpg\" alt=\"\" width=\"650\" height=\"811\" srcset=\"https:\/\/ferne-welten.com\/wp-content\/uploads\/2018\/07\/Ostermarsch-Oldenburg-18-Plakat.jpg 650w, https:\/\/ferne-welten.com\/wp-content\/uploads\/2018\/07\/Ostermarsch-Oldenburg-18-Plakat-240x300.jpg 240w, https:\/\/ferne-welten.com\/wp-content\/uploads\/2018\/07\/Ostermarsch-Oldenburg-18-Plakat-321x400.jpg 321w\" sizes=\"auto, (max-width: 650px) 100vw, 650px\" \/><\/a><p id=\"caption-attachment-2445\" class=\"wp-caption-text\">Oldenburg: Plakat der Friedensquerfront<\/p><\/div>\n<p style=\"text-align: justify;\"><strong>Von der Bundeswehr zum Kronzeugen<\/strong><\/p>\n<p style=\"text-align: justify;\"><em>&#8222;Als Redner konnte J\u00fcrgen Rose (&#8230;) gewonnen werden&#8220;<\/em>, freute sich die\u00a0 hiesige Organisationsleitung, die mit <a href=\"http:\/\/ferne-welten.com\/?p=998\" target=\"_blank\" rel=\"noopener\">dem linksdeutschen Verschw\u00f6rungsideologen Wolfgang Gehrke zuvor gegen antideutsche Kommunist_innen mobilisierte<\/a>. Der Einladung des Politikers, der in seinem <em>&#8222;Rufmord&#8220;<\/em>-B\u00fcchlein recht klassische Konstrukte \u00fcber eine pro-israelische Konspiration auf deutschem Boden spinnt, folgte der bezeichnende Auftritt des ehemaligen Bundeswehroffizieres, der aus einer altdeutschen Milit\u00e4rfamilie stammt. Rose trat zuvor in die Fu\u00dfstapfen seiner Wehrmacht-Vorfahren, um <em>&#8222;zum j\u00fcngsten Oberstleutnant der Bundeswehr&#8220;<\/em> zu avancieren. Mehrere Jahrzehnte diente dieser Milit\u00e4r seiner deutschen Armee, der er immer die Treue hielt, sogar wenn seine Truppe jugoslawische St\u00e4dte wie Belgrad bombardierte.<\/p>\n<p style=\"text-align: justify;\">Zwar \u00e4u\u00dferte sich Rose gelegentlich publizistisch, wirkte aber weiterhin als deutscher Soldat. Sp\u00e4tere Texte, die der Offizier nach den Angriffen des 11. Septembers 2001 publizierte, richteten sich gegen die USA, die er f\u00fcr den <em>&#8222;War on Terror&#8220;<\/em> verantwortlich machte. In anti-amerikanischer Schuldumkehr emp\u00f6rte sich der Bundeswehroffizier. Als er ab 2007 <em>&#8222;die Versorgung der Tornados mit Flugbenzin&#8220;<\/em> <a href=\"https:\/\/anonym.to\/?https:\/\/www.pressenza.com\/de\/2015\/12\/das-primat-des-gewissens-ein-gespraech-mit-juergen-rose\/\" target=\"_blank\" rel=\"noopener\">verweigerte<\/a>, war seine soldatische Karriere zumindest innerhalb der Armee zu Ende. Rose r\u00e4chte sich mit w\u00fctenden Beitr\u00e4gen, die er fortan auch f\u00fcr verschw\u00f6rungsideologische und protofaschistische Online-Magazine verfasste.<\/p>\n<p style=\"text-align: justify;\">Seine Pamphlete erschienen in Netz-Publikationen wie der <em>&#8222;Neuen Rheinische Zeitung&#8220;<\/em> (NRhZ), deren Titel an das Organ erinnert, das einst Karl Marx publizierte. Die heutige <em>&#8222;NRhZ&#8220;<\/em> dient aber\u00a0keinem emanzipatorischen Zweck, sondern anti-amerikanischer Stimmungsmache, wobei die Parteiname f\u00fcr islamfaschistische Regime ein Element der politischen Positionierung ist. Anneliese Fikentscher und Andreas Neumann, Herausgeber des Organs, machten im April 2012 der iranischen Despotie ihre Aufwartung. Mit dem nationalen Verschw\u00f6rungspopulisten J\u00fcrgen Els\u00e4sser und <a href=\"http:\/\/ferne-welten.com\/?p=692\" target=\"_blank\" rel=\"noopener\">dem lokalen FDP-Politiker Claus H\u00fcbscher trafen<\/a> sie\u00a0auf den Holocaust-Leugner Mahmud Ahmadinedschad.<\/p>\n<p style=\"text-align: justify;\">Rose diente der verschw\u00f6rungsideologischen\u00a0<em>&#8222;NRhZ&#8220; <\/em>vielfach als Kronzeuge. Der deutsche Landser, der gegen die USA und Israel anschreibt, befindet sich in passender Gesellschaft. Eine Autorin schreibt von Wettermanipulationen, die\u00a0<em>&#8222;seit dem 2. Weltkrieg&#8220;<\/em>\u00a0von den USA durchgef\u00fchrt werden, wodurch sich der Klimawandel erkl\u00e4rt. Auch im Gespr\u00e4ch mit dem antisemitischen <em>&#8222;Muslim Markt&#8220;<\/em>\u00a0klagt Rose \u00fcber die USA, die Karl Marx als das <em>&#8222;vollendetste Beispiel des modernen Staates&#8220;<\/em> <a href=\"http:\/\/www.zeno.org\/Philosophie\/M\/Marx,+Karl\/Die+deutsche+Ideologie\/I.+Band%3A+%5BKritik+der+neuesten+deutschen+Philosophie+in+ihren+Repr%C3%A4sentanten+Feuerbach,+B.+Bauer+und+Stirner%5D\/I.+Feuerbach\/%5BB.+Die+wirkliche+Basis+der+Ideologie%5D\/%5B2.%5D+Verh%C3%A4ltnis+von+Staat+und+Recht+zum+Eigentum\" target=\"_blank\" rel=\"noopener\">bezeichnete<\/a>. Immer wieder d\u00e4monisiert Rose die Vereinigten Staaten,\u00a0die er als <em>&#8222;gewaltdurchdrungen und militarisiert&#8220; <\/em>zeichnet. Beim Ostermarsch in Oldenburg <a href=\"https:\/\/anonym.to\/?https:\/\/www.friedenskooperative.de\/ostermarsch-2018\/reden\/j%C3%BCrgen-rose-oldenburg\" target=\"_blank\" rel=\"noopener\">macht Rose<\/a> die Vereinigten Staaten gar zum <em>&#8222;Schurkenstaat, der mittlerweile protofaschistische Z\u00fcge aufweist&#8220;<\/em>.<\/p>\n<p style=\"text-align: justify;\">Diese Staaten erscheinen ihm als m\u00e4chtiger Gegner, die ein <em>&#8222;Kriegstheater&#8220; <\/em>inszenieren.\u00a0Rose <a href=\"https:\/\/anonym.to\/?http:\/\/www.muslim-markt.de\/interview\/2006\/rose.htm\" target=\"_blank\" rel=\"noopener\">mokierte<\/a> sich beispielsweise nach der milit\u00e4rischen Aktion gegen Osama Bin Laden \u00fcber die <em>&#8222;bestialische Art und Weise (&#8230;), in der sich die Administration (&#8230;) desjenigen ehemaligen Mitarbeiters ihres Geheimdienstes CIA entledigt hat&#8220;. <\/em>Verschw\u00f6rungsideologische Irrt\u00fcmer, durch die der Massenm\u00f6rder zum Mitarbeiter gemacht wird, finden sich in mehreren Texten dieses ehemaligen Offiziers. Vielfach offenbarte sich Wut auf Obama, w\u00e4hrend dessen Vorg\u00e4nger vom ehemaligen Milit\u00e4r sogar in die <em>&#8222;Tradition US-amerikanischer Kopfgeldj\u00e4ger&#8220;<\/em> gestellt wird.<\/p>\n<p style=\"text-align: justify;\">F\u00fcr \u00e4hnliche und aktualisierte Inhalte, die sich nun um Trump drehen, gibt es zu Ostern in Oldenburg recht regen Beifall von Teilnehmer_innen. <em>&#8222;<\/em><em>Aber der Krieg kommt zu demjenigen zur\u00fcck, der ihn s\u00e4t&#8220;<\/em>, <a href=\"https:\/\/anonym.to\/?https:\/\/www.pressenza.com\/de\/2015\/12\/das-primat-des-gewissens-ein-gespraech-mit-juergen-rose\/\" target=\"_blank\" rel=\"noopener\">prophezeit<\/a><a href=\"https:\/\/anonym.to\/?https:\/\/www.pressenza.com\/de\/2015\/12\/das-primat-des-gewissens-ein-gespraech-mit-juergen-rose\/\" target=\"_blank\" rel=\"noopener\">e<\/a> der Ex-Milit\u00e4r,\u00a0der auch zu Ostern d\u00fcster und kriegerisch klingt, zuvor in einem Interview.\u00a0Das Gespr\u00e4ch findet sich auch auf der Internetseite der <em>&#8222;Freiheitspartei&#8220;.\u00a0<\/em>Die rechts-libert\u00e4re Truppe f\u00fchrt der ehemalige NPD-Kader \u00a0Stefan Jahne. Weil er in Facebook-Foren aktiv war, in denen es um Holocaustleugnung und Hitlerbildchen ging, <a href=\"https:\/\/www.merkur.de\/lokales\/freising\/moosburg-ort29088\/braune-untergrund-moosburg-6389460.html\" target=\"_blank\" rel=\"noopener\">z\u00e4hlt<\/a> ihn der M\u00fcnchener Merkur zum <em>&#8222;braunen Untergrund&#8220;<\/em> des Stadtteils\u00a0Moosburg.<\/p>\n<p style=\"text-align: justify;\"><b>Ausf\u00fchrungen eines Soldaten<\/b><\/p>\n<p style=\"text-align: justify;\">Derweil f\u00fchrt das rechtspopulistische<em> &#8222;Compact-Magazin&#8220;<\/em>\u00a0auch nach dem hiesigen Ostermarsch den Milit\u00e4r als Autoren.\u00a0<em>&#8222;Deutsche Helden&#8220;, <\/em>lautet die Werbung, die sich direkt\u00a0neben einer Liste von Autor_innen findet. Den ehemalige Milit\u00e4r umgibt hier ein Apologet des Islamfaschismus sowie ein preu\u00dfischer Militarist. Rose befindet sich in passender Gesellschaft.\u00a0Seine Tiraden widmet er nur zu gerne einer Person, die er mit klassischen Einordnungen und allerlei Beleidigungen aus dem Arsenal des Antisemitismus beleidigt. Es ist\u00a0<em>&#8222;der einschl\u00e4gig bekannte Henryk M. Broder&#8220;<\/em>. Mit einer Polemik, die Rose als <em>&#8222;Schmutztirade&#8220;<\/em> verunglimpfte, w\u00fcrde sich diese<em> &#8222;schmutzige Zumutung&#8220;<\/em> der <em>&#8222;pseudo-intellektuellen Sudelei&#8220;<\/em> schuldig machen, <a href=\"https:\/\/anonym.to\/?http:\/\/www.arbeiterfotografie.com\/galerie\/kein-krieg\/hintergrund\/index-taeter-0041.html\" target=\"_blank\" rel=\"noopener\">zeterte<\/a> der Ex-Milit\u00e4r.<\/p>\n<p style=\"text-align: justify;\">Der Ex-Soldat, der zum Osterfest ein Idol der Friedensfans ist, emp\u00f6rt sich derweil \u00fcber &#8222;<em>Insassen der in Guantanamo (&#8230;) und anderswo\u00a0unterhaltenen KZs&#8220;<\/em>. W\u00e4hrend er die industrielle Vernichtung durch die Gleichsetzung mit amerikanischen Milit\u00e4rgef\u00e4ngnissen verharmloste, stellte Rose seiner eigenen Nation ein blendendes Urteil aus. Es zeuge &#8222;<em>von der tats\u00e4chlichen Lernf\u00e4higkeit einer Nation, wenn sie angesichts der verheerenden Erfahrungen, die sie (&#8230;) in der j\u00fcngeren Vergangenheit gesammelt hat, den \u00dcberlegenheitsdemonstrationen einer Supermacht, die sich vornehmlich in (&#8230;)\u00a0 massenhaftem Morden manifestieren, rein gar nichts abzugewinnen vermag&#8220;<\/em>, lobt der Landser das Zwangskollektiv der postnazistischen Besserdeutschen.<\/p>\n<p style=\"text-align: justify;\">Sein Vater t\u00f6tete w\u00e4hrend des letzten deutschen Vernichtungskrieges als Jagdflieger. Damals ging es gleichfalls gegen die USA und ihre Verb\u00fcndeten. Inhaltlich ist wenig anders, wenn der Sohn die B\u00fchne betritt.\u00a0 Das zeigte sich nicht nur zu Ostern in Oldenburg. In der benachbarten <a href=\"http:\/\/ferne-welten.com\/?p=1352\" target=\"_blank\" rel=\"noopener\">Hansestadt Bremen<\/a>, die nur wenige Kilometer entfernt liegt, mietete das <em>&#8222;Friedensforum&#8220;<\/em> einen Saal im ehrw\u00fcrdigen <a href=\"http:\/\/www.uebersee-museum.de\/\" target=\"_blank\" rel=\"noopener\">\u00dcbersee-Museum<\/a>, um dem ehemaligen Milit\u00e4r eine passende B\u00fchne f\u00fcr seine <a href=\"http:\/\/ferne-welten.com\/wp-content\/uploads\/2018\/07\/J\u00fcrgen-Rose-VA-in-HB-AntiIsrael-e1533040230211.jpg\" target=\"_blank\" rel=\"noopener\">anti-israelischen Ausf\u00fchrungen<\/a> zu bereiten. Dort sprach der deutsche Offizier \u00fcber den Staat, der als bewaffnete Verf\u00fcgungsgewalt seiner j\u00fcdischen Einwohner_innen das Feindbild des aktualisierten Antisemitismus ist [<a href=\"https:\/\/www.ca-ira.net\/wp-content\/uploads\/2018\/06\/isf-kommunismus.israel.pdf\" target=\"_blank\" rel=\"noopener\">PDF<\/a>]. Schon die Ank\u00fcndigung zum Vortrag, den die durch offenbarende <a href=\"https:\/\/www.mut-gegen-rechte-gewalt.de\/debatte\/kommentare\/bremer-linke-wollen-israel-durch-boykott-reinigen7654\" target=\"_blank\" rel=\"noopener\">Boykott-Aktionen bekannte Friedenstruppe<\/a> durchf\u00fchrte, umfasst g\u00e4ngige Topoi dieser Ideologie.<\/p>\n<p style=\"text-align: justify;\">Es w\u00fcrde <em>&#8222;oft \u00fcbersehen, da\u00df Israel vor allem selbst dazu beitr\u00e4gt, sich in seiner Existenz zu gef\u00e4hrden&#8220;<\/em>, hei\u00dft es schon in der Einladung, die von den ganz realen antisemitischen Mordbanden wie Hamas oder Hisbollah schweigt. Stattdessen d\u00e4monisiert der <a href=\"http:\/\/ferne-welten.com\/wp-content\/uploads\/2018\/07\/J%C3%BCrgen-Rose-VA-in-HB-AntiIsrael-e1533040230211.jpg\" target=\"_blank\" rel=\"noopener\">Text<\/a> durch klassische Codes, wobei von <em>&#8222;Landnahme und Vertreibung&#8220;<\/em> die Rede ist, was durch die angebliche <em>&#8222;Zerst\u00f6rung von (&#8230;) Olivenhainen&#8220;<\/em> belegt werden soll. Den Vortrag, der sich biblischer Bilder bedient, hielt Rose nicht nur in der Hansestadt. Schlie\u00dflich referierte der <em>&#8222;wissenschaftlicher Mitarbeiter verschiedener Akademien und Institute der Bundeswehr&#8220;<\/em>\u00a0in St\u00e4dten wie M\u00fcnchen, Freiburg oder M\u00fcllheim. Der\u00a0Aufruf und die Inhalte differenzierten sich nur durch die Datums- und die Ortsangaben.<\/p>\n<p style=\"text-align: justify;\"><b>Ein Milit\u00e4r als Ikone<\/b><\/p>\n<p style=\"text-align: justify;\">Als Redner kultiviert der ehemalige Offizier eine Position, die in Deutschland seit dem 1. Weltkrieg zur verschw\u00f6rungsideologischen Tradition breiter Bev\u00f6lkerungsteile geh\u00f6rt. Mit solchen Inhalten erfreute der Redner nun Friedensfreund_innen, die zu Ostern recht ritualisiert um den Stadtkern der <a href=\"http:\/\/ferne-welten.com\/?p=2392\" target=\"_blank\" rel=\"noopener\">Kleinstadth\u00f6lle<\/a> marschieren. Den Auftritt in Oldenburg beklatschen die anwesenden Demonstrant_innen. Es gibt keinen Protest, was viel \u00fcber den Zustand antifaschistischer Strukturen verr\u00e4t. Beifall kommt derweil von anderer Seite.\u00a0<em>&#8222;Rose ist der wahre Held (&#8230;), und f\u00fcr die Bundeswehr m\u00fcsste er ein Vorbild sein&#8220;<\/em>, huldigt Rainer Rupp, der einst f\u00fcr das <em>&#8222;Neue Deutschland&#8220;\u00a0<\/em>und heute f\u00fcr <em>&#8222;Russia Today&#8220;<\/em> t\u00e4tig ist, seinen Landser.<\/p>\n<p style=\"text-align: justify;\">Als einer der Kronzeugen der deutschen Verschw\u00f6rungsindustrie hat Rose viele Fans gewonnen. Die deutsche Querfront schm\u00fcckt sich mit dem Namen dieses traditionsbewussten Soldaten, der auf Friedensdemonstrationen und in Fests\u00e4len die Zuh\u00f6rerinnen begeistert, indem er ihre Vorurteile best\u00e4tigt, wenn er gegen Israel und die USA spricht. Unterdessen m\u00f6chte Rose ein Vorbild\u00a0f\u00fcr <em>&#8222;Kameraden&#8220;<\/em> sein, denen er <em>&#8222;Rat und Hilfe&#8220;<\/em> anbietet. Zumindest die Verantwortlichen vom <em>&#8222;Oldenburger Friedensforum&#8220; <\/em>kannten\u00a0die Positionen des Soldaten vorab bekannt sein. Sie luden Rose, der\u00a0verschw\u00f6rungsideologischen YouTube-Stars, deutschen Liedermachern und rechten Kleinparteien als profunder Stichwortgeber dient, aufgrund seiner Positionen zum Friedensmarsch.<\/p>\n<p style=\"text-align: justify;\">Dieser Ostermarsch war keine\u00a0Anklage deutscher Kriegspolitik, zu der das falsche Appeasement geh\u00f6rt. Er richtete sich vor allem gegen die Vereinigten Staaten und gegen Israel. Die hiesige Linke, vom DGB bis zur DKP, unterst\u00fctzten die aktuelle Auflage auch in diesem Jahr. Ablehnung kam <a href=\"https:\/\/www.nwzonline.de\/oldenburg\/politik\/oldenburg-friedensdemo-asta-lehnt-unterstuetzung-fuer-ostermarsch-ab_a_50,1,869726054.html\" target=\"_blank\" rel=\"noopener\">erstmals vom AStA der hiesigen Universit\u00e4t<\/a>, der als einzige Institution auf wichtige Mindeststandards hinwies. <em>&#8222;DKP-Kader, Gewerkschaften, bibeltreue Christen, Linksparteijugend und Yogafreunde &#8211; sie alle engagieren sich f\u00fcr ein Ziel&#8220;<\/em>, <a href=\"https:\/\/www.neues-deutschland.de\/artikel\/1084434.friedensbewegung-frieden-statt-sozialismus.html\">hei\u00dft<\/a> es im <em>&#8222;Neuen Deutschland&#8220;<\/em>, das die ritualisierten Ausw\u00fcchse zum Osterfest verteidigte. J\u00fcrgen Rose d\u00fcrfte auch im n\u00e4chsten Jahr ein Publikum finden, das den Soldaten der Querfront bejubelt.<\/p>\n<p style=\"text-align: justify;\">\n<a class=\"synved-social-button synved-social-button-share synved-social-size-32 synved-social-resolution-single synved-social-provider-facebook nolightbox\" data-provider=\"facebook\" target=\"_blank\" rel=\"nofollow\" title=\"Auf Facebook teilen\" href=\"https:\/\/www.facebook.com\/sharer.php?u=https%3A%2F%2Fferne-welten.com%2Findex.php%3Frest_route%3D%252Fwp%252Fv2%252Fposts%252F2342&#038;t=Soldat%20der%20Querfront&#038;s=100&#038;p&#091;url&#093;=https%3A%2F%2Fferne-welten.com%2Findex.php%3Frest_route%3D%252Fwp%252Fv2%252Fposts%252F2342&#038;p&#091;images&#093;&#091;0&#093;=http%3A%2F%2Fferne-welten.com%2Fwp-content%2Fuploads%2F2018%2F07%2FOstermarsch-Oldenburg-18-Plakat.jpg&#038;p&#091;title&#093;=Soldat%20der%20Querfront\" style=\"font-size: 0px;width:32px;height:32px;margin:0;margin-bottom:5px;margin-right:5px\"><img loading=\"lazy\" decoding=\"async\" alt=\"Facebook\" title=\"Auf Facebook teilen\" class=\"synved-share-image synved-social-image synved-social-image-share\" width=\"32\" height=\"32\" style=\"display: inline;width:32px;height:32px;margin: 0;padding: 0;border: none;box-shadow: none\" src=\"https:\/\/ferne-welten.com\/wp-content\/plugins\/social-media-feather\/synved-social\/addons\/extra-icons\/image\/social\/circle\/64x64\/facebook.png\" \/><\/a><a class=\"synved-social-button synved-social-button-share synved-social-size-32 synved-social-resolution-single synved-social-provider-twitter nolightbox\" data-provider=\"twitter\" target=\"_blank\" rel=\"nofollow\" title=\"Auf Twitter teilen\" href=\"https:\/\/twitter.com\/intent\/tweet?url=https%3A%2F%2Fferne-welten.com%2Findex.php%3Frest_route%3D%252Fwp%252Fv2%252Fposts%252F2342&#038;text=Hey%20check%20this%20out\" style=\"font-size: 0px;width:32px;height:32px;margin:0;margin-bottom:5px;margin-right:5px\"><img loading=\"lazy\" decoding=\"async\" alt=\"twitter\" title=\"Auf Twitter teilen\" class=\"synved-share-image synved-social-image synved-social-image-share\" width=\"32\" height=\"32\" style=\"display: inline;width:32px;height:32px;margin: 0;padding: 0;border: none;box-shadow: none\" src=\"https:\/\/ferne-welten.com\/wp-content\/plugins\/social-media-feather\/synved-social\/addons\/extra-icons\/image\/social\/circle\/64x64\/twitter.png\" \/><\/a><a class=\"synved-social-button synved-social-button-share synved-social-size-32 synved-social-resolution-single synved-social-provider-reddit nolightbox\" data-provider=\"reddit\" target=\"_blank\" rel=\"nofollow\" title=\"Auf Reddit teilen\" href=\"https:\/\/www.reddit.com\/submit?url=https%3A%2F%2Fferne-welten.com%2Findex.php%3Frest_route%3D%252Fwp%252Fv2%252Fposts%252F2342&#038;title=Soldat%20der%20Querfront\" style=\"font-size: 0px;width:32px;height:32px;margin:0;margin-bottom:5px;margin-right:5px\"><img loading=\"lazy\" decoding=\"async\" alt=\"reddit\" title=\"Auf Reddit teilen\" class=\"synved-share-image synved-social-image synved-social-image-share\" width=\"32\" height=\"32\" style=\"display: inline;width:32px;height:32px;margin: 0;padding: 0;border: none;box-shadow: none\" src=\"https:\/\/ferne-welten.com\/wp-content\/plugins\/social-media-feather\/synved-social\/addons\/extra-icons\/image\/social\/circle\/64x64\/reddit.png\" \/><\/a><a class=\"synved-social-button synved-social-button-share synved-social-size-32 synved-social-resolution-single synved-social-provider-pinterest nolightbox\" data-provider=\"pinterest\" target=\"_blank\" rel=\"nofollow\" title=\"Auf Pinterest pinnen\" href=\"https:\/\/pinterest.com\/pin\/create\/button\/?url=https%3A%2F%2Fferne-welten.com%2Findex.php%3Frest_route%3D%252Fwp%252Fv2%252Fposts%252F2342&#038;media=http%3A%2F%2Fferne-welten.com%2Fwp-content%2Fuploads%2F2018%2F07%2FOstermarsch-Oldenburg-18-Plakat.jpg&#038;description=Soldat%20der%20Querfront\" style=\"font-size: 0px;width:32px;height:32px;margin:0;margin-bottom:5px;margin-right:5px\"><img loading=\"lazy\" decoding=\"async\" alt=\"pinterest\" title=\"Auf Pinterest pinnen\" class=\"synved-share-image synved-social-image synved-social-image-share\" width=\"32\" height=\"32\" style=\"display: inline;width:32px;height:32px;margin: 0;padding: 0;border: none;box-shadow: none\" src=\"https:\/\/ferne-welten.com\/wp-content\/plugins\/social-media-feather\/synved-social\/addons\/extra-icons\/image\/social\/circle\/64x64\/pinterest.png\" \/><\/a><a class=\"synved-social-button synved-social-button-share synved-social-size-32 synved-social-resolution-single synved-social-provider-linkedin nolightbox\" data-provider=\"linkedin\" target=\"_blank\" rel=\"nofollow\" title=\"Auf Linkedin teilen\" href=\"https:\/\/www.linkedin.com\/shareArticle?mini=true&#038;url=https%3A%2F%2Fferne-welten.com%2Findex.php%3Frest_route%3D%252Fwp%252Fv2%252Fposts%252F2342&#038;title=Soldat%20der%20Querfront\" style=\"font-size: 0px;width:32px;height:32px;margin:0;margin-bottom:5px;margin-right:5px\"><img loading=\"lazy\" decoding=\"async\" alt=\"linkedin\" title=\"Auf Linkedin teilen\" class=\"synved-share-image synved-social-image synved-social-image-share\" width=\"32\" height=\"32\" style=\"display: inline;width:32px;height:32px;margin: 0;padding: 0;border: none;box-shadow: none\" src=\"https:\/\/ferne-welten.com\/wp-content\/plugins\/social-media-feather\/synved-social\/addons\/extra-icons\/image\/social\/circle\/64x64\/linkedin.png\" \/><\/a><a class=\"synved-social-button synved-social-button-share synved-social-size-32 synved-social-resolution-single synved-social-provider-tumblr nolightbox\" data-provider=\"tumblr\" target=\"_blank\" rel=\"nofollow\" title=\"\u00dcber Tumblr teilen\" href=\"https:\/\/tumblr.com\/share?s=&#038;v=3&#038;t=Soldat%20der%20Querfront&#038;u=https%3A%2F%2Fferne-welten.com%2Findex.php%3Frest_route%3D%252Fwp%252Fv2%252Fposts%252F2342\" style=\"font-size: 0px;width:32px;height:32px;margin:0;margin-bottom:5px;margin-right:5px\"><img loading=\"lazy\" decoding=\"async\" alt=\"tumblr\" title=\"\u00dcber Tumblr teilen\" class=\"synved-share-image synved-social-image synved-social-image-share\" width=\"32\" height=\"32\" style=\"display: inline;width:32px;height:32px;margin: 0;padding: 0;border: none;box-shadow: none\" src=\"https:\/\/ferne-welten.com\/wp-content\/plugins\/social-media-feather\/synved-social\/addons\/extra-icons\/image\/social\/circle\/64x64\/tumblr.png\" \/><\/a><a class=\"synved-social-button synved-social-button-share synved-social-size-32 synved-social-resolution-single synved-social-provider-mail nolightbox\" data-provider=\"mail\" rel=\"nofollow\" title=\"Link per Mail weiterleiten\" href=\"mailto:?subject=Soldat%20der%20Querfront&#038;body=Hey%20check%20this%20out:%20https%3A%2F%2Fferne-welten.com%2Findex.php%3Frest_route%3D%252Fwp%252Fv2%252Fposts%252F2342\" style=\"font-size: 0px;width:32px;height:32px;margin:0;margin-bottom:5px\"><img loading=\"lazy\" decoding=\"async\" alt=\"mail\" title=\"Link per Mail weiterleiten\" class=\"synved-share-image synved-social-image synved-social-image-share\" width=\"32\" height=\"32\" style=\"display: inline;width:32px;height:32px;margin: 0;padding: 0;border: none;box-shadow: none\" src=\"https:\/\/ferne-welten.com\/wp-content\/plugins\/social-media-feather\/synved-social\/addons\/extra-icons\/image\/social\/circle\/64x64\/mail.png\" \/><\/a>","protected":false},"excerpt":{"rendered":"<p>Ostern ist ein ritualisiertes Fest, das deutsche Kleinb\u00fcrger_innen erfreut. Alte Linke zieht es in die Innenstadt meiner kleinen Provinzmetropole, die manchen Menschen im l\u00e4ndlichen Ostfriesland als Anlaufstelle der Zivilisation gilt. Jedes Jahr mobilisiert das &#8222;Oldenburger Friedensforum&#8220; zum Ritual f\u00fcr bewegte&#8230;<br \/><a class=\"read-more-button\" href=\"https:\/\/ferne-welten.com\/?p=2342\">Read more<\/a><\/p>\n","protected":false},"author":1,"featured_media":0,"comment_status":"open","ping_status":"open","sticky":false,"template":"","format":"standard","meta":{"footnotes":""},"categories":[88,359,79],"tags":[885,303,107,886,643,83,581,268,887,882,145,880,269,162,881,274,93,319,883,285,888],"class_list":["post-2342","post","type-post","status-publish","format-standard","hentry","category-dorfkritik","category-eiskaltland","category-mythen","tag-also","tag-anti-amerikanismus","tag-antisemitismus","tag-axel-brammer","tag-bundeswehr","tag-compact","tag-dgb","tag-die-linke","tag-dkp-oldenburg","tag-freiheitspartei","tag-gew","tag-gruene-jugend","tag-iran","tag-juergen-elsaesser","tag-juergen-rose","tag-muslim-markt","tag-oldenburg","tag-ostermarsch","tag-sevim-dagdelen","tag-spd","tag-werkstattfilm"],"_links":{"self":[{"href":"https:\/\/ferne-welten.com\/index.php?rest_route=\/wp\/v2\/posts\/2342","targetHints":{"allow":["GET"]}}],"collection":[{"href":"https:\/\/ferne-welten.com\/index.php?rest_route=\/wp\/v2\/posts"}],"about":[{"href":"https:\/\/ferne-welten.com\/index.php?rest_route=\/wp\/v2\/types\/post"}],"author":[{"embeddable":true,"href":"https:\/\/ferne-welten.com\/index.php?rest_route=\/wp\/v2\/users\/1"}],"replies":[{"embeddable":true,"href":"https:\/\/ferne-welten.com\/index.php?rest_route=%2Fwp%2Fv2%2Fcomments&post=2342"}],"version-history":[{"count":30,"href":"https:\/\/ferne-welten.com\/index.php?rest_route=\/wp\/v2\/posts\/2342\/revisions"}],"predecessor-version":[{"id":2458,"href":"https:\/\/ferne-welten.com\/index.php?rest_route=\/wp\/v2\/posts\/2342\/revisions\/2458"}],"wp:attachment":[{"href":"https:\/\/ferne-welten.com\/index.php?rest_route=%2Fwp%2Fv2%2Fmedia&parent=2342"}],"wp:term":[{"taxonomy":"category","embeddable":true,"href":"https:\/\/ferne-welten.com\/index.php?rest_route=%2Fwp%2Fv2%2Fcategories&post=2342"},{"taxonomy":"post_tag","embeddable":true,"href":"https:\/\/ferne-welten.com\/index.php?rest_route=%2Fwp%2Fv2%2Ftags&post=2342"}],"curies":[{"name":"wp","href":"https:\/\/api.w.org\/{rel}","templated":true}]}}