{"id":240,"date":"2015-12-06T13:24:35","date_gmt":"2015-12-06T12:24:35","guid":{"rendered":"http:\/\/ferne-welten.com\/?p=240"},"modified":"2016-12-01T02:07:49","modified_gmt":"2016-12-01T01:07:49","slug":"sternstunde-des-tv-journalismus","status":"publish","type":"post","link":"https:\/\/ferne-welten.com\/?p=240","title":{"rendered":"Sternstunde des TV-Journalismus"},"content":{"rendered":"<p style=\"text-align: justify;\">Im Dezember 2015 empfiehlt ein Redakteur des NEON Magazins die franz\u00f6sische Serie\u00a0<em>&#8222;Les Revenants&#8220;<\/em>. Der Serientipp endet mit einem falschen\u00a0Hinweis:\u00a0<em>&#8222;Ein US-Remake ist nat\u00fcrlich bereits in der Mache.&#8220;<\/em>\u00a0H\u00e4tten sich der Redakteur oder seine Redaktion die M\u00fche gemacht, eine Suchmaschine zu verwenden, w\u00e4re dieser\u00a0Satz wahrscheinlich nicht im Heft gelandet.<\/p>\n<p style=\"text-align: justify;\">Das Remake wurde bereits ab Ende 2014 (!) durch den amerikanischen Sender A&amp;E produziert. In den USA\u00a0wurde die Serie seit dem 9. M\u00e4rz 2015 (!)\u00a0ausgestrahlt. In Deutschland konnten Kundinnen und Kunden des Streamingdienstes Netflix bereits am 10. M\u00e4rz 2015 (!) auf die erste Episode zugreifen. In den kommenden Wochen wurden s\u00e4mtliche Folgen des Remakes freigegeben.<\/p>\n<p style=\"text-align: justify;\"><!--more--><\/p>\n<p style=\"text-align: justify;\"><em>&#8222;The Returned&#8220;<\/em>, das Carlton Cuse &#8211; Showrunner der Serien<em> &#8222;Lost&#8220;<\/em> und <em>&#8222;Bates Motel&#8220;<\/em> &#8211; verantwortete, wurde bereits nach einer Staffel\u00a0<a href=\"http:\/\/variety.com\/2015\/tv\/news\/bates-motel-renewed-season-4-ae-1201517941\/\">eingestellt<\/a>. Im Juni gab der TV-Sender die Absetzung der Serie bekannt.\u00a0Eine einfache Recherche\u00a0h\u00e4tte gen\u00fcgt, um den Satz zu vermeiden, der im Printmagazin ver\u00f6ffentlicht wurde, das in einer monatlichen Druckauflage von etwa 260.000 Exemplaren erscheint.<\/p>\n<p style=\"text-align: justify;\"><a href=\"http:\/\/ferne-welten.com\/wp-content\/uploads\/2015\/12\/NEON-The-Returned.jpg\"><img loading=\"lazy\" decoding=\"async\" class=\"aligncenter size-large wp-image-257\" src=\"http:\/\/ferne-welten.com\/wp-content\/uploads\/2015\/12\/NEON-The-Returned-1024x665.jpg\" alt=\"NEON-The Returned\" width=\"734\" height=\"477\" srcset=\"https:\/\/ferne-welten.com\/wp-content\/uploads\/2015\/12\/NEON-The-Returned.jpg 1024w, https:\/\/ferne-welten.com\/wp-content\/uploads\/2015\/12\/NEON-The-Returned-300x195.jpg 300w\" sizes=\"auto, (max-width: 734px) 100vw, 734px\" \/><\/a><\/p>\n<p style=\"text-align: justify;\">\n<a class=\"synved-social-button synved-social-button-share synved-social-size-32 synved-social-resolution-single synved-social-provider-facebook nolightbox\" data-provider=\"facebook\" target=\"_blank\" rel=\"nofollow\" title=\"Auf Facebook teilen\" href=\"https:\/\/www.facebook.com\/sharer.php?u=https%3A%2F%2Fferne-welten.com%2Findex.php%3Frest_route%3D%252Fwp%252Fv2%252Fposts%252F240&#038;t=Sternstunde%20des%20TV-Journalismus&#038;s=100&#038;p&#091;url&#093;=https%3A%2F%2Fferne-welten.com%2Findex.php%3Frest_route%3D%252Fwp%252Fv2%252Fposts%252F240&#038;p&#091;images&#093;&#091;0&#093;=http%3A%2F%2Fferne-welten.com%2Fwp-content%2Fuploads%2F2015%2F12%2FNEON-The-Returned-1024x665.jpg&#038;p&#091;title&#093;=Sternstunde%20des%20TV-Journalismus\" style=\"font-size: 0px;width:32px;height:32px;margin:0;margin-bottom:5px;margin-right:5px\"><img loading=\"lazy\" decoding=\"async\" alt=\"Facebook\" title=\"Auf Facebook teilen\" class=\"synved-share-image synved-social-image synved-social-image-share\" width=\"32\" height=\"32\" style=\"display: inline;width:32px;height:32px;margin: 0;padding: 0;border: none;box-shadow: none\" src=\"https:\/\/ferne-welten.com\/wp-content\/plugins\/social-media-feather\/synved-social\/addons\/extra-icons\/image\/social\/circle\/64x64\/facebook.png\" \/><\/a><a class=\"synved-social-button synved-social-button-share synved-social-size-32 synved-social-resolution-single synved-social-provider-twitter nolightbox\" data-provider=\"twitter\" target=\"_blank\" rel=\"nofollow\" title=\"Auf Twitter teilen\" href=\"https:\/\/twitter.com\/intent\/tweet?url=https%3A%2F%2Fferne-welten.com%2Findex.php%3Frest_route%3D%252Fwp%252Fv2%252Fposts%252F240&#038;text=Hey%20check%20this%20out\" style=\"font-size: 0px;width:32px;height:32px;margin:0;margin-bottom:5px;margin-right:5px\"><img loading=\"lazy\" decoding=\"async\" alt=\"twitter\" title=\"Auf Twitter teilen\" class=\"synved-share-image synved-social-image synved-social-image-share\" width=\"32\" height=\"32\" style=\"display: inline;width:32px;height:32px;margin: 0;padding: 0;border: none;box-shadow: none\" src=\"https:\/\/ferne-welten.com\/wp-content\/plugins\/social-media-feather\/synved-social\/addons\/extra-icons\/image\/social\/circle\/64x64\/twitter.png\" \/><\/a><a class=\"synved-social-button synved-social-button-share synved-social-size-32 synved-social-resolution-single synved-social-provider-reddit nolightbox\" data-provider=\"reddit\" target=\"_blank\" rel=\"nofollow\" title=\"Auf Reddit teilen\" href=\"https:\/\/www.reddit.com\/submit?url=https%3A%2F%2Fferne-welten.com%2Findex.php%3Frest_route%3D%252Fwp%252Fv2%252Fposts%252F240&#038;title=Sternstunde%20des%20TV-Journalismus\" style=\"font-size: 0px;width:32px;height:32px;margin:0;margin-bottom:5px;margin-right:5px\"><img loading=\"lazy\" decoding=\"async\" alt=\"reddit\" title=\"Auf Reddit teilen\" class=\"synved-share-image synved-social-image synved-social-image-share\" width=\"32\" height=\"32\" style=\"display: inline;width:32px;height:32px;margin: 0;padding: 0;border: none;box-shadow: none\" src=\"https:\/\/ferne-welten.com\/wp-content\/plugins\/social-media-feather\/synved-social\/addons\/extra-icons\/image\/social\/circle\/64x64\/reddit.png\" \/><\/a><a class=\"synved-social-button synved-social-button-share synved-social-size-32 synved-social-resolution-single synved-social-provider-pinterest nolightbox\" data-provider=\"pinterest\" target=\"_blank\" rel=\"nofollow\" title=\"Auf Pinterest pinnen\" href=\"https:\/\/pinterest.com\/pin\/create\/button\/?url=https%3A%2F%2Fferne-welten.com%2Findex.php%3Frest_route%3D%252Fwp%252Fv2%252Fposts%252F240&#038;media=http%3A%2F%2Fferne-welten.com%2Fwp-content%2Fuploads%2F2015%2F12%2FNEON-The-Returned-1024x665.jpg&#038;description=Sternstunde%20des%20TV-Journalismus\" style=\"font-size: 0px;width:32px;height:32px;margin:0;margin-bottom:5px;margin-right:5px\"><img loading=\"lazy\" decoding=\"async\" alt=\"pinterest\" title=\"Auf Pinterest pinnen\" class=\"synved-share-image synved-social-image synved-social-image-share\" width=\"32\" height=\"32\" style=\"display: inline;width:32px;height:32px;margin: 0;padding: 0;border: none;box-shadow: none\" src=\"https:\/\/ferne-welten.com\/wp-content\/plugins\/social-media-feather\/synved-social\/addons\/extra-icons\/image\/social\/circle\/64x64\/pinterest.png\" \/><\/a><a class=\"synved-social-button synved-social-button-share synved-social-size-32 synved-social-resolution-single synved-social-provider-linkedin nolightbox\" data-provider=\"linkedin\" target=\"_blank\" rel=\"nofollow\" title=\"Auf Linkedin teilen\" href=\"https:\/\/www.linkedin.com\/shareArticle?mini=true&#038;url=https%3A%2F%2Fferne-welten.com%2Findex.php%3Frest_route%3D%252Fwp%252Fv2%252Fposts%252F240&#038;title=Sternstunde%20des%20TV-Journalismus\" style=\"font-size: 0px;width:32px;height:32px;margin:0;margin-bottom:5px;margin-right:5px\"><img loading=\"lazy\" decoding=\"async\" alt=\"linkedin\" title=\"Auf Linkedin teilen\" class=\"synved-share-image synved-social-image synved-social-image-share\" width=\"32\" height=\"32\" style=\"display: inline;width:32px;height:32px;margin: 0;padding: 0;border: none;box-shadow: none\" src=\"https:\/\/ferne-welten.com\/wp-content\/plugins\/social-media-feather\/synved-social\/addons\/extra-icons\/image\/social\/circle\/64x64\/linkedin.png\" \/><\/a><a class=\"synved-social-button synved-social-button-share synved-social-size-32 synved-social-resolution-single synved-social-provider-tumblr nolightbox\" data-provider=\"tumblr\" target=\"_blank\" rel=\"nofollow\" title=\"\u00dcber Tumblr teilen\" href=\"https:\/\/tumblr.com\/share?s=&#038;v=3&#038;t=Sternstunde%20des%20TV-Journalismus&#038;u=https%3A%2F%2Fferne-welten.com%2Findex.php%3Frest_route%3D%252Fwp%252Fv2%252Fposts%252F240\" style=\"font-size: 0px;width:32px;height:32px;margin:0;margin-bottom:5px;margin-right:5px\"><img loading=\"lazy\" decoding=\"async\" alt=\"tumblr\" title=\"\u00dcber Tumblr teilen\" class=\"synved-share-image synved-social-image synved-social-image-share\" width=\"32\" height=\"32\" style=\"display: inline;width:32px;height:32px;margin: 0;padding: 0;border: none;box-shadow: none\" src=\"https:\/\/ferne-welten.com\/wp-content\/plugins\/social-media-feather\/synved-social\/addons\/extra-icons\/image\/social\/circle\/64x64\/tumblr.png\" \/><\/a><a class=\"synved-social-button synved-social-button-share synved-social-size-32 synved-social-resolution-single synved-social-provider-mail nolightbox\" data-provider=\"mail\" rel=\"nofollow\" title=\"Link per Mail weiterleiten\" href=\"mailto:?subject=Sternstunde%20des%20TV-Journalismus&#038;body=Hey%20check%20this%20out:%20https%3A%2F%2Fferne-welten.com%2Findex.php%3Frest_route%3D%252Fwp%252Fv2%252Fposts%252F240\" style=\"font-size: 0px;width:32px;height:32px;margin:0;margin-bottom:5px\"><img loading=\"lazy\" decoding=\"async\" alt=\"mail\" title=\"Link per Mail weiterleiten\" class=\"synved-share-image synved-social-image synved-social-image-share\" width=\"32\" height=\"32\" style=\"display: inline;width:32px;height:32px;margin: 0;padding: 0;border: none;box-shadow: none\" src=\"https:\/\/ferne-welten.com\/wp-content\/plugins\/social-media-feather\/synved-social\/addons\/extra-icons\/image\/social\/circle\/64x64\/mail.png\" \/><\/a>","protected":false},"excerpt":{"rendered":"<p>Im Dezember 2015 empfiehlt ein Redakteur des NEON Magazins die franz\u00f6sische Serie\u00a0&#8222;Les Revenants&#8220;. Der Serientipp endet mit einem falschen\u00a0Hinweis:\u00a0&#8222;Ein US-Remake ist nat\u00fcrlich bereits in der Mache.&#8220;\u00a0H\u00e4tten sich der Redakteur oder seine Redaktion die M\u00fche gemacht, eine Suchmaschine zu verwenden, w\u00e4re&#8230;<br \/><a class=\"read-more-button\" href=\"https:\/\/ferne-welten.com\/?p=240\">Read more<\/a><\/p>\n","protected":false},"author":1,"featured_media":0,"comment_status":"open","ping_status":"open","sticky":false,"template":"","format":"standard","meta":{"footnotes":""},"categories":[61],"tags":[8],"class_list":["post-240","post","type-post","status-publish","format-standard","hentry","category-lesbares","tag-netflix"],"_links":{"self":[{"href":"https:\/\/ferne-welten.com\/index.php?rest_route=\/wp\/v2\/posts\/240","targetHints":{"allow":["GET"]}}],"collection":[{"href":"https:\/\/ferne-welten.com\/index.php?rest_route=\/wp\/v2\/posts"}],"about":[{"href":"https:\/\/ferne-welten.com\/index.php?rest_route=\/wp\/v2\/types\/post"}],"author":[{"embeddable":true,"href":"https:\/\/ferne-welten.com\/index.php?rest_route=\/wp\/v2\/users\/1"}],"replies":[{"embeddable":true,"href":"https:\/\/ferne-welten.com\/index.php?rest_route=%2Fwp%2Fv2%2Fcomments&post=240"}],"version-history":[{"count":17,"href":"https:\/\/ferne-welten.com\/index.php?rest_route=\/wp\/v2\/posts\/240\/revisions"}],"predecessor-version":[{"id":330,"href":"https:\/\/ferne-welten.com\/index.php?rest_route=\/wp\/v2\/posts\/240\/revisions\/330"}],"wp:attachment":[{"href":"https:\/\/ferne-welten.com\/index.php?rest_route=%2Fwp%2Fv2%2Fmedia&parent=240"}],"wp:term":[{"taxonomy":"category","embeddable":true,"href":"https:\/\/ferne-welten.com\/index.php?rest_route=%2Fwp%2Fv2%2Fcategories&post=240"},{"taxonomy":"post_tag","embeddable":true,"href":"https:\/\/ferne-welten.com\/index.php?rest_route=%2Fwp%2Fv2%2Ftags&post=240"}],"curies":[{"name":"wp","href":"https:\/\/api.w.org\/{rel}","templated":true}]}}