{"id":2493,"date":"2018-11-19T09:57:28","date_gmt":"2018-11-19T08:57:28","guid":{"rendered":"http:\/\/ferne-welten.com\/?p=2493"},"modified":"2018-11-19T09:57:28","modified_gmt":"2018-11-19T08:57:28","slug":"nichts-ist-vergessen-niemand-ist-vergessen","status":"publish","type":"post","link":"https:\/\/ferne-welten.com\/?p=2493","title":{"rendered":"Nichts ist vergessen! Niemand ist vergessen!"},"content":{"rendered":"<p style=\"text-align: justify;\">Am 10. November 2018 beteiligten sich ein paar hundert Menschen am Erinnerungsgang, der an die lokalen Ereignisse von 1938 ankn\u00fcpft. Damals trieben Nationalsozialisten j\u00fcdische M\u00e4nner von der Polizeikaserne am Pferdemarkt zum Gerichtsgef\u00e4ngnis, worauf die hiesige Bev\u00f6lkerung mit Begeisterung reagierte. Ein Gro\u00dfteil der Gefangenen fiel der Shoah zum Opfer. Mit dem Gang erinnern Einheimische an die Geschehnisse.<\/p>\n<p style=\"text-align: justify;\">W\u00e4hrend es in den Vorjahren <a href=\"https:\/\/www.mena-watch.com\/erinnerungsgang-oldenburg-kein-platz-fuer-israels-fahne\/\" target=\"_blank\" rel=\"noopener\">Attacken auf Menschen\u00a0<\/a>gab, die sich mit der israelischen Fahne beteiligten, blieben solche Vorf\u00e4lle in diesem Jahr aus. Bekannte Israel-Gegner_innen, die sich dem Boykott des Judenstaates verschrieben haben, beteiligten sich nicht. So konnten Teilnehmer_innen <a href=\"http:\/\/redaktion-bahamas.org\/auswahl\/web44-3.html\" target=\"_blank\" rel=\"noopener\">diese<\/a>\u00a0<em>&#8222;wohl eindeutigste Bekundung eines konkreten Antifaschismus&#8220;<\/em>\u00a0tragen, ohne dass es in diesem Jahr zu verbalen oder gar k\u00f6rperlichen Bel\u00e4stigungen kam.<\/p>\n<p><a href=\"http:\/\/ferne-welten.com\/wp-content\/uploads\/2018\/11\/Erinnerungsgang_OL_18_Israel.jpg\"><img loading=\"lazy\" decoding=\"async\" class=\"aligncenter size-full wp-image-2502\" src=\"http:\/\/ferne-welten.com\/wp-content\/uploads\/2018\/11\/Erinnerungsgang_OL_18_Israel.jpg\" alt=\"\" width=\"1200\" height=\"654\" srcset=\"https:\/\/ferne-welten.com\/wp-content\/uploads\/2018\/11\/Erinnerungsgang_OL_18_Israel.jpg 1200w, https:\/\/ferne-welten.com\/wp-content\/uploads\/2018\/11\/Erinnerungsgang_OL_18_Israel-300x164.jpg 300w, https:\/\/ferne-welten.com\/wp-content\/uploads\/2018\/11\/Erinnerungsgang_OL_18_Israel-768x419.jpg 768w, https:\/\/ferne-welten.com\/wp-content\/uploads\/2018\/11\/Erinnerungsgang_OL_18_Israel-1024x558.jpg 1024w, https:\/\/ferne-welten.com\/wp-content\/uploads\/2018\/11\/Erinnerungsgang_OL_18_Israel-940x512.jpg 940w, https:\/\/ferne-welten.com\/wp-content\/uploads\/2018\/11\/Erinnerungsgang_OL_18_Israel-734x400.jpg 734w\" sizes=\"auto, (max-width: 1200px) 100vw, 1200px\" \/><\/a> <a href=\"http:\/\/ferne-welten.com\/wp-content\/uploads\/2018\/11\/Erinnerungsgang_OL_18_Israel2.jpg\"><img loading=\"lazy\" decoding=\"async\" class=\"aligncenter size-full wp-image-2503\" src=\"http:\/\/ferne-welten.com\/wp-content\/uploads\/2018\/11\/Erinnerungsgang_OL_18_Israel2.jpg\" alt=\"\" width=\"1200\" height=\"679\" srcset=\"https:\/\/ferne-welten.com\/wp-content\/uploads\/2018\/11\/Erinnerungsgang_OL_18_Israel2.jpg 1200w, https:\/\/ferne-welten.com\/wp-content\/uploads\/2018\/11\/Erinnerungsgang_OL_18_Israel2-300x170.jpg 300w, https:\/\/ferne-welten.com\/wp-content\/uploads\/2018\/11\/Erinnerungsgang_OL_18_Israel2-768x435.jpg 768w, https:\/\/ferne-welten.com\/wp-content\/uploads\/2018\/11\/Erinnerungsgang_OL_18_Israel2-1024x579.jpg 1024w, https:\/\/ferne-welten.com\/wp-content\/uploads\/2018\/11\/Erinnerungsgang_OL_18_Israel2-940x532.jpg 940w, https:\/\/ferne-welten.com\/wp-content\/uploads\/2018\/11\/Erinnerungsgang_OL_18_Israel2-707x400.jpg 707w\" sizes=\"auto, (max-width: 1200px) 100vw, 1200px\" \/><\/a><\/p>\n<p style=\"text-align: left;\">Mit der Kritik des deutschen Gedenkens befasst sich derweil ein <a href=\"https:\/\/www.freie-radios.net\/92025\" target=\"_blank\" rel=\"noopener\">h\u00f6renswerter Beitrag<\/a>, der im Radio Corax ausgestrahlt wurde.<\/p>\n<a class=\"synved-social-button synved-social-button-share synved-social-size-32 synved-social-resolution-single synved-social-provider-facebook nolightbox\" data-provider=\"facebook\" target=\"_blank\" rel=\"nofollow\" title=\"Auf Facebook teilen\" href=\"https:\/\/www.facebook.com\/sharer.php?u=https%3A%2F%2Fferne-welten.com%2Findex.php%3Frest_route%3D%252Fwp%252Fv2%252Fposts%252F2493&#038;t=Nichts%20ist%20vergessen%21%20Niemand%20ist%20vergessen%21&#038;s=100&#038;p&#091;url&#093;=https%3A%2F%2Fferne-welten.com%2Findex.php%3Frest_route%3D%252Fwp%252Fv2%252Fposts%252F2493&#038;p&#091;images&#093;&#091;0&#093;=http%3A%2F%2Fferne-welten.com%2Fwp-content%2Fuploads%2F2018%2F11%2FErinnerungsgang_OL_18_Israel2.jpg&#038;p&#091;title&#093;=Nichts%20ist%20vergessen%21%20Niemand%20ist%20vergessen%21\" style=\"font-size: 0px;width:32px;height:32px;margin:0;margin-bottom:5px;margin-right:5px\"><img loading=\"lazy\" decoding=\"async\" alt=\"Facebook\" title=\"Auf Facebook teilen\" class=\"synved-share-image synved-social-image synved-social-image-share\" width=\"32\" height=\"32\" style=\"display: inline;width:32px;height:32px;margin: 0;padding: 0;border: none;box-shadow: none\" src=\"https:\/\/ferne-welten.com\/wp-content\/plugins\/social-media-feather\/synved-social\/addons\/extra-icons\/image\/social\/circle\/64x64\/facebook.png\" \/><\/a><a class=\"synved-social-button synved-social-button-share synved-social-size-32 synved-social-resolution-single synved-social-provider-twitter nolightbox\" data-provider=\"twitter\" target=\"_blank\" rel=\"nofollow\" title=\"Auf Twitter teilen\" href=\"https:\/\/twitter.com\/intent\/tweet?url=https%3A%2F%2Fferne-welten.com%2Findex.php%3Frest_route%3D%252Fwp%252Fv2%252Fposts%252F2493&#038;text=Hey%20check%20this%20out\" style=\"font-size: 0px;width:32px;height:32px;margin:0;margin-bottom:5px;margin-right:5px\"><img loading=\"lazy\" decoding=\"async\" alt=\"twitter\" title=\"Auf Twitter teilen\" class=\"synved-share-image synved-social-image synved-social-image-share\" width=\"32\" height=\"32\" style=\"display: inline;width:32px;height:32px;margin: 0;padding: 0;border: none;box-shadow: none\" src=\"https:\/\/ferne-welten.com\/wp-content\/plugins\/social-media-feather\/synved-social\/addons\/extra-icons\/image\/social\/circle\/64x64\/twitter.png\" \/><\/a><a class=\"synved-social-button synved-social-button-share synved-social-size-32 synved-social-resolution-single synved-social-provider-reddit nolightbox\" data-provider=\"reddit\" target=\"_blank\" rel=\"nofollow\" title=\"Auf Reddit teilen\" href=\"https:\/\/www.reddit.com\/submit?url=https%3A%2F%2Fferne-welten.com%2Findex.php%3Frest_route%3D%252Fwp%252Fv2%252Fposts%252F2493&#038;title=Nichts%20ist%20vergessen%21%20Niemand%20ist%20vergessen%21\" style=\"font-size: 0px;width:32px;height:32px;margin:0;margin-bottom:5px;margin-right:5px\"><img loading=\"lazy\" decoding=\"async\" alt=\"reddit\" title=\"Auf Reddit teilen\" class=\"synved-share-image synved-social-image synved-social-image-share\" width=\"32\" height=\"32\" style=\"display: inline;width:32px;height:32px;margin: 0;padding: 0;border: none;box-shadow: none\" src=\"https:\/\/ferne-welten.com\/wp-content\/plugins\/social-media-feather\/synved-social\/addons\/extra-icons\/image\/social\/circle\/64x64\/reddit.png\" \/><\/a><a class=\"synved-social-button synved-social-button-share synved-social-size-32 synved-social-resolution-single synved-social-provider-pinterest nolightbox\" data-provider=\"pinterest\" target=\"_blank\" rel=\"nofollow\" title=\"Auf Pinterest pinnen\" href=\"https:\/\/pinterest.com\/pin\/create\/button\/?url=https%3A%2F%2Fferne-welten.com%2Findex.php%3Frest_route%3D%252Fwp%252Fv2%252Fposts%252F2493&#038;media=http%3A%2F%2Fferne-welten.com%2Fwp-content%2Fuploads%2F2018%2F11%2FErinnerungsgang_OL_18_Israel2.jpg&#038;description=Nichts%20ist%20vergessen%21%20Niemand%20ist%20vergessen%21\" style=\"font-size: 0px;width:32px;height:32px;margin:0;margin-bottom:5px;margin-right:5px\"><img loading=\"lazy\" decoding=\"async\" alt=\"pinterest\" title=\"Auf Pinterest pinnen\" class=\"synved-share-image synved-social-image synved-social-image-share\" width=\"32\" height=\"32\" style=\"display: inline;width:32px;height:32px;margin: 0;padding: 0;border: none;box-shadow: none\" src=\"https:\/\/ferne-welten.com\/wp-content\/plugins\/social-media-feather\/synved-social\/addons\/extra-icons\/image\/social\/circle\/64x64\/pinterest.png\" \/><\/a><a class=\"synved-social-button synved-social-button-share synved-social-size-32 synved-social-resolution-single synved-social-provider-linkedin nolightbox\" data-provider=\"linkedin\" target=\"_blank\" rel=\"nofollow\" title=\"Auf Linkedin teilen\" href=\"https:\/\/www.linkedin.com\/shareArticle?mini=true&#038;url=https%3A%2F%2Fferne-welten.com%2Findex.php%3Frest_route%3D%252Fwp%252Fv2%252Fposts%252F2493&#038;title=Nichts%20ist%20vergessen%21%20Niemand%20ist%20vergessen%21\" style=\"font-size: 0px;width:32px;height:32px;margin:0;margin-bottom:5px;margin-right:5px\"><img loading=\"lazy\" decoding=\"async\" alt=\"linkedin\" title=\"Auf Linkedin teilen\" class=\"synved-share-image synved-social-image synved-social-image-share\" width=\"32\" height=\"32\" style=\"display: inline;width:32px;height:32px;margin: 0;padding: 0;border: none;box-shadow: none\" src=\"https:\/\/ferne-welten.com\/wp-content\/plugins\/social-media-feather\/synved-social\/addons\/extra-icons\/image\/social\/circle\/64x64\/linkedin.png\" \/><\/a><a class=\"synved-social-button synved-social-button-share synved-social-size-32 synved-social-resolution-single synved-social-provider-tumblr nolightbox\" data-provider=\"tumblr\" target=\"_blank\" rel=\"nofollow\" title=\"\u00dcber Tumblr teilen\" href=\"https:\/\/tumblr.com\/share?s=&#038;v=3&#038;t=Nichts%20ist%20vergessen%21%20Niemand%20ist%20vergessen%21&#038;u=https%3A%2F%2Fferne-welten.com%2Findex.php%3Frest_route%3D%252Fwp%252Fv2%252Fposts%252F2493\" style=\"font-size: 0px;width:32px;height:32px;margin:0;margin-bottom:5px;margin-right:5px\"><img loading=\"lazy\" decoding=\"async\" alt=\"tumblr\" title=\"\u00dcber Tumblr teilen\" class=\"synved-share-image synved-social-image synved-social-image-share\" width=\"32\" height=\"32\" style=\"display: inline;width:32px;height:32px;margin: 0;padding: 0;border: none;box-shadow: none\" src=\"https:\/\/ferne-welten.com\/wp-content\/plugins\/social-media-feather\/synved-social\/addons\/extra-icons\/image\/social\/circle\/64x64\/tumblr.png\" \/><\/a><a class=\"synved-social-button synved-social-button-share synved-social-size-32 synved-social-resolution-single synved-social-provider-mail nolightbox\" data-provider=\"mail\" rel=\"nofollow\" title=\"Link per Mail weiterleiten\" href=\"mailto:?subject=Nichts%20ist%20vergessen%21%20Niemand%20ist%20vergessen%21&#038;body=Hey%20check%20this%20out:%20https%3A%2F%2Fferne-welten.com%2Findex.php%3Frest_route%3D%252Fwp%252Fv2%252Fposts%252F2493\" style=\"font-size: 0px;width:32px;height:32px;margin:0;margin-bottom:5px\"><img loading=\"lazy\" decoding=\"async\" alt=\"mail\" title=\"Link per Mail weiterleiten\" class=\"synved-share-image synved-social-image synved-social-image-share\" width=\"32\" height=\"32\" style=\"display: inline;width:32px;height:32px;margin: 0;padding: 0;border: none;box-shadow: none\" src=\"https:\/\/ferne-welten.com\/wp-content\/plugins\/social-media-feather\/synved-social\/addons\/extra-icons\/image\/social\/circle\/64x64\/mail.png\" \/><\/a>","protected":false},"excerpt":{"rendered":"<p>Am 10. November 2018 beteiligten sich ein paar hundert Menschen am Erinnerungsgang, der an die lokalen Ereignisse von 1938 ankn\u00fcpft. Damals trieben Nationalsozialisten j\u00fcdische M\u00e4nner von der Polizeikaserne am Pferdemarkt zum Gerichtsgef\u00e4ngnis, worauf die hiesige Bev\u00f6lkerung mit Begeisterung reagierte. Ein&#8230;<br \/><a class=\"read-more-button\" href=\"https:\/\/ferne-welten.com\/?p=2493\">Read more<\/a><\/p>\n","protected":false},"author":1,"featured_media":0,"comment_status":"open","ping_status":"open","sticky":false,"template":"","format":"standard","meta":{"footnotes":""},"categories":[88,359],"tags":[107,909,287,93,910],"class_list":["post-2493","post","type-post","status-publish","format-standard","hentry","category-dorfkritik","category-eiskaltland","tag-antisemitismus","tag-erinnerungsgang","tag-israel","tag-oldenburg","tag-shoah"],"_links":{"self":[{"href":"https:\/\/ferne-welten.com\/index.php?rest_route=\/wp\/v2\/posts\/2493","targetHints":{"allow":["GET"]}}],"collection":[{"href":"https:\/\/ferne-welten.com\/index.php?rest_route=\/wp\/v2\/posts"}],"about":[{"href":"https:\/\/ferne-welten.com\/index.php?rest_route=\/wp\/v2\/types\/post"}],"author":[{"embeddable":true,"href":"https:\/\/ferne-welten.com\/index.php?rest_route=\/wp\/v2\/users\/1"}],"replies":[{"embeddable":true,"href":"https:\/\/ferne-welten.com\/index.php?rest_route=%2Fwp%2Fv2%2Fcomments&post=2493"}],"version-history":[{"count":8,"href":"https:\/\/ferne-welten.com\/index.php?rest_route=\/wp\/v2\/posts\/2493\/revisions"}],"predecessor-version":[{"id":2505,"href":"https:\/\/ferne-welten.com\/index.php?rest_route=\/wp\/v2\/posts\/2493\/revisions\/2505"}],"wp:attachment":[{"href":"https:\/\/ferne-welten.com\/index.php?rest_route=%2Fwp%2Fv2%2Fmedia&parent=2493"}],"wp:term":[{"taxonomy":"category","embeddable":true,"href":"https:\/\/ferne-welten.com\/index.php?rest_route=%2Fwp%2Fv2%2Fcategories&post=2493"},{"taxonomy":"post_tag","embeddable":true,"href":"https:\/\/ferne-welten.com\/index.php?rest_route=%2Fwp%2Fv2%2Ftags&post=2493"}],"curies":[{"name":"wp","href":"https:\/\/api.w.org\/{rel}","templated":true}]}}