{"id":2692,"date":"2020-03-18T14:37:46","date_gmt":"2020-03-18T13:37:46","guid":{"rendered":"http:\/\/ferne-welten.com\/?p=2692"},"modified":"2020-03-20T23:59:09","modified_gmt":"2020-03-20T22:59:09","slug":"corona-freude","status":"publish","type":"post","link":"https:\/\/ferne-welten.com\/?p=2692","title":{"rendered":"Corona-Freude"},"content":{"rendered":"<p style=\"text-align: justify;\"><em>&#8222;Es ist sch\u00f6n zu sehen, dass Menschen von ganz alleine in Panik verfallen, wenn die Einschl\u00e4ge n\u00e4her kommen&#8220;.<\/em> So erfreute sich <em>&#8222;Extinction Rebellion Oldenburg&#8220;, <\/em>die eigentlich mit <em>&#8222;friedlichem Ungehorsam auf den drohenden Klimakollaps&#8220; <\/em>aufmerksam machen m\u00f6chte,\u00a0an der derzeitigen Lage. Ihre Facebook-Erkl\u00e4rung vergleicht Menschen, die als <em>&#8222;gr\u00f6\u00dfter Feind&#8220;<\/em> dargestellt werden, mit der Viruserkrankung COVID-19. Nicht nur <a href=\"http:\/\/ferne-welten.com\/wp-content\/uploads\/2020\/03\/Extinction-Rebellion-Oldenburg-Corona-Freude.jpg\" target=\"_blank\" rel=\"noopener noreferrer\">auf<\/a> Facebook begeisterte sich der hiesige Ableger der \u00d6ko-Truppe an der Pandemie.<\/p>\n<p style=\"text-align: justify;\">Mit einem weiteren <a href=\"https:\/\/twitter.com\/eiskaltland\/status\/1240187648100220928\" target=\"_blank\" rel=\"noopener noreferrer\">Instagram-Statement<\/a> wandten sich die hiesigen Aktivist_innen an die \u00d6ffentlichkeit. Dort finden sich ganz \u00e4hnliche Positionen. Jetzt k\u00f6nne <em>&#8222;eine ganze Welt in Panik verfallen und die au\u00dfergew\u00f6hnlichsten Ma\u00dfnahmen ergreifen&#8220;<\/em>, schrieben die Verantwortlichen freudig. &#8222;<em>Nicht der Corona-Virus, sondern wir Menschen als Verursacher des Klimawandels bilden unsere gr\u00f6\u00dfte Bedrohung&#8220;<\/em>, hie\u00df es dort. <em>&#8222;Wir bleiben dran&#8220;<\/em>, drohten die Verantwortlichen zum Abschluss auf beiden Plattformen.<\/p>\n<p style=\"text-align: justify;\">So f\u00fchrt <em>&#8222;Extinction Rebellion&#8220;<\/em> auch in der hiesigen Kleinstadth\u00f6lle ihre Politik fort. Zuvor gr\u00fcndete die deutsche Truppe, die sich in einem Flyer der Polizei <a href=\"https:\/\/twitter.com\/eiskaltland\/status\/1233389923534823424\" target=\"_blank\" rel=\"noopener noreferrer\">andiente<\/a>, einen Chor, der <a href=\"https:\/\/blog.zeit.de\/freitext\/2016\/05\/19\/buchenwald-weimar-dichter-henker-altaras\/\" target=\"_blank\" rel=\"noopener noreferrer\">im<\/a> <em>&#8222;Land der Richter und Henker&#8220;<\/em> mit nationalistischen Phrasen und plumper Panikmache\u00a0 manche Aktionen begleitete: <em>&#8222;K\u00e4mpft f\u00fcr ein lebenswertes Land&#8220;<\/em>, <a href=\"https:\/\/twitter.com\/eiskaltland\/status\/1233385105181356038\" target=\"_blank\" rel=\"noopener noreferrer\">hie\u00df<\/a> es in einem umgedichteten Kinderlied, w\u00e4hrend mit einem anderen Song vor einer bald drohenden<em> &#8222;Apokalypse&#8220;<\/em> <a href=\"http:\/\/ferne-welten.com\/wp-content\/uploads\/2020\/03\/Extinction-Rebellion-OL-Apokalypse.jpg\" target=\"_blank\" rel=\"noopener noreferrer\">gewarnt<\/a> wurde.<\/p>\n<p style=\"text-align: justify;\">Dass diese S\u00e4nger_innen zudem die antifaschistische Partisan_innen-Hymne <em>&#8222;Bella Ciao&#8220;<\/em> durch ihre Umdichtung <a href=\"https:\/\/twitter.com\/eiskaltland\/status\/1233385105181356038\" target=\"_blank\" rel=\"noopener noreferrer\">entwerteten<\/a>, verwundert angesichts der sonstigen Positionen von <em>&#8222;Extinction Rebellion&#8220;<\/em> nicht. Der britische Begr\u00fcnder der menschenfeindlichen Bewegung, Roger Hallam, relativierte schlie\u00dflich gleich mehrfach die Shoa. In einem Interview mit der <em>&#8222;Zeit&#8220;<\/em> verharmloste er das deutsche Menschheitsverbrechen als <em>&#8222;fast normales Ereignis&#8220;.<\/em> Derartige <a href=\"https:\/\/taz.de\/Antisemitismus-bei-Extinction-Rebellion\/!5640088\/\" target=\"_blank\" rel=\"noopener noreferrer\">\u00c4u\u00dferungen<\/a> wiederholte der ideologische F\u00fchrer in Gespr\u00e4chen mit dem <em>&#8222;Spiegel&#8220;<\/em> und der <em>&#8222;Frankfurter Allgemeinen Sonntagszeitung&#8220;. <\/em><\/p>\n<p style=\"text-align: justify;\">Roger Hallam ist keine Ausnahme. Das zeigen die offenbarenden Statements von weiteren Aktivist_innen wie Gail Bradbrook, die gleichfalls Mitgr\u00fcnderin von <em>&#8222;Extinction Rebellion&#8220; <\/em>ist. Die Vordenkerin der autorit\u00e4ren Bewegung, die mit der Angst vor dem Weltuntergang arbeitet, <a href=\"https:\/\/twitter.com\/Alert4_Alert4\/status\/1218922421065015296\" target=\"_blank\" rel=\"noopener noreferrer\">verglich<\/a> in einem <a href=\"https:\/\/twitter.com\/Alert4_Alert4\/status\/1198710935021600768\" target=\"_blank\" rel=\"noopener noreferrer\">Vortrag<\/a> den Einsatz von Zyklon-B in der Shoa mit dem menschengemachten Klimawandel. Zwar distanzierte sich Tino Pfaff, der deutsche Sprecher der Struktur, in einem Interview halbherzig von solchen Ausf\u00fchrungen. Allerdings <a href=\"https:\/\/twitter.com\/Alert4_Alert4\/status\/1199077750121934849\" target=\"_blank\" rel=\"noopener noreferrer\">gelang<\/a> es ihm, nur wenige S\u00e4tze darauf, gleichfalls die Shoa zu relativieren.<\/p>\n<p style=\"text-align: justify;\">Dass solche Positionen f\u00fcr einen v\u00f6lkischen Aktivismus attraktiv sind, offenbaren zustimmende Kommentare aus diesem Spektrum. Auch solche Personen spricht <em>&#8222;Extinction\u00a0 Rebellion&#8220;<\/em> offenbar an. Damit erf\u00fcllt sich ein Traum, den die zur Bewegung geh\u00f6rende <em>&#8222;Umweltanw\u00e4ltin&#8220;<\/em> Farhana Yamin in einem Handbuch <a href=\"https:\/\/twitter.com\/Alert4_Alert4\/status\/1217497717796110336\" target=\"_blank\" rel=\"noopener noreferrer\">umschrieb<\/a>: <em>&#8222;Es ist notwendig, dass alle sich zusammenschlie\u00dfen \u2013 Linke, Rechte und jede politische Couleur dazwischen.&#8220;<\/em> Wortf\u00fchrer_innen von <em>&#8222;Extinction Rebellion&#8220;<\/em>, die von solcher Querfront schw\u00e4rmen, fordern zudem<em>\u00a0&#8222;Kriegswirtschaft&#8220;<\/em> und <em>&#8222;Kriegsmobilierung&#8220;<\/em>.<\/p>\n<p style=\"text-align: justify;\">Die Autorin Jutta Ditfurth wies unter anderem <a href=\"https:\/\/www.facebook.com\/Jutta.Ditfurth\/posts\/2403777453085192\/\" target=\"_blank\" rel=\"noopener noreferrer\">in<\/a> der Monatszeitschrift <em>&#8222;Konkret&#8220;<\/em> darauf hin, dass sich die Vordenker_innen f\u00fcr die sogenannte und menschenfeindliche <em>&#8222;Tiefen\u00f6kologie&#8220;<\/em> begeistern. <em>&#8222;Extinction Rebellion&#8220;<\/em> sei eine \u00f6korassistische und antisemitische <em>&#8222;Weltuntergangssekte&#8220;<\/em>. Die Anf\u00fchrer_innen propagieren menschenfeindliche Ideologien, der offenbar auch die Aktivist_innen aus Oldenburg verfallen sind. Das zeigen die j\u00fcngsten Ausf\u00e4lle des hiesigen Ablegers sehr deutlich.<\/p>\n<div id=\"attachment_2701\" style=\"width: 2058px\" class=\"wp-caption alignnone\"><a href=\"http:\/\/ferne-welten.com\/wp-content\/uploads\/2020\/03\/Extinction-Rebellion-OL-Aufkleber-\u00dcberklebt.jpg\"><img loading=\"lazy\" decoding=\"async\" aria-describedby=\"caption-attachment-2701\" class=\"wp-image-2701 size-full\" src=\"http:\/\/ferne-welten.com\/wp-content\/uploads\/2020\/03\/Extinction-Rebellion-OL-Aufkleber-\u00dcberklebt.jpg\" alt=\"Extinction Rebellion Sticker unter antifaschistischem Aufkleber\" width=\"2048\" height=\"1152\" srcset=\"https:\/\/ferne-welten.com\/wp-content\/uploads\/2020\/03\/Extinction-Rebellion-OL-Aufkleber-\u00dcberklebt.jpg 2048w, https:\/\/ferne-welten.com\/wp-content\/uploads\/2020\/03\/Extinction-Rebellion-OL-Aufkleber-\u00dcberklebt-300x169.jpg 300w, https:\/\/ferne-welten.com\/wp-content\/uploads\/2020\/03\/Extinction-Rebellion-OL-Aufkleber-\u00dcberklebt-1024x576.jpg 1024w, https:\/\/ferne-welten.com\/wp-content\/uploads\/2020\/03\/Extinction-Rebellion-OL-Aufkleber-\u00dcberklebt-768x432.jpg 768w, https:\/\/ferne-welten.com\/wp-content\/uploads\/2020\/03\/Extinction-Rebellion-OL-Aufkleber-\u00dcberklebt-1536x864.jpg 1536w, https:\/\/ferne-welten.com\/wp-content\/uploads\/2020\/03\/Extinction-Rebellion-OL-Aufkleber-\u00dcberklebt-940x529.jpg 940w, https:\/\/ferne-welten.com\/wp-content\/uploads\/2020\/03\/Extinction-Rebellion-OL-Aufkleber-\u00dcberklebt-680x383.jpg 680w, https:\/\/ferne-welten.com\/wp-content\/uploads\/2020\/03\/Extinction-Rebellion-OL-Aufkleber-\u00dcberklebt-711x400.jpg 711w\" sizes=\"auto, (max-width: 2048px) 100vw, 2048px\" \/><\/a><p id=\"caption-attachment-2701\" class=\"wp-caption-text\">&#8222;Extinction Rebellion&#8220; Sticker klebten nicht lange (Alexanderstra\u00dfe, Oldenburg)<\/p><\/div>\n<p style=\"text-align: justify;\">\n<a class=\"synved-social-button synved-social-button-share synved-social-size-32 synved-social-resolution-single synved-social-provider-facebook nolightbox\" data-provider=\"facebook\" target=\"_blank\" rel=\"nofollow\" title=\"Auf Facebook teilen\" href=\"https:\/\/www.facebook.com\/sharer.php?u=https%3A%2F%2Fferne-welten.com%2Findex.php%3Frest_route%3D%252Fwp%252Fv2%252Fposts%252F2692&#038;t=Corona-Freude&#038;s=100&#038;p&#091;url&#093;=https%3A%2F%2Fferne-welten.com%2Findex.php%3Frest_route%3D%252Fwp%252Fv2%252Fposts%252F2692&#038;p&#091;images&#093;&#091;0&#093;=http%3A%2F%2Fferne-welten.com%2Fwp-content%2Fuploads%2F2020%2F03%2FExtinction-Rebellion-OL-Aufkleber-%C3%9Cberklebt.jpg&#038;p&#091;title&#093;=Corona-Freude\" style=\"font-size: 0px;width:32px;height:32px;margin:0;margin-bottom:5px;margin-right:5px\"><img loading=\"lazy\" decoding=\"async\" alt=\"Facebook\" title=\"Auf Facebook teilen\" class=\"synved-share-image synved-social-image synved-social-image-share\" width=\"32\" height=\"32\" style=\"display: inline;width:32px;height:32px;margin: 0;padding: 0;border: none;box-shadow: none\" src=\"https:\/\/ferne-welten.com\/wp-content\/plugins\/social-media-feather\/synved-social\/addons\/extra-icons\/image\/social\/circle\/64x64\/facebook.png\" \/><\/a><a class=\"synved-social-button synved-social-button-share synved-social-size-32 synved-social-resolution-single synved-social-provider-twitter nolightbox\" data-provider=\"twitter\" target=\"_blank\" rel=\"nofollow\" title=\"Auf Twitter teilen\" href=\"https:\/\/twitter.com\/intent\/tweet?url=https%3A%2F%2Fferne-welten.com%2Findex.php%3Frest_route%3D%252Fwp%252Fv2%252Fposts%252F2692&#038;text=Hey%20check%20this%20out\" style=\"font-size: 0px;width:32px;height:32px;margin:0;margin-bottom:5px;margin-right:5px\"><img loading=\"lazy\" decoding=\"async\" alt=\"twitter\" title=\"Auf Twitter teilen\" class=\"synved-share-image synved-social-image synved-social-image-share\" width=\"32\" height=\"32\" style=\"display: inline;width:32px;height:32px;margin: 0;padding: 0;border: none;box-shadow: none\" src=\"https:\/\/ferne-welten.com\/wp-content\/plugins\/social-media-feather\/synved-social\/addons\/extra-icons\/image\/social\/circle\/64x64\/twitter.png\" \/><\/a><a class=\"synved-social-button synved-social-button-share synved-social-size-32 synved-social-resolution-single synved-social-provider-reddit nolightbox\" data-provider=\"reddit\" target=\"_blank\" rel=\"nofollow\" title=\"Auf Reddit teilen\" href=\"https:\/\/www.reddit.com\/submit?url=https%3A%2F%2Fferne-welten.com%2Findex.php%3Frest_route%3D%252Fwp%252Fv2%252Fposts%252F2692&#038;title=Corona-Freude\" style=\"font-size: 0px;width:32px;height:32px;margin:0;margin-bottom:5px;margin-right:5px\"><img loading=\"lazy\" decoding=\"async\" alt=\"reddit\" title=\"Auf Reddit teilen\" class=\"synved-share-image synved-social-image synved-social-image-share\" width=\"32\" height=\"32\" style=\"display: inline;width:32px;height:32px;margin: 0;padding: 0;border: none;box-shadow: none\" src=\"https:\/\/ferne-welten.com\/wp-content\/plugins\/social-media-feather\/synved-social\/addons\/extra-icons\/image\/social\/circle\/64x64\/reddit.png\" \/><\/a><a class=\"synved-social-button synved-social-button-share synved-social-size-32 synved-social-resolution-single synved-social-provider-pinterest nolightbox\" data-provider=\"pinterest\" target=\"_blank\" rel=\"nofollow\" title=\"Auf Pinterest pinnen\" href=\"https:\/\/pinterest.com\/pin\/create\/button\/?url=https%3A%2F%2Fferne-welten.com%2Findex.php%3Frest_route%3D%252Fwp%252Fv2%252Fposts%252F2692&#038;media=http%3A%2F%2Fferne-welten.com%2Fwp-content%2Fuploads%2F2020%2F03%2FExtinction-Rebellion-OL-Aufkleber-%C3%9Cberklebt.jpg&#038;description=Corona-Freude\" style=\"font-size: 0px;width:32px;height:32px;margin:0;margin-bottom:5px;margin-right:5px\"><img loading=\"lazy\" decoding=\"async\" alt=\"pinterest\" title=\"Auf Pinterest pinnen\" class=\"synved-share-image synved-social-image synved-social-image-share\" width=\"32\" height=\"32\" style=\"display: inline;width:32px;height:32px;margin: 0;padding: 0;border: none;box-shadow: none\" src=\"https:\/\/ferne-welten.com\/wp-content\/plugins\/social-media-feather\/synved-social\/addons\/extra-icons\/image\/social\/circle\/64x64\/pinterest.png\" \/><\/a><a class=\"synved-social-button synved-social-button-share synved-social-size-32 synved-social-resolution-single synved-social-provider-linkedin nolightbox\" data-provider=\"linkedin\" target=\"_blank\" rel=\"nofollow\" title=\"Auf Linkedin teilen\" href=\"https:\/\/www.linkedin.com\/shareArticle?mini=true&#038;url=https%3A%2F%2Fferne-welten.com%2Findex.php%3Frest_route%3D%252Fwp%252Fv2%252Fposts%252F2692&#038;title=Corona-Freude\" style=\"font-size: 0px;width:32px;height:32px;margin:0;margin-bottom:5px;margin-right:5px\"><img loading=\"lazy\" decoding=\"async\" alt=\"linkedin\" title=\"Auf Linkedin teilen\" class=\"synved-share-image synved-social-image synved-social-image-share\" width=\"32\" height=\"32\" style=\"display: inline;width:32px;height:32px;margin: 0;padding: 0;border: none;box-shadow: none\" src=\"https:\/\/ferne-welten.com\/wp-content\/plugins\/social-media-feather\/synved-social\/addons\/extra-icons\/image\/social\/circle\/64x64\/linkedin.png\" \/><\/a><a class=\"synved-social-button synved-social-button-share synved-social-size-32 synved-social-resolution-single synved-social-provider-tumblr nolightbox\" data-provider=\"tumblr\" target=\"_blank\" rel=\"nofollow\" title=\"\u00dcber Tumblr teilen\" href=\"https:\/\/tumblr.com\/share?s=&#038;v=3&#038;t=Corona-Freude&#038;u=https%3A%2F%2Fferne-welten.com%2Findex.php%3Frest_route%3D%252Fwp%252Fv2%252Fposts%252F2692\" style=\"font-size: 0px;width:32px;height:32px;margin:0;margin-bottom:5px;margin-right:5px\"><img loading=\"lazy\" decoding=\"async\" alt=\"tumblr\" title=\"\u00dcber Tumblr teilen\" class=\"synved-share-image synved-social-image synved-social-image-share\" width=\"32\" height=\"32\" style=\"display: inline;width:32px;height:32px;margin: 0;padding: 0;border: none;box-shadow: none\" src=\"https:\/\/ferne-welten.com\/wp-content\/plugins\/social-media-feather\/synved-social\/addons\/extra-icons\/image\/social\/circle\/64x64\/tumblr.png\" \/><\/a><a class=\"synved-social-button synved-social-button-share synved-social-size-32 synved-social-resolution-single synved-social-provider-mail nolightbox\" data-provider=\"mail\" rel=\"nofollow\" title=\"Link per Mail weiterleiten\" href=\"mailto:?subject=Corona-Freude&#038;body=Hey%20check%20this%20out:%20https%3A%2F%2Fferne-welten.com%2Findex.php%3Frest_route%3D%252Fwp%252Fv2%252Fposts%252F2692\" style=\"font-size: 0px;width:32px;height:32px;margin:0;margin-bottom:5px\"><img loading=\"lazy\" decoding=\"async\" alt=\"mail\" title=\"Link per Mail weiterleiten\" class=\"synved-share-image synved-social-image synved-social-image-share\" width=\"32\" height=\"32\" style=\"display: inline;width:32px;height:32px;margin: 0;padding: 0;border: none;box-shadow: none\" src=\"https:\/\/ferne-welten.com\/wp-content\/plugins\/social-media-feather\/synved-social\/addons\/extra-icons\/image\/social\/circle\/64x64\/mail.png\" \/><\/a>","protected":false},"excerpt":{"rendered":"<p>&#8222;Es ist sch\u00f6n zu sehen, dass Menschen von ganz alleine in Panik verfallen, wenn die Einschl\u00e4ge n\u00e4her kommen&#8220;. So erfreute sich &#8222;Extinction Rebellion Oldenburg&#8220;, die eigentlich mit &#8222;friedlichem Ungehorsam auf den drohenden Klimakollaps&#8220; aufmerksam machen m\u00f6chte,\u00a0an der derzeitigen Lage. Ihre&#8230;<br \/><a class=\"read-more-button\" href=\"https:\/\/ferne-welten.com\/?p=2692\">Read more<\/a><\/p>\n","protected":false},"author":1,"featured_media":0,"comment_status":"open","ping_status":"open","sticky":false,"template":"","format":"standard","meta":{"footnotes":""},"categories":[88,359,79],"tags":[107,927,928,934,937,936,938,93,399,551,935],"class_list":["post-2692","post","type-post","status-publish","format-standard","hentry","category-dorfkritik","category-eiskaltland","category-mythen","tag-antisemitismus","tag-corona","tag-covid19","tag-extinction-rebellion","tag-farhana-yamin","tag-gail-bradbrook","tag-oekorassismus","tag-oldenburg","tag-querfront","tag-rassismus","tag-roger-hallam"],"_links":{"self":[{"href":"https:\/\/ferne-welten.com\/index.php?rest_route=\/wp\/v2\/posts\/2692","targetHints":{"allow":["GET"]}}],"collection":[{"href":"https:\/\/ferne-welten.com\/index.php?rest_route=\/wp\/v2\/posts"}],"about":[{"href":"https:\/\/ferne-welten.com\/index.php?rest_route=\/wp\/v2\/types\/post"}],"author":[{"embeddable":true,"href":"https:\/\/ferne-welten.com\/index.php?rest_route=\/wp\/v2\/users\/1"}],"replies":[{"embeddable":true,"href":"https:\/\/ferne-welten.com\/index.php?rest_route=%2Fwp%2Fv2%2Fcomments&post=2692"}],"version-history":[{"count":20,"href":"https:\/\/ferne-welten.com\/index.php?rest_route=\/wp\/v2\/posts\/2692\/revisions"}],"predecessor-version":[{"id":2734,"href":"https:\/\/ferne-welten.com\/index.php?rest_route=\/wp\/v2\/posts\/2692\/revisions\/2734"}],"wp:attachment":[{"href":"https:\/\/ferne-welten.com\/index.php?rest_route=%2Fwp%2Fv2%2Fmedia&parent=2692"}],"wp:term":[{"taxonomy":"category","embeddable":true,"href":"https:\/\/ferne-welten.com\/index.php?rest_route=%2Fwp%2Fv2%2Fcategories&post=2692"},{"taxonomy":"post_tag","embeddable":true,"href":"https:\/\/ferne-welten.com\/index.php?rest_route=%2Fwp%2Fv2%2Ftags&post=2692"}],"curies":[{"name":"wp","href":"https:\/\/api.w.org\/{rel}","templated":true}]}}