{"id":2941,"date":"2021-02-26T03:03:24","date_gmt":"2021-02-26T02:03:24","guid":{"rendered":"http:\/\/ferne-welten.com\/?p=2941"},"modified":"2021-06-09T00:15:30","modified_gmt":"2021-06-08T23:15:30","slug":"schuldabwehr-im-weltkriegstempel","status":"publish","type":"post","link":"https:\/\/ferne-welten.com\/?p=2941","title":{"rendered":"Schuldabwehr im Weltkriegstempel"},"content":{"rendered":"<p style=\"text-align: justify;\">Zum <em>&#8222;Volkstrauertag&#8220;<\/em> gedenkt die Stadt Oldenburg einer <em>&#8222;unvergessenen deutschen Stadt im Osten&#8220;<\/em>. Mit ihrem Kranz kn\u00fcpft sie an die jahrzehntelange Propaganda von selbsternannten und sogenannten <em>&#8222;Heimatvertriebenen&#8220;<\/em> an, welche die lokale Geschichte nach 1945 entscheidend pr\u00e4gten. Der geschichtsrevisionistische <em>&#8222;Leobsch\u00fctzstein&#8220;<\/em>, den <a href=\"http:\/\/ferne-welten.com\/?p=2934\" target=\"_blank\" rel=\"noopener\">die Stadt jedes Jahr schm\u00fcckt<\/a><em>,<\/em> verh\u00f6hnt die Opfer des Nationalsozialismus, deren Mahnmale nur einige Fu\u00dfschritte entfernt gelegen sind. An einem anderen Ort, der sich ebenfalls in Oldenburg befindet, gedenkt das deutsche B\u00fcrgertum derweil dem Sterben von vorher mordenden Wehrmachts- und Reichsheer-Soldaten.<\/p>\n<h4 style=\"text-align: justify;\"><strong>Von Inszenierungen und Idealisierungen\u00a0<\/strong><\/h4>\n<p style=\"text-align: justify;\">Zum <em>&#8222;Volkstrauertag&#8220;<\/em> versammeln sich Verantwortliche der hiesigen Zivilgesellschaft an einer weiteren Gedenkst\u00e4tte, die gut zum geschichtsrevisionistischen <em>&#8222;Leobsch\u00fctzstein&#8220;<\/em> passt. Das im nicht weit entfernten Stadtteil Eversten befindliche Bauwerk, eine <em>&#8222;Ringpfeilerhalle&#8220;<\/em>, glorifiziert das Sterben deutscher Soldaten, die in den Weltkriegen mordeten. In der dortigen Anlage deponiert ein Mitglied vom \u00f6rtlichen <em>&#8222;B\u00fcrgerverein&#8220;<\/em> jedes Jahr einen gro\u00dfen Kranz, um auch den gefallenen Deutschen zu erinnern, die zwischen 1939 und 1945 als Teil der nationalsozialistischen Vernichtungsmaschinerie dienten.<\/p>\n<p style=\"text-align: justify;\">Das makabre Spektakel fand bis 2020 im Rahmen einer gruseligen <em>&#8222;Gedenkfeier&#8220;<\/em> statt. Derweil inszeniert die Stadt den Ort, der den hiesigen <em>&#8222;Opfern&#8220;<\/em> (!) beider Weltkriege gewidmet ist, f\u00fcr Besuchende. An der neben einer Autobahnausfahrt gelegenen Anlage steht daher eine <em>&#8222;Informationsvitrine&#8220;<\/em>, die der <em>&#8222;Oberb\u00fcrgermeister der Stadt Oldenburg&#8220;<\/em> verantwortet. Die <em>&#8222;durch ein studentisches Projekt an der Carl von Ossietzky Universit\u00e4t Oldenburg&#8220;<\/em> <a href=\"https:\/\/anonym.to\/?https:\/\/www.nwzonline.de\/oldenburg\/kultur\/eversten-geschichte-uni-projekt-erklaert-ringpfeilerhalle-in-eversten_a_50,6,2304048803.html\" target=\"_blank\" rel=\"noopener\">gestaltete Erkl\u00e4rung<\/a> idealisiert den r\u00f6tlichen Rundbau aus deutscher Vergangenheit. Ein hiesiger Historiker, <a href=\"https:\/\/uol.de\/georg-goetz\" target=\"_blank\" rel=\"noopener\">Georg G\u00f6tz<\/a>, nutzt feierliche Worte, die der st\u00e4dtisch-studentische Werbetext zitiert.<\/p>\n<p style=\"text-align: justify;\"><a href=\"http:\/\/ferne-welten.com\/wp-content\/uploads\/2021\/02\/Deutsches-NS-Gedenken-Eversten1.jpg\"><img loading=\"lazy\" decoding=\"async\" class=\"aligncenter size-full wp-image-2961\" src=\"http:\/\/ferne-welten.com\/wp-content\/uploads\/2021\/02\/Deutsches-NS-Gedenken-Eversten1.jpg\" alt=\"Ringpfeilerhalle in Oldenburg Eversten\" width=\"1280\" height=\"960\" srcset=\"https:\/\/ferne-welten.com\/wp-content\/uploads\/2021\/02\/Deutsches-NS-Gedenken-Eversten1.jpg 1280w, https:\/\/ferne-welten.com\/wp-content\/uploads\/2021\/02\/Deutsches-NS-Gedenken-Eversten1-300x225.jpg 300w, https:\/\/ferne-welten.com\/wp-content\/uploads\/2021\/02\/Deutsches-NS-Gedenken-Eversten1-1024x768.jpg 1024w, https:\/\/ferne-welten.com\/wp-content\/uploads\/2021\/02\/Deutsches-NS-Gedenken-Eversten1-768x576.jpg 768w, https:\/\/ferne-welten.com\/wp-content\/uploads\/2021\/02\/Deutsches-NS-Gedenken-Eversten1-940x705.jpg 940w, https:\/\/ferne-welten.com\/wp-content\/uploads\/2021\/02\/Deutsches-NS-Gedenken-Eversten1-533x400.jpg 533w\" sizes=\"auto, (max-width: 1280px) 100vw, 1280px\" \/><\/a><\/p>\n<h4 style=\"text-align: justify;\"><strong>Der Forscher und die <em>&#8222;Flamme&#8220;<\/em><\/strong><\/h4>\n<p style=\"text-align: justify;\">An der <em>&#8222;Ringpfeilerhalle&#8220;<\/em>, einem deutschen <em>&#8222;Kriegerdenkmal&#8220;<\/em> von 1925, erfahren Besuchende wegen der Studierenden und der Stadt, dass sie und die Pfeiler des Geb\u00e4udes <em>&#8222;mit den Toten, die durch die Gedenktafeln symbolisiert werden, einen Kreis bilden&#8220;<\/em>. Im <a href=\"http:\/\/ferne-welten.com\/wp-content\/uploads\/2021\/02\/Ringpfeilerhalle-Oldenburg-Eversten-Infotafel-Deutscher-Heldenkult.jpg\" target=\"_blank\" rel=\"noopener\">zentralen Zitat schw\u00e4rmt<\/a> der Forscher von dem Ort, der ihm eine <em>&#8222;ewige Flamme im Gedenken&#8220; <\/em><a href=\"http:\/\/ferne-welten.com\/wp-content\/uploads\/2021\/02\/Georg-Goetz-Relativierung-Ringpfeilerhalle.jpg\" target=\"_blank\" rel=\"noopener\">bietet<\/a>, die <em>&#8222;Lebende wie Tote (&#8230;) im Gedenken&#8220;<\/em> vereint. Indem Georg G\u00f6tz das schon vor fast 100 Jahren von v\u00f6lkischen Kr\u00e4ften geforderte <em>&#8222;Kriegerdenkmal&#8220; <\/em>wie in seinem <a href=\"http:\/\/digital.lb-oldenburg.de\/download\/pdf\/232345?name=Georg%20G%C3%B6tz%20Der%20Typus%20der%20Ringpfeilerhalle%20als%20Kriegerdenkmal%20im%20Oldenburger%20Land\" target=\"_blank\" rel=\"noopener\">Aufsatz<\/a> zum <em>&#8222;Typus der Ringpfeilerhalle im Oldenburger Land&#8220;<\/em> <a href=\"http:\/\/ferne-welten.com\/wp-content\/uploads\/2021\/02\/Georg-Goetz-Idealisierung-Ringpfeilerhalle.jpg\" target=\"_blank\" rel=\"noopener\">idealisiert<\/a>, erlebt der einer Querfront aus Sozialdemokratie und rechtem B\u00fcrgertum zu verdankende Bau, der deutschen Opfermythen dient, auch in der Gegenwart eine entsprechende \u00dcberh\u00f6hung.<\/p>\n<p style=\"text-align: justify;\">Das Innere der <em>&#8222;Ringpfeilerhalle&#8220;<\/em>, die laut G\u00f6tz eine transzendierende Gemeinschaft aus Lebenden und Verstorbenen zusammenbringt, dominiert ein graues Kreuz, auf dem sich eine erschreckende Inschrift befindet: <em>&#8222;Ihr Sterben war ihres Lebens gr\u00f6\u00dfte Tat&#8220;<\/em>, hei\u00dft es in der aus r\u00f6tlichen Steinen gemauerten Anlage, die bis heute ihre Funktion als St\u00e4tte des deutschen Heldenkults erf\u00fcllt. Dass diese deutsche Heldenphrase sich selbst f\u00fcr die rechtskonservative Lokapostille nicht mit<em> &#8222;unseren Kenntnissen \u00fcber die beiden Weltkriege (&#8230;) vereinbaren&#8220;<\/em> <a href=\"https:\/\/anonym.to\/?https:\/\/www.nwzonline.de\/oldenburg\/kultur\/eversten-geschichte-uni-projekt-erklaert-ringpfeilerhalle-in-eversten_a_50,6,2304048803.html\" target=\"_blank\" rel=\"noopener\">l\u00e4sst<\/a>, scheint vor Ort aber nicht zu st\u00f6ren.<\/p>\n<p style=\"text-align: justify;\">Die 2019 entwickelte Darstellung der <em>&#8222;Informationsvitrine&#8220;<\/em> bezieht sich stattdessen erneut auf Georg G\u00f6tz. Ihm <em>&#8222;erscheint&#8220; <\/em>(sic!) die 1953 hinzugef\u00fcgte Heldenparole <em>&#8222;heute fragw\u00fcrdig&#8220;<\/em>. So <a href=\"https:\/\/ferne-welten.com\/wp-content\/uploads\/2021\/02\/Georg-Goetz-Relativierung-Ringpfeilerhalle.jpg\" target=\"_blank\" rel=\"noopener\">lehrt<\/a> dieser Forscher \u00fcber die v\u00f6lkische Phrase im <em>&#8222;Kriegerdenkmal&#8220;<\/em>. G\u00f6tz schreibt nicht, dass die Parole wie nachtr\u00e4gliche NS-Propaganda aus postnazistischen Adenauer-Zeiten klingt.<\/p>\n<p style=\"text-align: justify;\"><a href=\"http:\/\/ferne-welten.com\/wp-content\/uploads\/2021\/02\/Deutsches-NS-Gedenken-Eversten2.jpg\"><img loading=\"lazy\" decoding=\"async\" class=\"aligncenter size-full wp-image-2963\" src=\"http:\/\/ferne-welten.com\/wp-content\/uploads\/2021\/02\/Deutsches-NS-Gedenken-Eversten2.jpg\" alt=\"Heldenkult in der Ringpfeilerhalle zu Oldenburg Eversten\" width=\"1280\" height=\"960\" srcset=\"https:\/\/ferne-welten.com\/wp-content\/uploads\/2021\/02\/Deutsches-NS-Gedenken-Eversten2.jpg 1280w, https:\/\/ferne-welten.com\/wp-content\/uploads\/2021\/02\/Deutsches-NS-Gedenken-Eversten2-300x225.jpg 300w, https:\/\/ferne-welten.com\/wp-content\/uploads\/2021\/02\/Deutsches-NS-Gedenken-Eversten2-1024x768.jpg 1024w, https:\/\/ferne-welten.com\/wp-content\/uploads\/2021\/02\/Deutsches-NS-Gedenken-Eversten2-768x576.jpg 768w, https:\/\/ferne-welten.com\/wp-content\/uploads\/2021\/02\/Deutsches-NS-Gedenken-Eversten2-940x705.jpg 940w, https:\/\/ferne-welten.com\/wp-content\/uploads\/2021\/02\/Deutsches-NS-Gedenken-Eversten2-533x400.jpg 533w\" sizes=\"auto, (max-width: 1280px) 100vw, 1280px\" \/><\/a><\/p>\n<h4 style=\"text-align: justify;\"><strong>Trauerfeiern f\u00fcr deutsche T\u00e4ter<\/strong><\/h4>\n<p style=\"text-align: justify;\">Auch im neuen Jahrtausend nutzen Nachfahren von NS-Soldaten ihren <em>&#8222;offenen Rundtempel&#8220;<\/em>, um dem deutschen Opfermythos mit einer Kranzniederlegung zu fr\u00f6nen. Zum <em>&#8222;Volkstrauertag&#8220;<\/em>, der in Deutschland zuallererst der praktischen Schuldabwehr dient, befestigt ein Mitglied vom \u00f6rtlichen <em>&#8222;B\u00fcrgerverein Oldenburg-Eversten e.V.&#8220;<\/em> daher Jahr f\u00fcr Jahr ein gro\u00dfes Tannengesteck. Die Schleife gedenkt den deutschen Soldaten der Weltkriege. So heroisieren die Nachfahren in Oldenburg weiterhin Angeh\u00f6rige der verbrecherischen Wehrmacht.<\/p>\n<p style=\"text-align: justify;\">Dass <em>&#8222;Vereine Everstens&#8220;<\/em> am <em>&#8222;Volkstrauertag&#8220;<\/em> den Soldaten der den Vernichtungskrieg praktizierenden Wehrmacht sowie den mordenden Truppen des <a href=\"http:\/\/www.mlwerke.de\/lu\/luf_4.htm\" target=\"_blank\" rel=\"noopener\">wilhelminischen Imperialismus<\/a> gedenken, unterst\u00fctzen offenbar diverse Einrichtungen der deutschen Zivilgemeinschaft. In der j\u00fcngeren Vergangenheit fanden sich beispielsweise strammstehende Mitglieder der \u00f6rtlichen Berufsfeuerwehr und and\u00e4chtige Angeh\u00f6rige des st\u00e4dtischen <em>&#8222;Markt-Managements&#8220;<\/em> zu einer <em>&#8222;Gedenkfeier&#8220;<\/em> mit Kranzaufh\u00e4ngung zusammen. Die <em>&#8222;Nordwest Zeitung&#8220;<\/em> ver\u00f6ffentlichte <a href=\"https:\/\/anonym.to\/?https:\/\/www.nwzonline.de\/oldenburg\/kranz-niedergelegt_g_20,0,883177903.html\" target=\"_blank\" rel=\"noopener\">eine Fotoserie<\/a>, die das damalige Gedenkkollektiv in <a href=\"https:\/\/anonym.to\/?https:\/\/www.nwzonline.de\/oldenburg\/kultur\/eversten-geschichte-uni-projekt-erklaert-ringpfeilerhalle-in-eversten_a_50,6,2304048803.html\">diesem<\/a> <em>&#8222;Bestandteil der Everster Stadtteilkultur&#8220;<\/em> bei <a href=\"https:\/\/anonym.to\/?https:\/\/www.nwzonline.de\/oldenburg\/kranz-niedergelegt_g_20,0,883177903.html\" target=\"_blank\" rel=\"noopener\">der Schuldabwehr <\/a>zeigt.<\/p>\n<p style=\"text-align: justify;\"><a href=\"http:\/\/ferne-welten.com\/wp-content\/uploads\/2021\/02\/Deutsches-NS-Gedenken-Eversten4.jpg\"><img loading=\"lazy\" decoding=\"async\" class=\"size-full wp-image-2962\" src=\"http:\/\/ferne-welten.com\/wp-content\/uploads\/2021\/02\/Deutsches-NS-Gedenken-Eversten4.jpg\" alt=\"Kranz in der Ringpfeilherhalle in Oldenburg Eversten\" width=\"1280\" height=\"960\" srcset=\"https:\/\/ferne-welten.com\/wp-content\/uploads\/2021\/02\/Deutsches-NS-Gedenken-Eversten4.jpg 1280w, https:\/\/ferne-welten.com\/wp-content\/uploads\/2021\/02\/Deutsches-NS-Gedenken-Eversten4-300x225.jpg 300w, https:\/\/ferne-welten.com\/wp-content\/uploads\/2021\/02\/Deutsches-NS-Gedenken-Eversten4-1024x768.jpg 1024w, https:\/\/ferne-welten.com\/wp-content\/uploads\/2021\/02\/Deutsches-NS-Gedenken-Eversten4-768x576.jpg 768w, https:\/\/ferne-welten.com\/wp-content\/uploads\/2021\/02\/Deutsches-NS-Gedenken-Eversten4-940x705.jpg 940w, https:\/\/ferne-welten.com\/wp-content\/uploads\/2021\/02\/Deutsches-NS-Gedenken-Eversten4-533x400.jpg 533w\" sizes=\"auto, (max-width: 1280px) 100vw, 1280px\" \/><\/a><\/p>\n<h4 style=\"text-align: justify;\"><strong>Die Stadt und ihr Weltkriegstempel\u00a0<\/strong><\/h4>\n<p style=\"text-align: justify;\">Soldaten, die aus Stadtteilen wie Eversten oder Moslesfehn in die von Deutschland verbrochenen Weltkriege marschierten, erinnerte der<em> &#8222;B\u00fcrgerverein&#8220; <\/em>aus Eversten auch 2020, wobei die Kranzaufh\u00e4ngung aufgrund der Pandemie ohne <em>&#8222;Gedenkfeier&#8220;<\/em> auskommen musste. Dass die Struktur des B\u00fcrgertums im deutschen Gedenken des ersten Corona-Jahres s\u00e4mtliche Bewohner des Stadtteiles vereinnahmte, die auf der rechten Schleife des deutschen Kranzes aufgef\u00fchrt wurden, muss nicht verwundern. Es gibt keine Proteste gegen den militaristischen Bau, der den Stadtteil seit fast 100 Jahren verunstaltet. Stattdessen sichert die Stadt Oldenburg, die schon die Errichtung des Unget\u00fcms teilfinanzierte, noch im 21. Jahrhundert den Erhalt des <em>&#8222;Kriegerdenkmales&#8220;<\/em>, das sp\u00e4testens seit 1953 vor allem der Huldigung von gefallenen Wehrmachtssoldaten dient.<\/p>\n<a class=\"synved-social-button synved-social-button-share synved-social-size-32 synved-social-resolution-single synved-social-provider-facebook nolightbox\" data-provider=\"facebook\" target=\"_blank\" rel=\"nofollow\" title=\"Auf Facebook teilen\" href=\"https:\/\/www.facebook.com\/sharer.php?u=https%3A%2F%2Fferne-welten.com%2Findex.php%3Frest_route%3D%252Fwp%252Fv2%252Fposts%252F2941&#038;t=Schuldabwehr%20im%20Weltkriegstempel&#038;s=100&#038;p&#091;url&#093;=https%3A%2F%2Fferne-welten.com%2Findex.php%3Frest_route%3D%252Fwp%252Fv2%252Fposts%252F2941&#038;p&#091;images&#093;&#091;0&#093;=http%3A%2F%2Fferne-welten.com%2Fwp-content%2Fuploads%2F2021%2F02%2FDeutsches-NS-Gedenken-Eversten1.jpg&#038;p&#091;title&#093;=Schuldabwehr%20im%20Weltkriegstempel\" style=\"font-size: 0px;width:32px;height:32px;margin:0;margin-bottom:5px;margin-right:5px\"><img loading=\"lazy\" decoding=\"async\" alt=\"Facebook\" title=\"Auf Facebook teilen\" class=\"synved-share-image synved-social-image synved-social-image-share\" width=\"32\" height=\"32\" style=\"display: inline;width:32px;height:32px;margin: 0;padding: 0;border: none;box-shadow: none\" src=\"https:\/\/ferne-welten.com\/wp-content\/plugins\/social-media-feather\/synved-social\/addons\/extra-icons\/image\/social\/circle\/64x64\/facebook.png\" \/><\/a><a class=\"synved-social-button synved-social-button-share synved-social-size-32 synved-social-resolution-single synved-social-provider-twitter nolightbox\" data-provider=\"twitter\" target=\"_blank\" rel=\"nofollow\" title=\"Auf Twitter teilen\" href=\"https:\/\/twitter.com\/intent\/tweet?url=https%3A%2F%2Fferne-welten.com%2Findex.php%3Frest_route%3D%252Fwp%252Fv2%252Fposts%252F2941&#038;text=Hey%20check%20this%20out\" style=\"font-size: 0px;width:32px;height:32px;margin:0;margin-bottom:5px;margin-right:5px\"><img loading=\"lazy\" decoding=\"async\" alt=\"twitter\" title=\"Auf Twitter teilen\" class=\"synved-share-image synved-social-image synved-social-image-share\" width=\"32\" height=\"32\" style=\"display: inline;width:32px;height:32px;margin: 0;padding: 0;border: none;box-shadow: none\" src=\"https:\/\/ferne-welten.com\/wp-content\/plugins\/social-media-feather\/synved-social\/addons\/extra-icons\/image\/social\/circle\/64x64\/twitter.png\" \/><\/a><a class=\"synved-social-button synved-social-button-share synved-social-size-32 synved-social-resolution-single synved-social-provider-reddit nolightbox\" data-provider=\"reddit\" target=\"_blank\" rel=\"nofollow\" title=\"Auf Reddit teilen\" href=\"https:\/\/www.reddit.com\/submit?url=https%3A%2F%2Fferne-welten.com%2Findex.php%3Frest_route%3D%252Fwp%252Fv2%252Fposts%252F2941&#038;title=Schuldabwehr%20im%20Weltkriegstempel\" style=\"font-size: 0px;width:32px;height:32px;margin:0;margin-bottom:5px;margin-right:5px\"><img loading=\"lazy\" decoding=\"async\" alt=\"reddit\" title=\"Auf Reddit teilen\" class=\"synved-share-image synved-social-image synved-social-image-share\" width=\"32\" height=\"32\" style=\"display: inline;width:32px;height:32px;margin: 0;padding: 0;border: none;box-shadow: none\" src=\"https:\/\/ferne-welten.com\/wp-content\/plugins\/social-media-feather\/synved-social\/addons\/extra-icons\/image\/social\/circle\/64x64\/reddit.png\" \/><\/a><a class=\"synved-social-button synved-social-button-share synved-social-size-32 synved-social-resolution-single synved-social-provider-pinterest nolightbox\" data-provider=\"pinterest\" target=\"_blank\" rel=\"nofollow\" title=\"Auf Pinterest pinnen\" href=\"https:\/\/pinterest.com\/pin\/create\/button\/?url=https%3A%2F%2Fferne-welten.com%2Findex.php%3Frest_route%3D%252Fwp%252Fv2%252Fposts%252F2941&#038;media=http%3A%2F%2Fferne-welten.com%2Fwp-content%2Fuploads%2F2021%2F02%2FDeutsches-NS-Gedenken-Eversten1.jpg&#038;description=Schuldabwehr%20im%20Weltkriegstempel\" style=\"font-size: 0px;width:32px;height:32px;margin:0;margin-bottom:5px;margin-right:5px\"><img loading=\"lazy\" decoding=\"async\" alt=\"pinterest\" title=\"Auf Pinterest pinnen\" class=\"synved-share-image synved-social-image synved-social-image-share\" width=\"32\" height=\"32\" style=\"display: inline;width:32px;height:32px;margin: 0;padding: 0;border: none;box-shadow: none\" src=\"https:\/\/ferne-welten.com\/wp-content\/plugins\/social-media-feather\/synved-social\/addons\/extra-icons\/image\/social\/circle\/64x64\/pinterest.png\" \/><\/a><a class=\"synved-social-button synved-social-button-share synved-social-size-32 synved-social-resolution-single synved-social-provider-linkedin nolightbox\" data-provider=\"linkedin\" target=\"_blank\" rel=\"nofollow\" title=\"Auf Linkedin teilen\" href=\"https:\/\/www.linkedin.com\/shareArticle?mini=true&#038;url=https%3A%2F%2Fferne-welten.com%2Findex.php%3Frest_route%3D%252Fwp%252Fv2%252Fposts%252F2941&#038;title=Schuldabwehr%20im%20Weltkriegstempel\" style=\"font-size: 0px;width:32px;height:32px;margin:0;margin-bottom:5px;margin-right:5px\"><img loading=\"lazy\" decoding=\"async\" alt=\"linkedin\" title=\"Auf Linkedin teilen\" class=\"synved-share-image synved-social-image synved-social-image-share\" width=\"32\" height=\"32\" style=\"display: inline;width:32px;height:32px;margin: 0;padding: 0;border: none;box-shadow: none\" src=\"https:\/\/ferne-welten.com\/wp-content\/plugins\/social-media-feather\/synved-social\/addons\/extra-icons\/image\/social\/circle\/64x64\/linkedin.png\" \/><\/a><a class=\"synved-social-button synved-social-button-share synved-social-size-32 synved-social-resolution-single synved-social-provider-tumblr nolightbox\" data-provider=\"tumblr\" target=\"_blank\" rel=\"nofollow\" title=\"\u00dcber Tumblr teilen\" href=\"https:\/\/tumblr.com\/share?s=&#038;v=3&#038;t=Schuldabwehr%20im%20Weltkriegstempel&#038;u=https%3A%2F%2Fferne-welten.com%2Findex.php%3Frest_route%3D%252Fwp%252Fv2%252Fposts%252F2941\" style=\"font-size: 0px;width:32px;height:32px;margin:0;margin-bottom:5px;margin-right:5px\"><img loading=\"lazy\" decoding=\"async\" alt=\"tumblr\" title=\"\u00dcber Tumblr teilen\" class=\"synved-share-image synved-social-image synved-social-image-share\" width=\"32\" height=\"32\" style=\"display: inline;width:32px;height:32px;margin: 0;padding: 0;border: none;box-shadow: none\" src=\"https:\/\/ferne-welten.com\/wp-content\/plugins\/social-media-feather\/synved-social\/addons\/extra-icons\/image\/social\/circle\/64x64\/tumblr.png\" \/><\/a><a class=\"synved-social-button synved-social-button-share synved-social-size-32 synved-social-resolution-single synved-social-provider-mail nolightbox\" data-provider=\"mail\" rel=\"nofollow\" title=\"Link per Mail weiterleiten\" href=\"mailto:?subject=Schuldabwehr%20im%20Weltkriegstempel&#038;body=Hey%20check%20this%20out:%20https%3A%2F%2Fferne-welten.com%2Findex.php%3Frest_route%3D%252Fwp%252Fv2%252Fposts%252F2941\" style=\"font-size: 0px;width:32px;height:32px;margin:0;margin-bottom:5px\"><img loading=\"lazy\" decoding=\"async\" alt=\"mail\" title=\"Link per Mail weiterleiten\" class=\"synved-share-image synved-social-image synved-social-image-share\" width=\"32\" height=\"32\" style=\"display: inline;width:32px;height:32px;margin: 0;padding: 0;border: none;box-shadow: none\" src=\"https:\/\/ferne-welten.com\/wp-content\/plugins\/social-media-feather\/synved-social\/addons\/extra-icons\/image\/social\/circle\/64x64\/mail.png\" \/><\/a>","protected":false},"excerpt":{"rendered":"<p>Zum &#8222;Volkstrauertag&#8220; gedenkt die Stadt Oldenburg einer &#8222;unvergessenen deutschen Stadt im Osten&#8220;. Mit ihrem Kranz kn\u00fcpft sie an die jahrzehntelange Propaganda von selbsternannten und sogenannten &#8222;Heimatvertriebenen&#8220; an, welche die lokale Geschichte nach 1945 entscheidend pr\u00e4gten. Der geschichtsrevisionistische &#8222;Leobsch\u00fctzstein&#8220;, den die&#8230;<br \/><a class=\"read-more-button\" href=\"https:\/\/ferne-welten.com\/?p=2941\">Read more<\/a><\/p>\n","protected":false},"author":1,"featured_media":0,"comment_status":"open","ping_status":"open","sticky":false,"template":"","format":"standard","meta":{"footnotes":""},"categories":[88,359,79],"tags":[970,927,964,968,335,966,965,959,93,963,962,969,967,971],"class_list":["post-2941","post","type-post","status-publish","format-standard","hentry","category-dorfkritik","category-eiskaltland","category-mythen","tag-buergerverein-oldenburg-eversten-e-v","tag-corona","tag-eversten","tag-georg-goetz","tag-geschichtsrevisionismus","tag-heldenkult","tag-moslesfehn","tag-nordwest-zeitung","tag-oldenburg","tag-ringpfeilerhalle","tag-schuldabwehr","tag-uni-oldenburg","tag-volkstrauertag","tag-zivilgesellschaft"],"_links":{"self":[{"href":"https:\/\/ferne-welten.com\/index.php?rest_route=\/wp\/v2\/posts\/2941","targetHints":{"allow":["GET"]}}],"collection":[{"href":"https:\/\/ferne-welten.com\/index.php?rest_route=\/wp\/v2\/posts"}],"about":[{"href":"https:\/\/ferne-welten.com\/index.php?rest_route=\/wp\/v2\/types\/post"}],"author":[{"embeddable":true,"href":"https:\/\/ferne-welten.com\/index.php?rest_route=\/wp\/v2\/users\/1"}],"replies":[{"embeddable":true,"href":"https:\/\/ferne-welten.com\/index.php?rest_route=%2Fwp%2Fv2%2Fcomments&post=2941"}],"version-history":[{"count":29,"href":"https:\/\/ferne-welten.com\/index.php?rest_route=\/wp\/v2\/posts\/2941\/revisions"}],"predecessor-version":[{"id":3381,"href":"https:\/\/ferne-welten.com\/index.php?rest_route=\/wp\/v2\/posts\/2941\/revisions\/3381"}],"wp:attachment":[{"href":"https:\/\/ferne-welten.com\/index.php?rest_route=%2Fwp%2Fv2%2Fmedia&parent=2941"}],"wp:term":[{"taxonomy":"category","embeddable":true,"href":"https:\/\/ferne-welten.com\/index.php?rest_route=%2Fwp%2Fv2%2Fcategories&post=2941"},{"taxonomy":"post_tag","embeddable":true,"href":"https:\/\/ferne-welten.com\/index.php?rest_route=%2Fwp%2Fv2%2Ftags&post=2941"}],"curies":[{"name":"wp","href":"https:\/\/api.w.org\/{rel}","templated":true}]}}