{"id":3021,"date":"2021-03-12T21:06:05","date_gmt":"2021-03-12T20:06:05","guid":{"rendered":"http:\/\/ferne-welten.com\/?p=3021"},"modified":"2021-06-09T00:25:22","modified_gmt":"2021-06-08T23:25:22","slug":"abstecher-zur-ahnenstaette","status":"publish","type":"post","link":"https:\/\/ferne-welten.com\/?p=3021","title":{"rendered":"Abstecher zur Ahnenst\u00e4tte"},"content":{"rendered":"<p style=\"text-align: justify;\"><span style=\"font-weight: 400;\">An anderen Orten verweisen die unscheinbaren, kleinen und rostbraunen Schilder auf ein Panzermuseum, ein Kloster oder eine KZ-Gedenkst\u00e4tte. In diesem Fall zeigt der Wegweiser, dem neugierige Reisende spontan folgen, in Richtung eines Friedhofs, der in ruhiger Natur liegt. Dass es sich um eine <em>&#8222;Ahnenst\u00e4tte&#8220;<\/em> v\u00f6lkischen Ursprungs handelt, verr\u00e4t die Beschilderung an der Landstra\u00dfe zwischen Delmenhorst und Oldenburg nicht.\u00a0<\/span><\/p>\n<p><strong><a href=\"http:\/\/ferne-welten.com\/wp-content\/uploads\/2021\/03\/Ahnenstaette-Hilligenloh-OL-Tor-scaled.jpg\"><img loading=\"lazy\" decoding=\"async\" class=\"aligncenter size-full wp-image-3030\" src=\"http:\/\/ferne-welten.com\/wp-content\/uploads\/2021\/03\/Ahnenstaette-Hilligenloh-OL-Tor-scaled.jpg\" alt=\"\" width=\"2560\" height=\"1244\" srcset=\"https:\/\/ferne-welten.com\/wp-content\/uploads\/2021\/03\/Ahnenstaette-Hilligenloh-OL-Tor-scaled.jpg 2560w, https:\/\/ferne-welten.com\/wp-content\/uploads\/2021\/03\/Ahnenstaette-Hilligenloh-OL-Tor-300x146.jpg 300w, https:\/\/ferne-welten.com\/wp-content\/uploads\/2021\/03\/Ahnenstaette-Hilligenloh-OL-Tor-1024x498.jpg 1024w, https:\/\/ferne-welten.com\/wp-content\/uploads\/2021\/03\/Ahnenstaette-Hilligenloh-OL-Tor-768x373.jpg 768w, https:\/\/ferne-welten.com\/wp-content\/uploads\/2021\/03\/Ahnenstaette-Hilligenloh-OL-Tor-1536x747.jpg 1536w, https:\/\/ferne-welten.com\/wp-content\/uploads\/2021\/03\/Ahnenstaette-Hilligenloh-OL-Tor-2048x996.jpg 2048w, https:\/\/ferne-welten.com\/wp-content\/uploads\/2021\/03\/Ahnenstaette-Hilligenloh-OL-Tor-940x457.jpg 940w, https:\/\/ferne-welten.com\/wp-content\/uploads\/2021\/03\/Ahnenstaette-Hilligenloh-OL-Tor-823x400.jpg 823w\" sizes=\"auto, (max-width: 2560px) 100vw, 2560px\" \/><\/a><\/strong><\/p>\n<h4 style=\"text-align: justify;\"><strong>Grabst\u00e4tte im Gr\u00fcnen<\/strong><\/h4>\n<p style=\"text-align: justify;\"><span style=\"font-weight: 400;\">Auf den ersten Blick wirkt das waldige Gel\u00e4nde, das von hohen Baumreihen und weiten Feldern umgeben ist, recht friedlich. An einem sandigen Zugang befindet sich das vom Schriftzug <em>&#8222;Ahnenst\u00e4tte Hilligenloh&#8220;<\/em> gekennzeichnete Eingangstor. Dahinter zweigen sich kleine Wege, die durch die gepflegte Grabanlage f\u00fchren.<\/span><\/p>\n<p style=\"text-align: justify;\"><span style=\"font-weight: 400;\">Am Eingang stehen Gedenksteine f\u00fcr ein v\u00f6lkisches Duo: Erich und Mathilde Ludendorff, die mit Antisemitismus, Anti-Katholizismus und klassischen Verschw\u00f6rungstopoi eine v\u00f6lkische Sekte begr\u00fcndeten, ehren Betreibende, die Gesinnungen der Geehrten verschleiern. <\/span><span style=\"font-weight: 400;\">Grabschmuck und Beschriftungen offenbaren ebenfalls deutlich, dass sich Besuchende auf einem v\u00f6lkischen Friedhof befinden. <\/span><\/p>\n<p style=\"text-align: justify;\"><span style=\"font-weight: 400;\">Von ganz rechten Deutschen verwendete Todes- und Lebensrunen, die im Nationalsozialismus popul\u00e4r waren, markieren vielfach die Geburts- und Todesdaten der Verstorbenen. <\/span><span style=\"font-weight: 400;\">Viele Adolfs und manche Heinrichs verrotten in der <em><a href=\"http:\/\/ferne-welten.com\/wp-content\/uploads\/2021\/03\/Ahnenstaette-Hilligenloh-OL-Legende-scaled.jpg\" target=\"_blank\" rel=\"noopener\">&#8222;Ahnenst\u00e4tte&#8220;<\/a><\/em>, die <\/span><span style=\"font-weight: 400;\">Anfang der 1930er Jahre als <em>&#8222;Deutschvolkfriedhof&#8220; <\/em>entstand. Die gr\u00fcne Anlage wurde zum Vorbild f\u00fcr \u00e4hnliche Grabst\u00e4tten, die bis heute <a href=\"https:\/\/jungle.world\/artikel\/1999\/16\/fieses-unterm-findling\" target=\"_blank\" rel=\"noopener\">bei Nazis<\/a> beliebt sind.<\/span><\/p>\n<p style=\"text-align: justify;\"><span style=\"font-weight: 400;\">Nach 1945 \u00fcbernahm eine Neugr\u00fcndung den Fortbetrieb. Der 1948 gegr\u00fcndete Verein <a href=\"https:\/\/anonym.to\/?https:\/\/www.nwzonline.de\/politik\/niedersachsen\/wo-alte-nazis-friedlich-ruhen-duerfen_a_19,0,506055321.html\" target=\"_blank\" rel=\"noopener\">kn\u00fcpfte<\/a> an vorherige Zeiten an. Schlie\u00dflich wollte die Struktur <em>&#8222;<\/em><\/span><em>f\u00fcr (&#8230;) Mitglieder und alle freigl\u00e4ubigen Deutschen&#8220; <\/em>eine<em> &#8222;w\u00fcrdige letzte Ruhest\u00e4tten (&#8230;) errichten&#8220;<\/em>. Alfred Manke pr\u00e4gte das Vereinsleben. Der rechte Verleger aus Bassum war 17 Jahre Vorsitzender der Gruppierung. Als Gr\u00fcndungsmitglied der NS-Nachfolgepartei NPD, f\u00fcr die er zum Bundestag kandidierte, erreichte Manke eine gr\u00f6\u00dfere Bekanntheit in der \u00d6ffentlichkeit.<\/p>\n<p style=\"text-align: justify;\">Ab 2008 leitete der <a href=\"https:\/\/anonym.to\/?https:\/\/www.nwzonline.de\/politik\/niedersachsen\/lehrer-unter-verdacht-auf-rechtsextremismus_a_30,0,78867060.html\" target=\"_blank\" rel=\"noopener\">damalige Waldorflehrer Wolf-Dieter Schr\u00f6ppe<\/a> den Verein, der seine eigene Geschichte verharmlost. Als eine Tageszeitung seinen Namen nannte und Sch\u00fclerinnen ihren Lehrer beim Googeln entdeckten, distanzierte sich die esoterische Erziehungsanstalt. Sie wies 2015 aber darauf hin, dass sich ihr Weggef\u00e4hrte im <em>&#8222;schulischen Bereich nichts zuschulden kommen lassen&#8220;<\/em> habe. Den Vereinsvorsitz \u00fcbernahm unterdessen ein Jurist aus Berlin.<\/p>\n<p><a href=\"http:\/\/ferne-welten.com\/wp-content\/uploads\/2021\/03\/Ahnenstaette-Hilligenloh-OL-Gruenes-Voelkisches-scaled.jpg\"><img loading=\"lazy\" decoding=\"async\" class=\"aligncenter size-full wp-image-3031\" src=\"http:\/\/ferne-welten.com\/wp-content\/uploads\/2021\/03\/Ahnenstaette-Hilligenloh-OL-Gruenes-Voelkisches-scaled.jpg\" alt=\"\" width=\"2560\" height=\"1244\" srcset=\"https:\/\/ferne-welten.com\/wp-content\/uploads\/2021\/03\/Ahnenstaette-Hilligenloh-OL-Gruenes-Voelkisches-scaled.jpg 2560w, https:\/\/ferne-welten.com\/wp-content\/uploads\/2021\/03\/Ahnenstaette-Hilligenloh-OL-Gruenes-Voelkisches-300x146.jpg 300w, https:\/\/ferne-welten.com\/wp-content\/uploads\/2021\/03\/Ahnenstaette-Hilligenloh-OL-Gruenes-Voelkisches-1024x498.jpg 1024w, https:\/\/ferne-welten.com\/wp-content\/uploads\/2021\/03\/Ahnenstaette-Hilligenloh-OL-Gruenes-Voelkisches-768x373.jpg 768w, https:\/\/ferne-welten.com\/wp-content\/uploads\/2021\/03\/Ahnenstaette-Hilligenloh-OL-Gruenes-Voelkisches-1536x747.jpg 1536w, https:\/\/ferne-welten.com\/wp-content\/uploads\/2021\/03\/Ahnenstaette-Hilligenloh-OL-Gruenes-Voelkisches-2048x996.jpg 2048w, https:\/\/ferne-welten.com\/wp-content\/uploads\/2021\/03\/Ahnenstaette-Hilligenloh-OL-Gruenes-Voelkisches-940x457.jpg 940w, https:\/\/ferne-welten.com\/wp-content\/uploads\/2021\/03\/Ahnenstaette-Hilligenloh-OL-Gruenes-Voelkisches-823x400.jpg 823w\" sizes=\"auto, (max-width: 2560px) 100vw, 2560px\" \/><\/a><\/p>\n<h4 style=\"text-align: justify;\"><strong>Legenden der Ludendorffer<\/strong><\/h4>\n<p style=\"text-align: justify;\">Wer sich auf den Friedhof im Gr\u00fcnen begibt, findet nur wenige Informationen zur Anlage. Es gibt eine kleine Tafel<span style=\"font-weight: 400;\">, die Besuchende am Zentrum der <em>&#8222;Ahnenst\u00e4tte&#8220;<\/em> entdecken. An einem kleinen H\u00e4uschen, das zu anderen Zeiten als Treffpunkt f\u00fcr trauernde V\u00f6lkische dienen mag, liegen zudem d\u00fcrftige Handzettel aus.<\/span><\/p>\n<p style=\"text-align: justify;\"><span style=\"font-weight: 400;\">Die Verantwortlichen, die diese vierseitige Verharmlosung und die inhaltlich \u00e4hnliche Tafel schufen, verdrehen historische Tatsachen. Ihre fotokopierte <em>\u201cKurzchronik\u201d<\/em> zur <em>\u201cAhnenst\u00e4tte Hilligenloh\u201d<\/em> erz\u00e4hlt die angebliche Geschichte des Areals anhand von <em>\u201calten Akten, privaten Schriftst\u00fccken und m\u00fcndlichen \u00dcberlieferungen\u201d<\/em>. <\/span><span style=\"font-weight: 400;\">Um die historischen Wahrheiten, die die Betreibenden verharmlosen, dr\u00fccken sich die Ausf\u00fchrungen herum.\u00a0<\/span><\/p>\n<p style=\"text-align: justify;\"><span style=\"font-weight: 400;\">Erst im sechsten Absatz erfahren Interessierte von den <em>\u201cLudendorffanh\u00e4ngern\u201d<\/em>, die den <em>&#8222;Deutschvolkfriedhof&#8220;, <\/em>der in der verharmlosenden Verteidigungsschrift der Verantwortlichen zum privaten Projekt mutiert, zwischen 1931 und 1932 errichteten. In den folgenden Abs\u00e4tzen verstecken sich wenige historische Fakten, wobei eine kritische Einordnung weitgehend ausbleibt. Stattdessen bezieht sich die entlastende Erz\u00e4hlung auf norddeutsche Mitglieder des v\u00f6lkischen <em>\u201cTannenbergbund\u201d<\/em> <a href=\"https:\/\/de.wikipedia.org\/wiki\/Tannenbergbund\">(TB)<\/a>, die ihren antisemitischen Schirmherren f\u00fcr die geplante <em>\u201cAhnenst\u00e4tte\u201d <\/em>bei Oldenburg mobilisierten.\u00a0<\/span><\/p>\n<p style=\"text-align: justify;\"><span style=\"font-weight: 400;\"><em>\u201cOffenbar wegen seines gro\u00dfen Ansehens setzte General Ludendorff die Genehmigung auch durch\u201d<\/em>, hei\u00dft es in der besch\u00f6nigenden Beschreibung, die den autorit\u00e4ren Militaristen, der sich wenige Jahre nach seiner <a href=\"https:\/\/www.zeitschrift-luxemburg.de\/wer-weitergeht-wird-erschossen\/\" target=\"_blank\" rel=\"noopener\">Milit\u00e4rdiktatur<\/a> mit Hitler im Putschen <a href=\"https:\/\/de.wikipedia.org\/wiki\/Hitlerputsch\" target=\"_blank\" rel=\"noopener\">probierte<\/a>, in bestes Licht r\u00fcckt. Dass dieser Menschenschinder, der sich insbesondere nach dem Ersten Weltkrieg einem esoterischen Antisemitismus hingab, f\u00fcr eine spezifische Form des deutschen Wahns steht, benennt das besch\u00f6nigende Schriftst\u00fcck der<em>\u00a0&#8222;Ahnenst\u00e4tte&#8220;<\/em> nicht.\u00a0 Stattdessen verwandelt der Verein <a href=\"https:\/\/www.deutschlandfunkkultur.de\/scharnier-zwischen-bismarck-und-hitler.1270.de.html?dram:article_id=191541\" target=\"_blank\" rel=\"noopener\">den<\/a> <em>&#8222;Apostel einer v\u00f6lkisch-antisemitischen Ideologie&#8220; <\/em>\u00a0in eine antifaschistische Figur.<\/span><\/p>\n<p><a href=\"http:\/\/ferne-welten.com\/wp-content\/uploads\/2021\/03\/Ahnenstaette-Hilligenloh-OL-Verein-Verharmlosungen.jpg\"><img loading=\"lazy\" decoding=\"async\" class=\"aligncenter size-full wp-image-3032\" src=\"http:\/\/ferne-welten.com\/wp-content\/uploads\/2021\/03\/Ahnenstaette-Hilligenloh-OL-Verein-Verharmlosungen.jpg\" alt=\"\" width=\"1064\" height=\"639\" srcset=\"https:\/\/ferne-welten.com\/wp-content\/uploads\/2021\/03\/Ahnenstaette-Hilligenloh-OL-Verein-Verharmlosungen.jpg 1064w, https:\/\/ferne-welten.com\/wp-content\/uploads\/2021\/03\/Ahnenstaette-Hilligenloh-OL-Verein-Verharmlosungen-300x180.jpg 300w, https:\/\/ferne-welten.com\/wp-content\/uploads\/2021\/03\/Ahnenstaette-Hilligenloh-OL-Verein-Verharmlosungen-1024x615.jpg 1024w, https:\/\/ferne-welten.com\/wp-content\/uploads\/2021\/03\/Ahnenstaette-Hilligenloh-OL-Verein-Verharmlosungen-768x461.jpg 768w, https:\/\/ferne-welten.com\/wp-content\/uploads\/2021\/03\/Ahnenstaette-Hilligenloh-OL-Verein-Verharmlosungen-940x565.jpg 940w, https:\/\/ferne-welten.com\/wp-content\/uploads\/2021\/03\/Ahnenstaette-Hilligenloh-OL-Verein-Verharmlosungen-666x400.jpg 666w\" sizes=\"auto, (max-width: 1064px) 100vw, 1064px\" \/><\/a><\/p>\n<h4 style=\"text-align: justify;\"><strong>Spielart des Antisemitismus<\/strong><\/h4>\n<p style=\"text-align: justify;\"><span style=\"font-weight: 400;\">Mit antisemitischen und rassistischen Ver\u00f6ffentlichungen f\u00fchrten die Ehefrau, <a href=\"https:\/\/de.wikipedia.org\/wiki\/Mathilde_Ludendorff\" target=\"_blank\" rel=\"noopener\">Mathilde<\/a>, und ihr Ehemann, <a href=\"https:\/\/de.wikipedia.org\/wiki\/Erich_Ludendorff\" target=\"_blank\" rel=\"noopener\">Erich<\/a>, einen Kampf gegen \u201c\u00fcbers<em>taatliche M\u00e4chte\u201d<\/em>, wobei sie sich auf typische Grundlagen wie die <em>\u201cProtokolle der Weisen von Zion\u201d<\/em> beriefen. Diverse Freimaurerlogen, die katholische Kirche sowie die kommunistische Weltbewegung und der Jesuitenorden h\u00e4tten sich, so phantasierten die Ludendorffs, mit m\u00e4chtigen J\u00fcdinnen und Juden verbunden, um die Welt zu beherrschen. <\/span><span style=\"font-weight: 400;\">Das Ehepaar versuchte sich an einer stetigen Aktualisierung ihres verschw\u00f6rungsideologischen Antisemitismus. <\/span><\/p>\n<p style=\"text-align: justify;\"><span style=\"font-weight: 400;\">Die Witwe verschnulzte diese Inhalte auch viele Jahrzehnte nach dem Tod des Gatten, der 1937 verstarb. Das deutsche M\u00e4rchen, bei dem germanische Lichtgestalten die j\u00fcdischen <em>\u201cSchacht\u201d<\/em>-Menschen besiegen, nutzte die Ludendorff auch in postnazistischen Zeiten, die dem Vernichtungskrieg und der Shoah folgten. <\/span><span style=\"font-weight: 400;\">Bis in die 1960er organisierte Mathilde Ludendorff ergebene Gefolgsleute, wobei der antisemitische Hass in ihrem <em>\u201cBund f\u00fcr Deutsche Gotterkenntnis\u201d<\/em> weiterhin ideologischer Kitt blieb: <em>&#8222;Ganz Westberlin sieht aus wie eine Kolonie von Israel&#8220;<\/em>, hetzte ein Gefolgsmann beispielsweise in einem Text, der in einem Produkt des \u00a0Ludendorff-Verlages <em>&#8222;Hohe Warte&#8220; <\/em>erschien. <\/span><\/p>\n<p style=\"text-align: justify;\"><span style=\"font-weight: 400;\">Als der v\u00f6lkische Herausgeber, Freiherr Karg von Bebenburg, am 13. Januar 1960 wegen des antisemitischen Hetzartikels verurteilt werden sollte, war seine Schwiegermutter bereits im Rahmen der sogenannten <a href=\"https:\/\/www.spiegel.de\/spiegel\/print\/d-43063318.html\" target=\"_blank\" rel=\"noopener\">Entnazifizierung als Hauptschuldige<\/a> eingestuft worden. Dass die Schm\u00e4hschrift <a href=\"https:\/\/www.tagesspiegel.de\/berlin\/er-hat-sich-ueberall-eingemischt\/7445650.html\" target=\"_blank\" rel=\"noopener\">Heinz Galinski<\/a> und <a href=\"https:\/\/de.wikipedia.org\/wiki\/Joachim_Lipschitz\" target=\"_blank\" rel=\"noopener\">Joachim Lipschitz<\/a> als von <em>\u201cHa\u00df gegen die Deutschen berstende Juden\u201d<\/em> d\u00e4monisierte, reichte im Deutschland der Naziv\u00e4ter noch nicht einmal f\u00fcr die sechs Monate, die der Staatsanwalt forderte. Weil der Prozess gegen ihren Schwiegersohn unverst\u00e4ndlicherweise mit einem Freispruch endete, konnte sich die deutsche Fanatikerin noch einmal freuen. Sechs Jahre sp\u00e4ter verstarb Mathilde Ludendorff.<\/span><\/p>\n<h4 style=\"text-align: justify;\"><b>Huldigung einer Antisemitin<\/b><\/h4>\n<p style=\"text-align: justify;\"><span style=\"font-weight: 400;\">Diese <em>&#8222;Urgro\u00dfmutter des deutschen Antisemitismus\u201d<\/em> ist neben ihrem Ehepartner auf dem Neuen Friedhof in Tutzing bestattet worden. Dort steht die Villa des den deutschen Wahn erbrechenden P\u00e4rchens. Heute <a href=\"https:\/\/www.sueddeutsche.de\/muenchen\/starnberg\/ludendorff-villa-in-tutzing-der-schrein-des-generals-1.961535\" target=\"_blank\" rel=\"noopener\">beheimatet<\/a> dieses braune Haus <a href=\"https:\/\/de.wikipedia.org\/wiki\/Bund_f%C3%BCr_Deutsche_Gotterkenntnis\" target=\"_blank\" rel=\"noopener\">den<\/a> <em>\u201cBund f\u00fcr Deutsche Gotterkenntnis\u201d<\/em>, der sich in die Tradition der Ludendorffs stellt.<\/span><\/p>\n<p style=\"text-align: justify;\"><span style=\"font-weight: 400;\">Zwischen Delmenhorst und Oldenburg erhalten Gefolgsleute mit ihrer Vorfeldorganisation unterdessen die <em>\u201cAhnenst\u00e4tte Hilligenloh\u201d<\/em>. Teile des Vereins danken den Ludendorffs auch im neuen Jahrtausend f\u00fcr ihre angebliche <em>&#8222;Aufkl\u00e4rung (&#8230;) \u00fcber das NS-Regime&#8220;<\/em>. Daf\u00fcr verschweigen die Mitglieder deren Antisemitismus und ihre Verschw\u00f6rungsphantasien. Die v\u00f6lkisch-religi\u00f6se Vordenkerin und den Militaristen verehren die Betreibenden, trotz ihrer <em>&#8222;\u00fcberholten (&#8230;) politischen \u00c4u\u00dferungen&#8220;,<\/em> mit gro\u00dfen Gedenksteinen.\u00a0\u00a0<\/span><\/p>\n<p style=\"text-align: justify;\"><span style=\"font-weight: 400;\">Wer einen Moment in der Anlage verbringt, mag vielleicht v\u00f6lkischen Figuren begegnen, die Ausw\u00e4rtige misstrauisch mustern. Die Begegnung mit \u00e4hnlich gesinnten Angeh\u00f6rigen, die sich an einem <em>&#8222;Sippen&#8220;<\/em>&#8211;<a href=\"http:\/\/ferne-welten.com\/wp-content\/uploads\/2021\/03\/Ahnenstaette-Hilligenloh-OL-Sippenstein-scaled.jpg\" target=\"_blank\" rel=\"noopener\">Brocken<\/a> sammeln, ist m\u00f6glich, was die Visite ebenfalls nicht angenehmer gestaltet. Das ungute Gef\u00fchl legt sich erst, nachdem die gespenstisch-gr\u00fcne Grabanlage \u00fcber den staubigen Feldweg verlassen ist.\u00a0<\/span><\/p>\n<p style=\"text-align: justify;\"><span style=\"font-weight: 400;\">Von der Landstra\u00dfe sind es nur 750 Meter bis zur <em>\u201cAhnenst\u00e4tte\u201d<\/em>, die dank der br\u00e4unlichen Beschilderung, die in der postnazistischen Bundesrepublik zum Stra\u00dfenbild geh\u00f6rt, von Reisenden rasch zu erreichen ist. Mancher Mensch, der dem deutschen Wahn verfiel, liegt dort begraben. Dass die Mathilde und Erich Ludendorff huldigende Infrastruktur des v\u00f6lkischen Antisemitismus auch in den 20er Jahren des 21. Jahrhunderts fortexistiert, beweist der Besuch dieser deutschen Anlage allemal. <\/span><\/p>\n<p style=\"text-align: justify;\"><a href=\"http:\/\/ferne-welten.com\/wp-content\/uploads\/2021\/03\/Ahnenstaette-Hilligenloh-OL-Schilderwald-scaled.jpg\"><img loading=\"lazy\" decoding=\"async\" class=\"size-full wp-image-3029\" src=\"http:\/\/ferne-welten.com\/wp-content\/uploads\/2021\/03\/Ahnenstaette-Hilligenloh-OL-Schilderwald-scaled.jpg\" alt=\"\" width=\"2560\" height=\"1244\" srcset=\"https:\/\/ferne-welten.com\/wp-content\/uploads\/2021\/03\/Ahnenstaette-Hilligenloh-OL-Schilderwald-scaled.jpg 2560w, https:\/\/ferne-welten.com\/wp-content\/uploads\/2021\/03\/Ahnenstaette-Hilligenloh-OL-Schilderwald-300x146.jpg 300w, https:\/\/ferne-welten.com\/wp-content\/uploads\/2021\/03\/Ahnenstaette-Hilligenloh-OL-Schilderwald-1024x498.jpg 1024w, https:\/\/ferne-welten.com\/wp-content\/uploads\/2021\/03\/Ahnenstaette-Hilligenloh-OL-Schilderwald-768x373.jpg 768w, https:\/\/ferne-welten.com\/wp-content\/uploads\/2021\/03\/Ahnenstaette-Hilligenloh-OL-Schilderwald-1536x747.jpg 1536w, https:\/\/ferne-welten.com\/wp-content\/uploads\/2021\/03\/Ahnenstaette-Hilligenloh-OL-Schilderwald-2048x996.jpg 2048w, https:\/\/ferne-welten.com\/wp-content\/uploads\/2021\/03\/Ahnenstaette-Hilligenloh-OL-Schilderwald-940x457.jpg 940w, https:\/\/ferne-welten.com\/wp-content\/uploads\/2021\/03\/Ahnenstaette-Hilligenloh-OL-Schilderwald-823x400.jpg 823w\" sizes=\"auto, (max-width: 2560px) 100vw, 2560px\" \/><\/a><\/p>\n<a class=\"synved-social-button synved-social-button-share synved-social-size-32 synved-social-resolution-single synved-social-provider-facebook nolightbox\" data-provider=\"facebook\" target=\"_blank\" rel=\"nofollow\" title=\"Auf Facebook teilen\" href=\"https:\/\/www.facebook.com\/sharer.php?u=https%3A%2F%2Fferne-welten.com%2Findex.php%3Frest_route%3D%252Fwp%252Fv2%252Fposts%252F3021&#038;t=Abstecher%20zur%20Ahnenst%C3%A4tte&#038;s=100&#038;p&#091;url&#093;=https%3A%2F%2Fferne-welten.com%2Findex.php%3Frest_route%3D%252Fwp%252Fv2%252Fposts%252F3021&#038;p&#091;images&#093;&#091;0&#093;=http%3A%2F%2Fferne-welten.com%2Fwp-content%2Fuploads%2F2021%2F03%2FAhnenstaette-Hilligenloh-OL-Tor-scaled.jpg&#038;p&#091;title&#093;=Abstecher%20zur%20Ahnenst%C3%A4tte\" style=\"font-size: 0px;width:32px;height:32px;margin:0;margin-bottom:5px;margin-right:5px\"><img loading=\"lazy\" decoding=\"async\" alt=\"Facebook\" title=\"Auf Facebook teilen\" class=\"synved-share-image synved-social-image synved-social-image-share\" width=\"32\" height=\"32\" style=\"display: inline;width:32px;height:32px;margin: 0;padding: 0;border: none;box-shadow: none\" src=\"https:\/\/ferne-welten.com\/wp-content\/plugins\/social-media-feather\/synved-social\/addons\/extra-icons\/image\/social\/circle\/64x64\/facebook.png\" \/><\/a><a class=\"synved-social-button synved-social-button-share synved-social-size-32 synved-social-resolution-single synved-social-provider-twitter nolightbox\" data-provider=\"twitter\" target=\"_blank\" rel=\"nofollow\" title=\"Auf Twitter teilen\" href=\"https:\/\/twitter.com\/intent\/tweet?url=https%3A%2F%2Fferne-welten.com%2Findex.php%3Frest_route%3D%252Fwp%252Fv2%252Fposts%252F3021&#038;text=Hey%20check%20this%20out\" style=\"font-size: 0px;width:32px;height:32px;margin:0;margin-bottom:5px;margin-right:5px\"><img loading=\"lazy\" decoding=\"async\" alt=\"twitter\" title=\"Auf Twitter teilen\" class=\"synved-share-image synved-social-image synved-social-image-share\" width=\"32\" height=\"32\" style=\"display: inline;width:32px;height:32px;margin: 0;padding: 0;border: none;box-shadow: none\" src=\"https:\/\/ferne-welten.com\/wp-content\/plugins\/social-media-feather\/synved-social\/addons\/extra-icons\/image\/social\/circle\/64x64\/twitter.png\" \/><\/a><a class=\"synved-social-button synved-social-button-share synved-social-size-32 synved-social-resolution-single synved-social-provider-reddit nolightbox\" data-provider=\"reddit\" target=\"_blank\" rel=\"nofollow\" title=\"Auf Reddit teilen\" href=\"https:\/\/www.reddit.com\/submit?url=https%3A%2F%2Fferne-welten.com%2Findex.php%3Frest_route%3D%252Fwp%252Fv2%252Fposts%252F3021&#038;title=Abstecher%20zur%20Ahnenst%C3%A4tte\" style=\"font-size: 0px;width:32px;height:32px;margin:0;margin-bottom:5px;margin-right:5px\"><img loading=\"lazy\" decoding=\"async\" alt=\"reddit\" title=\"Auf Reddit teilen\" class=\"synved-share-image synved-social-image synved-social-image-share\" width=\"32\" height=\"32\" style=\"display: inline;width:32px;height:32px;margin: 0;padding: 0;border: none;box-shadow: none\" src=\"https:\/\/ferne-welten.com\/wp-content\/plugins\/social-media-feather\/synved-social\/addons\/extra-icons\/image\/social\/circle\/64x64\/reddit.png\" \/><\/a><a class=\"synved-social-button synved-social-button-share synved-social-size-32 synved-social-resolution-single synved-social-provider-pinterest nolightbox\" data-provider=\"pinterest\" target=\"_blank\" rel=\"nofollow\" title=\"Auf Pinterest pinnen\" href=\"https:\/\/pinterest.com\/pin\/create\/button\/?url=https%3A%2F%2Fferne-welten.com%2Findex.php%3Frest_route%3D%252Fwp%252Fv2%252Fposts%252F3021&#038;media=http%3A%2F%2Fferne-welten.com%2Fwp-content%2Fuploads%2F2021%2F03%2FAhnenstaette-Hilligenloh-OL-Tor-scaled.jpg&#038;description=Abstecher%20zur%20Ahnenst%C3%A4tte\" style=\"font-size: 0px;width:32px;height:32px;margin:0;margin-bottom:5px;margin-right:5px\"><img loading=\"lazy\" decoding=\"async\" alt=\"pinterest\" title=\"Auf Pinterest pinnen\" class=\"synved-share-image synved-social-image synved-social-image-share\" width=\"32\" height=\"32\" style=\"display: inline;width:32px;height:32px;margin: 0;padding: 0;border: none;box-shadow: none\" src=\"https:\/\/ferne-welten.com\/wp-content\/plugins\/social-media-feather\/synved-social\/addons\/extra-icons\/image\/social\/circle\/64x64\/pinterest.png\" \/><\/a><a class=\"synved-social-button synved-social-button-share synved-social-size-32 synved-social-resolution-single synved-social-provider-linkedin nolightbox\" data-provider=\"linkedin\" target=\"_blank\" rel=\"nofollow\" title=\"Auf Linkedin teilen\" href=\"https:\/\/www.linkedin.com\/shareArticle?mini=true&#038;url=https%3A%2F%2Fferne-welten.com%2Findex.php%3Frest_route%3D%252Fwp%252Fv2%252Fposts%252F3021&#038;title=Abstecher%20zur%20Ahnenst%C3%A4tte\" style=\"font-size: 0px;width:32px;height:32px;margin:0;margin-bottom:5px;margin-right:5px\"><img loading=\"lazy\" decoding=\"async\" alt=\"linkedin\" title=\"Auf Linkedin teilen\" class=\"synved-share-image synved-social-image synved-social-image-share\" width=\"32\" height=\"32\" style=\"display: inline;width:32px;height:32px;margin: 0;padding: 0;border: none;box-shadow: none\" src=\"https:\/\/ferne-welten.com\/wp-content\/plugins\/social-media-feather\/synved-social\/addons\/extra-icons\/image\/social\/circle\/64x64\/linkedin.png\" \/><\/a><a class=\"synved-social-button synved-social-button-share synved-social-size-32 synved-social-resolution-single synved-social-provider-tumblr nolightbox\" data-provider=\"tumblr\" target=\"_blank\" rel=\"nofollow\" title=\"\u00dcber Tumblr teilen\" href=\"https:\/\/tumblr.com\/share?s=&#038;v=3&#038;t=Abstecher%20zur%20Ahnenst%C3%A4tte&#038;u=https%3A%2F%2Fferne-welten.com%2Findex.php%3Frest_route%3D%252Fwp%252Fv2%252Fposts%252F3021\" style=\"font-size: 0px;width:32px;height:32px;margin:0;margin-bottom:5px;margin-right:5px\"><img loading=\"lazy\" decoding=\"async\" alt=\"tumblr\" title=\"\u00dcber Tumblr teilen\" class=\"synved-share-image synved-social-image synved-social-image-share\" width=\"32\" height=\"32\" style=\"display: inline;width:32px;height:32px;margin: 0;padding: 0;border: none;box-shadow: none\" src=\"https:\/\/ferne-welten.com\/wp-content\/plugins\/social-media-feather\/synved-social\/addons\/extra-icons\/image\/social\/circle\/64x64\/tumblr.png\" \/><\/a><a class=\"synved-social-button synved-social-button-share synved-social-size-32 synved-social-resolution-single synved-social-provider-mail nolightbox\" data-provider=\"mail\" rel=\"nofollow\" title=\"Link per Mail weiterleiten\" href=\"mailto:?subject=Abstecher%20zur%20Ahnenst%C3%A4tte&#038;body=Hey%20check%20this%20out:%20https%3A%2F%2Fferne-welten.com%2Findex.php%3Frest_route%3D%252Fwp%252Fv2%252Fposts%252F3021\" style=\"font-size: 0px;width:32px;height:32px;margin:0;margin-bottom:5px\"><img loading=\"lazy\" decoding=\"async\" alt=\"mail\" title=\"Link per Mail weiterleiten\" class=\"synved-share-image synved-social-image synved-social-image-share\" width=\"32\" height=\"32\" style=\"display: inline;width:32px;height:32px;margin: 0;padding: 0;border: none;box-shadow: none\" src=\"https:\/\/ferne-welten.com\/wp-content\/plugins\/social-media-feather\/synved-social\/addons\/extra-icons\/image\/social\/circle\/64x64\/mail.png\" \/><\/a>","protected":false},"excerpt":{"rendered":"<p>An anderen Orten verweisen die unscheinbaren, kleinen und rostbraunen Schilder auf ein Panzermuseum, ein Kloster oder eine KZ-Gedenkst\u00e4tte. In diesem Fall zeigt der Wegweiser, dem neugierige Reisende spontan folgen, in Richtung eines Friedhofs, der in ruhiger Natur liegt. Dass es&#8230;<br \/><a class=\"read-more-button\" href=\"https:\/\/ferne-welten.com\/?p=3021\">Read more<\/a><\/p>\n","protected":false},"author":1,"featured_media":0,"comment_status":"open","ping_status":"open","sticky":false,"template":"","format":"standard","meta":{"footnotes":""},"categories":[88,359,79],"tags":[988,987,107,989,991,990,209,93,992,77,636,641,986],"class_list":["post-3021","post","type-post","status-publish","format-standard","hentry","category-dorfkritik","category-eiskaltland","category-mythen","tag-ahnenstaette-hilligenloh","tag-alfred-manke","tag-antisemitismus","tag-bund-fuer-deutsche-gotterkenntnis","tag-erich-ludendorff","tag-mathilde-ludendorff","tag-npd","tag-oldenburg","tag-tutzing","tag-verschwoerungswahn","tag-voelkischer-irrationalismus","tag-waldorfschule","tag-wolf-dieter-schroeppe"],"_links":{"self":[{"href":"https:\/\/ferne-welten.com\/index.php?rest_route=\/wp\/v2\/posts\/3021","targetHints":{"allow":["GET"]}}],"collection":[{"href":"https:\/\/ferne-welten.com\/index.php?rest_route=\/wp\/v2\/posts"}],"about":[{"href":"https:\/\/ferne-welten.com\/index.php?rest_route=\/wp\/v2\/types\/post"}],"author":[{"embeddable":true,"href":"https:\/\/ferne-welten.com\/index.php?rest_route=\/wp\/v2\/users\/1"}],"replies":[{"embeddable":true,"href":"https:\/\/ferne-welten.com\/index.php?rest_route=%2Fwp%2Fv2%2Fcomments&post=3021"}],"version-history":[{"count":30,"href":"https:\/\/ferne-welten.com\/index.php?rest_route=\/wp\/v2\/posts\/3021\/revisions"}],"predecessor-version":[{"id":3386,"href":"https:\/\/ferne-welten.com\/index.php?rest_route=\/wp\/v2\/posts\/3021\/revisions\/3386"}],"wp:attachment":[{"href":"https:\/\/ferne-welten.com\/index.php?rest_route=%2Fwp%2Fv2%2Fmedia&parent=3021"}],"wp:term":[{"taxonomy":"category","embeddable":true,"href":"https:\/\/ferne-welten.com\/index.php?rest_route=%2Fwp%2Fv2%2Fcategories&post=3021"},{"taxonomy":"post_tag","embeddable":true,"href":"https:\/\/ferne-welten.com\/index.php?rest_route=%2Fwp%2Fv2%2Ftags&post=3021"}],"curies":[{"name":"wp","href":"https:\/\/api.w.org\/{rel}","templated":true}]}}