{"id":3073,"date":"2021-03-20T02:23:44","date_gmt":"2021-03-20T01:23:44","guid":{"rendered":"https:\/\/ferne-welten.com\/?p=3073"},"modified":"2021-06-09T00:23:12","modified_gmt":"2021-06-08T23:23:12","slug":"aus-dem-inneren-einer-verschwoerungspartei-mordaufruf-im-messenger","status":"publish","type":"post","link":"https:\/\/ferne-welten.com\/?p=3073","title":{"rendered":"Aus dem Inneren einer Verschw\u00f6rungspartei: Mordaufruf im Messenger"},"content":{"rendered":"<p style=\"text-align: justify;\">Dass zum aktuellen Verschw\u00f6rungswahn die deutsche Vernichtungsphantasie geh\u00f6rt, beweisen Corona-Leugnende in \u00f6ffentlichen Telegram-Chats. Die Angeh\u00f6rigen des <em>&#8222;Die Basis&#8220;<\/em>-Kreisverbands &#8222;<em>Hunte-Weser-Ammerland&#8220;<\/em> nutzen das Kommunikationsprogramm\u00a0 zu organisatorischen Zwecken, zur zeitnahen Mobilisierung sowie zur weiteren Ideologisierung. Mitglieder der verschw\u00f6rungsideologischen Partei debattierten im regionalen Kanal, ob sie politische Charaktermasken direkt ermorden oder nach einem Gerichtsverfahren einsperren wollen.<\/p>\n<h4 style=\"text-align: justify;\"><strong>Leugnende im Gr\u00fcndungsfieber<\/strong><\/h4>\n<p style=\"text-align: justify;\">In der Pandemie die Gef\u00e4hrlichkeit von Covid-19 zu leugnen, bleibt nicht nur f\u00fcr eine radikalisierte Minderheit sogenannter <em>&#8222;Querdenker&#8220;<\/em> popul\u00e4re Praxis. Daher bildeten sich in den vergangenen Monaten parallele Strukturen, die an die inhaltliche Vorarbeit von <em>&#8222;Querdenker&#8220;<\/em>-Gruppen und Corona-Verharmlosenden ankn\u00fcpfen konnten. Es entstanden Parteien, die Verschw\u00f6rungsgl\u00e4ubige f\u00fcr die ertr\u00e4umte Macht\u00fcbernahme sammeln. So organisiert sich ein Teil des esoterisch-verschw\u00f6rungsgl\u00e4ubigen Bodensatzes, den der deutsche Corona-Kapitalismus\u00a0 hervorbringt.<\/p>\n<p style=\"text-align: justify;\">Nachdem sich das Vorg\u00e4ngerprojekt <em>\u201eWiderstand 2020\u201c<\/em> rasch erledigt hatte, weil es zum Machtkampf zwischen Verschw\u00f6rungsgl\u00e4ubigen mit F\u00fchrungsanspruch kam, transformierten Corona-Leugnende am 4. Juli 2020 ihre Alternative zur AfD. Mit der Forderung nach einer freien <em>&#8222;Impfentscheidung&#8220;<\/em> wirbt die neue <em>&#8222;Basis&#8220;<\/em>&#8211;<a href=\"https:\/\/www.rnd.de\/politik\/querdenker-parteien-kaum-glaubhafte-distanzierung-nach-rechts-UD2AKIWCZ5A7BKBLXZ7LCY3D3M.html\" target=\"_blank\" rel=\"noopener\">Partei<\/a> seitdem um Mitglieder. Der Appel nach <em>&#8222;Meinungsfreiheit&#8220;<\/em> und die Furcht vor angeblicher<em> &#8222;Zensur&#8220;<\/em> d\u00fcrfte bei interessierten Verschw\u00f6rungsgl\u00e4ubigen ebenfalls gut ankommen. Ein anthroposophischer Jargon \u00fcber die <em>&#8222;Entflechtung des geistig-kulturellen, rechtlichen und wirtschaftlichen Bereichs&#8220;<\/em> k\u00f6nnte esoterische Personen begeistern.<\/p>\n<p style=\"text-align: justify;\">Viele auf Rudolf Steiner zur\u00fcckgehende Ideen finden sich im Parteiprogramm. So fordert <em>&#8222;Die Basis&#8220;<\/em> dort <em>&#8222;das soziale Leben im Sinne der Freiheit, das Wirtschaftsleben im Sinne der\u00a0Br\u00fcderlichkeit\u00a0und das Rechtsleben im Sinne der\u00a0Gleichheit&#8220;<\/em>. Es handelt sich um Grunds\u00e4tze der sogenannten <em>&#8222;Dreigliederung&#8220;<\/em>, durch die der Antikommunist und Antisemit nach dem Ersten Weltkrieg die Bewegung, welche den kapitalistischen Zustand aufhebt, abwenden wollte. In solche Tradition stellt sich die <a href=\"https:\/\/de.wikipedia.org\/wiki\/Basisdemokratische_Partei_Deutschland\" target=\"_blank\" rel=\"noopener\">neue Partei<\/a>, welche zudem den Nationalsozialismus durch Gleichsetzung mit postnazistischen Corona-Verh\u00e4ltnissen verharmlost, indem sie eine <em>&#8222;Zeit der Gleichschaltung&#8220;<\/em> beschw\u00f6rt.<\/p>\n<p style=\"text-align: justify;\"><em>&#8222;Die Basis&#8220;<\/em>-Mitglieder begreifen sich als Teil einer neuen <em>&#8222;Gemeinschaft&#8220;<\/em>, die <em>&#8222;Lobbyismus und Machtstreben&#8220;<\/em> mit sogenannten <em>&#8222;S\u00e4ulen&#8220;<\/em> begrenzen m\u00f6chte. Ihr geh\u00f6ren Querdenkende und Quacksalbende an, die sich durch die Abwehr der pandemischen Realit\u00e4t und mit Corona-Leugnung inhaltlich radikalisieren. Ihre Partei profitiert von der aktiven Mitwirkung bekannterer Corona-Leugnerinnen und Verschw\u00f6rungs-Aktivisten. Die Struktur nutzt diese Werbetr\u00e4ger, die sich auch andernorts als Heilsgestalten f\u00fcr Verschw\u00f6rungsgl\u00e4ubige inszenieren, um Aktionismus zu befeuern oder Spendensammlung zu betreiben.<\/p>\n<p><a href=\"https:\/\/ferne-welten.com\/wp-content\/uploads\/2021\/03\/Die-Basis-Oldenburg-Unterlagen.png\"><img loading=\"lazy\" decoding=\"async\" class=\"wp-image-3110 size-full\" src=\"https:\/\/ferne-welten.com\/wp-content\/uploads\/2021\/03\/Die-Basis-Oldenburg-Unterlagen.png\" alt=\"\" width=\"848\" height=\"464\" srcset=\"https:\/\/ferne-welten.com\/wp-content\/uploads\/2021\/03\/Die-Basis-Oldenburg-Unterlagen.png 848w, https:\/\/ferne-welten.com\/wp-content\/uploads\/2021\/03\/Die-Basis-Oldenburg-Unterlagen-300x164.png 300w, https:\/\/ferne-welten.com\/wp-content\/uploads\/2021\/03\/Die-Basis-Oldenburg-Unterlagen-768x420.png 768w, https:\/\/ferne-welten.com\/wp-content\/uploads\/2021\/03\/Die-Basis-Oldenburg-Unterlagen-731x400.png 731w\" sizes=\"auto, (max-width: 848px) 100vw, 848px\" \/><\/a><\/p>\n<h4 style=\"text-align: justify;\"><b>Kader der Kleinpartei<\/b><\/h4>\n<p style=\"text-align: justify;\">Der <em>&#8222;Pandemie-Leugner-Anwalt Fuellmich&#8220;<\/em> sorgte mit einer gr\u00f6\u00dftenteils fiktiven <a href=\"https:\/\/www.volksverpetzer.de\/hintergrund\/keine-sammelklage-fuellmich\/\" target=\"_blank\" rel=\"noopener\">Sammelklage<\/a> <em>&#8222;gegen Drosten &amp; Co&#8220;<\/em> f\u00fcr Hoffnung beim zahlungswilligen Klientel, bevor er der <em>&#8222;Basis&#8220;<\/em>-Partei beitrat. Die durch ihre <a href=\"https:\/\/ferne-welten.com\/wp-content\/uploads\/2021\/03\/Eva-Rosen-Corona-Querdenken-Partybus.mp4\" target=\"_blank\" rel=\"noopener\">Corona-Partys im Luxus-Liner<\/a> und ihren <a href=\"https:\/\/ferne-welten.com\/wp-content\/uploads\/2021\/03\/Eva-Rosen-Edeka-Monster-Mensch.mp4\" target=\"_blank\" rel=\"noopener\">entmenschlichenden Jargon<\/a> erschreckende Eva Rosen wurde gleichfalls Parteimitglied. Das gilt auch f\u00fcr den als Rechtsanwalt auftretenden Corona-Leugner Markus Haintz, der sich wie andere F\u00fchrungsfiguren der neuen Partei an dem im Oktober 2020 praktizierten <a href=\"https:\/\/anonym.to\/?https:\/\/www.zeit.de\/gesellschaft\/zeitgeschehen\/2020-09\/querdenken-bewegung-michael-ballweg-corona-demos-berlin-initiator\" target=\"_blank\" rel=\"noopener\">Putsch-Schauspiel zu Berlin<\/a> beteiligte.<\/p>\n<p style=\"text-align: justify;\"><a href=\"https:\/\/anonym.to\/?https:\/\/www.sueddeutsche.de\/muenchen\/muenchen-corona-demo-bilanz-1.5029752\" target=\"_blank\" rel=\"noopener\">In der Pandemie kam<\/a> der <a href=\"https:\/\/aufabstand.noblogs.org\/who-is-who\/markushaintz-cleaned\/\" target=\"_blank\" rel=\"noopener\">verschw\u00f6rungsideologische R\u00e4delsf\u00fchrer<\/a> <em>&#8222;fast im Minutentakt auf die B\u00fchne&#8220;, <\/em>um bei vielen Aktionen der Corona-Leugnenden vermeintliches<em>\u00a0&#8222;Unrecht und Rechtsskandale zu verk\u00fcnden&#8220;<\/em>, was dem Opfernarrativ der antisemitischen Verschw\u00f6rungsbewegung sowie der dazugeh\u00f6rigen Partei entspricht. F\u00fcr die neue <em>&#8222;Basis&#8220;<\/em> des Aktivisten tritt mit <a href=\"https:\/\/aufabstand.noblogs.org\/who-is-who\/friederikesp2-cleaned\/\" target=\"_blank\" rel=\"noopener\">Frederike Pfeifer-de Bruin<\/a> auch eine als Stichwortgeberin auftretende Akteurin der Corona-Leugnenden <a href=\"https:\/\/ferne-welten.com\/?p=2806\" target=\"_blank\" rel=\"noopener\">aus der Region um Oldenburg<\/a> ein. Zudem <a href=\"https:\/\/ferne-welten.com\/wp-content\/uploads\/2021\/03\/Aufstehen-Oldenburg-Die-Basis.jpg\" target=\"_blank\" rel=\"noopener\">begeistert<\/a> sich der \u00f6rtliche <em>&#8222;Aufstehen&#8220;<\/em>-Ableger um den <a href=\"https:\/\/twitter.com\/eiskaltland\/status\/1234158765374681090\" target=\"_blank\" rel=\"noopener\">linksdeutschen<\/a> Verschw\u00f6rungsaktivisten <a href=\"https:\/\/aufabstand.noblogs.org\/who-is-who\/hermannjack-cleaned\/\" target=\"_blank\" rel=\"noopener\">Herman Jack<\/a> f\u00fcr die junge Gruppierung.<\/p>\n<p style=\"text-align: justify;\">Auf lokaler Ebene vereint <em>&#8222;Die Basis&#8220;<\/em> relevante Multiplikator_innen der deutschen Corona-Verharmlosung, die auch im neuen Parteikollektiv gegen die derzeitigen Gesundheitsempfehlungen und den menschlichen Anstand versto\u00dfen. <em>\u201cEs&#8220; <\/em><a href=\"https:\/\/ferne-welten.com\/wp-content\/uploads\/2021\/03\/Die-Basis-Eva-Rosen-Gemeinschaft.jpg\" target=\"_blank\" rel=\"noopener\">ginge<\/a><em> &#8222;nicht um die Position eines Einzelnen, sondern darum f\u00fcr und mit der Gemeinschaft eine Position zu beziehen\u201d.<\/em> Das sagt Eva Rosen, die mit garstigem Gesang und gemeinem Geraune <a href=\"https:\/\/aufabstand.noblogs.org\/post\/2020\/12\/16\/es-geht-bergab-rueckblick-08-und-09-12-2020\/\" target=\"_blank\" rel=\"noopener\">vor einiger Zeit<\/a> in Oldenburg vorfuhr, zur Motivation der Mitgliedschaft.<\/p>\n<h4 style=\"text-align: justify;\"><strong>Von der <em>&#8222;Schamanin&#8220;<\/em> zum <em>&#8222;Machtbegrenzer&#8220;<\/em><\/strong><\/h4>\n<p style=\"text-align: justify;\">Aus esoterisch-verschw\u00f6rungsideologischem Personal bildete <em>&#8222;Die Basis&#8220;<\/em> zum Ende des ersten Corona-Jahres ihre Landesverb\u00e4nde. Neben einer <em>&#8222;Heilpraktikerin&#8220;<\/em> und einer <em>&#8222;Schamanin&#8220;<\/em> ist der verschw\u00f6rungsgl\u00e4ubige Gesch\u00e4ftsf\u00fchrer eines K\u00fcchenm\u00f6belgesch\u00e4fts im seit 20.09.2020 existierenden Vorstand f\u00fcr Niedersachsen vertreten. Die Satzung der Landesstruktur, deren Entstehung mit <a href=\"https:\/\/anonym.to\/?https:\/\/www.nwzonline.de\/friesland\/politik\/varel-basisdemokratische-partei_a_50,9,4182909782.html\" target=\"_blank\" rel=\"noopener\">freundlichen Hinweisen<\/a> in <a href=\"https:\/\/twitter.com\/eiskaltland\/status\/1334170668364144646\" target=\"_blank\" rel=\"noopener\">rechtskonservativen Lokalzeitungen<\/a> belohnt wurde, sieht zudem einen <em>&#8222;Querdenker&#8220;<\/em> als Vorstandsmitglied vor.<\/p>\n<p style=\"text-align: justify;\">Auch dieses Mitglied ist ein Beispiel f\u00fcr die personellen und ideologischen \u00dcberschneidungen in ein diffus-deutsches Verschw\u00f6rungsmillieu, das die Manifestationen zur Corona-Leugnung pr\u00e4gte. Ihr derzeitiger Tr\u00e4ger, <a href=\"https:\/\/ferne-welten.com\/wp-content\/uploads\/2021\/03\/Basis-Partei-Andy-Lorenz-NDS-LV-Querdenker.jpg\" target=\"_blank\" rel=\"noopener\">Andy Lorenz<\/a>, warnt vor <em>&#8222;Corona-Irrsinn&#8220;<\/em>, w\u00e4hrend er sich als Freund der Heranwachsenden inszeniert. Der in Cloppenburg lebende Vorstands-<em>&#8222;Querdenker&#8220;<\/em> steht zudem f\u00fcr das Munkeln \u00fcber nicht n\u00e4her benannte Personen, welche laut Lorenz <em>&#8222;die Wirtschaft aktiv an die Wand (&#8230;) fahren&#8220;.\u00a0<\/em><\/p>\n<p style=\"text-align: justify;\">Trotz typischer Phrasen von <em>&#8222;Freiheit&#8220;<\/em> und <em>&#8222;Demokratie&#8220;<\/em> zeigt sich der autorit\u00e4r-verschw\u00f6rungsideologische Charakter der Partei schnell. Die Satzung der <em>&#8222;Basis&#8220;<\/em> sieht vor, dass <em>&#8222;Interna (\u2026) als Verschlusssache deklariert werden k\u00f6nnen&#8220;<\/em>. Die nieders\u00e4chsische F\u00fchrung leistet sich zur Absicherung der hierarchischen Strukturen au\u00dferdem eine <em>&#8222;Art innerparteiliche Polizei&#8220;.<\/em> Sie besteht aus einem eigentlich in der <em>&#8222;Luft- und Raumfahrt&#8220;<\/em> t\u00e4tigenden Funktion\u00e4r, dem die neue Position als\u00a0 <em>&#8222;Machtbegrenzer&#8220;<\/em> gef\u00e4llt.<\/p>\n<p style=\"text-align: justify;\">Die Kontrolle von Basis und Vorstand ist f\u00fcr den derzeitigen Partei-Polizisten, <a href=\"https:\/\/ferne-welten.com\/wp-content\/uploads\/2021\/03\/Basis-Partei-Christian-Klages-NDS-LV-Machtbegrenzer.jpg\" target=\"_blank\" rel=\"noopener\">Christian Klages<\/a>, wahre<em> &#8222;Berufung&#8220;<\/em>. Der Funktion\u00e4r verweist auf seinen <em>&#8222;ausgepr\u00e4gten Gerechtigkeitssinn&#8220;.<\/em> Es sei eine <em>&#8222;tolle M\u00f6glichkeit&#8220;<\/em>, sich <em>&#8222;als Machtbegrenzer f\u00fcr das Land Niedersachsen einzusetzen&#8220;<\/em>, sagt Klages, dessen Partei angeblich mehr als 8.000 Mitglieder besitzt.\u00a0Einige tauschen sich auf Facebook-Seiten der Struktur aus, wobei sich oft ein bizarrer Personenkult um <a href=\"https:\/\/ferne-welten.com\/wp-content\/uploads\/2021\/03\/Die-Basis-Oldenburg-Personenkult.jpg\" target=\"_blank\" rel=\"noopener\">eigenes F\u00fchrungspersonal<\/a> sowie manchmal paranoide Furcht vor einer omnipotenten &#8222;<em>dunkle[n] Macht&#8220;<\/em>\u00a0<a href=\"https:\/\/ferne-welten.com\/wp-content\/uploads\/2021\/03\/Die-Basis-Dunkle-Macht-FB-Userin.jpg\" target=\"_blank\" rel=\"noopener\">offenbart<\/a>.<\/p>\n<p><a style=\"font-weight: bold; font-size: 14px; font-style: italic;\" href=\"https:\/\/ferne-welten.com\/wp-content\/uploads\/2021\/03\/Die-Basis-Oldenburg-KV-Gruendung-Maskenlos-2021.png\"><img loading=\"lazy\" decoding=\"async\" class=\"size-full wp-image-3111\" src=\"https:\/\/ferne-welten.com\/wp-content\/uploads\/2021\/03\/Die-Basis-Oldenburg-KV-Gruendung-Maskenlos-2021.png\" alt=\"Maskenloses Beisammensein: Kreisverbandsgr\u00fcndung im Februar\" width=\"848\" height=\"464\" srcset=\"https:\/\/ferne-welten.com\/wp-content\/uploads\/2021\/03\/Die-Basis-Oldenburg-KV-Gruendung-Maskenlos-2021.png 848w, https:\/\/ferne-welten.com\/wp-content\/uploads\/2021\/03\/Die-Basis-Oldenburg-KV-Gruendung-Maskenlos-2021-300x164.png 300w, https:\/\/ferne-welten.com\/wp-content\/uploads\/2021\/03\/Die-Basis-Oldenburg-KV-Gruendung-Maskenlos-2021-768x420.png 768w, https:\/\/ferne-welten.com\/wp-content\/uploads\/2021\/03\/Die-Basis-Oldenburg-KV-Gruendung-Maskenlos-2021-731x400.png 731w\" sizes=\"auto, (max-width: 848px) 100vw, 848px\" \/><\/a><\/p>\n<h4><strong>Reize des Regelbruchs<\/strong><\/h4>\n<p style=\"text-align: justify;\">Als die Gr\u00fcndung des Landesverbandes vor dem Jahreswechsel abgeschlossen war, besprachen sich interessierte Personen zur Organisation einer \u00f6rtlichen <em>&#8222;Basis&#8220;<\/em>-Struktur bereits in kleineren Telegram-Kan\u00e4len. Dem ersten Abtasten im \u00f6ffentlichen Chat folgten in und um Oldenburg rasch reale Treffen. Gro\u00dfe Gruppen trafen sich Anfang des Jahres in kleinen R\u00e4umen sowie im privaten Rahmen.<\/p>\n<p style=\"text-align: justify;\">Dass sich die esoterisch-konservativen Pseudo-Provokateure den damaligen Abstandsvorgaben widersetzten, d\u00fcrfte zum Reiz ihrer halb-konspirativen Zusammenk\u00fcnfte beigetragen haben. <em>&#8222;Was verboten ist, das macht uns gerade scharf&#8220;<\/em>, <a href=\"https:\/\/www.youtube.com\/watch?v=elTlF88H37Y\" target=\"_blank\" rel=\"noopener\">lauten<\/a> passende Zeilen eines DDR-Liedermachers. W\u00e4hrend Mitglieder ihre eigene Gesundheit ebenso wie das Leben dritter Personen wiederholt gef\u00e4hrdeten, ging die Gr\u00fcndung rasch voran.<\/p>\n<p style=\"text-align: justify;\">Vor Weihnachten <a href=\"https:\/\/ferne-welten.com\/wp-content\/uploads\/2021\/03\/Die-Basis-Oldenburg-Tops-Mit-Gluehwein.jpg\" target=\"_blank\" rel=\"noopener\">tr\u00e4umten<\/a> <em>&#8222;Die Basis&#8220;<\/em>-Mitglieder noch von Parteitreffen <em>&#8222;mit Musik und Gl\u00fchwein&#8220;.<\/em> Den Wunsch nach Zusammensein erf\u00fcllten sie sich sp\u00e4testens im Januar. Einen Monat sp\u00e4ter erfolgte schon die Gr\u00fcndung der lokalen Struktur f\u00fcr Oldenburg und die angrenzenden D\u00f6rfer. Mit dem am 07. Februar 2021 entstandenen <em>&#8222;Hunte-Weser-Ammerland&#8220;-<\/em>Kreisverband fand der \u00f6rtliche Entstehungsprozess ohne Abstand, Anstand und FFP2-Masken seinen passenden Abschluss. Die gesundheitsgef\u00e4hrdende Zusammenkunft dokumentieren zahlreiche Fotos.<\/p>\n<p><a href=\"https:\/\/ferne-welten.com\/wp-content\/uploads\/2021\/03\/Die-Basis-Gruppenphoto-Gesundheitsgefaehrdung-Corona.png\"><img loading=\"lazy\" decoding=\"async\" class=\"size-full wp-image-3113\" src=\"https:\/\/ferne-welten.com\/wp-content\/uploads\/2021\/03\/Die-Basis-Gruppenphoto-Gesundheitsgefaehrdung-Corona.png\" alt=\"Gesundheitsgef\u00e4hrdend: Gruppenphoto des Kreisverbands\" width=\"848\" height=\"464\" srcset=\"https:\/\/ferne-welten.com\/wp-content\/uploads\/2021\/03\/Die-Basis-Gruppenphoto-Gesundheitsgefaehrdung-Corona.png 848w, https:\/\/ferne-welten.com\/wp-content\/uploads\/2021\/03\/Die-Basis-Gruppenphoto-Gesundheitsgefaehrdung-Corona-300x164.png 300w, https:\/\/ferne-welten.com\/wp-content\/uploads\/2021\/03\/Die-Basis-Gruppenphoto-Gesundheitsgefaehrdung-Corona-768x420.png 768w, https:\/\/ferne-welten.com\/wp-content\/uploads\/2021\/03\/Die-Basis-Gruppenphoto-Gesundheitsgefaehrdung-Corona-731x400.png 731w\" sizes=\"auto, (max-width: 848px) 100vw, 848px\" \/><\/a><\/p>\n<h4><strong style=\"text-align: justify; color: #404040; font-size: 17px;\">Maskenlos zum Kreisverband<\/strong><\/h4>\n<p style=\"text-align: justify;\">Bereits vor einem vorausgehenden <em>&#8222;Basis&#8220;<\/em>-Treffen verdeutlichte die Einladende, dass sie das Tragen von Masken erz\u00fcrnt. So gab <a href=\"https:\/\/ferne-welten.com\/wp-content\/uploads\/2021\/03\/Die-Basis-Oldenburg-Verstoss-gegen-Maskenpflicht-Lappen-Maskenlos.jpg\" target=\"_blank\" rel=\"noopener\">Anette D.<\/a>, die im Telegram-Chat der Parteigliederung zum Zusammensein einlud, die zuk\u00fcnftige Praxis der sich treffenden Mitgliedschaft vor. In ihrer verschw\u00f6rungsideologischen Erkl\u00e4rung zu den Gr\u00fcnden der geplanten\u00a0 Gesundheitsgef\u00e4hrdung raunte sie von einem &#8222;<em>Plan&#8220;<\/em>\u00a0des <em>&#8222;Tiefen Staates&#8220;<\/em>, der nach ihren Angaben das <em>&#8222;Corona-Virus&#8220;<\/em> als<em> &#8222;Hilfsmittel&#8220;<\/em> einsetzt.<\/p>\n<blockquote>\n<p style=\"text-align: justify;\"><em>&#8222;Es gibt doch keinen Grund, die Lappen zu tragen.&#8220;<\/em><\/p>\n<\/blockquote>\n<p style=\"text-align: justify;\">Andere Parteimitglieder verbreiteten \u00e4hnliche Abscheulichkeiten, die zur allgegenw\u00e4rtigen Esoterik und zur verst\u00f6renden Verschw\u00f6rungsparanoia ihrer Telegram-Kommunikation passten. Mit Inhalten, die manchmal an Propagandaterme des <a href=\"https:\/\/jungle.world\/artikel\/2019\/35\/von-der-ideologie-zum-attentat\" target=\"_blank\" rel=\"noopener\">m\u00f6rderischen<\/a> QAnon-Kults <a href=\"https:\/\/ferne-welten.com\/wp-content\/uploads\/2021\/03\/Die-Basis-Oldenburg-Verschwoerungswahn-QAnon-Fanatismus.jpg\" target=\"_blank\" rel=\"noopener\">ankn\u00fcpften<\/a>, entstand offenbar eine inhaltliche Basis, sodass die ersten Treffen f\u00fcr die sich beschnuppernde Mitgliedschaft recht erfolgreich verliefen. Zwischendurch blieb der Gruppe gen\u00fcgend Zeit, um sich am Gr\u00fcndungsprozess des <em>&#8222;Hunte-Weser-Ammerland&#8220;<\/em>-Kreisverbands zu berauschen.<\/p>\n<p style=\"text-align: justify;\">Dass er sich <em>\u201egl\u00fccklich wie frisch verliebt f\u00fchlte\u201c<\/em>, berichtete beispielsweise ein Teilnehmer nach einer weiteren Zusammenkunft in einem Wohnzimmer, in dem Mitglieder und Nachwuchs ohne Abstand sowie die ihnen verhassten Masken sa\u00dfen. Eine erg\u00e4nzende Versammlung <a href=\"https:\/\/ferne-welten.com\/wp-content\/uploads\/2021\/03\/Die-Basis-Hexenhaus2.jpg\" target=\"_blank\" rel=\"noopener\">in einem<\/a> l\u00e4ndlichen <em>&#8222;&#8218;Hexenhaus'&#8220; <\/em>trug in und um Oldenburg zur Gr\u00fcndung der Struktur in Form des Kreisverbands bei. Im Anschluss verwies diese Einladende auf eine angebliche <em>&#8222;Aura&#8220;<\/em> des Hauses, w\u00e4hrend ein Sekundant die R\u00e4umlichkeiten als &#8222;<em>heidnisch-heilige Hallen&#8220;<\/em> <a href=\"https:\/\/ferne-welten.com\/wp-content\/uploads\/2021\/03\/Die-Basis-Heidnische-Hallen.jpg\" target=\"_blank\" rel=\"noopener\">pries<\/a>.<\/p>\n<p style=\"text-align: justify;\">Wie sehr diese <em>&#8222;<\/em><em>Basis&#8220;<\/em> deutsche Verh\u00e4ltnisse mit Verschw\u00f6rungsmythen deutet sowie diese nach der <em>&#8222;Erneuerung&#8220;<\/em> durch Esoterik gestalten m\u00f6chte, beweisen beworbene Inhalte im \u00f6rtlichen Partei-Chat. Vielfach verbreiteten Mitglieder verst\u00f6rende Verschw\u00f6rungspropaganda, die langj\u00e4hrige Gesch\u00e4ftemachende wie die Anti-Feministin <a href=\"https:\/\/anonym.to\/?https:\/\/www.tagesspiegel.de\/politik\/eva-herman-wie-sie-zur-ikone-der-verschwoerungsszene-wurde\/26038012.html\" target=\"_blank\" rel=\"noopener\">Eva Herman<\/a> produzieren. Zur Beseitigung der vermeintlich identifizierten Verantwortlichen sind manchen Mitgliedern anscheinend brutal-blutige Exekutionen oder pseudo-juristische Prozesse recht. Das beweisen Wortmeldungen von <em>&#8222;Basis&#8220;<\/em>-Akteuren, die an ihrem Telegram-Stammtisch \u00fcber das Vorgehen debattierten.<\/p>\n<p><a href=\"https:\/\/ferne-welten.com\/wp-content\/uploads\/2021\/03\/Die-Basis-Haendchenhalten-Corona-Verstoss-Februar-2021.png\"><img loading=\"lazy\" decoding=\"async\" class=\"size-full wp-image-3116\" src=\"https:\/\/ferne-welten.com\/wp-content\/uploads\/2021\/03\/Die-Basis-Haendchenhalten-Corona-Verstoss-Februar-2021.png\" alt=\"Virenaustausch im Kreisverband\u00a0\" width=\"848\" height=\"464\" srcset=\"https:\/\/ferne-welten.com\/wp-content\/uploads\/2021\/03\/Die-Basis-Haendchenhalten-Corona-Verstoss-Februar-2021.png 848w, https:\/\/ferne-welten.com\/wp-content\/uploads\/2021\/03\/Die-Basis-Haendchenhalten-Corona-Verstoss-Februar-2021-300x164.png 300w, https:\/\/ferne-welten.com\/wp-content\/uploads\/2021\/03\/Die-Basis-Haendchenhalten-Corona-Verstoss-Februar-2021-768x420.png 768w, https:\/\/ferne-welten.com\/wp-content\/uploads\/2021\/03\/Die-Basis-Haendchenhalten-Corona-Verstoss-Februar-2021-731x400.png 731w\" sizes=\"auto, (max-width: 848px) 100vw, 848px\" \/><\/a><\/p>\n<h4><strong style=\"text-align: justify; color: #404040; font-size: 17px;\">Traum vom Erschie\u00dfungskommando<\/strong><\/h4>\n<p style=\"text-align: justify;\">Am 21. August 2020 ver\u00f6ffentlichte die in der Entstehung begriffene <em>&#8222;Basis&#8220;<\/em> den Beitrag eines Oberarztes, der sich im Klinikums Wilhelmshaven mit <em>&#8222;Kinder- und Jugendpsychiatrie und Psychotherapie&#8220;<\/em> befasst. <a href=\"https:\/\/twitter.com\/OlRnn\/status\/1355100605107286016\" target=\"_blank\" rel=\"noopener\">Das Mitglied<\/a> warnte vor <em>&#8222;Antichristen&#8220;<\/em>, die daf\u00fcr sorgen, dass <em>&#8222;gewaltsam entwendeten Kinder interniert und konzentriert&#8220;<\/em> (sic!) werden. Der Mediziner machte eine <em>&#8222;F\u00fchrung&#8220;<\/em> verantwortlich, die er als Gruppe <em>&#8222;von v\u00f6llig verbiesterten, angstgesteuerten Psychopathen&#8220;<\/em> mit <em>&#8222;monstr\u00f6sen Gehirnen&#8220;<\/em> d\u00e4monisierte.<\/p>\n<p style=\"text-align: justify;\">Menschenfeindliche Positionen waren auch im \u00f6ffentlichen Chat des <em>&#8222;Hunte-Weser-Ammerland&#8220;<\/em>-Kreisverbands keine Ausnahme. Der nieders\u00e4chsische Ministerpr\u00e4sident,\u00a0 Stephan Weil, erz\u00fcrnte ein Parteimitglied so sehr, dass es seine deutsche Wut mit blutroten Ausrufezeichen kundtat. Der Vernichtungswunsch der Corona-Leugnerin offenbarte sich in der Forderung nach Ausl\u00f6schung des Politikers und seiner angeblichen Komplizen:<\/p>\n<blockquote><p>&#8222;Die geh\u00f6ren doch alle an die Wand!&#8220;<\/p><\/blockquote>\n<p style=\"text-align: justify;\">Den <a href=\"https:\/\/ferne-welten.com\/wp-content\/uploads\/2021\/03\/Die-Basis-Oldenburg-Annette-Doll-Alle-An-Die-Wand.jpg\" target=\"_blank\" rel=\"noopener\">Mordaufruf der Annette D.<\/a>, die zuvor f\u00fcr eine <em>&#8222;Basis&#8220;<\/em>-Parteifunktion kandidierte, relativierte unter anderem Alexander Goretzki. Ihm ist ein <em>&#8222;Bewusstsein&#8220;<\/em> der<em> &#8222;germanischen Wurzeln&#8220;<\/em> (sic!), nach Angaben einer \u00e4lteren <a href=\"https:\/\/ferne-welten.com\/wp-content\/uploads\/2021\/03\/Alexander-Goretzki-Germanische-Wurzeln-Landesbibliothek-Oldenburg.jpg\" target=\"_blank\" rel=\"noopener\">Veranstaltungsank\u00fcndigung<\/a> f\u00fcr ein Event in der \u00f6rtlichen Landesbibliothek des Bundeslandes, <em>&#8222;zunehmend wichtiger&#8220;<\/em>. Das germanophile Mitglied schrieb zu solchem Geisteszustand passende Zeilen, wobei Kritik an dem deutschen Vernichtungstraum seiner ebensolchen Parteikameradin zumindest im <em>&#8222;Basis&#8220;<\/em>-Telegramchat ausblieb.<\/p>\n<h4><strong>Verteidigung einer Vernichtungsphantasie<\/strong><\/h4>\n<p style=\"text-align: justify;\">In seiner Positionierung sprach sich der <em>&#8222;Basis&#8220;<\/em>-Wortf\u00fchrer gegen die L\u00f6schung aus, wobei er den Mordaufruf als Meinungs\u00e4u\u00dferung verniedlichte: <em>&#8222;Andreas Standpunkt, eine \u00c4u\u00dferung zu l\u00f6schen, weil sie (&#8230;) Hinrichtungen evoziert, finde ich problematisch&#8220;, <\/em><a href=\"https:\/\/ferne-welten.com\/wp-content\/uploads\/2021\/03\/Die-Basis-Oldenburg-Vorstand-und-Erschiessungsfan.jpg\" target=\"_blank\" rel=\"noopener\">dozierte Goretzki<\/a>. Tats\u00e4chlich setzte sich das Parteimitglied zeitweilig durch. Die Erschie\u00dfungsforderung wurde erst vor einigen Tagen entfernt.<\/p>\n<p style=\"text-align: justify;\">Der mit bekannteren Corona-Leugnerinnen konversierende K\u00fcnstler ist nicht nur Partei-, sondern auch Vorstandsmitglied. Er f\u00fchrt mit drei weiteren Personen die Gesch\u00e4fte einer Genossenschaft, die das in Oldenburg bekannte <em>&#8222;Poly-Haus&#8220;<\/em> betreibt. Die durch Landesmittel gef\u00f6rderte Vereinigung befasst sich mit <em>&#8222;Nachhaltigkeitsprojekte[n]&#8220;. <\/em>Dazu geh\u00f6rt der Betrieb einer Bar, die bei eher linksalternativen Nachtschw\u00e4rmenden beliebt ist. <a href=\"https:\/\/ferne-welten.com\/wp-content\/uploads\/2021\/03\/Polygenos-Goretzki-Adler-Guru.jpg\" target=\"_blank\" rel=\"noopener\">Die Struktur<\/a> um den <a href=\"https:\/\/twitter.com\/eiskaltland\/status\/1232626407123099649\" target=\"_blank\" rel=\"noopener\">anti-israelischen<\/a> <a href=\"https:\/\/radiocorax.de\/zur-kritik-einer-postwachstumsideologie\/\" target=\"_blank\" rel=\"noopener\">Postwachstums-Vordenker Niko Paech<\/a> besitzt au\u00dferdem einen Aufsichtsrat, dessen Vorsitz der Linkspartei-Ratsabgeordnete und <a href=\"https:\/\/jungle.world\/artikel\/2008\/07\/sieg-der-westfront\" target=\"_blank\" rel=\"noopener\">Israel-Sanktions-Bef\u00fcrworter<\/a> Hans-Henning Adler inne hat.<\/p>\n<p style=\"text-align: justify;\">Die Wortmeldung des <em>&#8222;Polygenos&#8220;<\/em>-Vorstandsmitglieds, eigentlich ein freiberuflicher Musikant, machte den Wunsch nach Ermordung des Ministerpr\u00e4sidenten zum Teil des legitimen <em>&#8222;Basis&#8220;<\/em>-Diskurses. Von anderer Mitgliedschaft des neuen Kreisverbands gab es, \u00e4hnlich wie von Goretzki, verst\u00f6rend viel Verst\u00e4ndnis f\u00fcr den blutigen Traum von solcher Exekution: <em>&#8222;Ich verstehe absolut deine Wut&#8220;<\/em>, <a href=\"https:\/\/ferne-welten.com\/wp-content\/uploads\/2021\/03\/Die-Basis-Oldenburg-Verstaendnis-fuer-Mordaufruf.jpg\" target=\"_blank\" rel=\"noopener\">schrieb<\/a> eine Kameradin, w\u00e4hrend ein strategisch auftretender Kompagnon darauf hinwies, dass die Debattierenden zuk\u00fcnftig <em>&#8222;bestimmte Sachen lieber f\u00fcr sich behalten&#8220; <\/em><a href=\"https:\/\/ferne-welten.com\/wp-content\/uploads\/2021\/03\/Die-Basis-Oldenburg-Erschiessungen-fuer-Sich-behalten.jpg\" target=\"_blank\" rel=\"noopener\">sollten<\/a>.<\/p>\n<p><a href=\"https:\/\/ferne-welten.com\/wp-content\/uploads\/2021\/03\/Die-Basis-Oldenburg-Maskenloses-Virenspreading.png\"><img loading=\"lazy\" decoding=\"async\" class=\"wp-image-3114 size-full\" src=\"https:\/\/ferne-welten.com\/wp-content\/uploads\/2021\/03\/Die-Basis-Oldenburg-Maskenloses-Virenspreading.png\" alt=\"Corona-Kuscheln zur Kreisverbandsgr\u00fcndung\" width=\"848\" height=\"464\" srcset=\"https:\/\/ferne-welten.com\/wp-content\/uploads\/2021\/03\/Die-Basis-Oldenburg-Maskenloses-Virenspreading.png 848w, https:\/\/ferne-welten.com\/wp-content\/uploads\/2021\/03\/Die-Basis-Oldenburg-Maskenloses-Virenspreading-300x164.png 300w, https:\/\/ferne-welten.com\/wp-content\/uploads\/2021\/03\/Die-Basis-Oldenburg-Maskenloses-Virenspreading-768x420.png 768w, https:\/\/ferne-welten.com\/wp-content\/uploads\/2021\/03\/Die-Basis-Oldenburg-Maskenloses-Virenspreading-731x400.png 731w\" sizes=\"auto, (max-width: 848px) 100vw, 848px\" \/><\/a><\/p>\n<h4><strong>Abschottung der Verschw\u00f6rungsstruktur<\/strong><\/h4>\n<p style=\"text-align: justify;\">Nach der Kreisverbandsgr\u00fcndung waren der Mordaufruf und dazugeh\u00f6rige Putschphantasien bei der sich bieder gebenden <em>&#8222;Basis&#8220;-<\/em>Struktur aus und um Oldenburg ein Thema. Im Telegram-Kanal erbrach dieser deutsche Bodensatz <a href=\"http:\/\/www.mlwerke.de\/tr\/1933\/330610a.htm\" target=\"_blank\" rel=\"noopener\">die unverdaute Barbarei<\/a>, wobei die Forderung nach einem Erschie\u00dfungskommando f\u00fcr politische Handlungstragende von F\u00fchrungsfiguren zumindest mit relativierenden Zeilen beantwortet wurde. Letztlich suchten die <a href=\"https:\/\/ferne-welten.com\/wp-content\/uploads\/2021\/03\/Die-Basis-Oldenburg-Mitgliedschaft-Fuehrungspersonal.png\" target=\"_blank\" rel=\"noopener\">Verantwortlichen<\/a> des jungen Kreisverbands das Gespr\u00e4ch mit der Urheberin:<\/p>\n<blockquote>\n<p style=\"text-align: justify;\"><em>&#8222;Wir vom Vorstand sind im Kontakt mit ihr<\/em>.&#8220;<\/p>\n<\/blockquote>\n<p style=\"text-align: justify;\">So <a href=\"https:\/\/ferne-welten.com\/wp-content\/uploads\/2021\/03\/Die-Basis-Oldenburg-Vorstand-und-Erschiessungsfan.jpg\" target=\"_blank\" rel=\"noopener\">beruhigte<\/a> ein <em>&#8222;Hunte-Weser-Ammerland&#8220;<\/em>-Vorstandsmitglied seine Sch\u00e4fchen, die zuvor vor allem den Dialog mit der sich unverstanden f\u00fchlenden Parteifreundin suchten. Der angehende <em>&#8222;Basis&#8220;<\/em>-Politiker positionierte sich in der Debatte, wobei er den mehrfach erw\u00fcnschten Prozess gegen\u00fcber dem Erschie\u00dfungskommando vorzog: <em>&#8222;Menschen an die Wand stellen (&#8230;) geht etwas<\/em>\u00a0(sic!) <em>zu weit&#8220;<\/em>, erkl\u00e4rte dieser Funktion\u00e4r <em>&#8222;pers\u00f6nlich&#8220;<\/em>: Es sei <em>&#8222;besser zu sagen&#8220;<\/em>, dass die Mitgliedschaft <em>&#8222;sie gerichtlich zu Verantwortung bringen&#8220;<\/em> w\u00fcrde, <a href=\"https:\/\/ferne-welten.com\/wp-content\/uploads\/2021\/03\/Die-Basis-Oldenburg-Erschiessungen-gehen-persoenlich-etwas-zu-weit.jpg\" target=\"_blank\" rel=\"noopener\">erl\u00e4uterte<\/a> er die verschleiernde Sprachregelung.<\/p>\n<p style=\"text-align: justify;\">Im Anschluss <a href=\"https:\/\/ferne-welten.com\/wp-content\/uploads\/2021\/03\/Die-Basis-Oldenburg-Schliessung-Februar.jpg\" target=\"_blank\" rel=\"noopener\">beendeten<\/a> die Betreibenden den \u00f6ffentlichen Telegram-Chat zugunsten einer internen Kommunikationsm\u00f6glichkeit, wobei sich die Abschaltung des Telegram-Stammtisches bis nach Ver\u00f6ffentlichung dieses Beitrags versp\u00e4tete. Dass es im neuen <em>&#8222;Basis&#8220;<\/em>-Treff f\u00fcr <em>&#8222;Hunte-Weser-Ammerland&#8220; <\/em>\u00e4hnliche Inhalte gibt, ist auch aufgrund der Abschottung nach Au\u00dfen wahrscheinlich. Ganz im Gegenteil zu der Wahrscheinlichkeit, dass sich die im linksalternativen Milieu beliebte Lokalit\u00e4t sowie die dazugeh\u00f6rige <em>&#8222;Poly&#8220;-<\/em>Genossenschaft zeitnah von ihrem Vorstandsmitglied trennt und von seiner Verschw\u00f6rungspartei distanziert.<\/p>\n<a class=\"synved-social-button synved-social-button-share synved-social-size-32 synved-social-resolution-single synved-social-provider-facebook nolightbox\" data-provider=\"facebook\" target=\"_blank\" rel=\"nofollow\" title=\"Auf Facebook teilen\" href=\"https:\/\/www.facebook.com\/sharer.php?u=https%3A%2F%2Fferne-welten.com%2Findex.php%3Frest_route%3D%252Fwp%252Fv2%252Fposts%252F3073&#038;t=Aus%20dem%20Inneren%20einer%20Verschw%C3%B6rungspartei%3A%20Mordaufruf%20im%20Messenger&#038;s=100&#038;p&#091;url&#093;=https%3A%2F%2Fferne-welten.com%2Findex.php%3Frest_route%3D%252Fwp%252Fv2%252Fposts%252F3073&#038;p&#091;images&#093;&#091;0&#093;=https%3A%2F%2Fferne-welten.com%2Fwp-content%2Fuploads%2F2021%2F03%2FDie-Basis-Oldenburg-Unterlagen.png&#038;p&#091;title&#093;=Aus%20dem%20Inneren%20einer%20Verschw%C3%B6rungspartei%3A%20Mordaufruf%20im%20Messenger\" style=\"font-size: 0px;width:32px;height:32px;margin:0;margin-bottom:5px;margin-right:5px\"><img loading=\"lazy\" decoding=\"async\" alt=\"Facebook\" title=\"Auf Facebook teilen\" class=\"synved-share-image synved-social-image synved-social-image-share\" width=\"32\" height=\"32\" style=\"display: inline;width:32px;height:32px;margin: 0;padding: 0;border: none;box-shadow: none\" src=\"https:\/\/ferne-welten.com\/wp-content\/plugins\/social-media-feather\/synved-social\/addons\/extra-icons\/image\/social\/circle\/64x64\/facebook.png\" \/><\/a><a class=\"synved-social-button synved-social-button-share synved-social-size-32 synved-social-resolution-single synved-social-provider-twitter nolightbox\" data-provider=\"twitter\" target=\"_blank\" rel=\"nofollow\" title=\"Auf Twitter teilen\" href=\"https:\/\/twitter.com\/intent\/tweet?url=https%3A%2F%2Fferne-welten.com%2Findex.php%3Frest_route%3D%252Fwp%252Fv2%252Fposts%252F3073&#038;text=Hey%20check%20this%20out\" style=\"font-size: 0px;width:32px;height:32px;margin:0;margin-bottom:5px;margin-right:5px\"><img loading=\"lazy\" decoding=\"async\" alt=\"twitter\" title=\"Auf Twitter teilen\" class=\"synved-share-image synved-social-image synved-social-image-share\" width=\"32\" height=\"32\" style=\"display: inline;width:32px;height:32px;margin: 0;padding: 0;border: none;box-shadow: none\" src=\"https:\/\/ferne-welten.com\/wp-content\/plugins\/social-media-feather\/synved-social\/addons\/extra-icons\/image\/social\/circle\/64x64\/twitter.png\" \/><\/a><a class=\"synved-social-button synved-social-button-share synved-social-size-32 synved-social-resolution-single synved-social-provider-reddit nolightbox\" data-provider=\"reddit\" target=\"_blank\" rel=\"nofollow\" title=\"Auf Reddit teilen\" href=\"https:\/\/www.reddit.com\/submit?url=https%3A%2F%2Fferne-welten.com%2Findex.php%3Frest_route%3D%252Fwp%252Fv2%252Fposts%252F3073&#038;title=Aus%20dem%20Inneren%20einer%20Verschw%C3%B6rungspartei%3A%20Mordaufruf%20im%20Messenger\" style=\"font-size: 0px;width:32px;height:32px;margin:0;margin-bottom:5px;margin-right:5px\"><img loading=\"lazy\" decoding=\"async\" alt=\"reddit\" title=\"Auf Reddit teilen\" class=\"synved-share-image synved-social-image synved-social-image-share\" width=\"32\" height=\"32\" style=\"display: inline;width:32px;height:32px;margin: 0;padding: 0;border: none;box-shadow: none\" src=\"https:\/\/ferne-welten.com\/wp-content\/plugins\/social-media-feather\/synved-social\/addons\/extra-icons\/image\/social\/circle\/64x64\/reddit.png\" \/><\/a><a class=\"synved-social-button synved-social-button-share synved-social-size-32 synved-social-resolution-single synved-social-provider-pinterest nolightbox\" data-provider=\"pinterest\" target=\"_blank\" rel=\"nofollow\" title=\"Auf Pinterest pinnen\" href=\"https:\/\/pinterest.com\/pin\/create\/button\/?url=https%3A%2F%2Fferne-welten.com%2Findex.php%3Frest_route%3D%252Fwp%252Fv2%252Fposts%252F3073&#038;media=https%3A%2F%2Fferne-welten.com%2Fwp-content%2Fuploads%2F2021%2F03%2FDie-Basis-Oldenburg-Unterlagen.png&#038;description=Aus%20dem%20Inneren%20einer%20Verschw%C3%B6rungspartei%3A%20Mordaufruf%20im%20Messenger\" style=\"font-size: 0px;width:32px;height:32px;margin:0;margin-bottom:5px;margin-right:5px\"><img loading=\"lazy\" decoding=\"async\" alt=\"pinterest\" title=\"Auf Pinterest pinnen\" class=\"synved-share-image synved-social-image synved-social-image-share\" width=\"32\" height=\"32\" style=\"display: inline;width:32px;height:32px;margin: 0;padding: 0;border: none;box-shadow: none\" src=\"https:\/\/ferne-welten.com\/wp-content\/plugins\/social-media-feather\/synved-social\/addons\/extra-icons\/image\/social\/circle\/64x64\/pinterest.png\" \/><\/a><a class=\"synved-social-button synved-social-button-share synved-social-size-32 synved-social-resolution-single synved-social-provider-linkedin nolightbox\" data-provider=\"linkedin\" target=\"_blank\" rel=\"nofollow\" title=\"Auf Linkedin teilen\" href=\"https:\/\/www.linkedin.com\/shareArticle?mini=true&#038;url=https%3A%2F%2Fferne-welten.com%2Findex.php%3Frest_route%3D%252Fwp%252Fv2%252Fposts%252F3073&#038;title=Aus%20dem%20Inneren%20einer%20Verschw%C3%B6rungspartei%3A%20Mordaufruf%20im%20Messenger\" style=\"font-size: 0px;width:32px;height:32px;margin:0;margin-bottom:5px;margin-right:5px\"><img loading=\"lazy\" decoding=\"async\" alt=\"linkedin\" title=\"Auf Linkedin teilen\" class=\"synved-share-image synved-social-image synved-social-image-share\" width=\"32\" height=\"32\" style=\"display: inline;width:32px;height:32px;margin: 0;padding: 0;border: none;box-shadow: none\" src=\"https:\/\/ferne-welten.com\/wp-content\/plugins\/social-media-feather\/synved-social\/addons\/extra-icons\/image\/social\/circle\/64x64\/linkedin.png\" \/><\/a><a class=\"synved-social-button synved-social-button-share synved-social-size-32 synved-social-resolution-single synved-social-provider-tumblr nolightbox\" data-provider=\"tumblr\" target=\"_blank\" rel=\"nofollow\" title=\"\u00dcber Tumblr teilen\" href=\"https:\/\/tumblr.com\/share?s=&#038;v=3&#038;t=Aus%20dem%20Inneren%20einer%20Verschw%C3%B6rungspartei%3A%20Mordaufruf%20im%20Messenger&#038;u=https%3A%2F%2Fferne-welten.com%2Findex.php%3Frest_route%3D%252Fwp%252Fv2%252Fposts%252F3073\" style=\"font-size: 0px;width:32px;height:32px;margin:0;margin-bottom:5px;margin-right:5px\"><img loading=\"lazy\" decoding=\"async\" alt=\"tumblr\" title=\"\u00dcber Tumblr teilen\" class=\"synved-share-image synved-social-image synved-social-image-share\" width=\"32\" height=\"32\" style=\"display: inline;width:32px;height:32px;margin: 0;padding: 0;border: none;box-shadow: none\" src=\"https:\/\/ferne-welten.com\/wp-content\/plugins\/social-media-feather\/synved-social\/addons\/extra-icons\/image\/social\/circle\/64x64\/tumblr.png\" \/><\/a><a class=\"synved-social-button synved-social-button-share synved-social-size-32 synved-social-resolution-single synved-social-provider-mail nolightbox\" data-provider=\"mail\" rel=\"nofollow\" title=\"Link per Mail weiterleiten\" href=\"mailto:?subject=Aus%20dem%20Inneren%20einer%20Verschw%C3%B6rungspartei%3A%20Mordaufruf%20im%20Messenger&#038;body=Hey%20check%20this%20out:%20https%3A%2F%2Fferne-welten.com%2Findex.php%3Frest_route%3D%252Fwp%252Fv2%252Fposts%252F3073\" style=\"font-size: 0px;width:32px;height:32px;margin:0;margin-bottom:5px\"><img loading=\"lazy\" decoding=\"async\" alt=\"mail\" title=\"Link per Mail weiterleiten\" class=\"synved-share-image synved-social-image synved-social-image-share\" width=\"32\" height=\"32\" style=\"display: inline;width:32px;height:32px;margin: 0;padding: 0;border: none;box-shadow: none\" src=\"https:\/\/ferne-welten.com\/wp-content\/plugins\/social-media-feather\/synved-social\/addons\/extra-icons\/image\/social\/circle\/64x64\/mail.png\" \/><\/a>","protected":false},"excerpt":{"rendered":"<p>Dass zum aktuellen Verschw\u00f6rungswahn die deutsche Vernichtungsphantasie geh\u00f6rt, beweisen Corona-Leugnende in \u00f6ffentlichen Telegram-Chats. Die Angeh\u00f6rigen des &#8222;Die Basis&#8220;-Kreisverbands &#8222;Hunte-Weser-Ammerland&#8220; nutzen das Kommunikationsprogramm\u00a0 zu organisatorischen Zwecken, zur zeitnahen Mobilisierung sowie zur weiteren Ideologisierung. Mitglieder der verschw\u00f6rungsideologischen Partei debattierten im regionalen Kanal,&#8230;<br \/><a class=\"read-more-button\" href=\"https:\/\/ferne-welten.com\/?p=3073\">Read more<\/a><\/p>\n","protected":false},"author":1,"featured_media":0,"comment_status":"open","ping_status":"open","sticky":false,"template":"","format":"standard","meta":{"footnotes":""},"categories":[88,359,79],"tags":[1006,1002,107,919,1003,954,995,268,998,1007,1001,89,999,1008,93,996,997,1004,399,165,77],"class_list":["post-3073","post","type-post","status-publish","format-standard","hentry","category-dorfkritik","category-eiskaltland","category-mythen","tag-alexander-goretzki","tag-andy-lorenz","tag-antisemitismus","tag-aufstehen","tag-christian-klages","tag-corona-leugnung","tag-die-basis","tag-die-linke","tag-eva-rosen","tag-hans-henning-adler","tag-hermann-jack","tag-linkspartei","tag-markus-haintz","tag-niko-paech","tag-oldenburg","tag-polyester","tag-polygenos","tag-querdenker","tag-querfront","tag-verschwoerungsideologie","tag-verschwoerungswahn"],"_links":{"self":[{"href":"https:\/\/ferne-welten.com\/index.php?rest_route=\/wp\/v2\/posts\/3073","targetHints":{"allow":["GET"]}}],"collection":[{"href":"https:\/\/ferne-welten.com\/index.php?rest_route=\/wp\/v2\/posts"}],"about":[{"href":"https:\/\/ferne-welten.com\/index.php?rest_route=\/wp\/v2\/types\/post"}],"author":[{"embeddable":true,"href":"https:\/\/ferne-welten.com\/index.php?rest_route=\/wp\/v2\/users\/1"}],"replies":[{"embeddable":true,"href":"https:\/\/ferne-welten.com\/index.php?rest_route=%2Fwp%2Fv2%2Fcomments&post=3073"}],"version-history":[{"count":57,"href":"https:\/\/ferne-welten.com\/index.php?rest_route=\/wp\/v2\/posts\/3073\/revisions"}],"predecessor-version":[{"id":3385,"href":"https:\/\/ferne-welten.com\/index.php?rest_route=\/wp\/v2\/posts\/3073\/revisions\/3385"}],"wp:attachment":[{"href":"https:\/\/ferne-welten.com\/index.php?rest_route=%2Fwp%2Fv2%2Fmedia&parent=3073"}],"wp:term":[{"taxonomy":"category","embeddable":true,"href":"https:\/\/ferne-welten.com\/index.php?rest_route=%2Fwp%2Fv2%2Fcategories&post=3073"},{"taxonomy":"post_tag","embeddable":true,"href":"https:\/\/ferne-welten.com\/index.php?rest_route=%2Fwp%2Fv2%2Ftags&post=3073"}],"curies":[{"name":"wp","href":"https:\/\/api.w.org\/{rel}","templated":true}]}}