{"id":324,"date":"2016-08-05T09:28:08","date_gmt":"2016-08-05T08:28:08","guid":{"rendered":"http:\/\/ferne-welten.com\/?p=324"},"modified":"2017-04-30T12:09:26","modified_gmt":"2017-04-30T11:09:26","slug":"muenchen-konstruktion-eines-mythos","status":"publish","type":"post","link":"https:\/\/ferne-welten.com\/?p=324","title":{"rendered":"M\u00fcnchen: Konstruktion eines Mythos"},"content":{"rendered":"<p style=\"text-align: justify;\">Als er in M\u00fcnchen zur Waffe griff, um Menschen zu ermorden, war David S. erst 18 Jahre alt. Nach der Attacke war das Verlangen nach einer Erkl\u00e4rung gro\u00df. Es entstand\u00a0das mediale Psychogramm eines T\u00e4ters, der sich an\u00a0\u201e<em>Killerspielen\u201c<\/em>\u00a0wie <em>&#8222;Counter-Strike&#8220;\u00a0<\/em>begeisterte. Ein junger Mann eben, psychisch instabil und gemobbt, der als Au\u00dfenseiter galt. Innenminister\u00a0De Maizi\u00e8re reanimierte unterdessen eine alte Debatte, indem er ein <em>\u201eAusma\u00df von gewaltverherrlichenden Spielen\u00a0im Internet&#8220;<\/em>\u00a0<a href=\"http:\/\/www.faz.net\/aktuell\/wirtschaft\/wirtschaftspolitik\/kommentar-terror-virtuell-und-real-14355538.html\" target=\"_blank\" rel=\"noopener noreferrer\">entdeckte<\/a>, die Jugendliche in ihrer Entwicklung bedrohen.<\/p>\n<p style=\"text-align: justify;\"><!--more--><\/p>\n<p style=\"text-align: justify;\">W\u00e4hrenddessen suchten andere Akteure die T\u00e4ter, die in Wirklichkeit f\u00fcr die Morde verantwortlich sein sollen. Im Netz wurde bereits in der Nacht nach den Attacken, als noch weniger Informationen bekannt waren, nach Schuldigen gefahndet. So mutierte eine ganze Anzahl an Ungl\u00e4ubigen, die weder Medien noch Bildern trauen, zu Aufkl\u00e4rern, die sich mit den Morden befassten. Bereits kurz nach den Attacken kursierten die ersten Mythen, durch die die Taten erkl\u00e4rt wurden.<\/p>\n<p style=\"text-align: justify;\">Einen Tag nach den Ereignissen ver\u00f6ffentlichte die Facebook-Seite <em>\u201eNeues Bewusstsein&#8220; <\/em>eine erstaunliche <a href=\"http:\/\/ferne-welten.com\/wp-content\/uploads\/2016\/08\/M\u00fcnchen-2.jpg\" target=\"_blank\" rel=\"noopener noreferrer\">Deutung<\/a>, die munter geteilt wurde. Nicht nur dort wurde ein Video, das David S. bei seinen Taten zeigte, zur Beweisf\u00fchrung herangezogen. Der T\u00e4ter sei in die Szene<em> &#8222;hineingebeamt&#8220;<\/em> worden, hie\u00df es. Ob er aus der Zukunft kam, wurde leider nicht beantwortet. Die Theorien vom Beamen wurden auch in anderen Facebook-Gruppen debattiert, in der sich Verschw\u00f6rungsgl\u00e4ubige sammeln.<\/p>\n<p style=\"text-align: justify;\"><strong>Konstruktion eines Mythos<\/strong><\/p>\n<p style=\"text-align: justify;\">In einem ebenfalls h\u00e4ufig besprochenen Video, das schon einen Tag nach den Ereignissen ver\u00f6ffentlicht wurde, wollte\u00a0der\u00a0Produzent okkulte Symbole an Einsatzfahrzeugen\u00a0entdeckt haben. Solche Interpretation\u00a0einer\u00a0Polizeikennzeichnung spielte allerdings eine untergeordnete Rolle. Weitaus wirkungsvoller waren Behauptungen, durch die israelische Staatsb\u00fcrger f\u00fcr die Morde verantwortlich gemacht wurden. In den unfreiwilligen Hauptrolle des schaurigen St\u00fccks, das in diesen Tagen entstand: Eine ehemalige Abgeordnete aus Israel, die zur Agentin gemacht, und ein Journalist aus Deutschland, dem Vorwissen unterstellt wurde.<\/p>\n<p style=\"text-align: justify;\">Die in den sozialen Netzwerken ge\u00e4u\u00dferten Vorstellungen wurden auch auf andere Weise verbreitet. Verschw\u00f6rungsideologische Autoren, Journalisten und Heimvideoproduzenten besprachen die eindeutigen Mythen, die in sozialen Netzwerken kursierten. In M\u00fcnchen hatte gerade ein neuer Morgen begonnen, als\u00a0<a href=\"https:\/\/www.psiram.com\/ge\/index.php\/Oliver_Janich\" target=\"_blank\" rel=\"noopener noreferrer\">Oliver Janich<\/a> \u2013 verschw\u00f6rungsideologischer Aktivist und Autor &#8211; die Webcam aktivierte, um angeblichen <em>&#8222;Ungereimtheiten&#8220;<\/em> aufzudecken, die er im Internet entdeckt hatte. Zu Beginn seines <a href=\"https:\/\/www.youtube.com\/watch?v=RWoK47O-xjU\">Monologes\u00a0<\/a>befasste sich der ehemalige <em>\u201eFocus Money\u201c<\/em>-Redakteur mit dem jetzigen <em>\u201eARD\u201c-<\/em>Journalisten <a href=\"https:\/\/de.wikipedia.org\/wiki\/Richard_Gutjahr\" target=\"_blank\" rel=\"noopener noreferrer\">Richard Gutjahr,<\/a> der nicht nur aus M\u00fcnchen, \u00a0sondern auch aus Nizza berichtet hatte, als ein Islamist mit einem LKW durch Menschen raste.<\/p>\n<p style=\"text-align: justify;\">Die Doppelberichterstattung von den Orten der Attacken w\u00e4re wahrscheinlich nicht relevant, wenn Gutjahr nicht mit der\u00a0ehemaligen Knesset-Abgeordneten Einat Wilf\u00a0verheiratet w\u00e4re, die w\u00e4hrend ihres Milit\u00e4rdienst als Nachrichtenoffizierin innerhalb der Israelischen Selbstverteidigungsstreitkr\u00e4fte arbeitete. Mit dem Begriff Mossad, eigentlich der Auslandsgeheimdienst des israelischen Staates, bediente Janich seine Zielgruppe. Dabei munkelte er von Aktionen israelischer Agenten, die angeblich Terrortaten ver\u00fcben, um Pal\u00e4stinenser verantwortlich zu machen.<\/p>\n<p style=\"text-align: justify;\"><strong>Verbreitung der Konstruktion<\/strong><\/p>\n<p style=\"text-align: justify;\">Die Geschichte vom israelischen Auslandsgeheimdienst, der die Morde in M\u00fcnchen ver\u00fcbt haben soll, besch\u00e4ftigte nicht nur Oliver Janich. Wenig sp\u00e4ter erz\u00e4hlte die Internetseite <em>&#8222;Die Rote Fahne&#8220;<\/em> die gleiche Geschichte, wollte aber eine direkte<em> &#8222;Mossad-Spur&#8220;<\/em> entdeckt haben. Dort wurde die Abgeordnete zur <em>&#8222;Mossad-Agentin&#8220;<\/em> gemacht, w\u00e4hrend dem Journalisten ein Vorwissen unterstellt wurde. \u00c4hnliche Behauptungen fanden sich wenig sp\u00e4ter in einem Interview, das der Buchautor <a href=\"https:\/\/www.psiram.com\/ge\/index.php\/Wolfgang_Eggert\" target=\"_blank\" rel=\"noopener noreferrer\">Wolfgang Eggert <\/a>der Onlineausgabe des\u00a0deutschnationalen <em>&#8222;Compact&#8220;-<\/em>Magazins gab.<\/p>\n<p style=\"text-align: justify;\">Der Autor, der in seinen B\u00fcchern zionistische Sekten und den israelischen Geheimdienst f\u00fcr allerlei Unheil verantwortlich macht, hat ebenfalls Amateur-Videos gesehen. Eggert glaubt nun, dass\u00a0<em>&#8222;ganz sicher Profis&#8220;<\/em> f\u00fcr die Morde verantwortlich seien. Nat\u00fcrlich machte der Agitator, der in seinen Werken monstr\u00f6se Konspirationen herbeischreibt, Mossad-Agenten als T\u00e4ter aus. Mal wieder wurde Gutjahr und dessen Ehefrau benutzt, um den Mythos von den Mossad-Morden zu konstruieren. Israel habe von M\u00fcnchen profitiert, meinte Eggert, der sich mit dem realen T\u00e4ter nur am Rande befasste, um den Fall zu schlie\u00dfen.<\/p>\n<p style=\"text-align: justify;\">Auf der Internetseite des <a href=\"https:\/\/www.youtube.com\/watch?v=3YuNZeNAGDU\" target=\"_blank\" rel=\"noopener noreferrer\">Kopp-Verlags<\/a> finden sich \u00e4hnliche Theorien, auch wenn sich der Autor des Artikels zu den Ereignissen in M\u00fcnchen einer blumigeren Sprache bediente. <a href=\"https:\/\/de.wikipedia.org\/wiki\/Gerhard_Wisnewski\" target=\"_blank\" rel=\"noopener noreferrer\">Gerhard Wisnewski,<\/a> der sich unter anderem mit einer <em>\u201eTitanic-Verschw\u00f6rung\u201c<\/em> <a href=\"http:\/\/eiskaltland.blogsport.eu\/2012\/10\/31\/untergangsmythen\/\" target=\"_blank\" rel=\"noopener noreferrer\">befasst<\/a>, erz\u00e4hlte erneut die Geschichte vom Journalisten und von der israelischen Partnerin. Dabei entstand das Bild<em> &#8222;einer jungen Frau&#8220;<\/em>, die <em>&#8222;mit eiskalten Augen und der Ausstrahlung eines K\u00fchlschranks&#8220;<\/em> ausgestattet sei &#8211; und f\u00fcr einen israelischen Geheimdienst arbeiten k\u00f6nnte<em>: &#8222;Kommt er etwa auf diesem Wege an seine hei\u00dfen Informationen, vielleicht sogar \u00fcber bevorstehende Attentate&#8220;,<\/em> fragte Wisnewski seine Leserschaft.<\/p>\n<p style=\"text-align: justify;\"><strong>Im Visier von Verschw\u00f6rungsgl\u00e4ubigen<\/strong><\/p>\n<p style=\"text-align: justify;\">In den sozialen Netzwerken finden sich ganz eindeutige Antworten, die von Gl\u00e4ubigen verbreitet werden. Offen wird von einer Aktion des israelischen Auslandsgeheimdiensts gesprochen, um auf den ARD-Journalisten und auf die ehemalige Abgeordnete zu deuten. Auf YouTube mehren sich Videos, die das M\u00e4rchen reproduzieren. So wird ein Mossad-Mythos fortgeschrieben, der\u00a0Israel auch f\u00fcr die Morde von M\u00fcnchen verantwortlich macht. In einer eindeutigen und sehr deutschen Tradition steht die Entlastung des realen T\u00e4ters, die auch in diesem Fall erfolgt.<\/p>\n<p style=\"text-align: justify;\">Der Angreifer, der acht\u00a0Menschen erschoss, war stolz darauf, sich mit einem gewissen Adolf Hitler den Geburtstag zu teilen. David S., in M\u00fcnchen geboren und sozialisiert, griff am Jahrestag des Breivik-Massakers zur Waffe, um Personen\u00a0zu richten, die er verachtete. S\u00e4mtliche Opfer waren junge Menschen, die aus der T\u00fcrkei und dem Kosovo stammten. <a href=\"http:\/\/www.faz.net\/aktuell\/politik\/inland\/f-a-z-exklusiv-amoklaeufer-von-muenchen-war-rechtsextremist-14359855.html\" target=\"_blank\" rel=\"noopener noreferrer\">Diesen T\u00e4ter<\/a>, dem der Massenm\u00f6rder Breivik ein Vorbild war, werden die antisemitischen Verschw\u00f6rungsfans schnell vergessen. Stattdessen munkelt man vom Mossad, dem eine gewisse Macht unterstellt wird.<\/p>\n<p style=\"text-align: justify;\">Der Auslandsgeheimdienst des israelischen Staates ist schon lange ein Feindbild verschw\u00f6rungsideologischer Agitatoren. Einige Krankheiten, viele Terrorakte und manchmal sogar Naturkatastrophen werden genutzt, um den Mossad in Haftung zu nehmen. Er soll f\u00fcr die m\u00f6rderischen Attacken des 11. Septembers 2001 verantwortlich sein. Die Morde von M\u00fcnchen werden nun \u00e4hnlich gedeutet.\u00a0AIDS oder Krebs stehen im Mittelpunkt von Mythen, die Israel und den Mossad als Verursacher ausmachen. Manche Verschw\u00f6rungsgl\u00e4ubige finden sogar nach Tsunamis und Erdbeben die passenden Indizien, die zu ihrem Weltbild passen. Die umfassende Allmacht, die dem Mossad nicht nur in diesen F\u00e4llen unterstellt wird, erinnert an andere Ohnmachtsphantasien, die den historischen Antisemitismus pr\u00e4gten.<\/p>\n<a class=\"synved-social-button synved-social-button-share synved-social-size-32 synved-social-resolution-single synved-social-provider-facebook nolightbox\" data-provider=\"facebook\" target=\"_blank\" rel=\"nofollow\" title=\"Auf Facebook teilen\" href=\"https:\/\/www.facebook.com\/sharer.php?u=https%3A%2F%2Fferne-welten.com%2Findex.php%3Frest_route%3D%252Fwp%252Fv2%252Fposts%252F324&#038;t=M%C3%BCnchen%3A%20Konstruktion%20eines%20Mythos&#038;s=100&#038;p&#091;url&#093;=https%3A%2F%2Fferne-welten.com%2Findex.php%3Frest_route%3D%252Fwp%252Fv2%252Fposts%252F324&#038;p&#091;images&#093;&#091;0&#093;=&#038;p&#091;title&#093;=M%C3%BCnchen%3A%20Konstruktion%20eines%20Mythos\" style=\"font-size: 0px;width:32px;height:32px;margin:0;margin-bottom:5px;margin-right:5px\"><img loading=\"lazy\" decoding=\"async\" alt=\"Facebook\" title=\"Auf Facebook teilen\" class=\"synved-share-image synved-social-image synved-social-image-share\" width=\"32\" height=\"32\" style=\"display: inline;width:32px;height:32px;margin: 0;padding: 0;border: none;box-shadow: none\" src=\"https:\/\/ferne-welten.com\/wp-content\/plugins\/social-media-feather\/synved-social\/addons\/extra-icons\/image\/social\/circle\/64x64\/facebook.png\" \/><\/a><a class=\"synved-social-button synved-social-button-share synved-social-size-32 synved-social-resolution-single synved-social-provider-twitter nolightbox\" data-provider=\"twitter\" target=\"_blank\" rel=\"nofollow\" title=\"Auf Twitter teilen\" href=\"https:\/\/twitter.com\/intent\/tweet?url=https%3A%2F%2Fferne-welten.com%2Findex.php%3Frest_route%3D%252Fwp%252Fv2%252Fposts%252F324&#038;text=Hey%20check%20this%20out\" style=\"font-size: 0px;width:32px;height:32px;margin:0;margin-bottom:5px;margin-right:5px\"><img loading=\"lazy\" decoding=\"async\" alt=\"twitter\" title=\"Auf Twitter teilen\" class=\"synved-share-image synved-social-image synved-social-image-share\" width=\"32\" height=\"32\" style=\"display: inline;width:32px;height:32px;margin: 0;padding: 0;border: none;box-shadow: none\" src=\"https:\/\/ferne-welten.com\/wp-content\/plugins\/social-media-feather\/synved-social\/addons\/extra-icons\/image\/social\/circle\/64x64\/twitter.png\" \/><\/a><a class=\"synved-social-button synved-social-button-share synved-social-size-32 synved-social-resolution-single synved-social-provider-reddit nolightbox\" data-provider=\"reddit\" target=\"_blank\" rel=\"nofollow\" title=\"Auf Reddit teilen\" href=\"https:\/\/www.reddit.com\/submit?url=https%3A%2F%2Fferne-welten.com%2Findex.php%3Frest_route%3D%252Fwp%252Fv2%252Fposts%252F324&#038;title=M%C3%BCnchen%3A%20Konstruktion%20eines%20Mythos\" style=\"font-size: 0px;width:32px;height:32px;margin:0;margin-bottom:5px;margin-right:5px\"><img loading=\"lazy\" decoding=\"async\" alt=\"reddit\" title=\"Auf Reddit teilen\" class=\"synved-share-image synved-social-image synved-social-image-share\" width=\"32\" height=\"32\" style=\"display: inline;width:32px;height:32px;margin: 0;padding: 0;border: none;box-shadow: none\" src=\"https:\/\/ferne-welten.com\/wp-content\/plugins\/social-media-feather\/synved-social\/addons\/extra-icons\/image\/social\/circle\/64x64\/reddit.png\" \/><\/a><a class=\"synved-social-button synved-social-button-share synved-social-size-32 synved-social-resolution-single synved-social-provider-pinterest nolightbox\" data-provider=\"pinterest\" target=\"_blank\" rel=\"nofollow\" title=\"Auf Pinterest pinnen\" href=\"https:\/\/pinterest.com\/pin\/create\/button\/?url=https%3A%2F%2Fferne-welten.com%2Findex.php%3Frest_route%3D%252Fwp%252Fv2%252Fposts%252F324&#038;media=&#038;description=M%C3%BCnchen%3A%20Konstruktion%20eines%20Mythos\" style=\"font-size: 0px;width:32px;height:32px;margin:0;margin-bottom:5px;margin-right:5px\"><img loading=\"lazy\" decoding=\"async\" alt=\"pinterest\" title=\"Auf Pinterest pinnen\" class=\"synved-share-image synved-social-image synved-social-image-share\" width=\"32\" height=\"32\" style=\"display: inline;width:32px;height:32px;margin: 0;padding: 0;border: none;box-shadow: none\" src=\"https:\/\/ferne-welten.com\/wp-content\/plugins\/social-media-feather\/synved-social\/addons\/extra-icons\/image\/social\/circle\/64x64\/pinterest.png\" \/><\/a><a class=\"synved-social-button synved-social-button-share synved-social-size-32 synved-social-resolution-single synved-social-provider-linkedin nolightbox\" data-provider=\"linkedin\" target=\"_blank\" rel=\"nofollow\" title=\"Auf Linkedin teilen\" href=\"https:\/\/www.linkedin.com\/shareArticle?mini=true&#038;url=https%3A%2F%2Fferne-welten.com%2Findex.php%3Frest_route%3D%252Fwp%252Fv2%252Fposts%252F324&#038;title=M%C3%BCnchen%3A%20Konstruktion%20eines%20Mythos\" style=\"font-size: 0px;width:32px;height:32px;margin:0;margin-bottom:5px;margin-right:5px\"><img loading=\"lazy\" decoding=\"async\" alt=\"linkedin\" title=\"Auf Linkedin teilen\" class=\"synved-share-image synved-social-image synved-social-image-share\" width=\"32\" height=\"32\" style=\"display: inline;width:32px;height:32px;margin: 0;padding: 0;border: none;box-shadow: none\" src=\"https:\/\/ferne-welten.com\/wp-content\/plugins\/social-media-feather\/synved-social\/addons\/extra-icons\/image\/social\/circle\/64x64\/linkedin.png\" \/><\/a><a class=\"synved-social-button synved-social-button-share synved-social-size-32 synved-social-resolution-single synved-social-provider-tumblr nolightbox\" data-provider=\"tumblr\" target=\"_blank\" rel=\"nofollow\" title=\"\u00dcber Tumblr teilen\" href=\"https:\/\/tumblr.com\/share?s=&#038;v=3&#038;t=M%C3%BCnchen%3A%20Konstruktion%20eines%20Mythos&#038;u=https%3A%2F%2Fferne-welten.com%2Findex.php%3Frest_route%3D%252Fwp%252Fv2%252Fposts%252F324\" style=\"font-size: 0px;width:32px;height:32px;margin:0;margin-bottom:5px;margin-right:5px\"><img loading=\"lazy\" decoding=\"async\" alt=\"tumblr\" title=\"\u00dcber Tumblr teilen\" class=\"synved-share-image synved-social-image synved-social-image-share\" width=\"32\" height=\"32\" style=\"display: inline;width:32px;height:32px;margin: 0;padding: 0;border: none;box-shadow: none\" src=\"https:\/\/ferne-welten.com\/wp-content\/plugins\/social-media-feather\/synved-social\/addons\/extra-icons\/image\/social\/circle\/64x64\/tumblr.png\" \/><\/a><a class=\"synved-social-button synved-social-button-share synved-social-size-32 synved-social-resolution-single synved-social-provider-mail nolightbox\" data-provider=\"mail\" rel=\"nofollow\" title=\"Link per Mail weiterleiten\" href=\"mailto:?subject=M%C3%BCnchen%3A%20Konstruktion%20eines%20Mythos&#038;body=Hey%20check%20this%20out:%20https%3A%2F%2Fferne-welten.com%2Findex.php%3Frest_route%3D%252Fwp%252Fv2%252Fposts%252F324\" style=\"font-size: 0px;width:32px;height:32px;margin:0;margin-bottom:5px\"><img loading=\"lazy\" decoding=\"async\" alt=\"mail\" title=\"Link per Mail weiterleiten\" class=\"synved-share-image synved-social-image synved-social-image-share\" width=\"32\" height=\"32\" style=\"display: inline;width:32px;height:32px;margin: 0;padding: 0;border: none;box-shadow: none\" src=\"https:\/\/ferne-welten.com\/wp-content\/plugins\/social-media-feather\/synved-social\/addons\/extra-icons\/image\/social\/circle\/64x64\/mail.png\" \/><\/a>","protected":false},"excerpt":{"rendered":"<p>Als er in M\u00fcnchen zur Waffe griff, um Menschen zu ermorden, war David S. erst 18 Jahre alt. Nach der Attacke war das Verlangen nach einer Erkl\u00e4rung gro\u00df. Es entstand\u00a0das mediale Psychogramm eines T\u00e4ters, der sich an\u00a0\u201eKillerspielen\u201c\u00a0wie &#8222;Counter-Strike&#8220;\u00a0begeisterte. Ein junger&#8230;<br \/><a class=\"read-more-button\" href=\"https:\/\/ferne-welten.com\/?p=324\">Read more<\/a><\/p>\n","protected":false},"author":1,"featured_media":0,"comment_status":"open","ping_status":"open","sticky":false,"template":"","format":"standard","meta":{"footnotes":""},"categories":[359,79],"tags":[43,83,81,85,87,84,82,86],"class_list":["post-324","post","type-post","status-publish","format-standard","hentry","category-eiskaltland","category-mythen","tag-ard","tag-compact","tag-gerhard-wisnewski","tag-kopp","tag-mossad","tag-muenchen","tag-oliver-janich","tag-wolfgang-eggert"],"_links":{"self":[{"href":"https:\/\/ferne-welten.com\/index.php?rest_route=\/wp\/v2\/posts\/324","targetHints":{"allow":["GET"]}}],"collection":[{"href":"https:\/\/ferne-welten.com\/index.php?rest_route=\/wp\/v2\/posts"}],"about":[{"href":"https:\/\/ferne-welten.com\/index.php?rest_route=\/wp\/v2\/types\/post"}],"author":[{"embeddable":true,"href":"https:\/\/ferne-welten.com\/index.php?rest_route=\/wp\/v2\/users\/1"}],"replies":[{"embeddable":true,"href":"https:\/\/ferne-welten.com\/index.php?rest_route=%2Fwp%2Fv2%2Fcomments&post=324"}],"version-history":[{"count":11,"href":"https:\/\/ferne-welten.com\/index.php?rest_route=\/wp\/v2\/posts\/324\/revisions"}],"predecessor-version":[{"id":1417,"href":"https:\/\/ferne-welten.com\/index.php?rest_route=\/wp\/v2\/posts\/324\/revisions\/1417"}],"wp:attachment":[{"href":"https:\/\/ferne-welten.com\/index.php?rest_route=%2Fwp%2Fv2%2Fmedia&parent=324"}],"wp:term":[{"taxonomy":"category","embeddable":true,"href":"https:\/\/ferne-welten.com\/index.php?rest_route=%2Fwp%2Fv2%2Fcategories&post=324"},{"taxonomy":"post_tag","embeddable":true,"href":"https:\/\/ferne-welten.com\/index.php?rest_route=%2Fwp%2Fv2%2Ftags&post=324"}],"curies":[{"name":"wp","href":"https:\/\/api.w.org\/{rel}","templated":true}]}}