{"id":3267,"date":"2021-06-08T22:15:54","date_gmt":"2021-06-08T21:15:54","guid":{"rendered":"https:\/\/ferne-welten.com\/?p=3267"},"modified":"2021-06-13T21:45:05","modified_gmt":"2021-06-13T20:45:05","slug":"prediger-gegen-israel","status":"publish","type":"post","link":"https:\/\/ferne-welten.com\/?p=3267","title":{"rendered":"Prediger gegen Israel"},"content":{"rendered":"<p style=\"text-align: justify;\"><span style=\"font-weight: 400;\">In Oldenburg versammelten sich Anfang April wenige Demonstrierende, die am <em>\u201eOstermarsch\u201c<\/em> teilnahmen. Ganz analog kamen Mitglieder von der sogenannten Linkspartei, von <em>&#8222;Fridays for Future&#8220;<\/em> und von der Endzeitsekte <em>&#8222;Extinction Rebellion&#8220;<\/em> am Hauptbahnhof zusammen. Teilnehmende lauschten den umfassenden Ausf\u00fchrungen eines Pfaffen. <\/span>Bert Gedenk reiste aus Ostfriesland an. In den vergangenen Jahren fiel der <em>&#8222;Friedensbeauftragte der Evangelisch-reformierten Kirche&#8220;<\/em> durch rabiate Unfl\u00e4tigkeiten gegen den israelischen Staat auf. Mit einem Boykott-Apell wandte er sich im Rahmen von theologischen Debatten sehr deutlich gegen den <em>&#8222;bewaffnete[n] Versuch der Juden, den Kommunismus lebend zu erreichen\u201c<\/em> (<a href=\"https:\/\/www.ca-ira.net\/verein\/positionen-und-texte\/isf-kommunismus-israel\/\" target=\"_blank\" rel=\"noopener\">ISF<\/a>).<\/p>\n<h4 style=\"text-align: justify;\"><strong>Aufruf und Ansprache<\/strong><\/h4>\n<p style=\"text-align: justify;\"><span style=\"font-weight: 400;\">Im Aufruf outeten sich die Organisierenden vom <em>&#8222;Oldenburger Friedensb\u00fcndnis\u201c<\/em> erneut als deutsche Idealisten, die auch zu Ostern <em>&#8222;im Sinne einer lebendigen Demokratie&#8220;<\/em> streiten wollten. Mit ihren Forderungen positionierte sich die Struktur gegen in Deutschland gelagerte Atomwaffen des US-Milit\u00e4rs, das nach dem achten Mai 1945 verst\u00e4ndlicherweise auf deutschem Boden verblieb. \u00c4hnliche Ansichten wie die Organisierenden vertritt der christliche Hauptredner aus Emden. Seit 1996 arbeitet der Pfarrer f\u00fcr die dortige evangelisch-reformierte Gemeinde. <\/span><\/p>\n<p style=\"text-align: justify;\"><span style=\"font-weight: 400;\">In seiner <em>&#8222;<\/em><a href=\"https:\/\/anonym.to\/?https:\/\/www.friedenskooperative.de\/ostermarsch-2021\/reden\/bert-gedenk-oldenburg\" target=\"_blank\" rel=\"noopener\"><em>Ostermarsch&#8220;<\/em>-Rede<\/a> zu Oldenburg pries Gedenk, der au\u00dferdem im <em>&#8222;Emder Friedensforum&#8220;<\/em> aktiv ist, zun\u00e4chst eine <em>&#8222;V\u00f6lkerfamilie dieser Welt&#8220;<\/em>, die aufgrund eines ratifizierten Vertragswerks zum Atomwaffenverbot einen Grund zum Feiern h\u00e4tte. <\/span><span style=\"font-weight: 400;\">Im Anschluss wandte sich der Prediger gegen die atomare Bewaffnung; und zwar vor allem von ganz bestimmten Staaten.\u00a0<\/span><span style=\"font-weight: 400;\">Im Rahmen seiner Ausf\u00fchrungen emp\u00f6rte sich der Redner au\u00dferdem \u00fcber <em>&#8222;Medien&#8220;<\/em>, denen er eine unsachgem\u00e4\u00dfe Berichterstattung zum Vertragswerk<\/span><span style=\"font-weight: 400;\"> vorwarf.\u00a0<\/span><\/p>\n<p style=\"text-align: justify;\"><span style=\"font-weight: 400;\">Am Beispiel der <em>&#8222;Ostfriesen-Zeitung&#8220;<\/em> (OZ) wurden diese Berichterstattenden vom Priester als <em>&#8222;Feind des internationalen Rechtes&#8220;<\/em> gebrandmarkt. Anschlie\u00dfend monologisierte <\/span><span style=\"font-weight: 400;\">der friedensbewegte Christ von <em>&#8222;der Wurzel des \u00dcbels&#8220;<\/em>, gegen die sich die erhoffte &#8222;<em>Tat&#8220;<\/em>\u00a0richten m\u00fcsse. <\/span><em><span style=\"font-weight: 400;\">&#8222;<\/span><\/em><span style=\"font-weight: 400;\"><em>Von Menschen gemachte G\u00f6tzen&#8220;<\/em>, warnte der Pfaffe, <em>&#8222;erkennt man immer daran, dass sie Menschenopfer wollen und Menschenleben fressen&#8220;<\/em>. Dass der ostfriesische Evangele mit solchem Sermon an Bilder des christlichen Antijudaismus ankn\u00fcpfte, erregte vor Ort keinen Widerspruch.<\/span><\/p>\n<h4><strong>Sorge um Deutschland<\/strong><\/h4>\n<p style=\"text-align: justify;\"><span style=\"font-weight: 400;\">Gedenk erg\u00f6tzte sich wenig \u00fcberraschend auch zu Ostern in Oldenburg an der Bibel, aus der er vielfach zitierte. <\/span><span style=\"font-weight: 400;\">Dieses <em>&#8222;Opium&#8220;<\/em> (Marx) erschien ihm als <em>&#8222;Buch der Aufkl\u00e4rung und Befreiung&#8220;<\/em>. <\/span>Am Hauptbahnhof formulierte der Prediger auf dieser Basis abschlie\u00dfende Forderungen, die sich gegen amerikanische Atomsprengk\u00f6pfe richteten. Es ginge darum, so der in nationalen Kategorien agitierende Gedenk, <em>&#8222;alle Atomwaffen von deutschem Boden, also die amerikanischen in pf\u00e4lzischen B\u00fcchel, so wie es die breite Mehrheit unseres Volkes beschlossen hat, auch wirklich zu entfernen&#8220; <\/em>(Rechtschreibfehler im Original).<\/p>\n<p style=\"text-align: justify;\"><span style=\"font-weight: 400;\">Abschlie\u00dfend beklagte der ostfriesische Deutsche ganz idealistisch einen <em>&#8222;Rechtsbruch gegen das deutsche Volk&#8220;<\/em>. Es handele sich um einen echten <em>&#8222;Skandal&#8220;<\/em>, emp\u00f6rte sich der auf dem Bahnhofsvorplatz emp\u00f6rende Priester. Vor Friedens-Flaggen und <em>&#8222;Fridays for Future-Fahnen&#8220;<\/em> wurde vom <em>&#8222;Ausverkauf der Demokratie durch unsere Regierung\u201c<\/em> gesprochen. Mit diesem Topos des Anti-Amerikanismus forderte der Agitierende den Aktivismus der Teilnehmenden.\u00a0<\/span> Diese sollten <em>&#8222;nicht als K\u00e4mpfer in eigener Sache, sondern im Einsatz f\u00fcr den einen gro\u00dfen Frieden\u201c<\/em> aufstehen.<\/p>\n<p style=\"text-align: justify;\">Bert Gedenk tritt nicht nur als Sprecher vom <em>&#8222;Emder Friedensforum&#8220;<\/em> und als der &#8222;<span style=\"font-weight: 400;\"><em>Friedensbeauftragte&#8220; <\/em>seiner Kirche auf. Schlie\u00dflich ist der evangelische Akteur das <\/span><span style=\"font-weight: 400;\">Mitglied einer ostfriesischen Struktur, die sich vorgeblich einem <em>&#8222;theologisch-gesellschaftspolitischen Diskurs&#8220;<\/em> widmet. In diesem Rahmen forderte der <em>&#8222;Arbeitskreis&#8220; <\/em>zun\u00e4chst den Boykott und dann die Abschaffung Israels. Das belegt ein Papier, das seine Gruppe schon vor Jahren publizierte.\u00a0<\/span><\/p>\n<h4><strong>Pfaffen gegen den Judenstaat<\/strong><\/h4>\n<p style=\"text-align: justify;\">Lange Zeit vor der Osterpredigt am Hauptbahnhof befasste sich Gedenk mit <span style=\"font-weight: 400;\">angeblichen <em>&#8222;Realit\u00e4ten&#8220;<\/em>\u00a0zum <em>&#8222;Konfliktfeld Israel&#8220;<\/em> und <em>&#8222;Pal\u00e4stina&#8220;<\/em>. Zu seiner phantasievollen Darstellung geh\u00f6rte 2013 die blutig-blumige Beschreibung von Staatsgrenzen, die Israel von den pal\u00e4stinensischen Autonomiegebieten teilt. Gedenk und seine Compagnons mieden jede Sachlichkeit. Sie schrieben stattdessen \u00fcber eine <\/span><span style=\"font-weight: 400;\"><em>&#8222;Trennmauer, die D\u00f6rfer und St\u00e4dte zu Gef\u00e4ngnissen&#8220;<\/em> machen w\u00fcrde. <\/span><\/p>\n<p style=\"text-align: justify;\"><span style=\"font-weight: 400;\">Es folgte eine anti-israelische Anklageschrift mit vielen Unterpunkten. Dort f\u00fchrte der <em>&#8222;Arbeitskreis&#8220;<\/em> um Gedenk unter anderem den <\/span><span style=\"font-weight: 400;\"><em>&#8222;Diebstahl von Land durch israelitische Siedlungen&#8220; <\/em>auf. In einem an die Sprache des v\u00f6lkischen Antisemitismus erinnernden Jargon klagten diese Predigenden au\u00dferdem \u00fcber die angebliche <em>&#8222;systematische Zersiedelung pal\u00e4stinensischen Lebensraums&#8220;<\/em> (sic!).<\/span><\/p>\n<p style=\"text-align: justify;\"><span style=\"font-weight: 400;\">Gedenk und die beiden Mitverfassenden verharmlosten die Shoa. Das deutsche Menschheitsverbrechen bagatellisierten sie durch Gleichsetzung mit Geschehnissen im Rahmen des israelischen Verteidigungskriege, die der Staatsgr\u00fcndung von 1948 folgten. In Bezug auf die industrielle Vernichtung munkelten die Schreibenden um Gedenk w\u00e4hrend dessen von einer <em>&#8222;Gefangenschaft in Schuldgef\u00fchlen gegen\u00fcber Israel&#8220;<\/em>.<\/span><\/p>\n<h4><strong>Boykottaufruf gegen Israel<\/strong><\/h4>\n<p style=\"text-align: justify;\"><span style=\"font-weight: 400;\">Die D\u00e4monisierung des j\u00fcdischen Staats zieht sich wie ein roter Faden durch das Papier, mit dem Gedenk und seine Kollegen zun\u00e4chst einen <em>&#8222;Kaufboykott&#8220;<\/em> gegen Israel forderten. In Anlehnung an die antisemitische <em>\u201eBoycott, Divestment and Sanctions\u201c<\/em>-Struktur (BDS) w\u00fcnschte sich ihr <em>&#8222;Theologischer Arbeitskreis&#8220;<\/em> sogar einen<em> &#8222;Kaufverzicht&#8220;<\/em>, der sich gegen j\u00fcdische Israelis richten sollte. <\/span><span style=\"font-weight: 400;\">Es ginge keineswegs darum, &#8222;<em>nicht bei &#8218;Juden&#8216;<\/em><\/span><span style=\"font-weight: 400;\"><em> zu kaufen, weil sie Juden sind&#8220;<\/em>, hie\u00df es zu Beginn verteidigend. <\/span><\/p>\n<p style=\"text-align: justify;\"><span style=\"font-weight: 400;\">Gefordert wurde stattdessen der Boykott von israelischen Personen, die sich laut Gedenk und seinen Compagnons<em>\u00a0&#8222;fremdes Land (\u2026) auf Kosten anderer angeeignet&#8220;<\/em> h\u00e4tten. <\/span><span style=\"font-weight: 400;\">Sie forderten daher <em>&#8222;den Aufbau&#8220;<\/em> von <em>&#8222;notwendigem Au\u00dfendruck&#8220;.<\/em> Das Handeln gegen Israel w\u00fcrde auch dazu dienen, den Judenstaat <em>&#8222;vor weiterem Unrecht gegen Gott und die Menschen zu bewahren&#8220;. <\/em><\/span><\/p>\n<p style=\"text-align: justify;\"><span style=\"font-weight: 400;\">Au\u00dferdem ginge es darum,\u00a0<em>&#8222;den Pal\u00e4stinensern das Land (\u2026) zur\u00fcckzugeben, das ihnen zusteht&#8220;<\/em>. <\/span><span style=\"font-weight: 400;\">Die BDS-Apologeten um Gedenk verglichen den eingeforderten Boykott von israelischen J\u00fcdinnen und Juden mit dem <em>&#8222;Kampf gegen die Apartheid in S\u00fcdafrika<\/em>&#8222;. So reproduzierten sie schon damals ein bis heute wichtiges Motiv der antisemitischen Boykott-Bewegung.<\/span><\/p>\n<h4 style=\"text-align: justify;\"><strong>Wunsch nach Vernichtung<\/strong><\/h4>\n<p style=\"text-align: justify;\"><span style=\"font-weight: 400;\">Dass die Ver\u00f6ffentlichung offenbar weiterhin aktuell ist, zeigt sich auch daran, dass sie sich 2021 auf der Internetseite eines christlichen <em>&#8222;Solidarit\u00e4tsnetzwerks&#8220; <\/em>findet. Die sich f\u00fcr <em>&#8222;Unterst\u00fctzung des Boykottaufrufs gegen\u00fcber Waren aus v\u00f6lkerrechtswidrigen israelischen Siedlungen&#8220;<\/em> einsetzende Vereinigung lobt die f\u00fcnfzehnseitige Ver\u00f6ffentlichung von Gesine Jannsen, Dr. Eberhard Mechels und Bert Gedenk, weil sie <em>&#8222;zu klarer Positionierung und zu konkretem Handeln&#8220;<\/em> aufrufe.<\/span><\/p>\n<p style=\"text-align: justify;\"><span style=\"font-weight: 400;\">Vielleicht liegt das an den abschlie\u00dfenden Ausf\u00fchrungen von Gedenk und Co. Dass es f\u00fcr die drei Pfaffen 2013 offenbar nicht beim Boykott bleiben sollte, sondern es ihnen um die Aufl\u00f6sung des israelischen Staates ging, machten sie zum Ende der f\u00fcr den christlichen Israel-Boykott noch heute relevanten f\u00fcnfzehn Seiten deutlich. Diesem f\u00fcr vom weltweiten Antisemitismus bedrohten J\u00fcdinnen und Juden existierenden Schutzraum w\u00fcnschten die christlichen Theologen die Abschaffung. <\/span><\/p>\n<p style=\"text-align: justify;\"><span style=\"font-weight: 400;\">Die Forderung nach Aufhebung des Staates, der auch durch \u00dcberlebende der Shoa begr\u00fcndet wurde, beendete den Sermon der ostfriesischen Geistlichen. <\/span>Schlie\u00dflich schwebte ihnen vor Jahren ein allerdings noch zu schaffender <em>&#8222;Rechtsstaat&#8220; <\/em>vor. Dieser sollte<em> &#8222;Juden und arabische Christen und Muslime gleicherma\u00dfen\u201c<\/em> dienen. Vielleicht, so unkte der anti-israelische Zusammenhang, ginge es auch um eine <em>&#8222;dritte, noch ganz unbekannte L\u00f6sung oder Zwischenl\u00f6sung&#8220; <\/em>(sic!).<\/p>\n<h4><strong>Verschw\u00f6rungsredner und Feigenbl\u00e4tter<\/strong><\/h4>\n<p style=\"text-align: justify;\"><span style=\"font-weight: 400;\">Bert Gedenk passt hervorragend zum hiesigen Ostermarsch, der in den vergangenen Jahren zahlreiche Redende mit \u00e4hnlichen Inhalten nach Oldenburg brachte. Die Organisierenden luden mit dem ehemaligen Milit\u00e4r J\u00fcrgen Rose zum Beispiel 2018 einen verschw\u00f6rungsideologischen <a href=\"https:\/\/ferne-welten.com\/?p=2342\" target=\"_blank\" rel=\"noopener\">Soldaten der Querfront<\/a> ein. Der munkelte, dass die <em>&#8222;Bundeswehr seit dem Ende des Kalten Kriegs (&#8230;) auf Kommando der US-amerikanischen Imperialmacht (&#8230;) umgebaut wurde&#8220;<\/em>, bevor er eine <em>&#8222;sicherheitspolitische Alternative gegen die US-amerikanische Form von Amok-Politik&#8220;<\/em> forderte.<\/span><\/p>\n<p style=\"text-align: justify;\">Nach diesem anti-amerikanischen Akteur durfte im folgenden Jahr ein Vertreter der antisemitischen Gruppe<em> &#8222;Bremer Friedensforum&#8220;<\/em> sprechen. In dessen Rede wurden die <em>&#8222;v\u00f6lkerrechtswidrige Annexion des Golan durch Israel&#8220;<\/em> sowie amerikanische Atomwaffen auf deutschem Boden beklagt. Durch einen Code, <em>&#8222;alternative Medien&#8220;,<\/em> <a href=\"https:\/\/docplayer.org\/165339573-Gerhard-baisch-oldenburg.html\" target=\"_blank\" rel=\"noopener\">empfahl<\/a> der Sprecher damals die Lekt\u00fcre der Propaganda von Verschw\u00f6rungsproduzenten.<\/p>\n<p style=\"text-align: justify;\">Zugeh\u00f6rige Wortf\u00fchrer lie\u00dfen sich in den vergangenen Jahren im Rahmen von verschw\u00f6rungsideologischen Events erleben. Vielfach sprach Reiner Braun, der 2017 in Oldenburg \u00e4hnliche Inhalte hervorbrachte, obwohl er zuvor unter anderem als Akteur der <em>&#8222;Friedenswinter&#8220;<\/em>-Querfront <a href=\"https:\/\/jungle.world\/artikel\/2015\/12\/kein-fruehling-im-friedenswinter\" target=\"_blank\" rel=\"noopener\">agierte<\/a>. Auf dem damaligen Ostermarsch warf er dem Judenstaat unter anderem die <em>&#8222;Unterst\u00fctzung von Landraub&#8220;<\/em> vor, w\u00e4hrend er eine deutsche<em> &#8222;Unterwerfung unter die Politik der USA&#8220;<\/em> beklagte.<\/p>\n<p style=\"text-align: justify;\"><span style=\"font-weight: 400;\">Die auf Aktionen vielfach vorgenommene Konstruktion eines weltbeherrschenden, amerikanischen Antagonisten, der auch im verschw\u00f6rungsideologischen Friedensaktivismus dem Frieden der <em>&#8222;V\u00f6lker&#8220;<\/em> entgegensteht, erg\u00e4nzt<em> &#8222;<\/em><\/span><span style=\"font-weight: 400;\"><em>Fridays for Future&#8220;<\/em> seit einigen Jahren durch umweltpolitische Ansprachen. <\/span>Auch 2021 gab es eine Rede der Umweltorganisation. Beifall gab es zumindest in diesem Jahr durch Akteure, die zur <a href=\"https:\/\/ferne-welten.com\/?p=2692\" target=\"_blank\" rel=\"noopener\">esoterischen Endzeitsekte<\/a><em> &#8222;Extinction Rebellion&#8220;<\/em> geh\u00f6ren.<\/p>\n<p style=\"text-align: justify;\"><em>&#8222;<\/em><em>Allein das US-Milit\u00e4r&#8220;,<\/em> so ein FFF-Feigenblatt<em>, &#8222;verbraucht mehr fossile Energietr\u00e4ger als ganz Afrika\u201c<\/em>. Mit <a href=\"https:\/\/www.friedenskooperative.de\/ostermarsch-2021\/reden\/stiven-haseloh-und-gesa-gerding-oldenburg\" target=\"_blank\" rel=\"noopener\">solchen S\u00e4tzen<\/a> bot <em>&#8222;Fridays for Future&#8220;<\/em> zu Ostern eine \u00f6kologisch erscheinende Erg\u00e4nzung, die zum klassischen Anti-Amerikanismus des Geistlichen passte. Der sprach, wie andere Redende der <a href=\"https:\/\/ferne-welten.com\/?p=995\" target=\"_blank\" rel=\"noopener\">Vorjahre<\/a>, zu Ostern fast ausschlie\u00dflich gegen die USA, wobei die offenen anti-israelischen Ausf\u00e4lle zumindest in diesem Jahr vor dem Hauptbahnhof ausblieben.<\/p>\n<div id=\"attachment_3329\" style=\"width: 781px\" class=\"wp-caption aligncenter\"><a href=\"https:\/\/ferne-welten.com\/wp-content\/uploads\/2021\/05\/Fridays-For-Future-Oldenburg-Ostermarsch-Oldenburg-2020.jpg\"><img loading=\"lazy\" decoding=\"async\" aria-describedby=\"caption-attachment-3329\" class=\" wp-image-3329\" src=\"https:\/\/ferne-welten.com\/wp-content\/uploads\/2021\/05\/Fridays-For-Future-Oldenburg-Ostermarsch-Oldenburg-2020.jpg\" alt=\"FFF-Mobilisierung: Aufruf zum Ostermarsch 2020\" width=\"771\" height=\"551\" srcset=\"https:\/\/ferne-welten.com\/wp-content\/uploads\/2021\/05\/Fridays-For-Future-Oldenburg-Ostermarsch-Oldenburg-2020.jpg 518w, https:\/\/ferne-welten.com\/wp-content\/uploads\/2021\/05\/Fridays-For-Future-Oldenburg-Ostermarsch-Oldenburg-2020-300x214.jpg 300w\" sizes=\"auto, (max-width: 771px) 100vw, 771px\" \/><\/a><p id=\"caption-attachment-3329\" class=\"wp-caption-text\">&#8222;Fridays For Future&#8220; und &#8222;Friedensb\u00fcndnis&#8220;: Mobilisierung zum Ostermarsch (2020)<\/p><\/div>\n<h4><strong>Kritik im Handgemenge<\/strong><\/h4>\n<p style=\"text-align: justify;\"><span style=\"font-weight: 400;\">Die Abschaffung des Judenstaats, der als &#8222;<em>Reaktion auf das Dementi aller Versprechungen der b\u00fcrgerlichen Nationalrevolution&#8220;<\/em> entstand und <em>&#8222;als Antwort auf den stalinistischen Verrat an der kommunistischen Weltrevolution&#8220;<\/em> (ISF) materielle Gewalt wurde, war 2013 ein finales Ziel dieses im Jahr 2021 in Oldenburg redenden Pfaffen. Der Traum von der Vernichtung Israels, dieser nur <em>&#8222;als zu sp\u00e4t gekommene Notwehr gegen den Massenmord an den europ\u00e4ischen Juden&#8220;<\/em> (ISF) zu begreifenden Staatlichkeit, d\u00fcrfte die Organisierenden vom\u00a0 <em>&#8222;Friedensb\u00fcndnis&#8220;<\/em> nicht st\u00f6ren.\u00a0<\/span><span style=\"font-weight: 400;\">Schlie\u00dflich positionierte sich Struktur selbst immer wieder gegen Israel.\u00a0<\/span><\/p>\n<p style=\"text-align: justify;\">Im Aufruf zum Ostermarsch des Jahres 2017 wollte die Gruppe vor allem einen <em>&#8222;Fl\u00e4chenbrand im Nahen Osten (&#8230;) stoppen&#8220;<\/em>, f\u00fcr den sie offenbar Israel verantwortlich macht. Neben innenpolitischem Reformismus, der sich gegen die Bundeswehr und die NATO richtete, wendete sich das <em>&#8222;Friedensb\u00fcndnis&#8220;<\/em> explizit gegen Israel: <em>&#8222;Die Duldung der israelischen Besatzungs- und Au\u00dfenpolitik muss beendet werden&#8220;<\/em>, forderte die Struktur, die auch in diesem Jahr die Zusammenkunft organisierte, im damaligen Aufruf.<\/p>\n<p style=\"text-align: justify;\">Bei einer vorherigen Veranstaltung der Gruppe sprach sich Wolfgang Gehrcke, Autor mit Verschw\u00f6rungsinhalten, <a href=\"https:\/\/ferne-welten.com\/?p=998\" target=\"_blank\" rel=\"noopener\">nach Einladung<\/a> des <em>&#8222;Friedensb\u00fcndnis&#8220;<\/em> <a href=\"https:\/\/ferne-welten.com\/?p=3344\" target=\"_blank\" rel=\"noopener\">gegen<\/a> <em>&#8222;Antideutsche&#8220;<\/em> und f\u00fcr die Verteidigung der BDS-Bewegung aus, wobei anwesende Antisemiten der Boykott-Truppe den Persilschein mit lautem Beifall quittierten. Dass sich der damalige Fraktionsvorsitzende der sogenannten Linkspartei in seinem Buch auch auf einen rechten Holocaust-Leugner beruft, st\u00f6rte die Einladenden offenbar nicht.<\/p>\n<p style=\"text-align: justify;\"><span style=\"font-weight: 400;\">Formen deutscher Demagogie kennzeichnete bereits die klassische <em>&#8222;Friedensbewegung&#8220;<\/em> in den 1980er Jahren. In Deutschland sei <em>&#8222;<\/em><\/span><i>nichts ungef\u00e4hrlich, nicht mal die Begeisterung f\u00fcr den Frieden\u201d<\/i>, <a href=\"http:\/\/www.zeit.de\/1981\/45\/ein-volk-ein-reich-ein-frieden\/seite-2\">warnte Wolfgang Pohrt <\/a><a href=\"http:\/\/www.zeit.de\/1981\/45\/ein-volk-ein-reich-ein-frieden\/seite-2\">damals<\/a>. Sein Urteil bleibt weiterhin aktuell. Das zeigen Inhalte, die Prediger f\u00fcr das <em>&#8222;Oldenburger Friedensb\u00fcndnis&#8220; <\/em>allj\u00e4hrlich auf dem <em>&#8222;Ostermarsch&#8220;<\/em> oder bei einer der raren Veranstaltungen verk\u00fcnden.<\/p>\n<p style=\"text-align: justify;\"><span style=\"font-weight: 400;\">Vor Ort gab es wie in den Vorjahren keinen Widerspruch gegen die Manifestation deutscher Demagogie. <em>&#8222;Die Linke&#8220;<\/em> <a href=\"https:\/\/anonym.to\/?https:\/\/www.die-linke-oldenburg.de\/?p=1507\" target=\"_blank\" rel=\"noopener\">w\u00fcnschte<\/a> sich nach der diesj\u00e4hrigen Zusammenkunft stattdessen<em> &#8222;im n\u00e4chsten Jahr&#8220; <\/em>einen <em>&#8222;Ostermarsch wieder wie gewohnt&#8220;<\/em>. <\/span><span style=\"font-weight: 400;\">Dass sich sozialdemokratische Parteien wie <em>&#8222;Die Linke&#8220;<\/em> oder links-liberale Organisationen wie <em>&#8222;Fridays for Future&#8220;,<\/em> nach mehreren Jahren der konkreten Kollaboration mit dem friedensbewegten Antisemitismus, endlich von dem reaktion\u00e4ren \u00f6sterlichen Ritual distanzieren, ist ebenso wenig wie n\u00f6tiger Widerspruch durch antifaschistische Gruppen aus der Region zu erwarten. <\/span><\/p>\n<p style=\"text-align: justify;\">\n<a class=\"synved-social-button synved-social-button-share synved-social-size-32 synved-social-resolution-single synved-social-provider-facebook nolightbox\" data-provider=\"facebook\" target=\"_blank\" rel=\"nofollow\" title=\"Auf Facebook teilen\" href=\"https:\/\/www.facebook.com\/sharer.php?u=https%3A%2F%2Fferne-welten.com%2Findex.php%3Frest_route%3D%252Fwp%252Fv2%252Fposts%252F3267&#038;t=Prediger%20gegen%20Israel&#038;s=100&#038;p&#091;url&#093;=https%3A%2F%2Fferne-welten.com%2Findex.php%3Frest_route%3D%252Fwp%252Fv2%252Fposts%252F3267&#038;p&#091;images&#093;&#091;0&#093;=https%3A%2F%2Fferne-welten.com%2Fwp-content%2Fuploads%2F2021%2F05%2FFridays-For-Future-Oldenburg-Ostermarsch-Oldenburg-2020.jpg&#038;p&#091;title&#093;=Prediger%20gegen%20Israel\" style=\"font-size: 0px;width:32px;height:32px;margin:0;margin-bottom:5px;margin-right:5px\"><img loading=\"lazy\" decoding=\"async\" alt=\"Facebook\" title=\"Auf Facebook teilen\" class=\"synved-share-image synved-social-image synved-social-image-share\" width=\"32\" height=\"32\" style=\"display: inline;width:32px;height:32px;margin: 0;padding: 0;border: none;box-shadow: none\" src=\"https:\/\/ferne-welten.com\/wp-content\/plugins\/social-media-feather\/synved-social\/addons\/extra-icons\/image\/social\/circle\/64x64\/facebook.png\" \/><\/a><a class=\"synved-social-button synved-social-button-share synved-social-size-32 synved-social-resolution-single synved-social-provider-twitter nolightbox\" data-provider=\"twitter\" target=\"_blank\" rel=\"nofollow\" title=\"Auf Twitter teilen\" href=\"https:\/\/twitter.com\/intent\/tweet?url=https%3A%2F%2Fferne-welten.com%2Findex.php%3Frest_route%3D%252Fwp%252Fv2%252Fposts%252F3267&#038;text=Hey%20check%20this%20out\" style=\"font-size: 0px;width:32px;height:32px;margin:0;margin-bottom:5px;margin-right:5px\"><img loading=\"lazy\" decoding=\"async\" alt=\"twitter\" title=\"Auf Twitter teilen\" class=\"synved-share-image synved-social-image synved-social-image-share\" width=\"32\" height=\"32\" style=\"display: inline;width:32px;height:32px;margin: 0;padding: 0;border: none;box-shadow: none\" src=\"https:\/\/ferne-welten.com\/wp-content\/plugins\/social-media-feather\/synved-social\/addons\/extra-icons\/image\/social\/circle\/64x64\/twitter.png\" \/><\/a><a class=\"synved-social-button synved-social-button-share synved-social-size-32 synved-social-resolution-single synved-social-provider-reddit nolightbox\" data-provider=\"reddit\" target=\"_blank\" rel=\"nofollow\" title=\"Auf Reddit teilen\" href=\"https:\/\/www.reddit.com\/submit?url=https%3A%2F%2Fferne-welten.com%2Findex.php%3Frest_route%3D%252Fwp%252Fv2%252Fposts%252F3267&#038;title=Prediger%20gegen%20Israel\" style=\"font-size: 0px;width:32px;height:32px;margin:0;margin-bottom:5px;margin-right:5px\"><img loading=\"lazy\" decoding=\"async\" alt=\"reddit\" title=\"Auf Reddit teilen\" class=\"synved-share-image synved-social-image synved-social-image-share\" width=\"32\" height=\"32\" style=\"display: inline;width:32px;height:32px;margin: 0;padding: 0;border: none;box-shadow: none\" src=\"https:\/\/ferne-welten.com\/wp-content\/plugins\/social-media-feather\/synved-social\/addons\/extra-icons\/image\/social\/circle\/64x64\/reddit.png\" \/><\/a><a class=\"synved-social-button synved-social-button-share synved-social-size-32 synved-social-resolution-single synved-social-provider-pinterest nolightbox\" data-provider=\"pinterest\" target=\"_blank\" rel=\"nofollow\" title=\"Auf Pinterest pinnen\" href=\"https:\/\/pinterest.com\/pin\/create\/button\/?url=https%3A%2F%2Fferne-welten.com%2Findex.php%3Frest_route%3D%252Fwp%252Fv2%252Fposts%252F3267&#038;media=https%3A%2F%2Fferne-welten.com%2Fwp-content%2Fuploads%2F2021%2F05%2FFridays-For-Future-Oldenburg-Ostermarsch-Oldenburg-2020.jpg&#038;description=Prediger%20gegen%20Israel\" style=\"font-size: 0px;width:32px;height:32px;margin:0;margin-bottom:5px;margin-right:5px\"><img loading=\"lazy\" decoding=\"async\" alt=\"pinterest\" title=\"Auf Pinterest pinnen\" class=\"synved-share-image synved-social-image synved-social-image-share\" width=\"32\" height=\"32\" style=\"display: inline;width:32px;height:32px;margin: 0;padding: 0;border: none;box-shadow: none\" src=\"https:\/\/ferne-welten.com\/wp-content\/plugins\/social-media-feather\/synved-social\/addons\/extra-icons\/image\/social\/circle\/64x64\/pinterest.png\" \/><\/a><a class=\"synved-social-button synved-social-button-share synved-social-size-32 synved-social-resolution-single synved-social-provider-linkedin nolightbox\" data-provider=\"linkedin\" target=\"_blank\" rel=\"nofollow\" title=\"Auf Linkedin teilen\" href=\"https:\/\/www.linkedin.com\/shareArticle?mini=true&#038;url=https%3A%2F%2Fferne-welten.com%2Findex.php%3Frest_route%3D%252Fwp%252Fv2%252Fposts%252F3267&#038;title=Prediger%20gegen%20Israel\" style=\"font-size: 0px;width:32px;height:32px;margin:0;margin-bottom:5px;margin-right:5px\"><img loading=\"lazy\" decoding=\"async\" alt=\"linkedin\" title=\"Auf Linkedin teilen\" class=\"synved-share-image synved-social-image synved-social-image-share\" width=\"32\" height=\"32\" style=\"display: inline;width:32px;height:32px;margin: 0;padding: 0;border: none;box-shadow: none\" src=\"https:\/\/ferne-welten.com\/wp-content\/plugins\/social-media-feather\/synved-social\/addons\/extra-icons\/image\/social\/circle\/64x64\/linkedin.png\" \/><\/a><a class=\"synved-social-button synved-social-button-share synved-social-size-32 synved-social-resolution-single synved-social-provider-tumblr nolightbox\" data-provider=\"tumblr\" target=\"_blank\" rel=\"nofollow\" title=\"\u00dcber Tumblr teilen\" href=\"https:\/\/tumblr.com\/share?s=&#038;v=3&#038;t=Prediger%20gegen%20Israel&#038;u=https%3A%2F%2Fferne-welten.com%2Findex.php%3Frest_route%3D%252Fwp%252Fv2%252Fposts%252F3267\" style=\"font-size: 0px;width:32px;height:32px;margin:0;margin-bottom:5px;margin-right:5px\"><img loading=\"lazy\" decoding=\"async\" alt=\"tumblr\" title=\"\u00dcber Tumblr teilen\" class=\"synved-share-image synved-social-image synved-social-image-share\" width=\"32\" height=\"32\" style=\"display: inline;width:32px;height:32px;margin: 0;padding: 0;border: none;box-shadow: none\" src=\"https:\/\/ferne-welten.com\/wp-content\/plugins\/social-media-feather\/synved-social\/addons\/extra-icons\/image\/social\/circle\/64x64\/tumblr.png\" \/><\/a><a class=\"synved-social-button synved-social-button-share synved-social-size-32 synved-social-resolution-single synved-social-provider-mail nolightbox\" data-provider=\"mail\" rel=\"nofollow\" title=\"Link per Mail weiterleiten\" href=\"mailto:?subject=Prediger%20gegen%20Israel&#038;body=Hey%20check%20this%20out:%20https%3A%2F%2Fferne-welten.com%2Findex.php%3Frest_route%3D%252Fwp%252Fv2%252Fposts%252F3267\" style=\"font-size: 0px;width:32px;height:32px;margin:0;margin-bottom:5px\"><img loading=\"lazy\" decoding=\"async\" alt=\"mail\" title=\"Link per Mail weiterleiten\" class=\"synved-share-image synved-social-image synved-social-image-share\" width=\"32\" height=\"32\" style=\"display: inline;width:32px;height:32px;margin: 0;padding: 0;border: none;box-shadow: none\" src=\"https:\/\/ferne-welten.com\/wp-content\/plugins\/social-media-feather\/synved-social\/addons\/extra-icons\/image\/social\/circle\/64x64\/mail.png\" \/><\/a>","protected":false},"excerpt":{"rendered":"<p>In Oldenburg versammelten sich Anfang April wenige Demonstrierende, die am \u201eOstermarsch\u201c teilnahmen. Ganz analog kamen Mitglieder von der sogenannten Linkspartei, von &#8222;Fridays for Future&#8220; und von der Endzeitsekte &#8222;Extinction Rebellion&#8220; am Hauptbahnhof zusammen. Teilnehmende lauschten den umfassenden Ausf\u00fchrungen eines Pfaffen&#8230;.<br \/><a class=\"read-more-button\" href=\"https:\/\/ferne-welten.com\/?p=3267\">Read more<\/a><\/p>\n","protected":false},"author":1,"featured_media":0,"comment_status":"open","ping_status":"open","sticky":false,"template":"","format":"standard","meta":{"footnotes":""},"categories":[88,359,79],"tags":[107,286,1025,166,1027,1022,1026,934,1024,1023,318,287,93,319],"class_list":["post-3267","post","type-post","status-publish","format-standard","hentry","category-dorfkritik","category-eiskaltland","category-mythen","tag-antisemitismus","tag-bds","tag-bert-gedenk","tag-bremen","tag-bremer-friedensforum","tag-emden","tag-emder-friedensforum","tag-extinction-rebellion","tag-fff","tag-fridays-for-future","tag-friedensbuendnis","tag-israel","tag-oldenburg","tag-ostermarsch"],"_links":{"self":[{"href":"https:\/\/ferne-welten.com\/index.php?rest_route=\/wp\/v2\/posts\/3267","targetHints":{"allow":["GET"]}}],"collection":[{"href":"https:\/\/ferne-welten.com\/index.php?rest_route=\/wp\/v2\/posts"}],"about":[{"href":"https:\/\/ferne-welten.com\/index.php?rest_route=\/wp\/v2\/types\/post"}],"author":[{"embeddable":true,"href":"https:\/\/ferne-welten.com\/index.php?rest_route=\/wp\/v2\/users\/1"}],"replies":[{"embeddable":true,"href":"https:\/\/ferne-welten.com\/index.php?rest_route=%2Fwp%2Fv2%2Fcomments&post=3267"}],"version-history":[{"count":32,"href":"https:\/\/ferne-welten.com\/index.php?rest_route=\/wp\/v2\/posts\/3267\/revisions"}],"predecessor-version":[{"id":3416,"href":"https:\/\/ferne-welten.com\/index.php?rest_route=\/wp\/v2\/posts\/3267\/revisions\/3416"}],"wp:attachment":[{"href":"https:\/\/ferne-welten.com\/index.php?rest_route=%2Fwp%2Fv2%2Fmedia&parent=3267"}],"wp:term":[{"taxonomy":"category","embeddable":true,"href":"https:\/\/ferne-welten.com\/index.php?rest_route=%2Fwp%2Fv2%2Fcategories&post=3267"},{"taxonomy":"post_tag","embeddable":true,"href":"https:\/\/ferne-welten.com\/index.php?rest_route=%2Fwp%2Fv2%2Ftags&post=3267"}],"curies":[{"name":"wp","href":"https:\/\/api.w.org\/{rel}","templated":true}]}}