{"id":3280,"date":"2021-06-14T19:04:56","date_gmt":"2021-06-14T18:04:56","guid":{"rendered":"https:\/\/ferne-welten.com\/?p=3280"},"modified":"2021-06-14T19:04:56","modified_gmt":"2021-06-14T18:04:56","slug":"norddeutsche-verharmlosungen","status":"publish","type":"post","link":"https:\/\/ferne-welten.com\/?p=3280","title":{"rendered":"Norddeutsche Verharmlosungen"},"content":{"rendered":"<p style=\"text-align: justify;\">In der <em>&#8222;Ostfriesen-Zeitung&#8220;<\/em> (OZ) vom 22. April findet sich ein best\u00fcrzender Text, der die verschw\u00f6rungsideologische Partei <em>&#8222;Die Basis&#8220;<\/em> verharmlost. Ein Gruppenfoto zeigt den Vorstand des Kreisverbands Aurich-Emden. Die Corona-Leugnenden, angef\u00fchrt durch die ehemalige CDU-Politikerin Silvia L\u00fcbcke, posieren vor dem bereits im Nationalsozialismus beliebten <em>&#8222;Upstalsboom&#8220;<\/em>.<\/p>\n<p><a href=\"https:\/\/ferne-welten.com\/wp-content\/uploads\/2021\/06\/Die-Basis-Aurich-Ostfriesische-Zeitung-Werbetext-1.jpg\"><img loading=\"lazy\" decoding=\"async\" class=\"aligncenter wp-image-3324\" src=\"https:\/\/ferne-welten.com\/wp-content\/uploads\/2021\/06\/Die-Basis-Aurich-Ostfriesische-Zeitung-Werbetext-1.jpg\" alt=\"Die-Basis-Aurich-Ostfriesische-Zeitung-Werbetext\" width=\"974\" height=\"539\" srcset=\"https:\/\/ferne-welten.com\/wp-content\/uploads\/2021\/06\/Die-Basis-Aurich-Ostfriesische-Zeitung-Werbetext-1.jpg 600w, https:\/\/ferne-welten.com\/wp-content\/uploads\/2021\/06\/Die-Basis-Aurich-Ostfriesische-Zeitung-Werbetext-1-300x166.jpg 300w\" sizes=\"auto, (max-width: 974px) 100vw, 974px\" \/><\/a><\/p>\n<p style=\"text-align: justify;\">Den im ostfriesischen Aurich liegenden Stein nutzten NSDAP-Strukturen zur Inszenierung eines ostfriesisch-v\u00f6lkischen <em>&#8222;Deutschtums&#8220;<\/em>. Das als zuk\u00fcnftige <em>&#8222;Thingst\u00e4tte&#8220;<\/em> vorgesehene Gel\u00e4nde <a href=\"https:\/\/de.wikipedia.org\/wiki\/Upstalsboom#Zeit_des_Nationalsozialismus\" target=\"_blank\" rel=\"noopener\">entwickelte<\/a> sich zu einem<em> &#8222;idealen Platz f\u00fcr (&#8230;) Aufm\u00e4rsche&#8220;<\/em>. Die w\u00e4hrend der Corona-Pandemie gegr\u00fcndete Partei kn\u00fcpft mit dem Foto, das die Lokalzeitung neben dem werbenden Schreiben <a href=\"https:\/\/twitter.com\/eiskaltland\/status\/1387419679048798217\" target=\"_blank\" rel=\"noopener\">abdruckte<\/a>, an nationalsozialistische Praxis in Ostfriesland an. Ansonsten bietet <em>&#8222;Die Basis<\/em>&#8220; verschw\u00f6rungsideologische Politik und entsprechendes Personal.<\/p>\n<p style=\"text-align: justify;\">Das Vorstandsmitglied Martina Krumkamp ist auf <a href=\"https:\/\/twitter.com\/eiskaltland\/status\/1387419679048798217\" target=\"_blank\" rel=\"noopener\">der Aufnahme<\/a> zu sehen. \u00dcber ihre Facebook-Seite verbreitet diese Aktivistin vielfach antisemitische und NS-relativierende Propaganda. Wie viele Verschw\u00f6rungsgl\u00e4ubige teilt die Akteurin in einschl\u00e4gigen Telegram-Kan\u00e4len <a href=\"https:\/\/twitter.com\/eiskaltland\/status\/1387419682811035655\" target=\"_blank\" rel=\"noopener\">kursierende Grafiken<\/a>, die zur Verbreitung der typischen Motive dienen: Es gehe um Jahrzehnte der Manipulation, durch die<em> &#8222;wir alle verarscht&#8220;<\/em> <a href=\"https:\/\/ferne-welten.com\/wp-content\/uploads\/2021\/06\/Martina-Krumkamp-Die-Basis-Aurich-Verschwoerungshistorie.jpg\" target=\"_blank\" rel=\"noopener\">werden<\/a>. Krumkamp mobilisiert gegen den Shoa-\u00dcberlebenden George Soros, der im Zentrum antisemitischer Verschw\u00f6rungslegenden steht. Diese rasch zu recherchierende Tatsache benennt der Artikel der<em> &#8222;Ostfriesen-Zeitung&#8220;<\/em> nicht.<\/p>\n<p><a href=\"https:\/\/ferne-welten.com\/wp-content\/uploads\/2021\/06\/Die-Basis-Aurich-Martina-Krumpkamp-Antisemitismus.jpg\"><img loading=\"lazy\" decoding=\"async\" class=\"aligncenter wp-image-3319\" src=\"https:\/\/ferne-welten.com\/wp-content\/uploads\/2021\/06\/Die-Basis-Aurich-Martina-Krumpkamp-Antisemitismus.jpg\" alt=\"Martina Krumkampf (Die Basis): Antisemitismus mit Soros\" width=\"754\" height=\"821\" srcset=\"https:\/\/ferne-welten.com\/wp-content\/uploads\/2021\/06\/Die-Basis-Aurich-Martina-Krumpkamp-Antisemitismus.jpg 516w, https:\/\/ferne-welten.com\/wp-content\/uploads\/2021\/06\/Die-Basis-Aurich-Martina-Krumpkamp-Antisemitismus-275x300.jpg 275w, https:\/\/ferne-welten.com\/wp-content\/uploads\/2021\/06\/Die-Basis-Aurich-Martina-Krumpkamp-Antisemitismus-367x400.jpg 367w\" sizes=\"auto, (max-width: 754px) 100vw, 754px\" \/><\/a><\/p>\n<p style=\"text-align: justify;\">Stattdessen erh\u00e4lt Silvia L\u00fcbcke in der Tageszeitung ausf\u00fchrlich das Wort. In direkter und indirekter Rede darf das Ratsmitglied aus Aurich ihre Partei bewerben. Die aus der CDU ausgetretene Lokalpolitikerin arbeitet eigentlich als Schaustellerin. Das Blatt inszeniert diese Wortf\u00fchrerin aber als Kritikerin von<em> &#8222;Corona-Regeln&#8220;<\/em>. Die politischen Ansichten dieser <em>&#8222;Die Basis&#8220;<\/em>-Anf\u00fchrerin aus Ostfriesland bleiben im Dunkeln.<\/p>\n<p style=\"text-align: justify;\">Dass L\u00fcbcke gleichfalls Antisemitismus und Antikommunismus bedient, k\u00f6nnen Lesende nach Lekt\u00fcre des <em>&#8222;OZ&#8220;<\/em>-Artikels nicht wissen. Dabei reicht ein Besuch ihres Facebook-Profils aus, um sich von den verschw\u00f6rungsideologischen Vorstellungen der Politikerin zu \u00fcberzeugen: Die L\u00fcbcke leugnet nicht nur die Gef\u00e4hrlichkeit einer SARS-CoV-2-Erkrankung, sondern hetzt vielfach im Netz, wobei sich auf ihrem Facebook-Profil <a href=\"https:\/\/twitter.com\/eiskaltland\/status\/1387419686707601416\" target=\"_blank\" rel=\"noopener\">antisemitische und antikommunistische Motive<\/a> finden.<\/p>\n<p><a href=\"https:\/\/ferne-welten.com\/wp-content\/uploads\/2021\/06\/Die-Basis-Aurich-Silvia-Luebcke-Antikommunismus-Gruene.jpg\"><img loading=\"lazy\" decoding=\"async\" class=\"aligncenter wp-image-3323\" src=\"https:\/\/ferne-welten.com\/wp-content\/uploads\/2021\/06\/Die-Basis-Aurich-Silvia-Luebcke-Antikommunismus-Gruene.jpg\" alt=\"Die-Basis-Aurich-Silvia-Luebcke-Antikommunismus-Gruene\" width=\"753\" height=\"846\" srcset=\"https:\/\/ferne-welten.com\/wp-content\/uploads\/2021\/06\/Die-Basis-Aurich-Silvia-Luebcke-Antikommunismus-Gruene.jpg 515w, https:\/\/ferne-welten.com\/wp-content\/uploads\/2021\/06\/Die-Basis-Aurich-Silvia-Luebcke-Antikommunismus-Gruene-267x300.jpg 267w, https:\/\/ferne-welten.com\/wp-content\/uploads\/2021\/06\/Die-Basis-Aurich-Silvia-Luebcke-Antikommunismus-Gruene-356x400.jpg 356w\" sizes=\"auto, (max-width: 753px) 100vw, 753px\" \/><\/a><\/p>\n<p style=\"text-align: justify;\">Die Autorin des <em>&#8222;OZ&#8220;<\/em>-Artikels verzichtete offenbar auf grundlegende Recherchen. Stattdessen erhielten L\u00fcbcke und Krumpkamp einen Text, der die verschw\u00f6rungsideologische Pr\u00e4gung der Partei und die Anschauungen ihrer Mitglieder weitgehend ausblendet. Kein Wunder, dass <em>&#8222;Die Basis&#8220;<\/em>-Akteure ihrer Freude \u00fcber den Persilschein, der frei von kritischen Einordnungen ist, Ausdruck verliehen.<\/p>\n<p style=\"text-align: justify;\">Es ist nicht der einzige Zeitungsartikel, der in den vergangenen Wochen zur <em>&#8222;Basis&#8220;<\/em> erschien. Eine in der N\u00e4he arbeitende Gliederung der Kleinpartei durfte sich ebenfalls \u00fcber kostenlose Werbung freuen. Schlie\u00dflich stellte die <em>&#8222;Nordwest-Zeitung&#8220; <\/em>(NWZ), die im benachbarten Oldenburg erscheint, <em>&#8222;Die Basis&#8220; <\/em>ebenfalls vor. Kritik blieb wie im Falle der ostfriesischen Berichterstattung aus. Dass die Gruppe aus Oldenburg im Rahmen der Kreisverbandsgr\u00fcndung \u00fcber <a href=\"https:\/\/ferne-welten.com\/?p=3073\" target=\"_blank\" rel=\"noopener\">die Erschie\u00dfung des nieders\u00e4chsischen Ministerpr\u00e4sidenten debattierte<\/a>, war diesem Blatt bislang keine Zeilen wert.<\/p>\n<p><a href=\"https:\/\/ferne-welten.com\/wp-content\/uploads\/2021\/06\/NWZ-Die-Basis-Werbetext.jpg\"><img loading=\"lazy\" decoding=\"async\" class=\"aligncenter size-full wp-image-3429\" src=\"https:\/\/ferne-welten.com\/wp-content\/uploads\/2021\/06\/NWZ-Die-Basis-Werbetext.jpg\" alt=\"\" width=\"1280\" height=\"960\" srcset=\"https:\/\/ferne-welten.com\/wp-content\/uploads\/2021\/06\/NWZ-Die-Basis-Werbetext.jpg 1280w, https:\/\/ferne-welten.com\/wp-content\/uploads\/2021\/06\/NWZ-Die-Basis-Werbetext-300x225.jpg 300w, https:\/\/ferne-welten.com\/wp-content\/uploads\/2021\/06\/NWZ-Die-Basis-Werbetext-1024x768.jpg 1024w, https:\/\/ferne-welten.com\/wp-content\/uploads\/2021\/06\/NWZ-Die-Basis-Werbetext-768x576.jpg 768w, https:\/\/ferne-welten.com\/wp-content\/uploads\/2021\/06\/NWZ-Die-Basis-Werbetext-940x705.jpg 940w, https:\/\/ferne-welten.com\/wp-content\/uploads\/2021\/06\/NWZ-Die-Basis-Werbetext-533x400.jpg 533w\" sizes=\"auto, (max-width: 1280px) 100vw, 1280px\" \/><\/a><\/p>\n<p style=\"text-align: justify;\">\n<a class=\"synved-social-button synved-social-button-share synved-social-size-32 synved-social-resolution-single synved-social-provider-facebook nolightbox\" data-provider=\"facebook\" target=\"_blank\" rel=\"nofollow\" title=\"Auf Facebook teilen\" href=\"https:\/\/www.facebook.com\/sharer.php?u=https%3A%2F%2Fferne-welten.com%2Findex.php%3Frest_route%3D%252Fwp%252Fv2%252Fposts%252F3280&#038;t=Norddeutsche%20Verharmlosungen&#038;s=100&#038;p&#091;url&#093;=https%3A%2F%2Fferne-welten.com%2Findex.php%3Frest_route%3D%252Fwp%252Fv2%252Fposts%252F3280&#038;p&#091;images&#093;&#091;0&#093;=https%3A%2F%2Fferne-welten.com%2Fwp-content%2Fuploads%2F2021%2F06%2FDie-Basis-Aurich-Ostfriesische-Zeitung-Werbetext-1.jpg&#038;p&#091;title&#093;=Norddeutsche%20Verharmlosungen\" style=\"font-size: 0px;width:32px;height:32px;margin:0;margin-bottom:5px;margin-right:5px\"><img loading=\"lazy\" decoding=\"async\" alt=\"Facebook\" title=\"Auf Facebook teilen\" class=\"synved-share-image synved-social-image synved-social-image-share\" width=\"32\" height=\"32\" style=\"display: inline;width:32px;height:32px;margin: 0;padding: 0;border: none;box-shadow: none\" src=\"https:\/\/ferne-welten.com\/wp-content\/plugins\/social-media-feather\/synved-social\/addons\/extra-icons\/image\/social\/circle\/64x64\/facebook.png\" \/><\/a><a class=\"synved-social-button synved-social-button-share synved-social-size-32 synved-social-resolution-single synved-social-provider-twitter nolightbox\" data-provider=\"twitter\" target=\"_blank\" rel=\"nofollow\" title=\"Auf Twitter teilen\" href=\"https:\/\/twitter.com\/intent\/tweet?url=https%3A%2F%2Fferne-welten.com%2Findex.php%3Frest_route%3D%252Fwp%252Fv2%252Fposts%252F3280&#038;text=Hey%20check%20this%20out\" style=\"font-size: 0px;width:32px;height:32px;margin:0;margin-bottom:5px;margin-right:5px\"><img loading=\"lazy\" decoding=\"async\" alt=\"twitter\" title=\"Auf Twitter teilen\" class=\"synved-share-image synved-social-image synved-social-image-share\" width=\"32\" height=\"32\" style=\"display: inline;width:32px;height:32px;margin: 0;padding: 0;border: none;box-shadow: none\" src=\"https:\/\/ferne-welten.com\/wp-content\/plugins\/social-media-feather\/synved-social\/addons\/extra-icons\/image\/social\/circle\/64x64\/twitter.png\" \/><\/a><a class=\"synved-social-button synved-social-button-share synved-social-size-32 synved-social-resolution-single synved-social-provider-reddit nolightbox\" data-provider=\"reddit\" target=\"_blank\" rel=\"nofollow\" title=\"Auf Reddit teilen\" href=\"https:\/\/www.reddit.com\/submit?url=https%3A%2F%2Fferne-welten.com%2Findex.php%3Frest_route%3D%252Fwp%252Fv2%252Fposts%252F3280&#038;title=Norddeutsche%20Verharmlosungen\" style=\"font-size: 0px;width:32px;height:32px;margin:0;margin-bottom:5px;margin-right:5px\"><img loading=\"lazy\" decoding=\"async\" alt=\"reddit\" title=\"Auf Reddit teilen\" class=\"synved-share-image synved-social-image synved-social-image-share\" width=\"32\" height=\"32\" style=\"display: inline;width:32px;height:32px;margin: 0;padding: 0;border: none;box-shadow: none\" src=\"https:\/\/ferne-welten.com\/wp-content\/plugins\/social-media-feather\/synved-social\/addons\/extra-icons\/image\/social\/circle\/64x64\/reddit.png\" \/><\/a><a class=\"synved-social-button synved-social-button-share synved-social-size-32 synved-social-resolution-single synved-social-provider-pinterest nolightbox\" data-provider=\"pinterest\" target=\"_blank\" rel=\"nofollow\" title=\"Auf Pinterest pinnen\" href=\"https:\/\/pinterest.com\/pin\/create\/button\/?url=https%3A%2F%2Fferne-welten.com%2Findex.php%3Frest_route%3D%252Fwp%252Fv2%252Fposts%252F3280&#038;media=https%3A%2F%2Fferne-welten.com%2Fwp-content%2Fuploads%2F2021%2F06%2FDie-Basis-Aurich-Ostfriesische-Zeitung-Werbetext-1.jpg&#038;description=Norddeutsche%20Verharmlosungen\" style=\"font-size: 0px;width:32px;height:32px;margin:0;margin-bottom:5px;margin-right:5px\"><img loading=\"lazy\" decoding=\"async\" alt=\"pinterest\" title=\"Auf Pinterest pinnen\" class=\"synved-share-image synved-social-image synved-social-image-share\" width=\"32\" height=\"32\" style=\"display: inline;width:32px;height:32px;margin: 0;padding: 0;border: none;box-shadow: none\" src=\"https:\/\/ferne-welten.com\/wp-content\/plugins\/social-media-feather\/synved-social\/addons\/extra-icons\/image\/social\/circle\/64x64\/pinterest.png\" \/><\/a><a class=\"synved-social-button synved-social-button-share synved-social-size-32 synved-social-resolution-single synved-social-provider-linkedin nolightbox\" data-provider=\"linkedin\" target=\"_blank\" rel=\"nofollow\" title=\"Auf Linkedin teilen\" href=\"https:\/\/www.linkedin.com\/shareArticle?mini=true&#038;url=https%3A%2F%2Fferne-welten.com%2Findex.php%3Frest_route%3D%252Fwp%252Fv2%252Fposts%252F3280&#038;title=Norddeutsche%20Verharmlosungen\" style=\"font-size: 0px;width:32px;height:32px;margin:0;margin-bottom:5px;margin-right:5px\"><img loading=\"lazy\" decoding=\"async\" alt=\"linkedin\" title=\"Auf Linkedin teilen\" class=\"synved-share-image synved-social-image synved-social-image-share\" width=\"32\" height=\"32\" style=\"display: inline;width:32px;height:32px;margin: 0;padding: 0;border: none;box-shadow: none\" src=\"https:\/\/ferne-welten.com\/wp-content\/plugins\/social-media-feather\/synved-social\/addons\/extra-icons\/image\/social\/circle\/64x64\/linkedin.png\" \/><\/a><a class=\"synved-social-button synved-social-button-share synved-social-size-32 synved-social-resolution-single synved-social-provider-tumblr nolightbox\" data-provider=\"tumblr\" target=\"_blank\" rel=\"nofollow\" title=\"\u00dcber Tumblr teilen\" href=\"https:\/\/tumblr.com\/share?s=&#038;v=3&#038;t=Norddeutsche%20Verharmlosungen&#038;u=https%3A%2F%2Fferne-welten.com%2Findex.php%3Frest_route%3D%252Fwp%252Fv2%252Fposts%252F3280\" style=\"font-size: 0px;width:32px;height:32px;margin:0;margin-bottom:5px;margin-right:5px\"><img loading=\"lazy\" decoding=\"async\" alt=\"tumblr\" title=\"\u00dcber Tumblr teilen\" class=\"synved-share-image synved-social-image synved-social-image-share\" width=\"32\" height=\"32\" style=\"display: inline;width:32px;height:32px;margin: 0;padding: 0;border: none;box-shadow: none\" src=\"https:\/\/ferne-welten.com\/wp-content\/plugins\/social-media-feather\/synved-social\/addons\/extra-icons\/image\/social\/circle\/64x64\/tumblr.png\" \/><\/a><a class=\"synved-social-button synved-social-button-share synved-social-size-32 synved-social-resolution-single synved-social-provider-mail nolightbox\" data-provider=\"mail\" rel=\"nofollow\" title=\"Link per Mail weiterleiten\" href=\"mailto:?subject=Norddeutsche%20Verharmlosungen&#038;body=Hey%20check%20this%20out:%20https%3A%2F%2Fferne-welten.com%2Findex.php%3Frest_route%3D%252Fwp%252Fv2%252Fposts%252F3280\" style=\"font-size: 0px;width:32px;height:32px;margin:0;margin-bottom:5px\"><img loading=\"lazy\" decoding=\"async\" alt=\"mail\" title=\"Link per Mail weiterleiten\" class=\"synved-share-image synved-social-image synved-social-image-share\" width=\"32\" height=\"32\" style=\"display: inline;width:32px;height:32px;margin: 0;padding: 0;border: none;box-shadow: none\" src=\"https:\/\/ferne-welten.com\/wp-content\/plugins\/social-media-feather\/synved-social\/addons\/extra-icons\/image\/social\/circle\/64x64\/mail.png\" \/><\/a>","protected":false},"excerpt":{"rendered":"<p>In der &#8222;Ostfriesen-Zeitung&#8220; (OZ) vom 22. April findet sich ein best\u00fcrzender Text, der die verschw\u00f6rungsideologische Partei &#8222;Die Basis&#8220; verharmlost. Ein Gruppenfoto zeigt den Vorstand des Kreisverbands Aurich-Emden. Die Corona-Leugnenden, angef\u00fchrt durch die ehemalige CDU-Politikerin Silvia L\u00fcbcke, posieren vor dem bereits&#8230;<br \/><a class=\"read-more-button\" href=\"https:\/\/ferne-welten.com\/?p=3280\">Read more<\/a><\/p>\n","protected":false},"author":1,"featured_media":0,"comment_status":"open","ping_status":"open","sticky":false,"template":"","format":"standard","meta":{"footnotes":""},"categories":[88,359,79],"tags":[107,1030,1033,995,1032,959,93,1031,755,1034,783,165],"class_list":["post-3280","post","type-post","status-publish","format-standard","hentry","category-dorfkritik","category-eiskaltland","category-mythen","tag-antisemitismus","tag-aurich","tag-cdu","tag-die-basis","tag-martina-krumkamp","tag-nordwest-zeitung","tag-oldenburg","tag-ostfriesen-zeitung","tag-ostfriesland","tag-silvia-luebcke","tag-soros","tag-verschwoerungsideologie"],"_links":{"self":[{"href":"https:\/\/ferne-welten.com\/index.php?rest_route=\/wp\/v2\/posts\/3280","targetHints":{"allow":["GET"]}}],"collection":[{"href":"https:\/\/ferne-welten.com\/index.php?rest_route=\/wp\/v2\/posts"}],"about":[{"href":"https:\/\/ferne-welten.com\/index.php?rest_route=\/wp\/v2\/types\/post"}],"author":[{"embeddable":true,"href":"https:\/\/ferne-welten.com\/index.php?rest_route=\/wp\/v2\/users\/1"}],"replies":[{"embeddable":true,"href":"https:\/\/ferne-welten.com\/index.php?rest_route=%2Fwp%2Fv2%2Fcomments&post=3280"}],"version-history":[{"count":16,"href":"https:\/\/ferne-welten.com\/index.php?rest_route=\/wp\/v2\/posts\/3280\/revisions"}],"predecessor-version":[{"id":3433,"href":"https:\/\/ferne-welten.com\/index.php?rest_route=\/wp\/v2\/posts\/3280\/revisions\/3433"}],"wp:attachment":[{"href":"https:\/\/ferne-welten.com\/index.php?rest_route=%2Fwp%2Fv2%2Fmedia&parent=3280"}],"wp:term":[{"taxonomy":"category","embeddable":true,"href":"https:\/\/ferne-welten.com\/index.php?rest_route=%2Fwp%2Fv2%2Fcategories&post=3280"},{"taxonomy":"post_tag","embeddable":true,"href":"https:\/\/ferne-welten.com\/index.php?rest_route=%2Fwp%2Fv2%2Ftags&post=3280"}],"curies":[{"name":"wp","href":"https:\/\/api.w.org\/{rel}","templated":true}]}}