{"id":3305,"date":"2022-01-15T20:58:28","date_gmt":"2022-01-15T19:58:28","guid":{"rendered":"https:\/\/ferne-welten.com\/?p=3305"},"modified":"2022-02-01T21:41:38","modified_gmt":"2022-02-01T20:41:38","slug":"abstecher-in-ein-deutsches-dorf","status":"publish","type":"post","link":"https:\/\/ferne-welten.com\/?p=3305","title":{"rendered":"Abstecher in ein deutsches Dorf"},"content":{"rendered":"<p style=\"text-align: justify;\">Das ehemalige <em>&#8222;Gaumusterdorf&#8220;<\/em> D\u00f6tlingen ist ein Beispiel f\u00fcr postnazistische Verh\u00e4ltnisse in Norddeutschland. Symbole aus den Zeiten des Nationalsozialismus finden sich auch heute auf den alten Geb\u00e4uden, die rechte Reisende noch im neuen Jahrtausend bewundern. In der Gemeinde stellte die NS-Nachfolgepartei NPD nach der CDU und \u00fcber Jahre die zweitst\u00e4rkste Fraktion im Gemeinderat. In diesem Jahrtausend nutzen Nazi-Banden das bei Oldenburg gelegene Dorf, das die eigene Vergangenheit weitgehend verdr\u00e4ngt, als Kulisse f\u00fcr rechten Aktionismus.<\/p>\n<p><a href=\"https:\/\/ferne-welten.com\/wp-content\/uploads\/2022\/01\/Doetlingen-Karte-Ferne-Welten.jpg\"><img loading=\"lazy\" decoding=\"async\" class=\"aligncenter size-full wp-image-3499\" src=\"https:\/\/ferne-welten.com\/wp-content\/uploads\/2022\/01\/Doetlingen-Karte-Ferne-Welten.jpg\" alt=\"Doetlingen-Karte\" width=\"916\" height=\"669\" srcset=\"https:\/\/ferne-welten.com\/wp-content\/uploads\/2022\/01\/Doetlingen-Karte-Ferne-Welten.jpg 916w, https:\/\/ferne-welten.com\/wp-content\/uploads\/2022\/01\/Doetlingen-Karte-Ferne-Welten-300x219.jpg 300w, https:\/\/ferne-welten.com\/wp-content\/uploads\/2022\/01\/Doetlingen-Karte-Ferne-Welten-768x561.jpg 768w, https:\/\/ferne-welten.com\/wp-content\/uploads\/2022\/01\/Doetlingen-Karte-Ferne-Welten-548x400.jpg 548w\" sizes=\"auto, (max-width: 916px) 100vw, 916px\" \/><\/a><\/p>\n<h4 style=\"text-align: justify;\"><strong>Braunes Idyll im Gr\u00fcnen<\/strong><\/h4>\n<p style=\"text-align: justify;\">Mit dem Jahr 1933 kam nicht nur die Macht\u00fcbergabe an die NSDAP. Schlie\u00dflich entstand damals die geografische Einheit namens D\u00f6tlingen. In der neu gebildeten Gemeinde lebten zu diesen Zeiten rund 6.000 Personen. Drei Jahre sp\u00e4ter ernannten die Nazis das Gebiet zum <em>\u201eGaumusterdorf\u201c<\/em>. D\u00f6tlingen diente bereits zuvor als Drehort f\u00fcr NS-Heimatfilme. Im April 1934 wurde im \u00d6rtchen bei Oldenburg die letzte Szene eines v\u00f6lkischen Machwerkes gefilmt.<\/p>\n<p style=\"text-align: justify;\">Im NS-Streifen <em>\u201eDas alte Recht\u201c<\/em> geht es um den deutschen Bauern, seine Ehefrau und die Scholle. In der Blut- und Boden-Schmonzette traten Darsteller auf, die in weiteren Propagandafilmen zur Legitimierung der antisemitischen Vernichtungspraxis beitrugen. So stellte sich Schauspieler <a href=\"https:\/\/de.wikipedia.org\/wiki\/Bernhard_Goetzke\" target=\"_blank\" rel=\"noopener\">Bernhard Goetzke<\/a> ebenso wie Komponist Wolfang Zeller f\u00fcr das filmische Verbrechen <em>\u201eJud S\u00fc\u00df\u201c<\/em> zur Verf\u00fcgung.<\/p>\n<p style=\"text-align: justify;\">In <em>\u201eDas alte Recht\u201c<\/em> sind derweil auch Laiendarsteller aus der Region sowie Statist_innen aus der Gemeinde zu sehen. <em>\u201eWir treffen viele gute Bekannte in unserem Heimatfilm\u201c<\/em>, bemerkten die Oldenburger <em>\u201eNachrichten\u201c<\/em> daher nach der Premiere. Schlie\u00dflich waren regional bekannte Darsteller wie Fritz Hoopts zuvor als Laienschauspieler an der Niederdeutschen B\u00fchne Oldenburg aktiv.<\/p>\n<p style=\"text-align: justify;\"><a href=\"https:\/\/de.wikipedia.org\/wiki\/Carl_R%C3%B6ver\" target=\"_blank\" rel=\"noopener\">Carl R\u00f6ver<\/a>, der damalige Gauleiter im Freistaat Oldenburg, begeisterte sich bei der Urauff\u00fchrung f\u00fcr den v\u00f6lkischen Streifen. Der fanatische Nationalsozialist lobte den <em>\u201eGeist der unaufl\u00f6sbaren Verbundenheit von Blut und Boden, der so eindringlich aus dem Film spricht\u201c<\/em>. D\u00f6tlingen sei <em>\u201eein Gebiet von seltener Sch\u00f6nheit und gro\u00dfen Reizen\u201c<\/em>, <a href=\"https:\/\/www.kreiszeitung.de\/lokales\/oldenburg\/doetlingen-ort49924\/ein-film-der-blut-und-boden-feiert-90516755.html\" target=\"_blank\" rel=\"noopener\">hie\u00df es derweil<\/a> im nationalsozialistischen <em>\u201eFilmkurier\u201c<\/em>.<\/p>\n<h4 style=\"text-align: justify;\"><strong>Wallfahrtsort f\u00fcr V\u00f6lkische<\/strong><\/h4>\n<p style=\"text-align: justify;\">Dieses D\u00f6tlingen profitierte damals von rechten Reisenden, die gerne durch die NS-Kulisse flanierten. Die b\u00e4uerliche Ansiedlung im Gr\u00fcnen wurde von NS-Kadern und sympathisierenden Kameradschaften aus dem Ausland besucht. Solche Gestalten erfreuten sich an der bis heute vorherrschenden v\u00f6lkischen \u00c4sthetik, die aus uralten Eichen, nationalsozialistischen Symbolen und \u00fcbergro\u00dfen Findlingen entsteht.<\/p>\n<p style=\"text-align: justify;\">Besuchende bewunderten bereits damals einen gewaltigen Brocken, den die Bewohnenden 1933, zur Feier des an die Macht gelangten <em>\u201eF\u00fchrers\u201c<\/em>, auf dem zur Gemeinde geh\u00f6renden Gierenberg weihten. Ihr Stein zierte ein gro\u00dfes Hakenkreuz und eine Rune. Letztere ist noch heute auf dem Brocken zu erkennen, den die Gemeinde mit einem <a href=\"https:\/\/ferne-welten.com\/wp-content\/uploads\/2022\/01\/Doetlingen-Gierenberg-Hinweisschild-Ferne-Welten.jpg\" target=\"_blank\" rel=\"noopener\">Hinweisschild<\/a> bewirbt.<\/p>\n<p style=\"text-align: justify;\">Angeh\u00f6rige der <em>\u201eHitler-Jugend\u201c<\/em> erhielten am Fu\u00dfe des Berges im P\u00fcttenhus ideologische Schulungen. Es waren die Einheiten der Alliierten, die den deutschen Spuk zu D\u00f6tlingen beendeten. Das Hakenkreuz wurde entfernt und der Stein auf die Seite gelegt. Andere Symbole blieben ebenso wie die Runen am HJ-Schulungsheim erhalten. Dass sich rechte Besuchende bis in dieses Jahrtausend f\u00fcr D\u00f6tlingen begeistern, scheint die Gemeinde nicht zu st\u00f6ren. Schlie\u00dflich verzichtet das deutsche Dorf auch im 21. Jahrhundert auf kritische Einordnungen, wobei Verantwortliche die braune Vergangenheit oftmals <a href=\"https:\/\/ferne-welten.com\/wp-content\/uploads\/2022\/01\/Puettenhus-Doetlingen.png\" target=\"_blank\" rel=\"noopener\">verschweigen<\/a>.<\/p>\n<p style=\"text-align: justify;\">Manchen Geb\u00e4uden fehlt jeder Hinweis auf die Vergangenheit. Das gilt zum Beispiel f\u00fcr das Rogge-Haus. Den gleichnamigen Bauern <a href=\"https:\/\/de.wikipedia.org\/wiki\/Mord_an_Willi_Rogge\" target=\"_blank\" rel=\"noopener\">ermordeten<\/a> M\u00e4nner des <em>\u201eFreikorps Adolf Hitler\u201c<\/em>, nachdem sie den <em>\u201eGegner des Nazisystems\u201c<\/em>\u00a0am 14. April 1945 und unter einem Vorwand in ihr Fahrzeug gelockt hatten, auf der Landstra\u00dfe in Richtung des n\u00e4chsten Kaffs. Seine Leiche lie\u00dfen die M\u00f6rder liegen. Sie dekorierten den K\u00f6rper des Willi Rogge daf\u00fcr mit einem Schild: <em>\u201eWer sein Volk verr\u00e4t, stirbt\u201c<\/em>.<\/p>\n<p><a href=\"https:\/\/ferne-welten.com\/wp-content\/uploads\/2022\/01\/Doetlingen-Dorfeiche-Ferne-Welten.jpg\"><img loading=\"lazy\" decoding=\"async\" class=\"aligncenter size-full wp-image-3503\" src=\"https:\/\/ferne-welten.com\/wp-content\/uploads\/2022\/01\/Doetlingen-Dorfeiche-Ferne-Welten.jpg\" alt=\"\" width=\"1280\" height=\"960\" srcset=\"https:\/\/ferne-welten.com\/wp-content\/uploads\/2022\/01\/Doetlingen-Dorfeiche-Ferne-Welten.jpg 1280w, https:\/\/ferne-welten.com\/wp-content\/uploads\/2022\/01\/Doetlingen-Dorfeiche-Ferne-Welten-300x225.jpg 300w, https:\/\/ferne-welten.com\/wp-content\/uploads\/2022\/01\/Doetlingen-Dorfeiche-Ferne-Welten-1024x768.jpg 1024w, https:\/\/ferne-welten.com\/wp-content\/uploads\/2022\/01\/Doetlingen-Dorfeiche-Ferne-Welten-768x576.jpg 768w, https:\/\/ferne-welten.com\/wp-content\/uploads\/2022\/01\/Doetlingen-Dorfeiche-Ferne-Welten-940x705.jpg 940w, https:\/\/ferne-welten.com\/wp-content\/uploads\/2022\/01\/Doetlingen-Dorfeiche-Ferne-Welten-533x400.jpg 533w\" sizes=\"auto, (max-width: 1280px) 100vw, 1280px\" \/><\/a><\/p>\n<h4 style=\"text-align: justify;\"><strong>D\u00f6tlingens deutsche Kontinuit\u00e4ten<\/strong><\/h4>\n<p style=\"text-align: justify;\">D\u00f6tlingen blieb als Gemeinde auch in den folgenden Jahrzehnten eine rechte Hochburg. Dort kam es 1976 &#8211; so berichtete der <em>&#8222;Arbeiterkampf&#8220;<\/em> des Kommunistischen Bunds &#8211; offenbar zu einer erstaunlichen Kooperation.\u00a0<em> &#8222;Um doch noch den B\u00fcrgermeisterposten zu angeln&#8220;<\/em>, bildeten <em>&#8222;SPD und FDP eine Z\u00e4hlgemeinschaft&#8220;<\/em> mit einem <em>&#8222;NPD-Faschisten&#8220;<\/em>, kritisierte das Blatt in Ausgabe 95 <a href=\"https:\/\/www.mao-projekt.de\/BRD\/ORG\/KB\/AK\/KB_Arbeiterkampf_1976_095.shtml\">auf der achten Seite<\/a><u>.<\/u><\/p>\n<p style=\"text-align: justify;\"><em>&#8222;Sie haben mit ihm eine Stimme Mehrheit&#8220;<\/em>. Das Blatt vermutete:<em> &#8222;Die Politik d\u00fcrfte eben dieser Faschist bestimmen&#8220;.\u00a0<\/em>Lokale Erfolge der NPD, die in der Region weitgehend durch <a href=\"https:\/\/anonym.to\/?https:\/\/www.nwzonline.de\/politik\/niedersachsen\/doetlingen-doetlingen-cdu-stuerzt-auf_a_50,4,3578545991.html\">die AfD abgel\u00f6st<\/a> wurde, gerieten in den folgenden Jahrzehnten in Vergessenheit. Die neue Rechtspartei nutzte das <em>\u201eGaumusterdorf\u201c<\/em> ebenfalls als B\u00fchne f\u00fcr ihre Veranstaltungen. Nazi-Gruppen wie die <em>\u201eBrigade 8 Bremen\u201c<\/em> <a href=\"https:\/\/taz.de\/Der-Volkstrauertag-als-Buehne-fuer-Rechte\/!5812436\/\" target=\"_blank\" rel=\"noopener\">kommen<\/a> gleichfalls in die Gemeinde. Sie hinterlassen Kr\u00e4nze, die verstorbenen Nazis f\u00fcr die <em>&#8222;Treue f\u00fcr\u2019s Vaterland\u201c<\/em> danken, w\u00e4hrend auf dazugeh\u00f6rigen Lichtern dem <em>&#8222;Tatenruhm&#8220;<\/em> der Toten gedacht wird.<\/p>\n<p style=\"text-align: justify;\">D\u00f6tlingen verdr\u00e4ngt derweil weiter, sodass die Gemeinde bis heute nicht an den in den letzten Tagen des nationalsozialistischen Vernichtungskrieges ermordeten Willi Rogge erinnert. Erst seit 2009 gibt es eine Granitsteele, die diesen Nazi-Gegner einschlie\u00dfen soll, was Angeh\u00f6rige indes als ungen\u00fcgend kritisieren. Es ginge um <em>&#8222;alle zivilen&#8220;<\/em> (sic!) <em>&#8222;Opfer des NS-Regimes&#8220;<\/em>, begr\u00fcndete der Heimatverein den Stein, der v\u00f6lkische Denkm\u00e4ler erg\u00e4nzt. <em>&#8222;Wir waren der Meinung, dass es nunmehr \u2013 nach 60 Jahren \u2013\u00a0 an der Zeit war , dieses Vorhaben anzupacken&#8220;<\/em>, <a href=\"https:\/\/web.archive.org\/web\/20121129023454\/http:\/\/bhv-doetlingen.de\/ns-mahnmal.html\" target=\"_blank\" rel=\"noopener\">sagte<\/a> die Vorsitzende zudem.<\/p>\n<p style=\"text-align: justify;\">Ein Kriegerdenkmal findet sich direkt in der Nachbarschaft. Verharmlosende Hinweisschilder stehen derweil bei den in der N\u00e4he zu findenden NS-St\u00e4tten. Das <a href=\"https:\/\/ferne-welten.com\/wp-content\/uploads\/2022\/01\/Doetlingen-Gierenberg-Hinweisschild-Ferne-Welten.jpg\" target=\"_blank\" rel=\"noopener\">gilt<\/a> nicht nur f\u00fcr den Nazi-Stein auf dem Gierenberg, <a href=\"https:\/\/ferne-welten.com\/wp-content\/uploads\/2022\/01\/Doetlingen-Puetenhaus-Hinweis-Verharmlosung-Ferne-Welten.jpg\" target=\"_blank\" rel=\"noopener\">sondern<\/a> auch f\u00fcr das P\u00fcttenhus, an dem die genannten v\u00f6lkischen Symbole, f\u00fcr die sich ganz bestimmte Touristen begeistern, zu sehen sind. Ihre Begeisterung belegen Berichte, die solche Besuchende nach ihrem Abstecher ins ehemalige <em>\u201eGaumusterdorf\u201c<\/em> in ihren Weblogs f\u00fcr rechte Reiselustige verfassten.<\/p>\n<h4><strong><a href=\"https:\/\/ferne-welten.com\/wp-content\/uploads\/2022\/01\/Doetlingen-Runen-Ferne-Welten.jpg\"><img loading=\"lazy\" decoding=\"async\" class=\"aligncenter size-full wp-image-3501\" src=\"https:\/\/ferne-welten.com\/wp-content\/uploads\/2022\/01\/Doetlingen-Runen-Ferne-Welten.jpg\" alt=\"\" width=\"1280\" height=\"707\" srcset=\"https:\/\/ferne-welten.com\/wp-content\/uploads\/2022\/01\/Doetlingen-Runen-Ferne-Welten.jpg 1280w, https:\/\/ferne-welten.com\/wp-content\/uploads\/2022\/01\/Doetlingen-Runen-Ferne-Welten-300x166.jpg 300w, https:\/\/ferne-welten.com\/wp-content\/uploads\/2022\/01\/Doetlingen-Runen-Ferne-Welten-1024x566.jpg 1024w, https:\/\/ferne-welten.com\/wp-content\/uploads\/2022\/01\/Doetlingen-Runen-Ferne-Welten-768x424.jpg 768w, https:\/\/ferne-welten.com\/wp-content\/uploads\/2022\/01\/Doetlingen-Runen-Ferne-Welten-940x519.jpg 940w, https:\/\/ferne-welten.com\/wp-content\/uploads\/2022\/01\/Doetlingen-Runen-Ferne-Welten-724x400.jpg 724w\" sizes=\"auto, (max-width: 1280px) 100vw, 1280px\" \/><\/a><\/strong><strong>Auf den\u00a0Spuren ihrer Ahnen<\/strong><\/h4>\n<p style=\"text-align: justify;\">Die im Zentrum rechter Eventkultur stehenden NS-St\u00e4tten interessieren auch andere Einrichtungen. So suchte beispielsweise das <em>&#8222;Nordwestdeutsche Museum f\u00fcr IndustrieKultur&#8220;<\/em> aus Delmenhorst nach Personen, die sich auf die <em>&#8222;Spuren des einstigen &#8218;Reichsgaumusterdorfes&#8216; D\u00f6tlingen begeben&#8220;<\/em> wollten. Derartige <em>&#8222;Exkursion&#8220;<\/em> f\u00fchrt, so hie\u00df es in der rei\u00dferischen und geschichtsvergessenen Einladung, zu <em>&#8222;Kultst\u00e4tten der Nationalsozialisten&#8220;<\/em>.<\/p>\n<p style=\"text-align: justify;\">Der kollektive Besuch des in D\u00f6tlingen installierten Nazi-Steines, den die Organisierenden mit blumigen Worten beschrieben, sollte offenbar das Interesse wecken. Die in Oldenburg und Umgebung relevante <em>&#8222;Nordwest-Zeitung&#8220;<\/em> (NWZ) zitierte das Schreiben zum Ausflug ins ehemalige <em>&#8222;Gaumusterdorf&#8220;<\/em> <a href=\"https:\/\/anonym.to\/?https:\/\/www.nwzonline.de\/delmenhorst\/dem-musterdorf-der-nazis-auf-der-spur_a_5,1,851621025.html\">recht wohlwollend<\/a>. Dort wurde der Nazi-Brocken <em>&#8222;als Denkmal f\u00fcr die &#8218;Machtergreifung'&#8220; <\/em>bezeichnet.<\/p>\n<p style=\"text-align: justify;\">Im Artikel idealisierte das Blatt dieses deutsche Dorf, wobei die weitgehend rechtskonservative Zeitung \u2013 fast wie damals der <em>\u201eFilmkurier\u201c<\/em> &#8211;\u00a0 von einer <em>&#8222;noch heute als pittoresk geltende Atmosph\u00e4re&#8220;<\/em> schw\u00e4rmte. Derartige Beschreibungen d\u00fcrften der Vorsitzenden des Heimatvereines gefallen. <em>\u201eWir sind noch heute ein Musterdorf\u201c,<\/em> <a href=\"https:\/\/www.anstageslicht.de\/fileadmin\/user_upload\/Geschichten\/Recherchen_im_Rockermilieu\/Sie_marschieren_wieder.pdf\" target=\"_blank\" rel=\"noopener\">hie\u00df<\/a> es von Seiten dieser deutschen Heimatsch\u00fctzerin, deren Dorf die v\u00f6lkische Vergangenheit gr\u00f6\u00dftenteils verschweigt.<\/p>\n<p><a href=\"https:\/\/ferne-welten.com\/wp-content\/uploads\/2022\/01\/Doetlingen-Gierenberg-Stein2-Ferne-Welten.jpg\"><img loading=\"lazy\" decoding=\"async\" class=\"aligncenter size-full wp-image-3504\" src=\"https:\/\/ferne-welten.com\/wp-content\/uploads\/2022\/01\/Doetlingen-Gierenberg-Stein2-Ferne-Welten.jpg\" alt=\"\" width=\"1101\" height=\"695\" srcset=\"https:\/\/ferne-welten.com\/wp-content\/uploads\/2022\/01\/Doetlingen-Gierenberg-Stein2-Ferne-Welten.jpg 1101w, https:\/\/ferne-welten.com\/wp-content\/uploads\/2022\/01\/Doetlingen-Gierenberg-Stein2-Ferne-Welten-300x189.jpg 300w, https:\/\/ferne-welten.com\/wp-content\/uploads\/2022\/01\/Doetlingen-Gierenberg-Stein2-Ferne-Welten-1024x646.jpg 1024w, https:\/\/ferne-welten.com\/wp-content\/uploads\/2022\/01\/Doetlingen-Gierenberg-Stein2-Ferne-Welten-768x485.jpg 768w, https:\/\/ferne-welten.com\/wp-content\/uploads\/2022\/01\/Doetlingen-Gierenberg-Stein2-Ferne-Welten-940x593.jpg 940w, https:\/\/ferne-welten.com\/wp-content\/uploads\/2022\/01\/Doetlingen-Gierenberg-Stein2-Ferne-Welten-634x400.jpg 634w\" sizes=\"auto, (max-width: 1101px) 100vw, 1101px\" \/><\/a><\/p>\n<h4 style=\"text-align: justify;\"><strong>NS-St\u00e4tten als Ausflugsziele<\/strong><\/h4>\n<p style=\"text-align: justify;\">Exkursionen, die in D\u00f6tlingen begannen, endeten in den vergangenen Jahrzehnten oft im benachbarten Lohne: Das Event des Museums fand ebenfalls am nahen <em>&#8222;Schlageter-Denkmal&#8220;<\/em> einen zum Abstecher passenden Abschluss. <a href=\"https:\/\/de.wikipedia.org\/wiki\/Albert_Leo_Schlageter\">Leo Schlageter<\/a> war schlie\u00dflich ein nationalistischer <em>&#8222;Freikorps&#8220;-<\/em>Aktivist, der mehrere Sprengstoffanschl\u00e4ge beging, wof\u00fcr er von einem franz\u00f6sischen Gericht zum Tode verurteilt wurde. Der v\u00f6lkische Verstorbene avancierte zu einer fr\u00fchen Ikone der NS-Bewegung.<\/p>\n<p style=\"text-align: justify;\">Die <em>&#8222;natur- und denkmalgeschichtlich v\u00f6llig uninteressante&#8220; <\/em><a href=\"http:\/\/linkesvechta.blogsport.de\/images\/schlageter.pdf\">Steinsammlung zu Lohne<\/a> \u00a0ehrt diesen Antisemiten bis heute. Wie der NS-Brocken im benachbarten D\u00f6tlingen, der mit der gleichen Einordnung zu beschreiben ist, gilt das <em>&#8222;Schlageter-Denkmal&#8220;<\/em> als ein beliebter Wallfahrtsort f\u00fcr alte und neue Nationalsozialisten. Die Tatsache erw\u00e4hnten weder das Museum noch die Lokalzeitung, die den Abstecher bewarb, aber auf kritische Einordnungen verzichtete.<\/p>\n<p style=\"text-align: justify;\">Solche Einordnungen fehlen auf den Schildern im ehemaligen<em> \u201eGaumusterdorf\u201c<\/em> ebenfalls. Im fr\u00fcheren Schulungszentrum der Hitler-Jugend wird heute geheiratet, w\u00e4hrend das Hinweisschild die Geschichte des Hauses verschweigt und seine Symboliken umdeutet. Manchen geht das offenbar nicht weit genug. So <a href=\"https:\/\/www.hsozkult.de\/conferencereport\/id\/tagungsberichte-1431\" target=\"_blank\" rel=\"noopener\">gab es<\/a> <em>\u201eAntr\u00e4ge, den Stein wiederaufzurichten\u201c<\/em>, w\u00e4hrend der NS-Heimatfilm <em>\u201eDas alte Recht\u201c<\/em> in den vergangenen Jahren im Dorf mehrfach aufgef\u00fchrt wurde. In D\u00f6tlingen, dieser <a href=\"https:\/\/www.youtube.com\/watch?v=Uu9cV6QSowk\" target=\"_blank\" rel=\"noopener\">Schreckenskammer der deutschen Provinz<\/a>, steht die kritische Aufarbeitung der v\u00f6lkischen Vergangenheit offensichtlich weiterhin aus.<\/p>\n<a class=\"synved-social-button synved-social-button-share synved-social-size-32 synved-social-resolution-single synved-social-provider-facebook nolightbox\" data-provider=\"facebook\" target=\"_blank\" rel=\"nofollow\" title=\"Auf Facebook teilen\" href=\"https:\/\/www.facebook.com\/sharer.php?u=https%3A%2F%2Fferne-welten.com%2Findex.php%3Frest_route%3D%252Fwp%252Fv2%252Fposts%252F3305&#038;t=Abstecher%20in%20ein%20deutsches%20Dorf&#038;s=100&#038;p&#091;url&#093;=https%3A%2F%2Fferne-welten.com%2Findex.php%3Frest_route%3D%252Fwp%252Fv2%252Fposts%252F3305&#038;p&#091;images&#093;&#091;0&#093;=https%3A%2F%2Fferne-welten.com%2Fwp-content%2Fuploads%2F2022%2F01%2FDoetlingen-Karte-Ferne-Welten.jpg&#038;p&#091;title&#093;=Abstecher%20in%20ein%20deutsches%20Dorf\" style=\"font-size: 0px;width:32px;height:32px;margin:0;margin-bottom:5px;margin-right:5px\"><img loading=\"lazy\" decoding=\"async\" alt=\"Facebook\" title=\"Auf Facebook teilen\" class=\"synved-share-image synved-social-image synved-social-image-share\" width=\"32\" height=\"32\" style=\"display: inline;width:32px;height:32px;margin: 0;padding: 0;border: none;box-shadow: none\" src=\"https:\/\/ferne-welten.com\/wp-content\/plugins\/social-media-feather\/synved-social\/addons\/extra-icons\/image\/social\/circle\/64x64\/facebook.png\" \/><\/a><a class=\"synved-social-button synved-social-button-share synved-social-size-32 synved-social-resolution-single synved-social-provider-twitter nolightbox\" data-provider=\"twitter\" target=\"_blank\" rel=\"nofollow\" title=\"Auf Twitter teilen\" href=\"https:\/\/twitter.com\/intent\/tweet?url=https%3A%2F%2Fferne-welten.com%2Findex.php%3Frest_route%3D%252Fwp%252Fv2%252Fposts%252F3305&#038;text=Hey%20check%20this%20out\" style=\"font-size: 0px;width:32px;height:32px;margin:0;margin-bottom:5px;margin-right:5px\"><img loading=\"lazy\" decoding=\"async\" alt=\"twitter\" title=\"Auf Twitter teilen\" class=\"synved-share-image synved-social-image synved-social-image-share\" width=\"32\" height=\"32\" style=\"display: inline;width:32px;height:32px;margin: 0;padding: 0;border: none;box-shadow: none\" src=\"https:\/\/ferne-welten.com\/wp-content\/plugins\/social-media-feather\/synved-social\/addons\/extra-icons\/image\/social\/circle\/64x64\/twitter.png\" \/><\/a><a class=\"synved-social-button synved-social-button-share synved-social-size-32 synved-social-resolution-single synved-social-provider-reddit nolightbox\" data-provider=\"reddit\" target=\"_blank\" rel=\"nofollow\" title=\"Auf Reddit teilen\" href=\"https:\/\/www.reddit.com\/submit?url=https%3A%2F%2Fferne-welten.com%2Findex.php%3Frest_route%3D%252Fwp%252Fv2%252Fposts%252F3305&#038;title=Abstecher%20in%20ein%20deutsches%20Dorf\" style=\"font-size: 0px;width:32px;height:32px;margin:0;margin-bottom:5px;margin-right:5px\"><img loading=\"lazy\" decoding=\"async\" alt=\"reddit\" title=\"Auf Reddit teilen\" class=\"synved-share-image synved-social-image synved-social-image-share\" width=\"32\" height=\"32\" style=\"display: inline;width:32px;height:32px;margin: 0;padding: 0;border: none;box-shadow: none\" src=\"https:\/\/ferne-welten.com\/wp-content\/plugins\/social-media-feather\/synved-social\/addons\/extra-icons\/image\/social\/circle\/64x64\/reddit.png\" \/><\/a><a class=\"synved-social-button synved-social-button-share synved-social-size-32 synved-social-resolution-single synved-social-provider-pinterest nolightbox\" data-provider=\"pinterest\" target=\"_blank\" rel=\"nofollow\" title=\"Auf Pinterest pinnen\" href=\"https:\/\/pinterest.com\/pin\/create\/button\/?url=https%3A%2F%2Fferne-welten.com%2Findex.php%3Frest_route%3D%252Fwp%252Fv2%252Fposts%252F3305&#038;media=https%3A%2F%2Fferne-welten.com%2Fwp-content%2Fuploads%2F2022%2F01%2FDoetlingen-Karte-Ferne-Welten.jpg&#038;description=Abstecher%20in%20ein%20deutsches%20Dorf\" style=\"font-size: 0px;width:32px;height:32px;margin:0;margin-bottom:5px;margin-right:5px\"><img loading=\"lazy\" decoding=\"async\" alt=\"pinterest\" title=\"Auf Pinterest pinnen\" class=\"synved-share-image synved-social-image synved-social-image-share\" width=\"32\" height=\"32\" style=\"display: inline;width:32px;height:32px;margin: 0;padding: 0;border: none;box-shadow: none\" src=\"https:\/\/ferne-welten.com\/wp-content\/plugins\/social-media-feather\/synved-social\/addons\/extra-icons\/image\/social\/circle\/64x64\/pinterest.png\" \/><\/a><a class=\"synved-social-button synved-social-button-share synved-social-size-32 synved-social-resolution-single synved-social-provider-linkedin nolightbox\" data-provider=\"linkedin\" target=\"_blank\" rel=\"nofollow\" title=\"Auf Linkedin teilen\" href=\"https:\/\/www.linkedin.com\/shareArticle?mini=true&#038;url=https%3A%2F%2Fferne-welten.com%2Findex.php%3Frest_route%3D%252Fwp%252Fv2%252Fposts%252F3305&#038;title=Abstecher%20in%20ein%20deutsches%20Dorf\" style=\"font-size: 0px;width:32px;height:32px;margin:0;margin-bottom:5px;margin-right:5px\"><img loading=\"lazy\" decoding=\"async\" alt=\"linkedin\" title=\"Auf Linkedin teilen\" class=\"synved-share-image synved-social-image synved-social-image-share\" width=\"32\" height=\"32\" style=\"display: inline;width:32px;height:32px;margin: 0;padding: 0;border: none;box-shadow: none\" src=\"https:\/\/ferne-welten.com\/wp-content\/plugins\/social-media-feather\/synved-social\/addons\/extra-icons\/image\/social\/circle\/64x64\/linkedin.png\" \/><\/a><a class=\"synved-social-button synved-social-button-share synved-social-size-32 synved-social-resolution-single synved-social-provider-tumblr nolightbox\" data-provider=\"tumblr\" target=\"_blank\" rel=\"nofollow\" title=\"\u00dcber Tumblr teilen\" href=\"https:\/\/tumblr.com\/share?s=&#038;v=3&#038;t=Abstecher%20in%20ein%20deutsches%20Dorf&#038;u=https%3A%2F%2Fferne-welten.com%2Findex.php%3Frest_route%3D%252Fwp%252Fv2%252Fposts%252F3305\" style=\"font-size: 0px;width:32px;height:32px;margin:0;margin-bottom:5px;margin-right:5px\"><img loading=\"lazy\" decoding=\"async\" alt=\"tumblr\" title=\"\u00dcber Tumblr teilen\" class=\"synved-share-image synved-social-image synved-social-image-share\" width=\"32\" height=\"32\" style=\"display: inline;width:32px;height:32px;margin: 0;padding: 0;border: none;box-shadow: none\" src=\"https:\/\/ferne-welten.com\/wp-content\/plugins\/social-media-feather\/synved-social\/addons\/extra-icons\/image\/social\/circle\/64x64\/tumblr.png\" \/><\/a><a class=\"synved-social-button synved-social-button-share synved-social-size-32 synved-social-resolution-single synved-social-provider-mail nolightbox\" data-provider=\"mail\" rel=\"nofollow\" title=\"Link per Mail weiterleiten\" href=\"mailto:?subject=Abstecher%20in%20ein%20deutsches%20Dorf&#038;body=Hey%20check%20this%20out:%20https%3A%2F%2Fferne-welten.com%2Findex.php%3Frest_route%3D%252Fwp%252Fv2%252Fposts%252F3305\" style=\"font-size: 0px;width:32px;height:32px;margin:0;margin-bottom:5px\"><img loading=\"lazy\" decoding=\"async\" alt=\"mail\" title=\"Link per Mail weiterleiten\" class=\"synved-share-image synved-social-image synved-social-image-share\" width=\"32\" height=\"32\" style=\"display: inline;width:32px;height:32px;margin: 0;padding: 0;border: none;box-shadow: none\" src=\"https:\/\/ferne-welten.com\/wp-content\/plugins\/social-media-feather\/synved-social\/addons\/extra-icons\/image\/social\/circle\/64x64\/mail.png\" \/><\/a>","protected":false},"excerpt":{"rendered":"<p>Das ehemalige &#8222;Gaumusterdorf&#8220; D\u00f6tlingen ist ein Beispiel f\u00fcr postnazistische Verh\u00e4ltnisse in Norddeutschland. Symbole aus den Zeiten des Nationalsozialismus finden sich auch heute auf den alten Geb\u00e4uden, die rechte Reisende noch im neuen Jahrtausend bewundern. In der Gemeinde stellte die NS-Nachfolgepartei&#8230;<br \/><a class=\"read-more-button\" href=\"https:\/\/ferne-welten.com\/?p=3305\">Read more<\/a><\/p>\n","protected":false},"author":1,"featured_media":0,"comment_status":"open","ping_status":"open","sticky":false,"template":"","format":"standard","meta":{"footnotes":""},"categories":[88,359],"tags":[1045,1047,272,1043,1048,1050,1049,71,1044,960,93,1046],"class_list":["post-3305","post","type-post","status-publish","format-standard","hentry","category-dorfkritik","category-eiskaltland","tag-carl-roever","tag-das-alte-land","tag-delmenhorst","tag-doetlingen","tag-heimatfilm","tag-leo-schlageter","tag-lohne","tag-nationalsozialismus","tag-nsdap","tag-nwz","tag-oldenburg","tag-willi-rogge"],"_links":{"self":[{"href":"https:\/\/ferne-welten.com\/index.php?rest_route=\/wp\/v2\/posts\/3305","targetHints":{"allow":["GET"]}}],"collection":[{"href":"https:\/\/ferne-welten.com\/index.php?rest_route=\/wp\/v2\/posts"}],"about":[{"href":"https:\/\/ferne-welten.com\/index.php?rest_route=\/wp\/v2\/types\/post"}],"author":[{"embeddable":true,"href":"https:\/\/ferne-welten.com\/index.php?rest_route=\/wp\/v2\/users\/1"}],"replies":[{"embeddable":true,"href":"https:\/\/ferne-welten.com\/index.php?rest_route=%2Fwp%2Fv2%2Fcomments&post=3305"}],"version-history":[{"count":30,"href":"https:\/\/ferne-welten.com\/index.php?rest_route=\/wp\/v2\/posts\/3305\/revisions"}],"predecessor-version":[{"id":3531,"href":"https:\/\/ferne-welten.com\/index.php?rest_route=\/wp\/v2\/posts\/3305\/revisions\/3531"}],"wp:attachment":[{"href":"https:\/\/ferne-welten.com\/index.php?rest_route=%2Fwp%2Fv2%2Fmedia&parent=3305"}],"wp:term":[{"taxonomy":"category","embeddable":true,"href":"https:\/\/ferne-welten.com\/index.php?rest_route=%2Fwp%2Fv2%2Fcategories&post=3305"},{"taxonomy":"post_tag","embeddable":true,"href":"https:\/\/ferne-welten.com\/index.php?rest_route=%2Fwp%2Fv2%2Ftags&post=3305"}],"curies":[{"name":"wp","href":"https:\/\/api.w.org\/{rel}","templated":true}]}}