{"id":3435,"date":"2021-06-16T10:10:27","date_gmt":"2021-06-16T09:10:27","guid":{"rendered":"https:\/\/ferne-welten.com\/?p=3435"},"modified":"2021-06-16T10:11:47","modified_gmt":"2021-06-16T09:11:47","slug":"hetze-der-corona-nazis","status":"publish","type":"post","link":"https:\/\/ferne-welten.com\/?p=3435","title":{"rendered":"Hetze der Corona-Nazis"},"content":{"rendered":"<p style=\"text-align: justify;\">\n<blockquote class=\"twitter-tweet\" data-width=\"550\" data-dnt=\"true\">\n<p lang=\"fr\" dir=\"ltr\">contre le fascisme&#8230; <a href=\"https:\/\/twitter.com\/hashtag\/oldenburg?src=hash&amp;ref_src=twsrc%5Etfw\">#oldenburg<\/a> <a href=\"https:\/\/twitter.com\/hashtag\/corona?src=hash&amp;ref_src=twsrc%5Etfw\">#corona<\/a> <a href=\"https:\/\/twitter.com\/hashtag\/nazis?src=hash&amp;ref_src=twsrc%5Etfw\">#nazis<\/a> <a href=\"https:\/\/t.co\/RITCrpEZ6c\">pic.twitter.com\/RITCrpEZ6c<\/a><\/p>\n<p>&mdash; M (@eiskaltland) <a href=\"https:\/\/twitter.com\/eiskaltland\/status\/1404379414268452868?ref_src=twsrc%5Etfw\">June 14, 2021<\/a><\/p><\/blockquote>\n<p><script async src=\"https:\/\/platform.twitter.com\/widgets.js\" charset=\"utf-8\"><\/script><\/p>\n<p style=\"text-align: justify;\">Die antifaschistische Struktur <em>&#8222;Auf Abstand&#8220;<\/em> <a href=\"https:\/\/twitter.com\/AAbstand\/status\/1404417971053809670\" target=\"_blank\" rel=\"noopener\">weist<\/a> darauf hin, dass der in Oldenburg vielfach entfernte Aufkleber <em>&#8222;aktuelle Erz\u00e4hlungen der verschw\u00f6rungsideologischen Bewegung&#8220;<\/em> zusammenfasst. Es ginge um <em>&#8222;Hetze gegen die Gr\u00fcnen, Anti-Impf Propaganda&#8220;<\/em> sowie NS-Relativierung. Schlie\u00dflich finden sich zwei SS-Totenk\u00f6pfe auf den Aufklebern, mit denen hiesige Verschw\u00f6rungsgl\u00e4ubige zumindest stilistisch an ein vorheriges Machwerk ankn\u00fcpfen. Im M\u00e4rz verbreiteten Corona-Nazis einen Kleber mit der Aufschrift <em>&#8222;Impfung macht frei&#8220;.<\/em><\/p>\n<p><a href=\"https:\/\/ferne-welten.com\/wp-content\/uploads\/2021\/06\/Impfung-macht-Frei-Corona-Nazis-Dokumentation-Oldenburg.jpg\"><img loading=\"lazy\" decoding=\"async\" class=\"aligncenter size-full wp-image-3448\" src=\"https:\/\/ferne-welten.com\/wp-content\/uploads\/2021\/06\/Impfung-macht-Frei-Corona-Nazis-Dokumentation-Oldenburg.jpg\" alt=\"\" width=\"823\" height=\"780\" srcset=\"https:\/\/ferne-welten.com\/wp-content\/uploads\/2021\/06\/Impfung-macht-Frei-Corona-Nazis-Dokumentation-Oldenburg.jpg 823w, https:\/\/ferne-welten.com\/wp-content\/uploads\/2021\/06\/Impfung-macht-Frei-Corona-Nazis-Dokumentation-Oldenburg-300x284.jpg 300w, https:\/\/ferne-welten.com\/wp-content\/uploads\/2021\/06\/Impfung-macht-Frei-Corona-Nazis-Dokumentation-Oldenburg-768x728.jpg 768w, https:\/\/ferne-welten.com\/wp-content\/uploads\/2021\/06\/Impfung-macht-Frei-Corona-Nazis-Dokumentation-Oldenburg-422x400.jpg 422w\" sizes=\"auto, (max-width: 823px) 100vw, 823px\" \/><\/a><\/p>\n<p style=\"text-align: justify;\">Diese besonders ungeheure Verharmlosung des deutschen Vernichtungsantisemitismus f\u00fchrt der aktuell kursierende Aufkleber mit <a href=\"https:\/\/www.belltower.news\/der-ss-totenkopf-51350\/\" target=\"_blank\" rel=\"noopener\">dem Emblem<\/a> der <em>&#8222;SS-Divison Totenkopf&#8220;<\/em> fort. So verbinden die Verantwortlichen unverwechselbare Signets: neben der Sonnenblume der Partei <em>&#8222;Die Gr\u00fcnen&#8220;<\/em> finden sich die gekreuzten NS-Knochen \u00fcber dem Totensch\u00e4del. Ob die den Nationalsozialismus verharmlosende Verkn\u00fcpfung f\u00fcr die so oft bagatellisierende Polizei ebenfalls <em>&#8222;durch die Meinungsfreiheit getragen&#8220;<\/em> <a href=\"https:\/\/twitter.com\/eiskaltland\/status\/1376183371970252809\" target=\"_blank\" rel=\"noopener\">ist<\/a>, bleibt indes abzuwarten.<\/p>\n<p style=\"text-align: center;\">\n<a class=\"synved-social-button synved-social-button-share synved-social-size-32 synved-social-resolution-single synved-social-provider-facebook nolightbox\" data-provider=\"facebook\" target=\"_blank\" rel=\"nofollow\" title=\"Auf Facebook teilen\" href=\"https:\/\/www.facebook.com\/sharer.php?u=https%3A%2F%2Fferne-welten.com%2Findex.php%3Frest_route%3D%252Fwp%252Fv2%252Fposts%252F3435&#038;t=Hetze%20der%20Corona-Nazis&#038;s=100&#038;p&#091;url&#093;=https%3A%2F%2Fferne-welten.com%2Findex.php%3Frest_route%3D%252Fwp%252Fv2%252Fposts%252F3435&#038;p&#091;images&#093;&#091;0&#093;=https%3A%2F%2Fferne-welten.com%2Fwp-content%2Fuploads%2F2021%2F06%2FImpfung-macht-Frei-Corona-Nazis-Dokumentation-Oldenburg.jpg&#038;p&#091;title&#093;=Hetze%20der%20Corona-Nazis\" style=\"font-size: 0px;width:32px;height:32px;margin:0;margin-bottom:5px;margin-right:5px\"><img loading=\"lazy\" decoding=\"async\" alt=\"Facebook\" title=\"Auf Facebook teilen\" class=\"synved-share-image synved-social-image synved-social-image-share\" width=\"32\" height=\"32\" style=\"display: inline;width:32px;height:32px;margin: 0;padding: 0;border: none;box-shadow: none\" src=\"https:\/\/ferne-welten.com\/wp-content\/plugins\/social-media-feather\/synved-social\/addons\/extra-icons\/image\/social\/circle\/64x64\/facebook.png\" \/><\/a><a class=\"synved-social-button synved-social-button-share synved-social-size-32 synved-social-resolution-single synved-social-provider-twitter nolightbox\" data-provider=\"twitter\" target=\"_blank\" rel=\"nofollow\" title=\"Auf Twitter teilen\" href=\"https:\/\/twitter.com\/intent\/tweet?url=https%3A%2F%2Fferne-welten.com%2Findex.php%3Frest_route%3D%252Fwp%252Fv2%252Fposts%252F3435&#038;text=Hey%20check%20this%20out\" style=\"font-size: 0px;width:32px;height:32px;margin:0;margin-bottom:5px;margin-right:5px\"><img loading=\"lazy\" decoding=\"async\" alt=\"twitter\" title=\"Auf Twitter teilen\" class=\"synved-share-image synved-social-image synved-social-image-share\" width=\"32\" height=\"32\" style=\"display: inline;width:32px;height:32px;margin: 0;padding: 0;border: none;box-shadow: none\" src=\"https:\/\/ferne-welten.com\/wp-content\/plugins\/social-media-feather\/synved-social\/addons\/extra-icons\/image\/social\/circle\/64x64\/twitter.png\" \/><\/a><a class=\"synved-social-button synved-social-button-share synved-social-size-32 synved-social-resolution-single synved-social-provider-reddit nolightbox\" data-provider=\"reddit\" target=\"_blank\" rel=\"nofollow\" title=\"Auf Reddit teilen\" href=\"https:\/\/www.reddit.com\/submit?url=https%3A%2F%2Fferne-welten.com%2Findex.php%3Frest_route%3D%252Fwp%252Fv2%252Fposts%252F3435&#038;title=Hetze%20der%20Corona-Nazis\" style=\"font-size: 0px;width:32px;height:32px;margin:0;margin-bottom:5px;margin-right:5px\"><img loading=\"lazy\" decoding=\"async\" alt=\"reddit\" title=\"Auf Reddit teilen\" class=\"synved-share-image synved-social-image synved-social-image-share\" width=\"32\" height=\"32\" style=\"display: inline;width:32px;height:32px;margin: 0;padding: 0;border: none;box-shadow: none\" src=\"https:\/\/ferne-welten.com\/wp-content\/plugins\/social-media-feather\/synved-social\/addons\/extra-icons\/image\/social\/circle\/64x64\/reddit.png\" \/><\/a><a class=\"synved-social-button synved-social-button-share synved-social-size-32 synved-social-resolution-single synved-social-provider-pinterest nolightbox\" data-provider=\"pinterest\" target=\"_blank\" rel=\"nofollow\" title=\"Auf Pinterest pinnen\" href=\"https:\/\/pinterest.com\/pin\/create\/button\/?url=https%3A%2F%2Fferne-welten.com%2Findex.php%3Frest_route%3D%252Fwp%252Fv2%252Fposts%252F3435&#038;media=https%3A%2F%2Fferne-welten.com%2Fwp-content%2Fuploads%2F2021%2F06%2FImpfung-macht-Frei-Corona-Nazis-Dokumentation-Oldenburg.jpg&#038;description=Hetze%20der%20Corona-Nazis\" style=\"font-size: 0px;width:32px;height:32px;margin:0;margin-bottom:5px;margin-right:5px\"><img loading=\"lazy\" decoding=\"async\" alt=\"pinterest\" title=\"Auf Pinterest pinnen\" class=\"synved-share-image synved-social-image synved-social-image-share\" width=\"32\" height=\"32\" style=\"display: inline;width:32px;height:32px;margin: 0;padding: 0;border: none;box-shadow: none\" src=\"https:\/\/ferne-welten.com\/wp-content\/plugins\/social-media-feather\/synved-social\/addons\/extra-icons\/image\/social\/circle\/64x64\/pinterest.png\" \/><\/a><a class=\"synved-social-button synved-social-button-share synved-social-size-32 synved-social-resolution-single synved-social-provider-linkedin nolightbox\" data-provider=\"linkedin\" target=\"_blank\" rel=\"nofollow\" title=\"Auf Linkedin teilen\" href=\"https:\/\/www.linkedin.com\/shareArticle?mini=true&#038;url=https%3A%2F%2Fferne-welten.com%2Findex.php%3Frest_route%3D%252Fwp%252Fv2%252Fposts%252F3435&#038;title=Hetze%20der%20Corona-Nazis\" style=\"font-size: 0px;width:32px;height:32px;margin:0;margin-bottom:5px;margin-right:5px\"><img loading=\"lazy\" decoding=\"async\" alt=\"linkedin\" title=\"Auf Linkedin teilen\" class=\"synved-share-image synved-social-image synved-social-image-share\" width=\"32\" height=\"32\" style=\"display: inline;width:32px;height:32px;margin: 0;padding: 0;border: none;box-shadow: none\" src=\"https:\/\/ferne-welten.com\/wp-content\/plugins\/social-media-feather\/synved-social\/addons\/extra-icons\/image\/social\/circle\/64x64\/linkedin.png\" \/><\/a><a class=\"synved-social-button synved-social-button-share synved-social-size-32 synved-social-resolution-single synved-social-provider-tumblr nolightbox\" data-provider=\"tumblr\" target=\"_blank\" rel=\"nofollow\" title=\"\u00dcber Tumblr teilen\" href=\"https:\/\/tumblr.com\/share?s=&#038;v=3&#038;t=Hetze%20der%20Corona-Nazis&#038;u=https%3A%2F%2Fferne-welten.com%2Findex.php%3Frest_route%3D%252Fwp%252Fv2%252Fposts%252F3435\" style=\"font-size: 0px;width:32px;height:32px;margin:0;margin-bottom:5px;margin-right:5px\"><img loading=\"lazy\" decoding=\"async\" alt=\"tumblr\" title=\"\u00dcber Tumblr teilen\" class=\"synved-share-image synved-social-image synved-social-image-share\" width=\"32\" height=\"32\" style=\"display: inline;width:32px;height:32px;margin: 0;padding: 0;border: none;box-shadow: none\" src=\"https:\/\/ferne-welten.com\/wp-content\/plugins\/social-media-feather\/synved-social\/addons\/extra-icons\/image\/social\/circle\/64x64\/tumblr.png\" \/><\/a><a class=\"synved-social-button synved-social-button-share synved-social-size-32 synved-social-resolution-single synved-social-provider-mail nolightbox\" data-provider=\"mail\" rel=\"nofollow\" title=\"Link per Mail weiterleiten\" href=\"mailto:?subject=Hetze%20der%20Corona-Nazis&#038;body=Hey%20check%20this%20out:%20https%3A%2F%2Fferne-welten.com%2Findex.php%3Frest_route%3D%252Fwp%252Fv2%252Fposts%252F3435\" style=\"font-size: 0px;width:32px;height:32px;margin:0;margin-bottom:5px\"><img loading=\"lazy\" decoding=\"async\" alt=\"mail\" title=\"Link per Mail weiterleiten\" class=\"synved-share-image synved-social-image synved-social-image-share\" width=\"32\" height=\"32\" style=\"display: inline;width:32px;height:32px;margin: 0;padding: 0;border: none;box-shadow: none\" src=\"https:\/\/ferne-welten.com\/wp-content\/plugins\/social-media-feather\/synved-social\/addons\/extra-icons\/image\/social\/circle\/64x64\/mail.png\" \/><\/a>","protected":false},"excerpt":{"rendered":"<p>contre le fascisme&#8230; #oldenburg #corona #nazis pic.twitter.com\/RITCrpEZ6c &mdash; M (@eiskaltland) June 14, 2021 Die antifaschistische Struktur &#8222;Auf Abstand&#8220; weist darauf hin, dass der in Oldenburg vielfach entfernte Aufkleber &#8222;aktuelle Erz\u00e4hlungen der verschw\u00f6rungsideologischen Bewegung&#8220; zusammenfasst. Es ginge um &#8222;Hetze gegen die&#8230;<br \/><a class=\"read-more-button\" href=\"https:\/\/ferne-welten.com\/?p=3435\">Read more<\/a><\/p>\n","protected":false},"author":1,"featured_media":0,"comment_status":"open","ping_status":"open","sticky":false,"template":"","format":"standard","meta":{"footnotes":""},"categories":[88,359,79],"tags":[107,927,954,410,93,1041,165,77],"class_list":["post-3435","post","type-post","status-publish","format-standard","hentry","category-dorfkritik","category-eiskaltland","category-mythen","tag-antisemitismus","tag-corona","tag-corona-leugnung","tag-nazis","tag-oldenburg","tag-polizeiproblem","tag-verschwoerungsideologie","tag-verschwoerungswahn"],"_links":{"self":[{"href":"https:\/\/ferne-welten.com\/index.php?rest_route=\/wp\/v2\/posts\/3435","targetHints":{"allow":["GET"]}}],"collection":[{"href":"https:\/\/ferne-welten.com\/index.php?rest_route=\/wp\/v2\/posts"}],"about":[{"href":"https:\/\/ferne-welten.com\/index.php?rest_route=\/wp\/v2\/types\/post"}],"author":[{"embeddable":true,"href":"https:\/\/ferne-welten.com\/index.php?rest_route=\/wp\/v2\/users\/1"}],"replies":[{"embeddable":true,"href":"https:\/\/ferne-welten.com\/index.php?rest_route=%2Fwp%2Fv2%2Fcomments&post=3435"}],"version-history":[{"count":17,"href":"https:\/\/ferne-welten.com\/index.php?rest_route=\/wp\/v2\/posts\/3435\/revisions"}],"predecessor-version":[{"id":3455,"href":"https:\/\/ferne-welten.com\/index.php?rest_route=\/wp\/v2\/posts\/3435\/revisions\/3455"}],"wp:attachment":[{"href":"https:\/\/ferne-welten.com\/index.php?rest_route=%2Fwp%2Fv2%2Fmedia&parent=3435"}],"wp:term":[{"taxonomy":"category","embeddable":true,"href":"https:\/\/ferne-welten.com\/index.php?rest_route=%2Fwp%2Fv2%2Fcategories&post=3435"},{"taxonomy":"post_tag","embeddable":true,"href":"https:\/\/ferne-welten.com\/index.php?rest_route=%2Fwp%2Fv2%2Ftags&post=3435"}],"curies":[{"name":"wp","href":"https:\/\/api.w.org\/{rel}","templated":true}]}}