{"id":3562,"date":"2022-04-19T03:03:33","date_gmt":"2022-04-19T02:03:33","guid":{"rendered":"https:\/\/ferne-welten.com\/?p=3562"},"modified":"2022-04-20T09:25:15","modified_gmt":"2022-04-20T08:25:15","slug":"putins-apologeten-und-der-corona-leugner","status":"publish","type":"post","link":"https:\/\/ferne-welten.com\/?p=3562","title":{"rendered":"Putins-Apologeten und der Corona-Leugner"},"content":{"rendered":"<p style=\"text-align: justify;\">Zum diesj\u00e4hrigen <em>&#8222;Ostermarsch&#8220;<\/em> versammelten sich etwa 280 Personen in Oldenburg. Der Aufruf des hiesigen <em>&#8222;Friedensb\u00fcndnisses&#8220;<\/em>, das in der Vergangenheit unter anderem eine die antisemitische BDS-Strukturen verharmlosende Veranstaltung \u00fcber den angeblichen Einfluss von <em>&#8222;Antideutschen&#8220;<\/em> organisierte, bagatellisierte den russischen Angriffskrieg. In Verkehrung der Tatsachen hie\u00df es: <em>&#8222;Der Ukraine-Krieg ist eine Folge der NATO-Osterweiterung bis an die russische Grenze&#8220;<\/em>.<\/p>\n<div id=\"attachment_3581\" style=\"width: 1290px\" class=\"wp-caption aligncenter\"><a href=\"https:\/\/ferne-welten.com\/wp-content\/uploads\/2022\/04\/Ostermarsch-2022-Oldenburg-Teilnehmende.png\"><img loading=\"lazy\" decoding=\"async\" aria-describedby=\"caption-attachment-3581\" class=\"wp-image-3581 size-full\" src=\"https:\/\/ferne-welten.com\/wp-content\/uploads\/2022\/04\/Ostermarsch-2022-Oldenburg-Teilnehmende.png\" alt=\"Teilnehmende des Ostermarsches in Oldenburg\" width=\"1280\" height=\"960\" srcset=\"https:\/\/ferne-welten.com\/wp-content\/uploads\/2022\/04\/Ostermarsch-2022-Oldenburg-Teilnehmende.png 1280w, https:\/\/ferne-welten.com\/wp-content\/uploads\/2022\/04\/Ostermarsch-2022-Oldenburg-Teilnehmende-300x225.png 300w, https:\/\/ferne-welten.com\/wp-content\/uploads\/2022\/04\/Ostermarsch-2022-Oldenburg-Teilnehmende-1024x768.png 1024w, https:\/\/ferne-welten.com\/wp-content\/uploads\/2022\/04\/Ostermarsch-2022-Oldenburg-Teilnehmende-768x576.png 768w, https:\/\/ferne-welten.com\/wp-content\/uploads\/2022\/04\/Ostermarsch-2022-Oldenburg-Teilnehmende-940x705.png 940w, https:\/\/ferne-welten.com\/wp-content\/uploads\/2022\/04\/Ostermarsch-2022-Oldenburg-Teilnehmende-533x400.png 533w\" sizes=\"auto, (max-width: 1280px) 100vw, 1280px\" \/><\/a><p id=\"caption-attachment-3581\" class=\"wp-caption-text\">Ostermarsch 2022: Teilnehmende in Oldenburg<\/p><\/div>\n<h5><\/h5>\n<h5>Endzeit-Aktivistin und Bundeswehr-Major<\/h5>\n<p style=\"text-align: justify;\">Zum diesj\u00e4hrigen Ostermarsch forderte das <em>&#8222;Antideutsche&#8220;<\/em> <a href=\"https:\/\/ferne-welten.com\/?p=3344\" target=\"_blank\" rel=\"noopener\">f\u00fcrchtende<\/a> <em>&#8222;B\u00fcndnis&#8220;<\/em> letztlich, dass sich die Angegriffenen mit dem Aggressor \u00a0einigen m\u00fcsse: \u00a0<em>&#8222;Verhandlungen auf h\u00f6chster Ebene zwischen USA, NATO, Russland und der Ukraine&#8220;<\/em> sowie <em>&#8222;neutrale Sachverst\u00e4ndige&#8220;<\/em> zur <em>&#8222;Aufkl\u00e4rung von Kriegsverbrechen&#8220;<\/em>, hie\u00df es beispielsweise im kurz vor Ostern verbreiteten Aufruf gegen den <em>&#8222;eskalierenden Krieg&#8220;<\/em>, der die m\u00f6rderischen Folgen des russischen Angriffs verschweigt.<\/p>\n<p style=\"text-align: justify;\">Das uns\u00e4gliche Schreiben bewarb der hiesige Ableger der sogenannten Linkspartei, der auch eine Sprecherin entsandte. Multifunktion\u00e4rin Sonja Manderbach ist unter anderem Aktivistin bei der <a href=\"https:\/\/ferne-welten.com\/?p=3544\" target=\"_blank\" rel=\"noopener\">rechten Endzeitsekte<\/a> <em>&#8222;Extinction Rebellion&#8220;<\/em> (ER) sowie bei deren Ableger <em>&#8222;Letzte Generation&#8220;, <\/em>wobei sie an deren klimapolitischen Protesten partizipiert, die vor allem das Proletariat <a href=\"https:\/\/twitter.com\/dt_magazin\/status\/1513466039253835779\" target=\"_blank\" rel=\"noopener\">treffen<\/a>. Au\u00dferdem singt die Gl\u00e4ubige, zum Beispiel im Rahmen der \u00f6rtlichen <em>&#8222;Christians for Future&#8220;<\/em>-Gruppe, gegen die Umweltzerst\u00f6rung an, wobei die konservativen Untert\u00f6ne in den ER-Werbesongs der Gl\u00e4ubigen <a href=\"https:\/\/ferne-welten.com\/?p=2692\" target=\"_blank\" rel=\"noopener\">nicht zu \u00fcberh\u00f6ren<\/a> sind. <em>&#8222;K\u00e4mpft f\u00fcr ein lebenswertes Land&#8220;<\/em>,\u00a0<a href=\"https:\/\/twitter.com\/eiskaltland\/status\/1233385105181356038\" target=\"_blank\" rel=\"noopener noreferrer\">hie\u00df<\/a> es zum Beispiel in einem umgedichteten Kinderlied, w\u00e4hrend mit einem anderen Song vor einer bald drohenden<em> &#8222;Apokalypse&#8220;<\/em>\u00a0<a href=\"https:\/\/ferne-welten.com\/wp-content\/uploads\/2020\/03\/Extinction-Rebellion-OL-Apokalypse.jpg\" target=\"_blank\" rel=\"noopener noreferrer\">gewarnt<\/a>\u00a0wurde.<\/p>\n<p style=\"text-align: justify;\">Ein weiterer Sprecher des diesj\u00e4hrigen Ostermarsches trat fr\u00fcher vielfach in Olivgr\u00fcn auf. Florian Pfaff ist ehemaliger Bundeswehrsoldat, der in den vergangenen Jahren in zahlreichen Videoformaten der verschw\u00f6rungsideologischen Szene zu sehen war. Dort zeichnete er die Bundesrepublik als Vasallen der von ihm d\u00e4monisierten USA, wof\u00fcr es reichlich Zustimmung von ganz Rechts gab. Anfang des Jahres war der praktizierende Katholik beispielsweise beim rechten <a href=\"https:\/\/www.psiram.com\/de\/index.php\/Daniele_Ganser\" target=\"_blank\" rel=\"noopener\">Verschw\u00f6rungsproduzenten Daniel Ganser<\/a> zu <a href=\"https:\/\/ferne-welten.com\/wp-content\/uploads\/2022\/04\/Daniel-Ganser-Florian-Pfaff-Verschwoerungspropaganda.png\" target=\"_blank\" rel=\"noopener\">Gast<\/a>, was nationalistische Zusehende kommentierend beantworteten: <em>&#8222;M\u00e4nner wie Ihr,seid es wert die Hoffnung nicht aufzugeben&#8220;<\/em>, begeisterte sich zum Beispiel ein Anh\u00e4nger mit den in der Verschw\u00f6rungsszene \u00fcblichen orthografischen Schwierigkeiten.<\/p>\n<p style=\"text-align: justify;\">Vor einigen Jahren gab der damalige Offizier dem von antisemitischen Apologeten des iranischen Regimes betriebenen Online-Portal <em>&#8222;Muslim-Markt&#8220;<\/em> ein Interview, in dem er ein bezeichnendes Endziel seiner politischen T\u00e4tigkeit formulierte. Es ginge darum, so der antisemitische Motive aufgreifende Bundeswehr-Offizier, <em>&#8222;dass keiner mehr M\u00e4rchen erfindet, um seine Bev\u00f6lkerung (\u2026) aufzuhetzen&#8220;<\/em>. Dieses Ziel lasse sich weltweit aber nur realisieren, wenn <em>&#8222;es gelingt, den Konflikt in Nahen Osten zu l\u00f6sen, also die Besetzung des pal\u00e4stinensischen Gebietes durch Israel, welche die Israelis mit Angriffen gegen sie rechtfertigen (sic!)&#8220;.<\/em><\/p>\n<div id=\"attachment_3578\" style=\"width: 1290px\" class=\"wp-caption aligncenter\"><a href=\"https:\/\/ferne-welten.com\/wp-content\/uploads\/2022\/04\/Ostermarsch-2022-Oldenburg-Teilnehmende-Extinction-Rebellion.jpg\"><img loading=\"lazy\" decoding=\"async\" aria-describedby=\"caption-attachment-3578\" class=\"wp-image-3578 size-full\" src=\"https:\/\/ferne-welten.com\/wp-content\/uploads\/2022\/04\/Ostermarsch-2022-Oldenburg-Teilnehmende-Extinction-Rebellion.jpg\" alt=\"Nicht zu \u00fcbersehen: Fahnen der Endzeitsekte &quot;Extinction Rebellion&quot;\u00a0\" width=\"1280\" height=\"960\" srcset=\"https:\/\/ferne-welten.com\/wp-content\/uploads\/2022\/04\/Ostermarsch-2022-Oldenburg-Teilnehmende-Extinction-Rebellion.jpg 1280w, https:\/\/ferne-welten.com\/wp-content\/uploads\/2022\/04\/Ostermarsch-2022-Oldenburg-Teilnehmende-Extinction-Rebellion-300x225.jpg 300w, https:\/\/ferne-welten.com\/wp-content\/uploads\/2022\/04\/Ostermarsch-2022-Oldenburg-Teilnehmende-Extinction-Rebellion-1024x768.jpg 1024w, https:\/\/ferne-welten.com\/wp-content\/uploads\/2022\/04\/Ostermarsch-2022-Oldenburg-Teilnehmende-Extinction-Rebellion-768x576.jpg 768w, https:\/\/ferne-welten.com\/wp-content\/uploads\/2022\/04\/Ostermarsch-2022-Oldenburg-Teilnehmende-Extinction-Rebellion-940x705.jpg 940w, https:\/\/ferne-welten.com\/wp-content\/uploads\/2022\/04\/Ostermarsch-2022-Oldenburg-Teilnehmende-Extinction-Rebellion-533x400.jpg 533w\" sizes=\"auto, (max-width: 1280px) 100vw, 1280px\" \/><\/a><p id=\"caption-attachment-3578\" class=\"wp-caption-text\">Mal wieder nicht zu \u00fcbersehen: Fahnen der Endzeitsekte &#8222;Extinction Rebellion&#8220;<\/p><\/div>\n<h5><\/h5>\n<h5>Reime und Verschw\u00f6rungspropaganda<\/h5>\n<p style=\"text-align: justify;\">In Oldenburg sprach der verschw\u00f6rungsideologische Aktivist aber nicht von der offenbar angestrebten Endl\u00f6sung der Israel-Frage, sondern monologisierte von einem lange geplanten Krieg in der Ukraine, wobei der vormalige Bundeswehr-Major \u2013 wenig \u00fcberraschend \u2013 die NATO verantwortlich machte, die er als <em>&#8222;Verbrecherb\u00fcndnis&#8220;<\/em> bezeichnete. Seine reaktion\u00e4re Einlage, f\u00fcr die es nur sp\u00e4rlichen Beifall gab, dokumentierte der linksdeutsche Amateurfilmer <a href=\"https:\/\/ferne-welten.com\/?p=3073\" target=\"_blank\" rel=\"noopener\">Hermann Jack<\/a>. Der YouTuber <a href=\"https:\/\/aufabstand.noblogs.org\/who-is-who\/hermannjack-cleaned\/\" target=\"_blank\" rel=\"noopener\">begleitet<\/a> ansonsten schon seit mehreren Jahren die Proteste von Corona-Leugnenden.\u00a0 Wortf\u00fchrenden und Gl\u00e4ubigen bereit Jack eine B\u00fchne f\u00fcr Menschenverachtung, w\u00e4hrend er Protestierende wider den reaktion\u00e4ren Mob unter anderem als <em>&#8222;Corona-Heulbojen&#8220;<\/em> <a href=\"https:\/\/ferne-welten.com\/wp-content\/uploads\/2022\/04\/Hermann-Jack-Aufstehen-OL-Corona-Party-Heulbojen.png\" target=\"_blank\" rel=\"noopener\">verunglimpft<\/a>.<\/p>\n<p style=\"text-align: justify;\">Jack spricht selbst von <em>&#8222;Diskriminierung&#8220;<\/em> der <em>&#8222;Menschen, die sich nicht impfen lassen wollen&#8220;<\/em>. Von ihm vielfach genutzte Terme wie <em>&#8222;Maskenzwang&#8220;<\/em> zeigen, dass der Filmende den Narrativen der die Gef\u00e4hrlichkeit von Covid-19 leugnenden Verschw\u00f6rungsszene verfallen ist. \u00dcber seine Facebook-Seiten verbreitet Jack schlie\u00dflich entsprechende Propaganda, wobei er antisemitische Mythen und m\u00f6rderische Feindbilder von und f\u00fcr Corona-Leugnende aufgreift. Vielfach warb der Filmende, dessen Anwesenheit auf dem Ostermarsch <a href=\"https:\/\/ferne-welten.com\/?p=3267\" target=\"_blank\" rel=\"noopener\">auch in diesem Jahr<\/a> offenbar niemanden st\u00f6rte, f\u00fcr die gef\u00e4hrlichen Aufm\u00e4rsche von rechten Wut- und Reichsb\u00fcrgern.<\/p>\n<p style=\"text-align: justify;\">Bei den Manifestationen von Corona-Leugnenden <a href=\"https:\/\/ferne-welten.com\/wp-content\/uploads\/2022\/04\/Tu-Was-Anti-Antifa.png\" target=\"_blank\" rel=\"noopener\">filmt<\/a> er, was Nazis die Recherchen erleichtert, immer wieder antifaschistische Personen, die gegen diese Zusammenk\u00fcnfte protestieren. Dass sich bei dem von ihn beworbenen <em>&#8222;Montagsdemos&#8220;<\/em> regelm\u00e4\u00dfig eine einflussreiche Holocaust-Leugnerin, zahlreiche Nazi-Rocker und prominente AfD-Kader <a href=\"https:\/\/aufabstand.noblogs.org\/post\/2022\/02\/08\/freie-oldenburger-ein-sammelbecken-fuer-stadtbekannte-nazis-und-der-autoritaere-charakter-der-mitte\/\" target=\"_blank\" rel=\"noopener\">tummeln<\/a>, verr\u00e4t sein den die <a href=\"https:\/\/www.tagesschau.de\/investigativ\/bhakdi-antisemitismus-103.html\" target=\"_blank\" rel=\"noopener\">Shoa- und Corona-Leugnenden Sucharit Bhakdi<\/a> als Kronzeugen nennender <em>&#8222;Tu Was&#8220;<\/em>-Kanal nicht. Stattdessen bietet der seit Jahren den <a href=\"https:\/\/ferne-welten.com\/?p=2342\" target=\"_blank\" rel=\"noopener\">Ostermarsch<\/a> in Oldenburg dokumentierende Verschw\u00f6rungsproduzent <a href=\"https:\/\/ferne-welten.com\/wp-content\/uploads\/2022\/04\/Tu-Was-Schwrz-Vyce-Fake-News-Propaganda.png\" target=\"_blank\" rel=\"noopener\">derzeit<\/a> das Interview mit einem <em>&#8222;Rap Activist&#8220;<\/em>, der sich selbst als <em>&#8222;RechtsXtrem&#8220;<\/em> <a href=\"https:\/\/ferne-welten.com\/wp-content\/uploads\/2022\/04\/Schwrz-Vyce-Rechtsextrem-Twitter-Header.png\" target=\"_blank\" rel=\"noopener\">bezeichnet<\/a>.<\/p>\n<p style=\"text-align: justify;\"><em>&#8222;Wir gehen f\u00fcr unser Land, ist der Weg noch so lang, nichts was uns halten kann, bei unserem Spaziergang&#8220;<\/em>, reimt der durch Hermann Jack beworbene Verschw\u00f6rungsmusikant. Der deutsche Dichter beschw\u00f6rt das k\u00e4mpfende <em>&#8222;Volk&#8220;, <\/em>wobei er zahlreiche Motive aus der Verschw\u00f6rungsszene aufgreift. <em>&#8222;SchwrzVyce&#8220;<\/em>, so der K\u00fcnstlername des gegen den bei Corona-Leugnenden verhassten Bill Gates rappenden Hessen, liefert den reaktion\u00e4ren Soundtrack f\u00fcr rechte Zeiten. Herman Jack scheinen solche Inhalte anzusprechen.<\/p>\n<div id=\"attachment_3580\" style=\"width: 1290px\" class=\"wp-caption aligncenter\"><a href=\"https:\/\/ferne-welten.com\/wp-content\/uploads\/2022\/04\/Ostermarsch-2022-Corona-Leugner-Hermann-Jack-2.jpg\"><img loading=\"lazy\" decoding=\"async\" aria-describedby=\"caption-attachment-3580\" class=\"wp-image-3580 size-full\" src=\"https:\/\/ferne-welten.com\/wp-content\/uploads\/2022\/04\/Ostermarsch-2022-Corona-Leugner-Hermann-Jack-2.jpg\" alt=\"\" width=\"1280\" height=\"960\" srcset=\"https:\/\/ferne-welten.com\/wp-content\/uploads\/2022\/04\/Ostermarsch-2022-Corona-Leugner-Hermann-Jack-2.jpg 1280w, https:\/\/ferne-welten.com\/wp-content\/uploads\/2022\/04\/Ostermarsch-2022-Corona-Leugner-Hermann-Jack-2-300x225.jpg 300w, https:\/\/ferne-welten.com\/wp-content\/uploads\/2022\/04\/Ostermarsch-2022-Corona-Leugner-Hermann-Jack-2-1024x768.jpg 1024w, https:\/\/ferne-welten.com\/wp-content\/uploads\/2022\/04\/Ostermarsch-2022-Corona-Leugner-Hermann-Jack-2-768x576.jpg 768w, https:\/\/ferne-welten.com\/wp-content\/uploads\/2022\/04\/Ostermarsch-2022-Corona-Leugner-Hermann-Jack-2-940x705.jpg 940w, https:\/\/ferne-welten.com\/wp-content\/uploads\/2022\/04\/Ostermarsch-2022-Corona-Leugner-Hermann-Jack-2-533x400.jpg 533w\" sizes=\"auto, (max-width: 1280px) 100vw, 1280px\" \/><\/a><p id=\"caption-attachment-3580\" class=\"wp-caption-text\">Ganz rechts: Corona-Leugner Hermann Jack<\/p><\/div>\n<h5><\/h5>\n<h5>Aufzeichnungen eines Verschw\u00f6rungsproduzenten<\/h5>\n<p style=\"text-align: justify;\">Zuletzt bewarb der Filmemacher mit seinen kurzen Propaganda-Clips gleich mehrfach die <a href=\"https:\/\/ferne-welten.com\/?p=3073\" target=\"_blank\" rel=\"noopener\">antisemitisch-verschw\u00f6rungsideologische Kleinpartei<\/a> <em>&#8222;Die Basis&#8220;<\/em>, deren nieders\u00e4chsische Kader er vor der letztj\u00e4hrigen Bundestagswahl zum Wahlwerbegespr\u00e4ch <a href=\"https:\/\/ferne-welten.com\/wp-content\/uploads\/2022\/04\/Tu-Was-Michael-Fritsch-Corona-Leugner.png\" target=\"_blank\" rel=\"noopener\">bat<\/a>. Allerdings ist der Kameramann laut gut informierten Quellen noch immer Mitglied der sogenannten Linkspartei. Abgrenzungen gibt es offenbar keine. Der ehemalige Vorsitzende der Linksfraktion im Rat der Stadt Oldenburg, Hans-Hennig Adler, stellte sich seinem Genossen, der im vergangenen Jahr mit der die <a href=\"https:\/\/www.nd-aktuell.de\/artikel\/1162629.qanon-moerderische-ueberzeugung.html\" target=\"_blank\" rel=\"noopener\">m\u00f6rderischen<\/a> QAnon-Mythen <a href=\"https:\/\/ferne-welten.com\/wp-content\/uploads\/2022\/04\/Eva-Rosen-QAnon.png\" target=\"_blank\" rel=\"noopener\">verbreitenden<\/a>\u00a0<em>&#8222;Basis&#8220;<\/em>-Aktivistin Eva Rosen <a href=\"https:\/\/ferne-welten.com\/wp-content\/uploads\/2022\/04\/Tu-Was-Eva-Rosen-Die-Basis.png\" target=\"_blank\" rel=\"noopener\">plauderte<\/a>, w\u00e4hrend des Ostermarschs erneut zum Gespr\u00e4ch. Dort verdrehte der Sozialdemokrat die Tatsachen. Der Landtagskandidat der der sogenannten Linkspartei brachte erschreckend viel Verst\u00e4ndnis f\u00fcr das russische Vorgehen auf.<\/p>\n<p style=\"text-align: justify;\">Russland wolle doch nur ein <em>&#8222;Sicherheitsproblem l\u00f6sen&#8220;<\/em> und <em>&#8222;Menschen in der Ostukraine sch\u00fctzen&#8220;<\/em>, trug der Jurist die den Angriffskrieg rechtfertigenden L\u00fcgen des Putin-Regimes vor. Zudem munkelte Adler, dass es <em>&#8222;nachvollziehbare Gr\u00fcnde&#8220;<\/em> f\u00fcr den russischen Angriffskrieg geben k\u00f6nne. Es sei indes <em>&#8222;tragisch&#8220;<\/em>, so der eine Krokodils-Tr\u00e4ne herauspressende Politiker, <em>&#8222;dass auf diese Weise ganz viele unschuldige Menschen ihr Leben verlieren, nur damit die Beteiligten (sic!) besser verhandeln k\u00f6nnen&#8220;. Z<\/em>um Gespr\u00e4chsende wandte sich Adler nicht gegen Putin, aber gegen den ukrainischen Pr\u00e4sidenten. <em>&#8222;Obwohl Selenskyj immer wieder versucht, die NATO reinzuziehen, bisher ist ja Gott sei Dank der Widerstand noch stark genug&#8220;<\/em>, freute sich Adler \u00fcber das allgegenw\u00e4rtige Appeasement in Deutschland.<\/p>\n<p style=\"text-align: justify;\">Mit keinem Wort kritisierte der Anwalt das Putin-Regime. Stattdessen <a href=\"https:\/\/ferne-welten.com\/wp-content\/uploads\/2022\/04\/Adler-Ostermarsch-Putins-Apologet.mp4\" target=\"_blank\" rel=\"noopener\">blieb es bei Verharmlosungen<\/a>, die in Schuldumkehr gipfelten, wobei die ukrainische Regierung als Aggressor erschien. \u00c4hnliche Verbalinjurien sonderte der bereits erw\u00e4hnte ehemalige Bundeswehr-Major ab. Der Pfaff gab ebenfalls den Putin-Versteher. Es ginge <em>&#8222;darum, zu verstehen, dass die NATO, in den Augen von Putin, (\u2026) eine aggressive Angriffskonstitution&#8220;<\/em> sei, behauptete der deutsche Milit\u00e4r, bevor er gleichfalls der Ukraine die Schuld am russischen Angriffskrieg gab, in <a href=\"https:\/\/ferne-welten.com\/wp-content\/uploads\/2022\/04\/Ostermarsch-2022-Oldenburg-Florian-Pfaff.png\" target=\"_blank\" rel=\"noopener\">seinem Interview<\/a> f\u00fcr den Corona-Leugner.<\/p>\n<div id=\"attachment_3597\" style=\"width: 1210px\" class=\"wp-caption aligncenter\"><a href=\"https:\/\/ferne-welten.com\/wp-content\/uploads\/2022\/04\/Ostermarsch-2022-Oldenburg-Herman-Jack-Corona-Leugner.png\"><img loading=\"lazy\" decoding=\"async\" aria-describedby=\"caption-attachment-3597\" class=\"size-full wp-image-3597\" src=\"https:\/\/ferne-welten.com\/wp-content\/uploads\/2022\/04\/Ostermarsch-2022-Oldenburg-Herman-Jack-Corona-Leugner.png\" alt=\"\" width=\"1200\" height=\"919\" srcset=\"https:\/\/ferne-welten.com\/wp-content\/uploads\/2022\/04\/Ostermarsch-2022-Oldenburg-Herman-Jack-Corona-Leugner.png 1200w, https:\/\/ferne-welten.com\/wp-content\/uploads\/2022\/04\/Ostermarsch-2022-Oldenburg-Herman-Jack-Corona-Leugner-300x230.png 300w, https:\/\/ferne-welten.com\/wp-content\/uploads\/2022\/04\/Ostermarsch-2022-Oldenburg-Herman-Jack-Corona-Leugner-1024x784.png 1024w, https:\/\/ferne-welten.com\/wp-content\/uploads\/2022\/04\/Ostermarsch-2022-Oldenburg-Herman-Jack-Corona-Leugner-768x588.png 768w, https:\/\/ferne-welten.com\/wp-content\/uploads\/2022\/04\/Ostermarsch-2022-Oldenburg-Herman-Jack-Corona-Leugner-940x720.png 940w, https:\/\/ferne-welten.com\/wp-content\/uploads\/2022\/04\/Ostermarsch-2022-Oldenburg-Herman-Jack-Corona-Leugner-522x400.png 522w\" sizes=\"auto, (max-width: 1200px) 100vw, 1200px\" \/><\/a><p id=\"caption-attachment-3597\" class=\"wp-caption-text\">Vorschw\u00f6rungsproduzent Hermann Jack zwischen Teilnehmenden<\/p><\/div>\n<h5><\/h5>\n<h5>Widerspruch Und Intervention<\/h5>\n<p style=\"text-align: justify;\">Manche Teilnehmenden waren, so hei\u00dft es im gewohnt freundlichen Werbetext der Lokalzeitung, mit diesen Verdrehungen nicht einverstanden. Das zeigte sich <a href=\"https:\/\/anonym.to\/?https:\/\/www.nwzonline.de\/plus-oldenburg-stadt\/oldenburg-ostermarsch-280-menschen-demonstrieren-fuer-frieden_a_51,7,133810499.html\" target=\"_blank\" rel=\"noopener\">laut<\/a> Nordwest-Zeitung (NWZ) am ausbleibenden Beifall. Eine deutliche Positionierung gab es zudem durch Anwesende, die mit ukrainischen Fahnen am Ostermarsch teilnahmen. Offensichtlich gingen die Ausf\u00e4lle des Ex-Mayors sogar manchen Organisierenden zu weit.<\/p>\n<p style=\"text-align: justify;\">F\u00fcr das selbsternannte <em>&#8222;Oldenburger Friedensb\u00fcndnis&#8220;<\/em> distanzierte sich Ulrich Glade direkt nach den Ausf\u00e4llen: <em>&#8222;Das war jetzt die Meinung von Herrn Pfaff. Das hei\u00dft nicht, dass das Friedensb\u00fcndnis die gleiche Meinung hat. Das Gegenteil ist sicher der Fall&#8220;<\/em>, behauptete der Sprecher, wof\u00fcr es lauteren Beifall gab. <em>&#8222;Niedertr\u00e4chtig wie immer benehmen sich die Preu\u00dfen&#8220;<\/em>, <a href=\"https:\/\/aktionzaungast.wordpress.com\/2022\/01\/23\/niedertrachtig-wie-immer\/\" target=\"_blank\" rel=\"noopener\">schrieb<\/a> Friedrich Engels im Februar 1863 an Karl Marx. Angesichts der Zust\u00e4nde in Oldenburg, scheint dieses Urteil auch auf die portr\u00e4tierten Akteure aus der norddeutschen Provinz zuzutreffen.<\/p>\n<p style=\"text-align: justify;\">Dass der Aufruf seines <em>&#8222;B\u00fcndnisses&#8220;<\/em> zuvor \u00e4hnliche Inhalte wie der geladene Milit\u00e4r brachte, benannte der f\u00fcr die Organisierenden sprechende Ulrich Glade vor Ort jedenfalls nicht. Von ihrem Dokumentarfilmer hat sich weder das <em>&#8222;B\u00fcndnis&#8220;<\/em> noch die sogenannte Linkspartei distanziert. Stattdessen erneuerte sich die Kooperation zwischen dem Corona-Leugner und seinem Genossen, der f\u00fcr die Linke in den Landtag einziehen m\u00f6chte. Auch in diesem Jahr blieben n\u00f6tige Proteste gegen diese Zusammenarbeit aus. Ob es in Zukunft die angebrachten Interventionen durch Menschen, die sich der Emanzipation verpflichtet f\u00fchlen, geben wird, bleibt ein weiteres Mal abzuwarten.<\/p>\n<div id=\"attachment_3583\" style=\"width: 1210px\" class=\"wp-caption aligncenter\"><a href=\"https:\/\/ferne-welten.com\/wp-content\/uploads\/2022\/04\/Ostermarsch-2022-Oldenburg-Buendnis-Redner-Glade-Linke.png\"><img loading=\"lazy\" decoding=\"async\" aria-describedby=\"caption-attachment-3583\" class=\"size-full wp-image-3583\" src=\"https:\/\/ferne-welten.com\/wp-content\/uploads\/2022\/04\/Ostermarsch-2022-Oldenburg-Buendnis-Redner-Glade-Linke.png\" alt=\"\" width=\"1200\" height=\"756\" srcset=\"https:\/\/ferne-welten.com\/wp-content\/uploads\/2022\/04\/Ostermarsch-2022-Oldenburg-Buendnis-Redner-Glade-Linke.png 1200w, https:\/\/ferne-welten.com\/wp-content\/uploads\/2022\/04\/Ostermarsch-2022-Oldenburg-Buendnis-Redner-Glade-Linke-300x189.png 300w, https:\/\/ferne-welten.com\/wp-content\/uploads\/2022\/04\/Ostermarsch-2022-Oldenburg-Buendnis-Redner-Glade-Linke-1024x645.png 1024w, https:\/\/ferne-welten.com\/wp-content\/uploads\/2022\/04\/Ostermarsch-2022-Oldenburg-Buendnis-Redner-Glade-Linke-768x484.png 768w, https:\/\/ferne-welten.com\/wp-content\/uploads\/2022\/04\/Ostermarsch-2022-Oldenburg-Buendnis-Redner-Glade-Linke-940x592.png 940w, https:\/\/ferne-welten.com\/wp-content\/uploads\/2022\/04\/Ostermarsch-2022-Oldenburg-Buendnis-Redner-Glade-Linke-635x400.png 635w\" sizes=\"auto, (max-width: 1200px) 100vw, 1200px\" \/><\/a><p id=\"caption-attachment-3583\" class=\"wp-caption-text\">Abwiegeln eines Biedermanns: Ulrich Glade (Die Linke) distanziert sich f\u00fcr das &#8222;B\u00fcndnis&#8220; vom Redner<\/p><\/div>\n<a class=\"synved-social-button synved-social-button-share synved-social-size-32 synved-social-resolution-single synved-social-provider-facebook nolightbox\" data-provider=\"facebook\" target=\"_blank\" rel=\"nofollow\" title=\"Auf Facebook teilen\" href=\"https:\/\/www.facebook.com\/sharer.php?u=https%3A%2F%2Fferne-welten.com%2Findex.php%3Frest_route%3D%252Fwp%252Fv2%252Fposts%252F3562&#038;t=Putins-Apologeten%20und%20der%20Corona-Leugner&#038;s=100&#038;p&#091;url&#093;=https%3A%2F%2Fferne-welten.com%2Findex.php%3Frest_route%3D%252Fwp%252Fv2%252Fposts%252F3562&#038;p&#091;images&#093;&#091;0&#093;=https%3A%2F%2Fferne-welten.com%2Fwp-content%2Fuploads%2F2022%2F04%2FOstermarsch-2022-Oldenburg-Teilnehmende.png&#038;p&#091;title&#093;=Putins-Apologeten%20und%20der%20Corona-Leugner\" style=\"font-size: 0px;width:32px;height:32px;margin:0;margin-bottom:5px;margin-right:5px\"><img loading=\"lazy\" decoding=\"async\" alt=\"Facebook\" title=\"Auf Facebook teilen\" class=\"synved-share-image synved-social-image synved-social-image-share\" width=\"32\" height=\"32\" style=\"display: inline;width:32px;height:32px;margin: 0;padding: 0;border: none;box-shadow: none\" src=\"https:\/\/ferne-welten.com\/wp-content\/plugins\/social-media-feather\/synved-social\/addons\/extra-icons\/image\/social\/circle\/64x64\/facebook.png\" \/><\/a><a class=\"synved-social-button synved-social-button-share synved-social-size-32 synved-social-resolution-single synved-social-provider-twitter nolightbox\" data-provider=\"twitter\" target=\"_blank\" rel=\"nofollow\" title=\"Auf Twitter teilen\" href=\"https:\/\/twitter.com\/intent\/tweet?url=https%3A%2F%2Fferne-welten.com%2Findex.php%3Frest_route%3D%252Fwp%252Fv2%252Fposts%252F3562&#038;text=Hey%20check%20this%20out\" style=\"font-size: 0px;width:32px;height:32px;margin:0;margin-bottom:5px;margin-right:5px\"><img loading=\"lazy\" decoding=\"async\" alt=\"twitter\" title=\"Auf Twitter teilen\" class=\"synved-share-image synved-social-image synved-social-image-share\" width=\"32\" height=\"32\" style=\"display: inline;width:32px;height:32px;margin: 0;padding: 0;border: none;box-shadow: none\" src=\"https:\/\/ferne-welten.com\/wp-content\/plugins\/social-media-feather\/synved-social\/addons\/extra-icons\/image\/social\/circle\/64x64\/twitter.png\" \/><\/a><a class=\"synved-social-button synved-social-button-share synved-social-size-32 synved-social-resolution-single synved-social-provider-reddit nolightbox\" data-provider=\"reddit\" target=\"_blank\" rel=\"nofollow\" title=\"Auf Reddit teilen\" href=\"https:\/\/www.reddit.com\/submit?url=https%3A%2F%2Fferne-welten.com%2Findex.php%3Frest_route%3D%252Fwp%252Fv2%252Fposts%252F3562&#038;title=Putins-Apologeten%20und%20der%20Corona-Leugner\" style=\"font-size: 0px;width:32px;height:32px;margin:0;margin-bottom:5px;margin-right:5px\"><img loading=\"lazy\" decoding=\"async\" alt=\"reddit\" title=\"Auf Reddit teilen\" class=\"synved-share-image synved-social-image synved-social-image-share\" width=\"32\" height=\"32\" style=\"display: inline;width:32px;height:32px;margin: 0;padding: 0;border: none;box-shadow: none\" src=\"https:\/\/ferne-welten.com\/wp-content\/plugins\/social-media-feather\/synved-social\/addons\/extra-icons\/image\/social\/circle\/64x64\/reddit.png\" \/><\/a><a class=\"synved-social-button synved-social-button-share synved-social-size-32 synved-social-resolution-single synved-social-provider-pinterest nolightbox\" data-provider=\"pinterest\" target=\"_blank\" rel=\"nofollow\" title=\"Auf Pinterest pinnen\" href=\"https:\/\/pinterest.com\/pin\/create\/button\/?url=https%3A%2F%2Fferne-welten.com%2Findex.php%3Frest_route%3D%252Fwp%252Fv2%252Fposts%252F3562&#038;media=https%3A%2F%2Fferne-welten.com%2Fwp-content%2Fuploads%2F2022%2F04%2FOstermarsch-2022-Oldenburg-Teilnehmende.png&#038;description=Putins-Apologeten%20und%20der%20Corona-Leugner\" style=\"font-size: 0px;width:32px;height:32px;margin:0;margin-bottom:5px;margin-right:5px\"><img loading=\"lazy\" decoding=\"async\" alt=\"pinterest\" title=\"Auf Pinterest pinnen\" class=\"synved-share-image synved-social-image synved-social-image-share\" width=\"32\" height=\"32\" style=\"display: inline;width:32px;height:32px;margin: 0;padding: 0;border: none;box-shadow: none\" src=\"https:\/\/ferne-welten.com\/wp-content\/plugins\/social-media-feather\/synved-social\/addons\/extra-icons\/image\/social\/circle\/64x64\/pinterest.png\" \/><\/a><a class=\"synved-social-button synved-social-button-share synved-social-size-32 synved-social-resolution-single synved-social-provider-linkedin nolightbox\" data-provider=\"linkedin\" target=\"_blank\" rel=\"nofollow\" title=\"Auf Linkedin teilen\" href=\"https:\/\/www.linkedin.com\/shareArticle?mini=true&#038;url=https%3A%2F%2Fferne-welten.com%2Findex.php%3Frest_route%3D%252Fwp%252Fv2%252Fposts%252F3562&#038;title=Putins-Apologeten%20und%20der%20Corona-Leugner\" style=\"font-size: 0px;width:32px;height:32px;margin:0;margin-bottom:5px;margin-right:5px\"><img loading=\"lazy\" decoding=\"async\" alt=\"linkedin\" title=\"Auf Linkedin teilen\" class=\"synved-share-image synved-social-image synved-social-image-share\" width=\"32\" height=\"32\" style=\"display: inline;width:32px;height:32px;margin: 0;padding: 0;border: none;box-shadow: none\" src=\"https:\/\/ferne-welten.com\/wp-content\/plugins\/social-media-feather\/synved-social\/addons\/extra-icons\/image\/social\/circle\/64x64\/linkedin.png\" \/><\/a><a class=\"synved-social-button synved-social-button-share synved-social-size-32 synved-social-resolution-single synved-social-provider-tumblr nolightbox\" data-provider=\"tumblr\" target=\"_blank\" rel=\"nofollow\" title=\"\u00dcber Tumblr teilen\" href=\"https:\/\/tumblr.com\/share?s=&#038;v=3&#038;t=Putins-Apologeten%20und%20der%20Corona-Leugner&#038;u=https%3A%2F%2Fferne-welten.com%2Findex.php%3Frest_route%3D%252Fwp%252Fv2%252Fposts%252F3562\" style=\"font-size: 0px;width:32px;height:32px;margin:0;margin-bottom:5px;margin-right:5px\"><img loading=\"lazy\" decoding=\"async\" alt=\"tumblr\" title=\"\u00dcber Tumblr teilen\" class=\"synved-share-image synved-social-image synved-social-image-share\" width=\"32\" height=\"32\" style=\"display: inline;width:32px;height:32px;margin: 0;padding: 0;border: none;box-shadow: none\" src=\"https:\/\/ferne-welten.com\/wp-content\/plugins\/social-media-feather\/synved-social\/addons\/extra-icons\/image\/social\/circle\/64x64\/tumblr.png\" \/><\/a><a class=\"synved-social-button synved-social-button-share synved-social-size-32 synved-social-resolution-single synved-social-provider-mail nolightbox\" data-provider=\"mail\" rel=\"nofollow\" title=\"Link per Mail weiterleiten\" href=\"mailto:?subject=Putins-Apologeten%20und%20der%20Corona-Leugner&#038;body=Hey%20check%20this%20out:%20https%3A%2F%2Fferne-welten.com%2Findex.php%3Frest_route%3D%252Fwp%252Fv2%252Fposts%252F3562\" style=\"font-size: 0px;width:32px;height:32px;margin:0;margin-bottom:5px\"><img loading=\"lazy\" decoding=\"async\" alt=\"mail\" title=\"Link per Mail weiterleiten\" class=\"synved-share-image synved-social-image synved-social-image-share\" width=\"32\" height=\"32\" style=\"display: inline;width:32px;height:32px;margin: 0;padding: 0;border: none;box-shadow: none\" src=\"https:\/\/ferne-welten.com\/wp-content\/plugins\/social-media-feather\/synved-social\/addons\/extra-icons\/image\/social\/circle\/64x64\/mail.png\" \/><\/a>","protected":false},"excerpt":{"rendered":"<p>Zum diesj\u00e4hrigen &#8222;Ostermarsch&#8220; versammelten sich etwa 280 Personen in Oldenburg. Der Aufruf des hiesigen &#8222;Friedensb\u00fcndnisses&#8220;, das in der Vergangenheit unter anderem eine die antisemitische BDS-Strukturen verharmlosende Veranstaltung \u00fcber den angeblichen Einfluss von &#8222;Antideutschen&#8220; organisierte, bagatellisierte den russischen Angriffskrieg. In Verkehrung&#8230;<br \/><a class=\"read-more-button\" href=\"https:\/\/ferne-welten.com\/?p=3562\">Read more<\/a><\/p>\n","protected":false},"author":1,"featured_media":0,"comment_status":"open","ping_status":"open","sticky":false,"template":"","format":"standard","meta":{"footnotes":""},"categories":[88,359,79],"tags":[303,107,643,927,954,995,268,1036,934,1056,318,1007,1001,287,1055,274,93,319,757,1059,759,96,1058,1057,1053,298,165,1052],"class_list":["post-3562","post","type-post","status-publish","format-standard","hentry","category-dorfkritik","category-eiskaltland","category-mythen","tag-anti-amerikanismus","tag-antisemitismus","tag-bundeswehr","tag-corona","tag-corona-leugnung","tag-die-basis","tag-die-linke","tag-die-linke-oldenburg-ammerland","tag-extinction-rebellion","tag-florian-pfaff","tag-friedensbuendnis","tag-hans-henning-adler","tag-hermann-jack","tag-israel","tag-letzte-generation","tag-muslim-markt","tag-oldenburg","tag-ostermarsch","tag-putin","tag-rap","tag-rt-deutsch","tag-russland","tag-sonja-manderbach","tag-tu-was","tag-ukraine","tag-usa","tag-verschwoerungsideologie","tag-verschwoerungsindustrie"],"_links":{"self":[{"href":"https:\/\/ferne-welten.com\/index.php?rest_route=\/wp\/v2\/posts\/3562","targetHints":{"allow":["GET"]}}],"collection":[{"href":"https:\/\/ferne-welten.com\/index.php?rest_route=\/wp\/v2\/posts"}],"about":[{"href":"https:\/\/ferne-welten.com\/index.php?rest_route=\/wp\/v2\/types\/post"}],"author":[{"embeddable":true,"href":"https:\/\/ferne-welten.com\/index.php?rest_route=\/wp\/v2\/users\/1"}],"replies":[{"embeddable":true,"href":"https:\/\/ferne-welten.com\/index.php?rest_route=%2Fwp%2Fv2%2Fcomments&post=3562"}],"version-history":[{"count":24,"href":"https:\/\/ferne-welten.com\/index.php?rest_route=\/wp\/v2\/posts\/3562\/revisions"}],"predecessor-version":[{"id":3605,"href":"https:\/\/ferne-welten.com\/index.php?rest_route=\/wp\/v2\/posts\/3562\/revisions\/3605"}],"wp:attachment":[{"href":"https:\/\/ferne-welten.com\/index.php?rest_route=%2Fwp%2Fv2%2Fmedia&parent=3562"}],"wp:term":[{"taxonomy":"category","embeddable":true,"href":"https:\/\/ferne-welten.com\/index.php?rest_route=%2Fwp%2Fv2%2Fcategories&post=3562"},{"taxonomy":"post_tag","embeddable":true,"href":"https:\/\/ferne-welten.com\/index.php?rest_route=%2Fwp%2Fv2%2Ftags&post=3562"}],"curies":[{"name":"wp","href":"https:\/\/api.w.org\/{rel}","templated":true}]}}