{"id":3711,"date":"2022-11-02T10:23:43","date_gmt":"2022-11-02T09:23:43","guid":{"rendered":"https:\/\/ferne-welten.com\/?p=3711"},"modified":"2024-03-06T23:17:55","modified_gmt":"2024-03-06T22:17:55","slug":"brandstiftungen-eines-kreisverbands","status":"publish","type":"post","link":"https:\/\/ferne-welten.com\/?p=3711","title":{"rendered":"Auftreten eines Kreisverbands"},"content":{"rendered":"<p style=\"text-align: justify;\">Der nieders\u00e4chsische Landtagswahlkampf brachte die zu erwartenden Resultate. So konnten sich Sozialdemokratie und Gr\u00fcne \u00fcber den Wahlsieg freuen, w\u00e4hrend die <em>&#8222;AfD&#8220;<\/em> im rechten Fl\u00e4chenland mit einem Ergebnis von 10,9 Prozent mehr als einen Achtungserfolg errang. Offenbar honorierten deutsche W\u00e4hlende den verschw\u00f6rungsideologisch aufgeladenen Nationalismus der v\u00f6lkischen Vereinigung, von der sie sich eine ganz besondere Kompetenz bei der Entfaltung einer rassistischen Staatspraxis erhoffen. Als Hoffnungstr\u00e4ger der Hassenden h\u00e4ngten diese Hetzenden inhaltlich \u00e4hnlich auftretende Konkurrenz ab.<\/p>\n<h4><strong>Achtungserfolg f\u00fcr Corona-Leugnende<\/strong><\/h4>\n<p style=\"text-align: justify;\">Mit einem Anteil von nur 0,1 Prozent aller Stimmen blieb zum Beispiel die rechtskonservative <em>&#8222;Deutsche Zentrumspartei&#8220;<\/em>, der es um <em>&#8222;christliche Grunds\u00e4tze f\u00fcr Staat und Gesellschaft&#8220;<\/em> geht, weit hinter der <em>&#8222;Alternative&#8220;<\/em> zur\u00fcck. Ein im Vergleich besseres Ergebnis, das in strategisch planenden Kreisen der <em>&#8222;AfD&#8220;<\/em> f\u00fcr gr\u00f6\u00dfere Besorgnis sorgen d\u00fcrfte, erzielte eine weitere Gruppierung. Schlie\u00dflich entschieden sich 45.287 Personen in Niedersachsen, ihre Erststimme der verschw\u00f6rungsideologisch-antisemitischen Gruppierung <em>&#8222;Die Basis&#8220;<\/em> zu geben, was dem recht neuen Projekt aus dem Milieu der Corona-Leugnenden bei der nieders\u00e4chsischen Landtagswahl einen Stimmenanteil von 1,3 Prozent bescherte.<\/p>\n<p><a href=\"https:\/\/ferne-welten.com\/wp-content\/uploads\/2022\/10\/Die-Basis-OL-Weisse-Leerstelle.jpg\"><img loading=\"lazy\" decoding=\"async\" class=\"aligncenter size-full wp-image-3721\" src=\"https:\/\/ferne-welten.com\/wp-content\/uploads\/2022\/10\/Die-Basis-OL-Weisse-Leerstelle.jpg\" alt=\"\" width=\"1280\" height=\"735\" srcset=\"https:\/\/ferne-welten.com\/wp-content\/uploads\/2022\/10\/Die-Basis-OL-Weisse-Leerstelle.jpg 1280w, https:\/\/ferne-welten.com\/wp-content\/uploads\/2022\/10\/Die-Basis-OL-Weisse-Leerstelle-300x172.jpg 300w, https:\/\/ferne-welten.com\/wp-content\/uploads\/2022\/10\/Die-Basis-OL-Weisse-Leerstelle-1024x588.jpg 1024w, https:\/\/ferne-welten.com\/wp-content\/uploads\/2022\/10\/Die-Basis-OL-Weisse-Leerstelle-768x441.jpg 768w, https:\/\/ferne-welten.com\/wp-content\/uploads\/2022\/10\/Die-Basis-OL-Weisse-Leerstelle-940x540.jpg 940w, https:\/\/ferne-welten.com\/wp-content\/uploads\/2022\/10\/Die-Basis-OL-Weisse-Leerstelle-697x400.jpg 697w\" sizes=\"auto, (max-width: 1280px) 100vw, 1280px\" \/><\/a><\/p>\n<p style=\"text-align: justify;\">In einigen Regionen erzielte die Gruppierung, die von ma\u00dfgeblichen Akteuren aus dem Milieu von Verschw\u00f6rungsgl\u00e4ubigen gegr\u00fcndet wurde, sogar deutlich bessere Ergebnisse. So konnte sich <a href=\"https:\/\/ferne-welten.com\/?p=3073\" target=\"_blank\" rel=\"noopener\">der<\/a> <em>&#8222;Kreisverband Hunte-Weser-Ammerland&#8220;<\/em>, dessen Mitglieder zuvor \u00fcber die Hinrichtung nieders\u00e4chsischer Politiker <a href=\"https:\/\/ferne-welten.com\/?p=3073\" target=\"_blank\" rel=\"noopener\">debattierten<\/a>, \u00fcber ein besonders gutes Resultat in Oldenburg freuen. Im urbanen <a href=\"https:\/\/de.wikipedia.org\/wiki\/Landtagswahlkreis_Oldenburg-Mitte\/S%C3%BCd\" target=\"_blank\" rel=\"noopener\">Wahlkreis 62<\/a> w\u00e4hlten immerhin 1.257 Personen die Kandidatin der Verschw\u00f6rungspartei, was zum \u00f6rtlichen Endergebnis von 3,5 Prozent f\u00fchrte.<\/p>\n<p style=\"text-align: justify;\">In den Vorwochen h\u00e4ngten Mitglieder hunderte Plakate, wobei sich die Gruppierung ein betont b\u00fcrgerliches Image zulegte. Auf ihren Wahlplakaten forderte die <a href=\"https:\/\/aufabstand.noblogs.org\/partei-die-basis\/\" target=\"_blank\" rel=\"noopener\">Struktur<\/a> beispielsweise eine <em>&#8222;neue Basis&#8220;<\/em> f\u00fcr <em>&#8222;die Medien&#8220;<\/em> und <em>&#8222;das Gesundheitssystem&#8220;<\/em>. Weitere Werbung feierte das postnazistische Grundgesetz, w\u00e4hrend zus\u00e4tzliche Propaganda lediglich eine Leerstelle in Form einer wei\u00dfen Fl\u00e4che zeigte. Es ginge um ein zu schaffendes <em>&#8222;Miteinander statt&#8220;<\/em> der nicht n\u00e4her definierten <em>&#8222;Spaltung&#8220;<\/em>, erkl\u00e4rte die Partei mittels eines weiteren Werks. F\u00fcr welche Inhalte <em>&#8222;Die Basis&#8220;<\/em> tats\u00e4chlich steht, verrieten die analogen Werbema\u00dfnahmen der verschw\u00f6rungsideologischen Vereinigung kaum.<\/p>\n<p><a href=\"https:\/\/ferne-welten.com\/wp-content\/uploads\/2022\/10\/Die-Basis-OL-Wahlplakat-Spaltung.jpg\"><img loading=\"lazy\" decoding=\"async\" class=\"aligncenter size-full wp-image-3720\" src=\"https:\/\/ferne-welten.com\/wp-content\/uploads\/2022\/10\/Die-Basis-OL-Wahlplakat-Spaltung.jpg\" alt=\"\" width=\"1280\" height=\"409\" srcset=\"https:\/\/ferne-welten.com\/wp-content\/uploads\/2022\/10\/Die-Basis-OL-Wahlplakat-Spaltung.jpg 1280w, https:\/\/ferne-welten.com\/wp-content\/uploads\/2022\/10\/Die-Basis-OL-Wahlplakat-Spaltung-300x96.jpg 300w, https:\/\/ferne-welten.com\/wp-content\/uploads\/2022\/10\/Die-Basis-OL-Wahlplakat-Spaltung-1024x327.jpg 1024w, https:\/\/ferne-welten.com\/wp-content\/uploads\/2022\/10\/Die-Basis-OL-Wahlplakat-Spaltung-768x245.jpg 768w, https:\/\/ferne-welten.com\/wp-content\/uploads\/2022\/10\/Die-Basis-OL-Wahlplakat-Spaltung-940x300.jpg 940w, https:\/\/ferne-welten.com\/wp-content\/uploads\/2022\/10\/Die-Basis-OL-Wahlplakat-Spaltung-1200x383.jpg 1200w\" sizes=\"auto, (max-width: 1280px) 100vw, 1280px\" \/><\/a><\/p>\n<p style=\"text-align: justify;\">Deutlich deutsche Positionierungen verbreitete die Struktur stattdessen digital. Wochen vor der Landtagswahl richtete der Kreisverband schlie\u00dflich einen Twitter-Account ein, der in der folgenden Zeit reichlich bespielt wurde. \u00dcber den Kurznachrichtendienst, der den wenig genutzten Telegram-Kanal erg\u00e4nzte, stellte die Verschw\u00f6rungspartei nicht nur ihre Kandidierenden vor, sondern verbreitete auch Inhalte, die sich zum Beispiel im Grad der Menschenverachtung nicht von den L\u00fcgen der rechten Konkurrenz unterscheiden.<\/p>\n<h4><b>BRANDSTIFTUNG IM INTERNET<\/b><\/h4>\n<p style=\"text-align: justify;\">Mehrfach reproduzierte der Kreisverband auf Twitter das M\u00e4rchen von einem <em>&#8222;Gro\u00dfen Austausch&#8220;<\/em>. Dabei <a href=\"https:\/\/ferne-welten.com\/wp-content\/uploads\/2022\/10\/Die-Basis-Austausch-Luege.png\" target=\"_blank\" rel=\"noopener\">log<\/a> die Gruppierung, dass die <em>&#8222;Deutschen (&#8230;) durch Einwanderer aus dem Mittleren Osten und aus Afrika&#8220;<\/em> ersetzt werden sollten. Der <a href=\"https:\/\/taz.de\/Rechtsextreme-Verschwoerungserzaehlung\/!5853428\/\" target=\"_blank\" rel=\"noopener\">Mythos<\/a> von dem durch eine Konspiration vorangetriebenen <em>&#8222;Bev\u00f6lkerungsaustausch&#8220;<\/em> ist seit Jahrzehnten ein zentrales Thema der deutschen Rechten. Schon 1956 warnte der Nationalsozialist Giselher Wirsing in diesem Zusammenhang von einer <em>&#8222;Menschenlawine&#8220;<\/em>, welche die Existenz der deutschen Population gef\u00e4hrden w\u00fcrde.<\/p>\n<p style=\"text-align: justify;\">Dem angeblichen <em>&#8222;Austausch&#8220;<\/em>, den eine allm\u00e4chtige Konspiration mittels <em>&#8222;Plandemie&#8220;<\/em> umsetzt,\u00a0m\u00f6chte die Partei so wie alle Rechten vorbeugen. <em>&#8222;Die Basis&#8220;<\/em> fordert Abschiebungen, die sie zum Beispiel einem ehemaligen Mitglied der <em>&#8222;Gr\u00fcnen Jugend&#8220;<\/em> mit hasserf\u00fcllten S\u00e4tzen androht: <em>&#8222;Zur\u00fcck nach Afghanistan &#8211; aber flott&#8220;<\/em>, <a href=\"https:\/\/ferne-welten.com\/wp-content\/uploads\/2022\/10\/Die-Basis-OL-Rassismus-gegen-Ex-Gruene-Jugend.png\" target=\"_blank\" rel=\"noopener\">twitterte<\/a> der Kreisverband der Verschw\u00f6rungspartei \u00fcber einem <a href=\"https:\/\/dpa-factchecking.com\/germany\/210920-99-286346\/\" target=\"_blank\" rel=\"noopener\">manipulativen Sharepic<\/a>, welches in rechten Kreisen seit mehreren Jahren zur Erregung des Hasses im Einsatz ist. Dass mit solchem Inhalt, den <em>&#8222;Die Basis&#8220;<\/em> verbreitet, meist entsprechende Vernichtungsphantasien einhergehen, beweist der Kreisverband mit weiteren Ver\u00f6ffentlichungen.<\/p>\n<p style=\"text-align: justify;\">Kurz nach der Landtagswahl publizierten die Corona-Leugnenden aus Oldenburg und Umgebung zum Beispiel eine Grafik, die eine Karikatur darstellen soll. Der Anblick einer weinenden Frau, deren blutende H\u00e4nde von einem grinsenden Germanen auf der Stra\u00dfe festgenagelt wurden, begeisterte die Verantwortlichen offenbar so sehr, dass sie das Machwerk in Form <a href=\"https:\/\/ferne-welten.com\/wp-content\/uploads\/2022\/11\/Die-Basis-OL-Vernichtungsphantasien-Letzte-Generation-1.png\" target=\"_blank\" rel=\"noopener\">eines Tweets<\/a> verbreiteten. Auch in diesem Fall l\u00e4sst sich ein Versehen ausschlie\u00dfen. Eine \u00e4hnlich misogyne Darstellung, deren Inhalt aus der sexistischen Beleidigung einer sogenannten Polizeihostess besteht, <a href=\"https:\/\/ferne-welten.com\/wp-content\/uploads\/2022\/11\/Die-Basis-OL-Sexismus.png\" target=\"_blank\" rel=\"noopener\">publizierte<\/a> die Partei \u00a0bereits einen Tag nach der Wahl.<\/p>\n<h4><strong>Werbung f\u00fcr Nazis<\/strong><\/h4>\n<p style=\"text-align: justify;\">Wenig sp\u00e4ter <a href=\"https:\/\/ferne-welten.com\/wp-content\/uploads\/2022\/10\/Die-Basis-OL-Great-Reset-Antikommunismus-Verschwoerungswahn.png\" target=\"_blank\" rel=\"noopener\">bezog<\/a> sich der <em>&#8222;Kreisverband Hunte-Weser-Ammerland&#8220;<\/em> ganz offen auf die strafrechtlich relevante Propaganda eines NS-Kaders. In einem Tweet verlinkt <em>&#8222;Die Basis&#8220;<\/em> auf Ausf\u00fchrungen, die den nationalsozialistischen Vernichtungskrieg umdeuten und die den Holocaust leugnen. In Wirklichkeit, so die wahrscheinlich den Tatbestand der Volksverhetzung erf\u00fcllende Darstellung des Nationalsozialisten, ginge es seit mehr als einhundert Jahren um eine <em>&#8222;Vernichtung&#8220;<\/em> des <em>&#8222;deutschen Volkes&#8220;<\/em>, wobei der anonyme Verantwortliche einige Namen von Juden nennt, weil er aus seinem zur Notwehrhandlung geadelten Antisemitismus kein Geheimnis macht.<\/p>\n<p style=\"text-align: justify;\">Dass der hiesige Kreisverband der <em>&#8222;Basis&#8220;<\/em> die nationalsozialistische Propaganda eines\u00a0 antisemitischen Hetzers bewirbt, ist kein Zufall. So retweetete der \u00f6rtliche Ableger der Verschw\u00f6rungsgl\u00e4ubigen vielfach die Propaganda von rechten Populisten. Videos des britischen Anti-Europ\u00e4ers Nigel Farage <a href=\"https:\/\/ferne-welten.com\/wp-content\/uploads\/2022\/11\/Die-Basis-OL-Nigel-Farage.png\" target=\"_blank\" rel=\"noopener\">teilte<\/a> die Struktur etwa in Form mehrerer Tweets. Einen von Rassismus strotzenden Beitrag des FP\u00d6-Kaders Harald Vilimsky, dessen postnazistisches Projekt immer wieder mit Darstellungen von sinistren Migrierenden mit langer Hakennase hetzte, <a href=\"https:\/\/ferne-welten.com\/wp-content\/uploads\/2022\/11\/Die-Basis-OL-FPOe-Rassismus.png\" target=\"_blank\" rel=\"noopener\">retweetete<\/a> die Verschw\u00f6rungsstruktur derweil.<\/p>\n<p style=\"text-align: justify;\">Vielfach <a href=\"https:\/\/ferne-welten.com\/wp-content\/uploads\/2022\/11\/Die-Basis-AfD-Rassismus.png\" target=\"_blank\" rel=\"noopener\">reproduzierte<\/a> der Kreisverband inhaltlich <a href=\"https:\/\/ferne-welten.com\/wp-content\/uploads\/2022\/11\/Die-Basis-AfD-Rassismus.png\" target=\"_blank\" rel=\"noopener\">\u00e4hnliche<\/a> Wortmeldungen aus den Reihen der <em>&#8222;AfD&#8220;<\/em>. Einen Beitrag aus dem <em>&#8222;Compact&#8220;<\/em>-Magazin, das der antisemitische Brandstifter J\u00fcrgen Els\u00e4sser verantwortet, <a href=\"https:\/\/ferne-welten.com\/wp-content\/uploads\/2022\/11\/Die-Basis-OL-Compact.png\" target=\"_blank\" rel=\"noopener\">verbreitete<\/a> die Struktur zwischendurch. Wortmeldungen eines Verschw\u00f6rungstexters, der die Twitter-Sperrung des Putschisten Donald Trump mit der Ermordung des Pr\u00e4sidenten John F. Kennedys gleichsetzte, bewarb die Partei ebenso wie die aktualisierten Erz\u00e4hlungen von weiteren Profiteuren aus der deutschen Verschw\u00f6rungsindustrie, die signifikante Stichwortgebende des grassierenden Wahns sind.<\/p>\n<h4><strong>BASIS f\u00fcr Zuk\u00fcnftiges<\/strong><\/h4>\n<p style=\"text-align: justify;\">Der derzeitig grassierende Irrationalismus nutzt die Corona-Pandemie und den Krisen-Kapitalismus, um Interessierten einen Einstieg zu erm\u00f6glichen. Fortgeschrittene erlernen klassische Codes und Chiffren, die dem verschw\u00f6rerischen Raunen eigen sind. Wortf\u00fchrende m\u00fcssen die angeblich Verantwortlichen der <em>&#8222;Plandemie&#8220;<\/em> nicht zwangsl\u00e4ufig identifizieren. Weil ihr Antisemitismus auch immer das Ger\u00fccht \u00fcber J\u00fcdinnen und Juden ist, k\u00f6nnen sie es bei entsprechenden Andeutungen belassen.<\/p>\n<p style=\"text-align: justify;\">So wie die Vorsprechenden des Antisemitismus <a href=\"https:\/\/www.amadeu-antonio-stiftung.de\/neue-publikation-nwo-zog-und-globalisten-deconstructantisemitism-75071\/\" target=\"_blank\" rel=\"noopener\">raunt<\/a> der Kreisverband von einer angeblichen Elite aus <em>&#8222;Globalisten&#8220;<\/em>, <a href=\"https:\/\/www.br.de\/kultur\/antisemitismus-dog-whistle-hans-georg-maassen-100.html\" target=\"_blank\" rel=\"noopener\">was<\/a> unbestritten ein <em>&#8222;antisemitischer Topos&#8220;<\/em> ist. Damit spricht die \u00f6rtliche Dependance der <em>&#8222;Basis&#8220;<\/em> die an eine Weltverschw\u00f6rung glaubenden Verhetzten an, w\u00e4hrend er die breite Masse wohl weiterhin mit auf den ersten Blick harmlos erscheinenden Werbeparolen auf Wahlplakaten bedient. Ob diese Kombination weitere Stimmengewinne bei kommenden Wahlen bringen wird, ist noch nicht gewiss.<\/p>\n<p style=\"text-align: justify;\">Sicher ist aber, dass die Online-Inhalte im Wahlkampf weder von lokalen Publikationen noch von verbliebenen antifaschistischen Strukturen oder gar von b\u00fcrgerlich-demokratischen Parteien kritisiert wurden. Stattdessen blieben angebrachte Intervention in Oldenburg gr\u00f6\u00dftenteils aus, w\u00e4hrend die \u00f6rtliche Presse ihre verharmlosende Berichterstattung fortsetzte und die \u00f6rtliche <em>&#8222;Volkshochschule&#8220;<\/em> eine <em>&#8222;Die Basis&#8220;<\/em>-Kandidatin zum Plaudern <a href=\"https:\/\/ferne-welten.com\/wp-content\/uploads\/2022\/11\/Die-Basis-OL-VHS.png\" target=\"_blank\" rel=\"noopener\">einlud<\/a>. Vielleicht trugen auch diese Umst\u00e4nde zum guten Abschneiden des antisemitisch-verschw\u00f6rungsideologischen Projekts in Oldenburg bei.<\/p>\n<p><a href=\"https:\/\/ferne-welten.com\/wp-content\/uploads\/2022\/10\/Die-Basis-Ol-Wahlplakat-Gerissen.jpg\"><img loading=\"lazy\" decoding=\"async\" class=\"aligncenter size-full wp-image-3722\" src=\"https:\/\/ferne-welten.com\/wp-content\/uploads\/2022\/10\/Die-Basis-Ol-Wahlplakat-Gerissen.jpg\" alt=\"\" width=\"1280\" height=\"553\" srcset=\"https:\/\/ferne-welten.com\/wp-content\/uploads\/2022\/10\/Die-Basis-Ol-Wahlplakat-Gerissen.jpg 1280w, https:\/\/ferne-welten.com\/wp-content\/uploads\/2022\/10\/Die-Basis-Ol-Wahlplakat-Gerissen-300x130.jpg 300w, https:\/\/ferne-welten.com\/wp-content\/uploads\/2022\/10\/Die-Basis-Ol-Wahlplakat-Gerissen-1024x442.jpg 1024w, https:\/\/ferne-welten.com\/wp-content\/uploads\/2022\/10\/Die-Basis-Ol-Wahlplakat-Gerissen-768x332.jpg 768w, https:\/\/ferne-welten.com\/wp-content\/uploads\/2022\/10\/Die-Basis-Ol-Wahlplakat-Gerissen-940x406.jpg 940w, https:\/\/ferne-welten.com\/wp-content\/uploads\/2022\/10\/Die-Basis-Ol-Wahlplakat-Gerissen-926x400.jpg 926w\" sizes=\"auto, (max-width: 1280px) 100vw, 1280px\" \/><\/a><\/p>\n<a class=\"synved-social-button synved-social-button-share synved-social-size-32 synved-social-resolution-single synved-social-provider-facebook nolightbox\" data-provider=\"facebook\" target=\"_blank\" rel=\"nofollow\" title=\"Auf Facebook teilen\" href=\"https:\/\/www.facebook.com\/sharer.php?u=https%3A%2F%2Fferne-welten.com%2Findex.php%3Frest_route%3D%252Fwp%252Fv2%252Fposts%252F3711&#038;t=Auftreten%20eines%20Kreisverbands&#038;s=100&#038;p&#091;url&#093;=https%3A%2F%2Fferne-welten.com%2Findex.php%3Frest_route%3D%252Fwp%252Fv2%252Fposts%252F3711&#038;p&#091;images&#093;&#091;0&#093;=https%3A%2F%2Fferne-welten.com%2Fwp-content%2Fuploads%2F2022%2F10%2FDie-Basis-OL-Weisse-Leerstelle.jpg&#038;p&#091;title&#093;=Auftreten%20eines%20Kreisverbands\" style=\"font-size: 0px;width:32px;height:32px;margin:0;margin-bottom:5px;margin-right:5px\"><img loading=\"lazy\" decoding=\"async\" alt=\"Facebook\" title=\"Auf Facebook teilen\" class=\"synved-share-image synved-social-image synved-social-image-share\" width=\"32\" height=\"32\" style=\"display: inline;width:32px;height:32px;margin: 0;padding: 0;border: none;box-shadow: none\" src=\"https:\/\/ferne-welten.com\/wp-content\/plugins\/social-media-feather\/synved-social\/addons\/extra-icons\/image\/social\/circle\/64x64\/facebook.png\" \/><\/a><a class=\"synved-social-button synved-social-button-share synved-social-size-32 synved-social-resolution-single synved-social-provider-twitter nolightbox\" data-provider=\"twitter\" target=\"_blank\" rel=\"nofollow\" title=\"Auf Twitter teilen\" href=\"https:\/\/twitter.com\/intent\/tweet?url=https%3A%2F%2Fferne-welten.com%2Findex.php%3Frest_route%3D%252Fwp%252Fv2%252Fposts%252F3711&#038;text=Hey%20check%20this%20out\" style=\"font-size: 0px;width:32px;height:32px;margin:0;margin-bottom:5px;margin-right:5px\"><img loading=\"lazy\" decoding=\"async\" alt=\"twitter\" title=\"Auf Twitter teilen\" class=\"synved-share-image synved-social-image synved-social-image-share\" width=\"32\" height=\"32\" style=\"display: inline;width:32px;height:32px;margin: 0;padding: 0;border: none;box-shadow: none\" src=\"https:\/\/ferne-welten.com\/wp-content\/plugins\/social-media-feather\/synved-social\/addons\/extra-icons\/image\/social\/circle\/64x64\/twitter.png\" \/><\/a><a class=\"synved-social-button synved-social-button-share synved-social-size-32 synved-social-resolution-single synved-social-provider-reddit nolightbox\" data-provider=\"reddit\" target=\"_blank\" rel=\"nofollow\" title=\"Auf Reddit teilen\" href=\"https:\/\/www.reddit.com\/submit?url=https%3A%2F%2Fferne-welten.com%2Findex.php%3Frest_route%3D%252Fwp%252Fv2%252Fposts%252F3711&#038;title=Auftreten%20eines%20Kreisverbands\" style=\"font-size: 0px;width:32px;height:32px;margin:0;margin-bottom:5px;margin-right:5px\"><img loading=\"lazy\" decoding=\"async\" alt=\"reddit\" title=\"Auf Reddit teilen\" class=\"synved-share-image synved-social-image synved-social-image-share\" width=\"32\" height=\"32\" style=\"display: inline;width:32px;height:32px;margin: 0;padding: 0;border: none;box-shadow: none\" src=\"https:\/\/ferne-welten.com\/wp-content\/plugins\/social-media-feather\/synved-social\/addons\/extra-icons\/image\/social\/circle\/64x64\/reddit.png\" \/><\/a><a class=\"synved-social-button synved-social-button-share synved-social-size-32 synved-social-resolution-single synved-social-provider-pinterest nolightbox\" data-provider=\"pinterest\" target=\"_blank\" rel=\"nofollow\" title=\"Auf Pinterest pinnen\" href=\"https:\/\/pinterest.com\/pin\/create\/button\/?url=https%3A%2F%2Fferne-welten.com%2Findex.php%3Frest_route%3D%252Fwp%252Fv2%252Fposts%252F3711&#038;media=https%3A%2F%2Fferne-welten.com%2Fwp-content%2Fuploads%2F2022%2F10%2FDie-Basis-OL-Weisse-Leerstelle.jpg&#038;description=Auftreten%20eines%20Kreisverbands\" style=\"font-size: 0px;width:32px;height:32px;margin:0;margin-bottom:5px;margin-right:5px\"><img loading=\"lazy\" decoding=\"async\" alt=\"pinterest\" title=\"Auf Pinterest pinnen\" class=\"synved-share-image synved-social-image synved-social-image-share\" width=\"32\" height=\"32\" style=\"display: inline;width:32px;height:32px;margin: 0;padding: 0;border: none;box-shadow: none\" src=\"https:\/\/ferne-welten.com\/wp-content\/plugins\/social-media-feather\/synved-social\/addons\/extra-icons\/image\/social\/circle\/64x64\/pinterest.png\" \/><\/a><a class=\"synved-social-button synved-social-button-share synved-social-size-32 synved-social-resolution-single synved-social-provider-linkedin nolightbox\" data-provider=\"linkedin\" target=\"_blank\" rel=\"nofollow\" title=\"Auf Linkedin teilen\" href=\"https:\/\/www.linkedin.com\/shareArticle?mini=true&#038;url=https%3A%2F%2Fferne-welten.com%2Findex.php%3Frest_route%3D%252Fwp%252Fv2%252Fposts%252F3711&#038;title=Auftreten%20eines%20Kreisverbands\" style=\"font-size: 0px;width:32px;height:32px;margin:0;margin-bottom:5px;margin-right:5px\"><img loading=\"lazy\" decoding=\"async\" alt=\"linkedin\" title=\"Auf Linkedin teilen\" class=\"synved-share-image synved-social-image synved-social-image-share\" width=\"32\" height=\"32\" style=\"display: inline;width:32px;height:32px;margin: 0;padding: 0;border: none;box-shadow: none\" src=\"https:\/\/ferne-welten.com\/wp-content\/plugins\/social-media-feather\/synved-social\/addons\/extra-icons\/image\/social\/circle\/64x64\/linkedin.png\" \/><\/a><a class=\"synved-social-button synved-social-button-share synved-social-size-32 synved-social-resolution-single synved-social-provider-tumblr nolightbox\" data-provider=\"tumblr\" target=\"_blank\" rel=\"nofollow\" title=\"\u00dcber Tumblr teilen\" href=\"https:\/\/tumblr.com\/share?s=&#038;v=3&#038;t=Auftreten%20eines%20Kreisverbands&#038;u=https%3A%2F%2Fferne-welten.com%2Findex.php%3Frest_route%3D%252Fwp%252Fv2%252Fposts%252F3711\" style=\"font-size: 0px;width:32px;height:32px;margin:0;margin-bottom:5px;margin-right:5px\"><img loading=\"lazy\" decoding=\"async\" alt=\"tumblr\" title=\"\u00dcber Tumblr teilen\" class=\"synved-share-image synved-social-image synved-social-image-share\" width=\"32\" height=\"32\" style=\"display: inline;width:32px;height:32px;margin: 0;padding: 0;border: none;box-shadow: none\" src=\"https:\/\/ferne-welten.com\/wp-content\/plugins\/social-media-feather\/synved-social\/addons\/extra-icons\/image\/social\/circle\/64x64\/tumblr.png\" \/><\/a><a class=\"synved-social-button synved-social-button-share synved-social-size-32 synved-social-resolution-single synved-social-provider-mail nolightbox\" data-provider=\"mail\" rel=\"nofollow\" title=\"Link per Mail weiterleiten\" href=\"mailto:?subject=Auftreten%20eines%20Kreisverbands&#038;body=Hey%20check%20this%20out:%20https%3A%2F%2Fferne-welten.com%2Findex.php%3Frest_route%3D%252Fwp%252Fv2%252Fposts%252F3711\" style=\"font-size: 0px;width:32px;height:32px;margin:0;margin-bottom:5px\"><img loading=\"lazy\" decoding=\"async\" alt=\"mail\" title=\"Link per Mail weiterleiten\" class=\"synved-share-image synved-social-image synved-social-image-share\" width=\"32\" height=\"32\" style=\"display: inline;width:32px;height:32px;margin: 0;padding: 0;border: none;box-shadow: none\" src=\"https:\/\/ferne-welten.com\/wp-content\/plugins\/social-media-feather\/synved-social\/addons\/extra-icons\/image\/social\/circle\/64x64\/mail.png\" \/><\/a>","protected":false},"excerpt":{"rendered":"<p>Der nieders\u00e4chsische Landtagswahlkampf brachte die zu erwartenden Resultate. So konnten sich Sozialdemokratie und Gr\u00fcne \u00fcber den Wahlsieg freuen, w\u00e4hrend die &#8222;AfD&#8220; im rechten Fl\u00e4chenland mit einem Ergebnis von 10,9 Prozent mehr als einen Achtungserfolg errang. Offenbar honorierten deutsche W\u00e4hlende den&#8230;<br \/><a class=\"read-more-button\" href=\"https:\/\/ferne-welten.com\/?p=3711\">Read more<\/a><\/p>\n","protected":false},"author":1,"featured_media":0,"comment_status":"open","ping_status":"open","sticky":false,"template":"","format":"standard","meta":{"footnotes":""},"categories":[88,359,79],"tags":[118,107,83,995,1071,1072,425,410,899,93,285,165,1051,77,1070],"class_list":["post-3711","post","type-post","status-publish","format-standard","hentry","category-dorfkritik","category-eiskaltland","category-mythen","tag-afd","tag-antisemitismus","tag-compact","tag-die-basis","tag-elaesser","tag-fpoe","tag-gruene","tag-nazis","tag-niedersachsen","tag-oldenburg","tag-spd","tag-verschwoerungsideologie","tag-verschwoerungspropaganda","tag-verschwoerungswahn","tag-zentrum"],"_links":{"self":[{"href":"https:\/\/ferne-welten.com\/index.php?rest_route=\/wp\/v2\/posts\/3711","targetHints":{"allow":["GET"]}}],"collection":[{"href":"https:\/\/ferne-welten.com\/index.php?rest_route=\/wp\/v2\/posts"}],"about":[{"href":"https:\/\/ferne-welten.com\/index.php?rest_route=\/wp\/v2\/types\/post"}],"author":[{"embeddable":true,"href":"https:\/\/ferne-welten.com\/index.php?rest_route=\/wp\/v2\/users\/1"}],"replies":[{"embeddable":true,"href":"https:\/\/ferne-welten.com\/index.php?rest_route=%2Fwp%2Fv2%2Fcomments&post=3711"}],"version-history":[{"count":16,"href":"https:\/\/ferne-welten.com\/index.php?rest_route=\/wp\/v2\/posts\/3711\/revisions"}],"predecessor-version":[{"id":3822,"href":"https:\/\/ferne-welten.com\/index.php?rest_route=\/wp\/v2\/posts\/3711\/revisions\/3822"}],"wp:attachment":[{"href":"https:\/\/ferne-welten.com\/index.php?rest_route=%2Fwp%2Fv2%2Fmedia&parent=3711"}],"wp:term":[{"taxonomy":"category","embeddable":true,"href":"https:\/\/ferne-welten.com\/index.php?rest_route=%2Fwp%2Fv2%2Fcategories&post=3711"},{"taxonomy":"post_tag","embeddable":true,"href":"https:\/\/ferne-welten.com\/index.php?rest_route=%2Fwp%2Fv2%2Ftags&post=3711"}],"curies":[{"name":"wp","href":"https:\/\/api.w.org\/{rel}","templated":true}]}}