{"id":3754,"date":"2023-02-01T02:28:48","date_gmt":"2023-02-01T01:28:48","guid":{"rendered":"https:\/\/ferne-welten.com\/?p=3754"},"modified":"2023-02-02T12:14:18","modified_gmt":"2023-02-02T11:14:18","slug":"spaltung-einer-abspaltung","status":"publish","type":"post","link":"https:\/\/ferne-welten.com\/?p=3754","title":{"rendered":"Spaltung einer Abspaltung"},"content":{"rendered":"<p style=\"text-align: justify;\">Als sich die recht junge <em>\u201eKommunistische Organisation\u201c<\/em> (KO) zum Jahresende zerstritt, entstanden zwei Organisationen gleichen Namens, die sich als rechtm\u00e4\u00dfige Nachfolge des vorherigen Vereins begreifen. So folgte die K-Gruppe, die ihrerseits als Abspaltung der <em>\u201eSozialistischen Deutschen Arbeiter Jugend\u201c<\/em> (SDAJ) und der <em>\u201eDeutschen Kommunistischen Partei\u201c<\/em> (<a href=\"https:\/\/ferne-welten.com\/?p=3559\" target=\"_blank\" rel=\"noopener\">DKP<\/a>) entstand, \u00e4hnlichen Auseinandersetzungen auf internationaler Ebene. Schlie\u00dflich balgten sich stalinistische Strukturen, als sich ein Teil um die <em>\u201eKommunistische Partei der Russischen F\u00f6deration\u201c<\/em> (KPRF) f\u00fcr das Putin-Regime und dessen Angriffskrieg aussprach, w\u00e4hrend ein anderer Pol um die <em>\u201eKommunistische Partei Griechenland\u201c<\/em> (KKE) einen imperialistischen Konflikt zwischen Russland und den USA in der Ukraine ausgemacht haben wollte.<\/p>\n<h4 style=\"text-align: justify;\">Debatte um Despoten<\/h4>\n<p style=\"text-align: justify;\">Der russische Angriffskrieg sorgte nicht nur zwischen mehr oder weniger bedeutenden Linksparteien f\u00fcr Streit. So kam es innerhalb der <em>\u201eKommunistischen Organisation\u201c<\/em>, die f\u00fcr die erhoffte <em>\u201eParteigr\u00fcndung\u201c<\/em> einen <em>\u201eKl\u00e4rungsprozess\u201c<\/em> als <em>\u201eHauptwaffe\u201c<\/em>\u00a0 einsetzt, zu <em>\u201eSpannungen\u201c<\/em>. Innerhalb des Leitungsgremiums entwickelte sich eine <em>\u201eregelrechte Krise\u201c<\/em>, in der sich zwei Fraktionen &#8211; zun\u00e4chst noch intern &#8211; mit dem Revisionismus-Vorwurf bek\u00e4mpften. Es ginge um nicht mehr oder weniger als um das <em>\u201eEindringen b\u00fcrgerlicher Ideologie in die Weltanschauung des Proletariats\u201c<\/em>, <a href=\"https:\/\/anonym.to\/?https:\/\/kommunistische.org\/programmatische-thesen\/richtigstellung-zur-veroeffentlichung-die-ko-wurde-gespalten-wer-behaelt-den-namen\/\" target=\"_blank\" rel=\"noopener\">klagte<\/a> eine Gruppe von <em>\u201eMarxisten-Leninisten\u201c<\/em> \u00fcber das Verhalten ihrer <em>\u201erevisionistischen F\u00fchrer\u201c<\/em>, die der <em>\u201eZersetzung\u201c<\/em> bezichtigt wurden.<\/p>\n<p style=\"text-align: justify;\">Die angesprochenen Anf\u00fchrer reagierten \u00f6ffentlich. Sie verk\u00fcndeten eine gleichlautende Anklage, kaperten zudem die Internetseite der Vereinigung und drohten Ausschlussverfahren an. Die Wortf\u00fchrenden der feindlichen Fraktion h\u00e4tten die <em>\u201eZersetzung auf ein noch h\u00f6heres Level getrieben\u201c<\/em>. Tats\u00e4chlich hatte sich die <em>\u201eKommunistische Organisation\u201c<\/em> unter ihrer F\u00fchrung und in den vorherigen Monaten noch weiter von idealistischen Imperialismus-Analysen eines Lenins entfernt. Vor der jetzigen <em>\u201eSchlammschlacht\u201c<\/em> propagierte die stalinistische Struktur stattdessen das putinistische Konstrukt einer <em>\u201eunipolaren Weltordnung\u201c<\/em>, wobei der Hauptfeind &#8211; in anti-amerikanischer Tradition &#8211; klar markiert wurde.<\/p>\n<p style=\"text-align: justify;\">Wer sich durch Ausf\u00fchrungen der <em>\u201eKommunistischen Organisation\u201c<\/em> aus dem Vorjahr qu\u00e4lt, kann wie manches Mitglied auf den Gedanken kommen, dass <em>\u201edie USA und das imperialistische Weltsystem in eins fallen\u201c<\/em>. Ob au\u00dfer den Vereinigten Staaten, an dessen <em>\u201eSternenbanner\u201c<\/em> tats\u00e4chlich das Schicksal des Proletariats <a href=\"http:\/\/www.zeno.org\/Philosophie\/M\/Marx,+Karl\/An+Abraham+Lincoln,+Pr%C3%A4sident+der+Vereinigten+Staaten+von+Amerika\" target=\"_blank\" rel=\"noopener\">h\u00e4ngt<\/a>, noch <em>\u201eweitere imperialistische L\u00e4nder\u201c<\/em> wie beispielsweise die Bundesrepublik Deutschland existieren, beantworten diese Pamphlete nicht. Dass die <em>\u201enationalistischen Positionen\u201c<\/em> sowie ein dazugeh\u00f6riges Eintreten f\u00fcr die Klassenvers\u00f6hnung gegen den \u00e4u\u00dferen Feind f\u00fcr innerorganisatorische Kritik sorgten, konnte die Vereinigung lange Zeit dennoch als Interna behandeln.<\/p>\n<h4 style=\"text-align: justify;\">Beitrag eines Islamisten<\/h4>\n<p style=\"text-align: justify;\">Die den Aggressoren und seinen Krieg rechtfertigende Mehrheit der <em>\u201eZentralleitung\u201c<\/em> setzte sich im Vorjahr mit dem Mittel der <em>\u201eKampfabstimmung\u201c<\/em> durch, was zu \u00f6ffentlichen Stellungnahmen der Gesamtorganisation f\u00fchrte, in der es um eine Parteinahme f\u00fcr Putin und eine Solidarisierung mit dessen m\u00f6rderischer <em>&#8222;Spezialoperation&#8220;<\/em>\u00a0ging. Weitere Positionierungen reproduzierten plumpen Rassismus gegen Menschen, die vor den Attacken der russischen Armee und ihrer <a href=\"https:\/\/www.antifainfoblatt.de\/artikel\/ukraine-krieg-%E2%80%9Egro%C3%9Frussische-fantasien\" target=\"_blank\" rel=\"noopener\">Handlanger<\/a> flohen. Fl\u00fcchtlinge aus der Ukraine w\u00fcrden in Deutschland <em>\u201eregelrecht hofiert\u201c<\/em>, log die sich kommunistisch nennende <em>\u201e<\/em><em>Organisation\u201c.<\/em><\/p>\n<p style=\"text-align: justify;\">Unzufriedene Mitglieder der stalinistischen Struktur unterwarfen sich auch in diesem Falle den verh\u00e4ngnisvollen Mechanismen des <em>\u201edemokratischen Zentralismus\u201c<\/em> \u2013 und schwiegen zu solchen Positionierungen. Ende des Jahres kam es schlie\u00dflich zu den harschen Auseinandersetzungen, die nun in aller \u00d6ffentlichkeit ausgetragen wurden. Zu Recht beklagte die nur in diesem Punkt sympathischere Fraktion, wie zuvor <em>\u201erechte Positionen eingenommen\u201c<\/em> wurden. So wies der Fl\u00fcgel auf den Podcast der Gruppe hin, in dessen erster Episode ein Mitglied der sich auf die Kim-Dynastie beziehenden <em>\u201eKommunistischen Partei Deutschland\u201c<\/em> (KPD) <em>\u201enicht vom deutschen Imperialismus sprechen\u201c<\/em> wollte, weil es <em>\u201enur die USA und ihre Satelliten\u201c<\/em> geben w\u00fcrde.<\/p>\n<p style=\"text-align: justify;\">Ein weiterer Ausl\u00f6ser des Konflikts war die Ver\u00f6ffentlichung eines Beitrags, den der Islamfaschist <a href=\"https:\/\/de.wikipedia.org\/wiki\/Bernhard_Falk_(Islamist)\" target=\"_blank\" rel=\"noopener\">Bernhard Falk<\/a> (aka: Muntasir bi-llah), der wegen vierfachen versuchten Mordes und Sprengstoffverbrechen zu 13 Jahren Freiheitsstrafe verurteilt wurde, f\u00fcr die Gruppierung verfasste, nachdem er einem weiteren Podcast der Struktur lauschte. In seinem <em>\u201eDiskussionsbeitrag\u201c<\/em>, der von der Organisation mit einem wohlmeinenden Vorwort versehen wurde, reproduziert Falk zahlreiche Versatzst\u00fccke eines v\u00f6lkischen <em>\u201eAnti-Imperialismus\u201c<\/em>. Der Terror-Apologet rief in seinem Pamphlet zur <em>\u201eVerteidigung des jeweiligen Kulturkreises\u201c<\/em> (sic) auf, w\u00e4hrend er zugleich \u00fcber den <em>\u201eIndividualismus\u201c<\/em> (sic!) der <em>\u201e\u2018verwestlichten\u2018 Gesellschaft\u201c<\/em> (sic!) jammerte.<\/p>\n<h4 style=\"text-align: justify;\">Hetze gegen Israel<\/h4>\n<p style=\"text-align: justify;\">Falk fabulierte f\u00fcr die <em>\u201eKommunistische Organisation\u201c<\/em> von einer <em>\u201eSolidarit\u00e4t mit der Russischen F\u00f6deration und ihrem Pr\u00e4sidenten\u201c<\/em>. Er positionierte sich f\u00fcr Putin \u2013 und gegen Materialisten wie Marx. Derartige Personen w\u00fcrden, so das Urteil des salafistischen Apologeten, <em>\u201eallzu holzschnittartige Vorstellungen von der menschlichen Geschichte als der Geschichte von Klassenk\u00e4mpfen\u201c<\/em> besitzen. Zum Abschluss verstieg sich der deutsche Idealist, der als <a href=\"https:\/\/jungle.world\/artikel\/2014\/43\/gegen-und-amerika\" target=\"_blank\" rel=\"noopener\">Querfrontler<\/a> praktiziert, in eine:<\/p>\n<blockquote>\n<p style=\"text-align: justify;\"><em>\u201evorz\u00fcgliche Hochachtung gegen\u00fcber allen Menschen (\u2026), die in treuer Pflichterf\u00fcllung \u2013 Tag f\u00fcr Tag, von Stunde zu Stunde \u2013 der Russischen F\u00f6deration dienen\u201c.<\/em><\/p>\n<\/blockquote>\n<p style=\"text-align: justify;\">Die Ver\u00f6ffentlichung des Hetzbeitrags von Bernhard Falk, der mit dem vormaligen syrischen <a href=\"https:\/\/de.wikipedia.org\/wiki\/Al-Nusra-Front\" target=\"_blank\" rel=\"noopener\">Al-Qaida-Ableger<\/a> <em>\u201eDschabhat Fath asch-Scham\u201c<\/em> kollaboriert, war der sprichw\u00f6rtliche Tropfen, der das organisatorische Fass \u00fcberlaufen lie\u00df. Dass sich die Gruppierung zuvor mit der antisemitischen <em>\u201eBDS\u201c<\/em>&#8211;<a href=\"https:\/\/ferne-welten.com\/?p=1673\" target=\"_blank\" rel=\"noopener\">Kampagne<\/a> solidarisierte, erregte indes \u00fcber Jahre keine Kritik. Diese blieb schon 2018 aus, als ein KO-Mitglied \u00fcber eine <em>\u201enachhaltige Kampagne\u201c<\/em> f\u00fcr Israel fabulierte, f\u00fcr die es <em>\u201ezwei gesellschaftliche Tr\u00e4ger\u201c<\/em> identifizierte. Akteur der angeblichen Konspiration sei einerseits <em>\u201edie so genannte Neue Rechte\u201c<\/em>, anderseits w\u00fcrde <em>\u201edie so genannte antinationale Bewegung\u201c<\/em> eine <em>\u201egeistige Mobilmachung\u201c<\/em> (sic!) f\u00fcr Israel betreiben.<\/p>\n<p style=\"text-align: justify;\">Solche verschw\u00f6rungsideologischen Ausf\u00e4lle, die nur eines von vielen Beispielen f\u00fcr die vollkommene Abstinenz materialistischer Gesellschaftskritik in dem linksdeutschen Zirkel ist, war f\u00fcr die Fraktion, welche zum Jahresende versp\u00e4tet die Publikation des Bernhard Falk thematisierte, kein Anlass zur Spaltung. In den langen Erkl\u00e4rungen der Streitenden findet sich \u00fcberhaupt keine Selbstkritik, die den Israelhass der vorherigen Jahre reflektiert. Dass die <em>&#8222;Kommunistische Organisation&#8220;<\/em> in vielen Wortmeldungen zahlreiche Topoi des postnazistischen Antisemitismus reproduzierte, indem sie mit Tiraden zum <em>\u201ekolonialistischen Charakter des Zionismus\u201c<\/em> <a href=\"https:\/\/www.ca-ira.net\/verein\/positionen-und-texte\/isf-kommunismus-israel\/\" target=\"_blank\" rel=\"noopener\">den<\/a> <em>\u201eVersuch der Juden, den Kommunismus lebend zu erreichen\u201c<\/em> denunzierte, erw\u00e4hnen die Spaltungsschriften also nicht.<\/p>\n<h4 style=\"text-align: justify;\">Weiter im Wahn<\/h4>\n<p style=\"text-align: justify;\">Die Aufarbeitung des israelbezogenen Antisemitismus blieb von Seiten beider Fraktionen aus. Stattdessen folgte hektischer Aktionismus in Form von mobilisierenden Pamphleten f\u00fcr parallel stattfindende Kongresse, in denen sich die Kontrahierenden als eigenst\u00e4ndige Vereine konstituierten. Nun machen zwei namensgleiche Organisationen, deren Internetseiten optisch und inhaltlich kaum zu unterscheiden sind, der gro\u00dfen Idee der kommunistischen Assoziation keine Ehre. Aus einer K-Gruppe, die sich nach Mitgliedsangaben <em>\u201ewie eine Politsekte pr\u00e4sentiert\u201c<\/em>, wurden zwei Zirkel, die einen \u00e4hnlichen Eindruck machen.<\/p>\n<p style=\"text-align: justify;\">Wenn es nicht um die Parteinahme f\u00fcr Putin geht, betreiben beide Strukturen weiterhin eine inhaltsgleiche Politik. Als nach dem Jahreswechsel etwa zehntausend Menschen im Gedenken oder in der <a href=\"https:\/\/twitter.com\/rouxisme\/status\/1614931593038290945\" target=\"_blank\" rel=\"noopener\">Vereinnahmung<\/a> von Rosa Luxemburg und Karl Liebknecht in Berlin zusammenkamen, traten beide Fraktionen eigenst\u00e4ndig als <em>\u201eKommunistische Organisation\u201c<\/em> auf, wobei sich die Kontrahierenden auch bei ihrem analogen Auftritt inhaltlich, optisch und akustisch kaum unterschieden. <em>\u201eMali, Donbass, Gaza-Stadt \u2013 macht den Westen endlich platt\u201c<\/em>, <a href=\"https:\/\/www.jfda.de\/post\/macht-den-westen-endlich-platt-ll-demo-berlin\" target=\"_blank\" rel=\"noopener\">skandierte<\/a> der putinistische Fl\u00fcgel zur Abgrenzung.<\/p>\n<p style=\"text-align: justify;\"><a href=\"https:\/\/ferne-welten.com\/wp-content\/uploads\/2023\/01\/Mali-Donbass-Gaza-Stadt-Westen-Platt-LLL23-Kommunistische-Organisation.jpg\"><img loading=\"lazy\" decoding=\"async\" class=\"wp-image-3760 alignnone\" src=\"https:\/\/ferne-welten.com\/wp-content\/uploads\/2023\/01\/Mali-Donbass-Gaza-Stadt-Westen-Platt-LLL23-Kommunistische-Organisation.jpg\" alt=\"\" width=\"850\" height=\"505\" srcset=\"https:\/\/ferne-welten.com\/wp-content\/uploads\/2023\/01\/Mali-Donbass-Gaza-Stadt-Westen-Platt-LLL23-Kommunistische-Organisation.jpg 650w, https:\/\/ferne-welten.com\/wp-content\/uploads\/2023\/01\/Mali-Donbass-Gaza-Stadt-Westen-Platt-LLL23-Kommunistische-Organisation-300x178.jpg 300w\" sizes=\"auto, (max-width: 850px) 100vw, 850px\" \/><\/a><\/p>\n<p style=\"text-align: justify;\">Die <em>\u201eMarxisten-Leninisten\u201c<\/em> erkl\u00e4rten zeitlich, dass sie sich in Marxomagie versuchen wollen. Mit ihrem Flugblatt wurde verk\u00fcndet, dass die echte <em>&#8222;Organisation&#8220;<\/em> an einer Rezeptur arbeiten w\u00fcrde, welche den <em>\u201eKampf um den Sozialismus in allen kapitalistischen L\u00e4ndern auf die Tagesordnung\u201c<\/em> setzen soll. Bis es soweit ist, bleibt es bei der altbekannten Hetze gegen Israel, wobei es um dessen Abschaffung geht. In einer weiteren Erkl\u00e4rung, die im Januar erschien, tr\u00e4umten sie erneut von einem <em>\u201ePal\u00e4stina\u201c<\/em>, das\u00a0 <em>\u201evom Jordan bis zum Mittelmeer\u201c<\/em> reichen soll.<\/p>\n<p style=\"text-align: justify;\">W\u00e4hrenddessen begeistert sich die andere <em>\u201eKommunistische Organisation\u201c<\/em> ebenfalls f\u00fcr den m\u00f6rderischen Terror antisemitischer Banden, die aus Gaza-Stadt operieren. Der Versuch, m\u00f6glichst viele J\u00fcdinnen zu ermorden, macht diese Fortf\u00fchrung zum Teil eines\u00a0 <em>\u201eWiderstands\u201c<\/em>, den angebliche <em>\u201eV\u00f6lker gegen\u201c<\/em> die gleichfalls imaginierte <em>\u201ewestliche Vorherrschaft\u201c<\/em> f\u00fchren. Es ist nicht davon auszugehen, dass derartige Positionierungen weiteren Streit zwischen den Spaltprodukten erzeugen, weil der Hass auf Israel weiterhin ein gemeinsamer Nenner der fortan getrennt auftretenden Fraktionen bleibt.<\/p>\n<h4 style=\"text-align: justify;\">Komisch wirkende Bedrohungen<\/h4>\n<p style=\"text-align: justify;\">Beide Gruppen, die den Namen<em> \u201eKommunistische Organisation\u201c<\/em> usurpieren, machen mit einem guten Label eine denkbar schlechte Politik. Menschen, die an der <em>\u201ewirklichen Bewegung\u201c<\/em> zur Aufhebung der kapitalistischen Produktionsweise interessiert sind, sollten solchen Sekten, die sich mit Marx dem deutsch-reaktion\u00e4ren Sozialismus zuordnen lassen, mit den richtigen Mitteln begegnen. <a href=\"https:\/\/www.marxists.org\/deutsch\/archiv\/marx-engels\/1848\/manifest\/3-sozkomm.htm\" target=\"_blank\" rel=\"noopener\">Aufgrund<\/a> ihrer vollkommenen <em>\u201eUnf\u00e4higkeit, den Gang der Geschichte zu begreifen\u201c<\/em> sind derartige K-Gruppen zwar <em>\u201estets komisch wirkend<\/em>\u201c, mit ihrem Antisemitismus und Anti-Amerikanismus aber auch eine reale Gefahr, die passender Antworten bedarf.<\/p>\n<a class=\"synved-social-button synved-social-button-share synved-social-size-32 synved-social-resolution-single synved-social-provider-facebook nolightbox\" data-provider=\"facebook\" target=\"_blank\" rel=\"nofollow\" title=\"Auf Facebook teilen\" href=\"https:\/\/www.facebook.com\/sharer.php?u=https%3A%2F%2Fferne-welten.com%2Findex.php%3Frest_route%3D%252Fwp%252Fv2%252Fposts%252F3754&#038;t=Spaltung%20einer%20Abspaltung&#038;s=100&#038;p&#091;url&#093;=https%3A%2F%2Fferne-welten.com%2Findex.php%3Frest_route%3D%252Fwp%252Fv2%252Fposts%252F3754&#038;p&#091;images&#093;&#091;0&#093;=https%3A%2F%2Fferne-welten.com%2Fwp-content%2Fuploads%2F2023%2F01%2FMali-Donbass-Gaza-Stadt-Westen-Platt-LLL23-Kommunistische-Organisation.jpg&#038;p&#091;title&#093;=Spaltung%20einer%20Abspaltung\" style=\"font-size: 0px;width:32px;height:32px;margin:0;margin-bottom:5px;margin-right:5px\"><img loading=\"lazy\" decoding=\"async\" alt=\"Facebook\" title=\"Auf Facebook teilen\" class=\"synved-share-image synved-social-image synved-social-image-share\" width=\"32\" height=\"32\" style=\"display: inline;width:32px;height:32px;margin: 0;padding: 0;border: none;box-shadow: none\" src=\"https:\/\/ferne-welten.com\/wp-content\/plugins\/social-media-feather\/synved-social\/addons\/extra-icons\/image\/social\/circle\/64x64\/facebook.png\" \/><\/a><a class=\"synved-social-button synved-social-button-share synved-social-size-32 synved-social-resolution-single synved-social-provider-twitter nolightbox\" data-provider=\"twitter\" target=\"_blank\" rel=\"nofollow\" title=\"Auf Twitter teilen\" href=\"https:\/\/twitter.com\/intent\/tweet?url=https%3A%2F%2Fferne-welten.com%2Findex.php%3Frest_route%3D%252Fwp%252Fv2%252Fposts%252F3754&#038;text=Hey%20check%20this%20out\" style=\"font-size: 0px;width:32px;height:32px;margin:0;margin-bottom:5px;margin-right:5px\"><img loading=\"lazy\" decoding=\"async\" alt=\"twitter\" title=\"Auf Twitter teilen\" class=\"synved-share-image synved-social-image synved-social-image-share\" width=\"32\" height=\"32\" style=\"display: inline;width:32px;height:32px;margin: 0;padding: 0;border: none;box-shadow: none\" src=\"https:\/\/ferne-welten.com\/wp-content\/plugins\/social-media-feather\/synved-social\/addons\/extra-icons\/image\/social\/circle\/64x64\/twitter.png\" \/><\/a><a class=\"synved-social-button synved-social-button-share synved-social-size-32 synved-social-resolution-single synved-social-provider-reddit nolightbox\" data-provider=\"reddit\" target=\"_blank\" rel=\"nofollow\" title=\"Auf Reddit teilen\" href=\"https:\/\/www.reddit.com\/submit?url=https%3A%2F%2Fferne-welten.com%2Findex.php%3Frest_route%3D%252Fwp%252Fv2%252Fposts%252F3754&#038;title=Spaltung%20einer%20Abspaltung\" style=\"font-size: 0px;width:32px;height:32px;margin:0;margin-bottom:5px;margin-right:5px\"><img loading=\"lazy\" decoding=\"async\" alt=\"reddit\" title=\"Auf Reddit teilen\" class=\"synved-share-image synved-social-image synved-social-image-share\" width=\"32\" height=\"32\" style=\"display: inline;width:32px;height:32px;margin: 0;padding: 0;border: none;box-shadow: none\" src=\"https:\/\/ferne-welten.com\/wp-content\/plugins\/social-media-feather\/synved-social\/addons\/extra-icons\/image\/social\/circle\/64x64\/reddit.png\" \/><\/a><a class=\"synved-social-button synved-social-button-share synved-social-size-32 synved-social-resolution-single synved-social-provider-pinterest nolightbox\" data-provider=\"pinterest\" target=\"_blank\" rel=\"nofollow\" title=\"Auf Pinterest pinnen\" href=\"https:\/\/pinterest.com\/pin\/create\/button\/?url=https%3A%2F%2Fferne-welten.com%2Findex.php%3Frest_route%3D%252Fwp%252Fv2%252Fposts%252F3754&#038;media=https%3A%2F%2Fferne-welten.com%2Fwp-content%2Fuploads%2F2023%2F01%2FMali-Donbass-Gaza-Stadt-Westen-Platt-LLL23-Kommunistische-Organisation.jpg&#038;description=Spaltung%20einer%20Abspaltung\" style=\"font-size: 0px;width:32px;height:32px;margin:0;margin-bottom:5px;margin-right:5px\"><img loading=\"lazy\" decoding=\"async\" alt=\"pinterest\" title=\"Auf Pinterest pinnen\" class=\"synved-share-image synved-social-image synved-social-image-share\" width=\"32\" height=\"32\" style=\"display: inline;width:32px;height:32px;margin: 0;padding: 0;border: none;box-shadow: none\" src=\"https:\/\/ferne-welten.com\/wp-content\/plugins\/social-media-feather\/synved-social\/addons\/extra-icons\/image\/social\/circle\/64x64\/pinterest.png\" \/><\/a><a class=\"synved-social-button synved-social-button-share synved-social-size-32 synved-social-resolution-single synved-social-provider-linkedin nolightbox\" data-provider=\"linkedin\" target=\"_blank\" rel=\"nofollow\" title=\"Auf Linkedin teilen\" href=\"https:\/\/www.linkedin.com\/shareArticle?mini=true&#038;url=https%3A%2F%2Fferne-welten.com%2Findex.php%3Frest_route%3D%252Fwp%252Fv2%252Fposts%252F3754&#038;title=Spaltung%20einer%20Abspaltung\" style=\"font-size: 0px;width:32px;height:32px;margin:0;margin-bottom:5px;margin-right:5px\"><img loading=\"lazy\" decoding=\"async\" alt=\"linkedin\" title=\"Auf Linkedin teilen\" class=\"synved-share-image synved-social-image synved-social-image-share\" width=\"32\" height=\"32\" style=\"display: inline;width:32px;height:32px;margin: 0;padding: 0;border: none;box-shadow: none\" src=\"https:\/\/ferne-welten.com\/wp-content\/plugins\/social-media-feather\/synved-social\/addons\/extra-icons\/image\/social\/circle\/64x64\/linkedin.png\" \/><\/a><a class=\"synved-social-button synved-social-button-share synved-social-size-32 synved-social-resolution-single synved-social-provider-tumblr nolightbox\" data-provider=\"tumblr\" target=\"_blank\" rel=\"nofollow\" title=\"\u00dcber Tumblr teilen\" href=\"https:\/\/tumblr.com\/share?s=&#038;v=3&#038;t=Spaltung%20einer%20Abspaltung&#038;u=https%3A%2F%2Fferne-welten.com%2Findex.php%3Frest_route%3D%252Fwp%252Fv2%252Fposts%252F3754\" style=\"font-size: 0px;width:32px;height:32px;margin:0;margin-bottom:5px;margin-right:5px\"><img loading=\"lazy\" decoding=\"async\" alt=\"tumblr\" title=\"\u00dcber Tumblr teilen\" class=\"synved-share-image synved-social-image synved-social-image-share\" width=\"32\" height=\"32\" style=\"display: inline;width:32px;height:32px;margin: 0;padding: 0;border: none;box-shadow: none\" src=\"https:\/\/ferne-welten.com\/wp-content\/plugins\/social-media-feather\/synved-social\/addons\/extra-icons\/image\/social\/circle\/64x64\/tumblr.png\" \/><\/a><a class=\"synved-social-button synved-social-button-share synved-social-size-32 synved-social-resolution-single synved-social-provider-mail nolightbox\" data-provider=\"mail\" rel=\"nofollow\" title=\"Link per Mail weiterleiten\" href=\"mailto:?subject=Spaltung%20einer%20Abspaltung&#038;body=Hey%20check%20this%20out:%20https%3A%2F%2Fferne-welten.com%2Findex.php%3Frest_route%3D%252Fwp%252Fv2%252Fposts%252F3754\" style=\"font-size: 0px;width:32px;height:32px;margin:0;margin-bottom:5px\"><img loading=\"lazy\" decoding=\"async\" alt=\"mail\" title=\"Link per Mail weiterleiten\" class=\"synved-share-image synved-social-image synved-social-image-share\" width=\"32\" height=\"32\" style=\"display: inline;width:32px;height:32px;margin: 0;padding: 0;border: none;box-shadow: none\" src=\"https:\/\/ferne-welten.com\/wp-content\/plugins\/social-media-feather\/synved-social\/addons\/extra-icons\/image\/social\/circle\/64x64\/mail.png\" \/><\/a>","protected":false},"excerpt":{"rendered":"<p>Als sich die recht junge \u201eKommunistische Organisation\u201c (KO) zum Jahresende zerstritt, entstanden zwei Organisationen gleichen Namens, die sich als rechtm\u00e4\u00dfige Nachfolge des vorherigen Vereins begreifen. So folgte die K-Gruppe, die ihrerseits als Abspaltung der \u201eSozialistischen Deutschen Arbeiter Jugend\u201c (SDAJ) und&#8230;<br \/><a class=\"read-more-button\" href=\"https:\/\/ferne-welten.com\/?p=3754\">Read more<\/a><\/p>\n","protected":false},"author":1,"featured_media":0,"comment_status":"open","ping_status":"open","sticky":false,"template":"","format":"standard","meta":{"footnotes":""},"categories":[359,79],"tags":[303,585,107,286,292,879,287,855,1077,889,1076,311,1078,775,757,551,96,1079,353,1053],"class_list":["post-3754","post","type-post","status-publish","format-standard","hentry","category-eiskaltland","category-mythen","tag-anti-amerikanismus","tag-anti-imperialismus","tag-antisemitismus","tag-bds","tag-dkp","tag-islamfaschismus","tag-israel","tag-k-gruppen","tag-ko","tag-kommunismus","tag-kommunistische-organisation","tag-kpd-ost","tag-kprf","tag-marx","tag-putin","tag-rassismus","tag-russland","tag-salafismus","tag-stalinismus","tag-ukraine"],"_links":{"self":[{"href":"https:\/\/ferne-welten.com\/index.php?rest_route=\/wp\/v2\/posts\/3754","targetHints":{"allow":["GET"]}}],"collection":[{"href":"https:\/\/ferne-welten.com\/index.php?rest_route=\/wp\/v2\/posts"}],"about":[{"href":"https:\/\/ferne-welten.com\/index.php?rest_route=\/wp\/v2\/types\/post"}],"author":[{"embeddable":true,"href":"https:\/\/ferne-welten.com\/index.php?rest_route=\/wp\/v2\/users\/1"}],"replies":[{"embeddable":true,"href":"https:\/\/ferne-welten.com\/index.php?rest_route=%2Fwp%2Fv2%2Fcomments&post=3754"}],"version-history":[{"count":14,"href":"https:\/\/ferne-welten.com\/index.php?rest_route=\/wp\/v2\/posts\/3754\/revisions"}],"predecessor-version":[{"id":3789,"href":"https:\/\/ferne-welten.com\/index.php?rest_route=\/wp\/v2\/posts\/3754\/revisions\/3789"}],"wp:attachment":[{"href":"https:\/\/ferne-welten.com\/index.php?rest_route=%2Fwp%2Fv2%2Fmedia&parent=3754"}],"wp:term":[{"taxonomy":"category","embeddable":true,"href":"https:\/\/ferne-welten.com\/index.php?rest_route=%2Fwp%2Fv2%2Fcategories&post=3754"},{"taxonomy":"post_tag","embeddable":true,"href":"https:\/\/ferne-welten.com\/index.php?rest_route=%2Fwp%2Fv2%2Ftags&post=3754"}],"curies":[{"name":"wp","href":"https:\/\/api.w.org\/{rel}","templated":true}]}}