{"id":418,"date":"2016-11-01T01:42:11","date_gmt":"2016-11-01T00:42:11","guid":{"rendered":"http:\/\/ferne-welten.com\/?p=418"},"modified":"2016-11-03T22:14:34","modified_gmt":"2016-11-03T21:14:34","slug":"gegen-die-usa-fuer-russland-zur-ideologie-eines-kreisverbandes","status":"publish","type":"post","link":"https:\/\/ferne-welten.com\/?p=418","title":{"rendered":"Gegen die USA &#8211; f\u00fcr Russland. Zur Ideologie eines Kreisverbandes"},"content":{"rendered":"<p style=\"text-align: justify;\">Der hiesige Kreisverband der Linkspartei betreibt nicht nur eine Internetseite, sondern nutzt auch eine Facebook-Pr\u00e4senz. Auf den Seiten der Linken aus Oldenburg erscheinen Kommentare, durch die die Partei eine gewisse Politik betreibt. Dort verbreitet sie verschw\u00f6rungsideologische Inhalte. Dabei bewirbt\u00a0der Kreisverband sogar eine Internetseite, die nationalsozialistische T\u00e4ter entlastet.<\/p>\n<p style=\"text-align: justify;\">Mausklicks gen\u00fcgen,\u00a0um auf antisemitische und nationalsozialistische Propaganda zu sto\u00dfen. W\u00e4hrend der letzten sechs Monate wurden mehr als einhundert Beitr\u00e4ge auf den Internetseiten der Partei publiziert.\u00a0In diesen\u00a0Wortmeldungen\u00a0offenbart sich oftmals Anti-Amerikanismus, der nicht selten mit einer Parteinahme f\u00fcr den russischen Staat einhergeht.<\/p>\n<p style=\"text-align: justify;\"><!--more--><\/p>\n<p style=\"text-align: justify;\"><strong>Politiker\u00a0des Kreisverbandes<\/strong><\/p>\n<p style=\"text-align: justify;\">Anhand der Verweise auf Politiker der Linkspartei wird deutlich, wie sich die Gliederung in innerparteilichen Machtk\u00e4mpfen positioniert. Im vergangenen halben Jahr wurde alleine auf der Facebook-Seite 16 Mal auf <a href=\"http:\/\/ferne-welten.com\/wp-content\/uploads\/2016\/10\/Linkspartei-OL-Lafontaine-TAZ.jpg\" target=\"_blank\">Beitr\u00e4ge<\/a>\u00a0von Oskar Lafontaine verwiesen. So verbreitete die Partei einen Facebook-Beitrag des ehemaligen SPD-Finanzministers, indem die\u00a0Bundeskanzlerin als <em>\u201egetreue Vasallin der USA\u201c<\/em> <a href=\"http:\/\/ferne-welten.com\/wp-content\/uploads\/2016\/10\/Linkspartei-OL-Lafontaine.jpg\" target=\"_blank\">bezeichnet<\/a>\u00a0wird.<\/p>\n<p style=\"text-align: justify;\">Die Inhalte von Sahra Wagenknecht, die \u00e4hnliche ideologische Einsch\u00e4tzungen verbreitet, werden ebenfalls vielfach geteilt, Die <a href=\"http:\/\/bak-shalom.de\/index.php\/2015\/09\/19\/mit-rechtspopulisten-gegen-europa\/\" target=\"_blank\">populistische<\/a>\u00a0Ikone wird unter anderem per Online-Petition <a href=\"http:\/\/ferne-welten.com\/wp-content\/uploads\/2016\/10\/Linkspartei-OL-Sahra-Soli.jpg\" target=\"_blank\">unterst\u00fctzt<\/a>, auf die die Partei im Juli per\u00a0Facebook-Eintrag <a href=\"http:\/\/ferne-welten.com\/wp-content\/uploads\/2016\/10\/Linkspartei-OL-Sahra-Soli.jpg\" target=\"_blank\">hinweist<\/a>. Durch die Petition wird Wagenknecht\u00a0zum Opfer innerer Parteik\u00e4mpfe stilisiert:\u00a0<em>\u201eWagenknecht wird von einigen Linken angefeindet, weil sie die richtigen Worte zu Merkels Fl\u00fcchtlingspolitik findet\u201c<\/em>. Der Kreisverband der Linken bewirbt nicht nur die virtuelle Unterschriftensammlung, sondern <a href=\"http:\/\/ferne-welten.com\/wp-content\/uploads\/2016\/10\/Linkspartei-OL-Kampagne.jpg\" target=\"_blank\">mutma\u00dft sogar<\/a>\u00a0\u00fcber eine <em>&#8222;Kampagne&#8220;<\/em>, um die Partei zu sch\u00e4digen:<\/p>\n<blockquote>\n<p style=\"text-align: justify;\"><em>\u201eDiese Schweinereien deuten doch sehr auf eine Kampagne vor den Wahlen gegen die LINKE hin.&#8220;<\/em><\/p>\n<\/blockquote>\n<p style=\"text-align: justify;\">Andere Politiker der Partei werden weitaus seltener erw\u00e4hnt.\u00a0Auf wenige Nennungen\u00a0bringt <a href=\"https:\/\/www.youtube.com\/watch?v=DzlWV1-ygDI\" target=\"_blank\">es<\/a>\u00a0der <a href=\"https:\/\/www.youtube.com\/watch?v=e9VvB9zPlYg\" target=\"_blank\">musizierende<\/a>\u00a0Bundestagsabgeordnete Diether Dehm, der allerdings am 19. Mai 2016 f\u00fcr den Kreisverband\u00a0<a href=\"http:\/\/antifaelf.blogsport.de\/2016\/06\/16\/kurz-notiert-9\/\" target=\"_blank\">referierte<\/a>. Schon am 15. Juni <a href=\"http:\/\/ferne-welten.com\/wp-content\/uploads\/2016\/10\/Diether-Dehm-Antideutsche-L\u00fcgenprofis.jpg\" target=\"_blank\">verwies<\/a>\u00a0die Parteigliederung\u00a0auf eine Rede des Abgeordneten. Es handelt sich um <a href=\"https:\/\/www.youtube.com\/watch?v=BFfg788L7Ds\" target=\"_blank\">einen<\/a>\u00a0der <a href=\"https:\/\/www.youtube.com\/watch?v=dCOHAfMSJFU\" target=\"_blank\">vielen<\/a>\u00a0Auftritte vor Querfrontlern, die auch aus dem Spektrum der reaktion\u00e4ren <em>&#8222;Mahnwachen f\u00fcr den Frieden&#8220;<\/em> stammen. In Ramstein\u00a0<a href=\"https:\/\/www.youtube.com\/watch?v=L33_MrEO2bc\" target=\"_blank\">br\u00fcllte<\/a>\u00a0Dehm\u00a0gegen die Journalistin <a href=\"https:\/\/de.wikipedia.org\/wiki\/Jutta_Ditfurth\" target=\"_blank\">Jutta Ditfurth<\/a> und <em>\u201eantideutsche L\u00fcgenprofis\u201c<\/em> an. Stattdessen forderte der Politiker, der in der Vergangenheit die <a href=\"http:\/\/lakshalomnds.blogsport.eu\/2014\/12\/03\/still-not-loving-diether-dehm\/\" target=\"_blank\">Solidarit\u00e4t<\/a>\u00a0mit der antisemitischen Hamas verteidigte und Sicherheitskr\u00e4fte f\u00fcr die verschw\u00f6rungsideologische <a href=\"https:\/\/soundcloud.com\/reflexion-blog\/interview-zur-bandbreite\" target=\"_blank\">Band<\/a>\u00a0<em>\u201eDie Bandbreite\u201c<\/em> <a href=\"https:\/\/nazienkel.wordpress.com\/2015\/08\/21\/dieter-dehm-toent-zu-911-und-netanjahu\/\" target=\"_blank\">finanzierte<\/a>, den Streit f\u00fcr\u00a0<em>&#8222;Heimat&#8220;, &#8222;Land&#8220;<\/em>\u00a0und <em>&#8222;wirkliche Heimatliebe&#8220;<\/em>:<\/p>\n<blockquote>\n<p style=\"text-align: justify;\">\u201eUnd deswegen streiten wir f\u00fcr Heimat und f\u00fcr unsere Heimat auch ohne Atomraketen. Nat\u00fcrlich, das ist wirkliche Heimatliebe!\u201c<\/p>\n<\/blockquote>\n<div id=\"attachment_541\" style=\"width: 895px\" class=\"wp-caption aligncenter\"><a href=\"http:\/\/ferne-welten.com\/wp-content\/uploads\/2016\/10\/Diether-Dehm-Antideutsche-L\u00fcgenprofis-1.jpg\"><img loading=\"lazy\" decoding=\"async\" aria-describedby=\"caption-attachment-541\" class=\"wp-image-541\" src=\"http:\/\/ferne-welten.com\/wp-content\/uploads\/2016\/10\/Diether-Dehm-Antideutsche-L\u00fcgenprofis-1.jpg\" alt=\"diether-dehm-antideutsche-luegenprofis\" width=\"885\" height=\"960\" srcset=\"https:\/\/ferne-welten.com\/wp-content\/uploads\/2016\/10\/Diether-Dehm-Antideutsche-L\u00fcgenprofis-1.jpg 517w, https:\/\/ferne-welten.com\/wp-content\/uploads\/2016\/10\/Diether-Dehm-Antideutsche-L\u00fcgenprofis-1-276x300.jpg 276w\" sizes=\"auto, (max-width: 885px) 100vw, 885px\" \/><\/a><p id=\"caption-attachment-541\" class=\"wp-caption-text\">Faksimile I: Mit Diether Dehm gegen &#8222;antideutsche L\u00fcgenprofis&#8220;.<\/p><\/div>\n<p style=\"text-align: justify;\">Der Kreisverband der Linkspartei bezieht sich wiederholt auf den <a href=\"http:\/\/ferne-welten.com\/?p=388\" target=\"_blank\">Kreistagsabgeordneten<\/a>\u00a0Andreas Maurer, der sich als <em>&#8222;Volksdiplomat&#8220;<\/em>\u00a0darstellt. Der Kader\u00a0der Partei, der im nahen Quakenbr\u00fcck t\u00e4tig ist, trat auch als Referent f\u00fcr die Parteigliederung in Erscheinung. Dabei wurde die russische Expansionspolitik <a href=\"http:\/\/ferne-welten.com\/?p=388\" target=\"_blank\">legitimiert<\/a>. Im Anschluss schienen sich regionale\u00a0Akteure als Weltpolitiker zu inszenieren, die die Krim-Krise im Sinne des russischen Staates l\u00f6sen wollten. Zum Beispiel\u00a0<a href=\"http:\/\/ferne-welten.com\/wp-content\/uploads\/2016\/10\/Linkspartei-OL-Atlanten.jpg\" target=\"_blank\">forderte<\/a>\u00a0ein Abgeordneter aus Oldenburg:<\/p>\n<blockquote>\n<p style=\"text-align: justify;\"><em> &#8222;Die Grenze in den Atlanten sollte neu gezeichnet werden und zwar entsprechend den faktischen Verh\u00e4ltnissen, die l\u00e4ngst eingetreten sind\u2018\u201c.\u00a0<\/em><\/p>\n<\/blockquote>\n<p style=\"text-align: justify;\">Neue Zeichnungen in Atlanten verlangte das\u00a0hiesige Ratsmitglied, dessen Stellungnahme nach der Veranstaltung\u00a0\u00fcber die Internetseiten der Partei verbreitet wurde. Vorab\u00a0verwies die Parteigliederung auf ein Interview, dass der ehemalige CDU-Politiker Maurer dem\u00a0verschw\u00f6rungsideologischen YouTube-Portal <em>&#8222;KenFM&#8220;<\/em> gab. W\u00e4hrend einer vorherigen Reise auf die Krim, \u00fcber die russische Medien begeistert berichteten,\u00a0<a href=\"http:\/\/ferne-welten.com\/?p=388\" target=\"_blank\">lie\u00df sich Maurer sogar durch ein antisemitisches Portal befragen<\/a>, dessen Zeichen ein verspieltes\u00a0<a href=\"http:\/\/ferne-welten.com\/wp-content\/uploads\/2016\/10\/14079907_1118223871599411_128099221794871565_n.jpg\" target=\"_blank\">Hakenkreuz<\/a>\u00a0ist.<\/p>\n<div id=\"attachment_539\" style=\"width: 895px\" class=\"wp-caption aligncenter\"><a href=\"http:\/\/ferne-welten.com\/wp-content\/uploads\/2016\/10\/Linkspartei-OL-Maurer-HP.jpg\"><img loading=\"lazy\" decoding=\"async\" aria-describedby=\"caption-attachment-539\" class=\"wp-image-539 size-full\" src=\"http:\/\/ferne-welten.com\/wp-content\/uploads\/2016\/10\/Linkspartei-OL-Maurer-HP.jpg\" alt=\"linkspartei-ol-maurer-hp\" width=\"885\" height=\"663\" srcset=\"https:\/\/ferne-welten.com\/wp-content\/uploads\/2016\/10\/Linkspartei-OL-Maurer-HP.jpg 885w, https:\/\/ferne-welten.com\/wp-content\/uploads\/2016\/10\/Linkspartei-OL-Maurer-HP-300x225.jpg 300w, https:\/\/ferne-welten.com\/wp-content\/uploads\/2016\/10\/Linkspartei-OL-Maurer-HP-768x575.jpg 768w\" sizes=\"auto, (max-width: 885px) 100vw, 885px\" \/><\/a><p id=\"caption-attachment-539\" class=\"wp-caption-text\">Faksimile II: Andreas Maurer auf der Seite der Linkspartei Oldenburg<\/p><\/div>\n<div id=\"attachment_415\" style=\"width: 895px\" class=\"wp-caption aligncenter\"><a href=\"http:\/\/ferne-welten.com\/wp-content\/uploads\/2016\/10\/14079907_1118223871599411_128099221794871565_n.jpg\"><img loading=\"lazy\" decoding=\"async\" aria-describedby=\"caption-attachment-415\" class=\"wp-image-415\" src=\"http:\/\/ferne-welten.com\/wp-content\/uploads\/2016\/10\/14079907_1118223871599411_128099221794871565_n.jpg\" width=\"885\" height=\"760\" srcset=\"https:\/\/ferne-welten.com\/wp-content\/uploads\/2016\/10\/14079907_1118223871599411_128099221794871565_n.jpg 526w, https:\/\/ferne-welten.com\/wp-content\/uploads\/2016\/10\/14079907_1118223871599411_128099221794871565_n-300x258.jpg 300w\" sizes=\"auto, (max-width: 885px) 100vw, 885px\" \/><\/a><p id=\"caption-attachment-415\" class=\"wp-caption-text\">Faksimile III: Andreas Maurer im Interview mit einem antisemitischen Onlineportal<\/p><\/div>\n<p style=\"text-align: left;\"><strong>Ikonen des Kreisverbandes<\/strong><\/p>\n<p style=\"text-align: justify;\">Wiederholt <a href=\"http:\/\/ferne-welten.com\/wp-content\/uploads\/2016\/10\/LInkspartei-OL-Todenh\u00f6fer.jpg\" target=\"_blank\">bezieht<\/a>\u00a0sich der <a href=\"http:\/\/www.die-linke-oldenburg.de\/\" target=\"_blank\">Kreisverband<\/a>\u00a0auf J\u00fcrgen Todenh\u00f6fer. Die <a href=\"http:\/\/ferne-welten.com\/wp-content\/uploads\/2016\/10\/Linkspartei-OL-Todenh\u00f6fer2.jpg\" target=\"_blank\">Videos<\/a>\u00a0und Einsch\u00e4tzungen des <a href=\"https:\/\/lizaswelt.net\/2014\/07\/21\/demagoge-des-mainstreams\/\" target=\"_blank\">Demagogen<\/a>, der <em>&#8222;alle Register&#8220; <\/em>besitzt<em>, &#8222;die der moderne Antisemitismus&#8220; <\/em>zu bieten hat<em>,<\/em> wurden in einem Zeitraum von sechs Monaten mehr als\u00a0zehn Mal geteilt. So bezog sich die Parteigliederung auf ihren Seiten\u00a0auf ein Interview, das der ehemalige Bundestagsabgeordnete der CDU in Aleppo f\u00fchrte. Durch das\u00a0Videointerview mit einem angeblichen Kader\u00a0der Terrorgruppe <em>&#8222;Jabhat Al Nusra&#8220;<\/em>, dessen Authentizit\u00e4t mehr als <a href=\"http:\/\/www.carta.info\/83361\/ein-sammelsurium-von-ungereimtheiten\/\" target=\"_blank\">umstritten<\/a>\u00a0ist,\u00a0wurde den USA und Israel unterstellt, islamfaschistische Rackets\u00a0zu unterst\u00fctzen. Vielleicht ist das der Grund, warum das Machwerk auch durch die Parteigliederung verbreitet wurde.<\/p>\n<p style=\"text-align: justify;\">Auf der <a href=\"https:\/\/www.facebook.com\/DieLinkeOL\/?fref=ts\" target=\"_blank\">Facebook-Seite<\/a> der Linkspartei aus\u00a0Oldenburg wird sich h\u00e4ufiger auf Personen bezogen, die die USA diffamieren. So verlinkt die Parteigliederung auf ein Interview mit dem ehemaligen CDU-Abgeordneten Willy <a href=\"https:\/\/de.wikipedia.org\/wiki\/Willy_Wimmer\" target=\"_blank\">Wimmer<\/a>, der dabei gegen amerikanische Milit\u00e4rpolitik polemisiert. Wimmer, der unter anderem f\u00fcr den verschw\u00f6rungspopulistischen <em><a href=\"https:\/\/www.youtube.com\/watch?v=3YuNZeNAGDU\" target=\"_blank\">&#8222;Kopp-Verlag&#8220;<\/a><\/em>\u00a0t\u00e4tig ist, trat 2014 auf einer\u00a0Konferenz des deutschnationalen\u00a0<em>&#8222;Compact&#8220;<\/em>-Magazines auf. Ein weiterer Teilnehmer war damals der erzkonservative AfD-Politiker Alexander Gauland. Andere Veranstaltungen des Magazins, bei dem ein Milieu aus Verschw\u00f6rungsgl\u00e4ubigen, <a href=\"http:\/\/www.inforiot.de\/gipfeltreffen-der-verwirrten-compact-alexander-gauland-und-die-npd\/\" target=\"_blank\">Nationalsozialisten<\/a>\u00a0und AfD-Anh\u00e4ngern zusammenkamen, wurden zeitweilig durch den verschw\u00f6rungsideologischen Vordenker <a href=\"https:\/\/www.psiram.com\/ge\/index.php\/Ken_Jebsen\" target=\"_blank\">Ken Jebsen<\/a> moderiert, dem immer wieder Akteure der Linkspartei f\u00fcr YouTube-Shows zur Verf\u00fcgung stehen.<\/p>\n<div id=\"attachment_548\" style=\"width: 860px\" class=\"wp-caption aligncenter\"><a href=\"http:\/\/ferne-welten.com\/wp-content\/uploads\/2016\/10\/Linkspartei-OL-Willy-Wimmer.jpg\"><img loading=\"lazy\" decoding=\"async\" aria-describedby=\"caption-attachment-548\" class=\"wp-image-548\" src=\"http:\/\/ferne-welten.com\/wp-content\/uploads\/2016\/10\/Linkspartei-OL-Willy-Wimmer.jpg\" alt=\"Faksimile IV: Willy Wimmer Werbung\" width=\"850\" height=\"769\" srcset=\"https:\/\/ferne-welten.com\/wp-content\/uploads\/2016\/10\/Linkspartei-OL-Willy-Wimmer.jpg 514w, https:\/\/ferne-welten.com\/wp-content\/uploads\/2016\/10\/Linkspartei-OL-Willy-Wimmer-300x271.jpg 300w\" sizes=\"auto, (max-width: 850px) 100vw, 850px\" \/><\/a><p id=\"caption-attachment-548\" class=\"wp-caption-text\">Faksimile IV: Willy Wimmer Werbung<\/p><\/div>\n<p style=\"text-align: justify;\"><a href=\"https:\/\/www.psiram.com\/ge\/index.php\/Ken_Jebsen\" target=\"_blank\">Jebsen<\/a>, ein\u00a0ehemaliger RBB-Moderator, betrieb durch seine stetige Teilnahme an den<em> &#8222;Montagsmahnwachen f\u00fcr den Frieden&#8220;<\/em> eine Positionierung, die an die deutsche Romantik ankn\u00fcpft. Damals\u00a0<a href=\"http:\/\/www.berliner-zeitung.de\/montagsdemos-in-berlin-worum-es-bei-den-montagsdemos-wirklich-geht-2967042\" target=\"_blank\">lobte<\/a>\u00a0Jebsen\u00a0den Wald und die Tiere, die <em>&#8222;bestens ohne Demokratie zurecht&#8220;<\/em> kommen <a href=\"https:\/\/exportabel.wordpress.com\/2014\/05\/08\/ken-jebsen-scheiss-demokratie\/\" target=\"_blank\">w\u00fcrden<\/a>. In einem Online-Beitrag <a href=\"https:\/\/www.freitag.de\/autoren\/dame-von-welt\/kenfm-rassistischer-zionismus\" target=\"_blank\">f\u00fcrchtet<\/a>\u00a0der Redner derweil die Entstehung eines &#8222;<em>israelischen Gro\u00dfreichs&#8220;<\/em>, das angeblich eine<em>\u00a0&#8222;Endl\u00f6sung&#8220;<\/em> in <em>&#8222;Pal\u00e4stina&#8220;<\/em> anstreben w\u00fcrde. Derartige D\u00e4monisierungen des israelischen Staates, die an die spezifischen Formen deutschnationaler Vergangenheitsaufarbeitung ankn\u00fcpfen, haben die Verantwortlichen aus dem Kreisverband anscheinend nicht gest\u00f6rt.<\/p>\n<p style=\"text-align: justify;\">Beitr\u00e4ge des umtriebigen Aktivsten teilte die Partei in den <a href=\"http:\/\/ferne-welten.com\/wp-content\/uploads\/2016\/10\/Linkspartei-OL-KenFM.jpg\" target=\"_blank\">vergangenen<\/a>\u00a0Monaten <a href=\"http:\/\/ferne-welten.com\/wp-content\/uploads\/2016\/10\/Linkspartei-OL-Soli-mit-Ken.jpg\" target=\"_blank\">mindestens<\/a>\u00a0f\u00fcnf <a href=\"http:\/\/ferne-welten.com\/wp-content\/uploads\/2016\/10\/Linkspartei-Ken-statt-ARD.jpg\" target=\"_blank\">Mal<\/a>\u00a0auf ihrer Facebook-Seite. Es wurde\u00a0zur <a href=\"http:\/\/ferne-welten.com\/wp-content\/uploads\/2016\/10\/Linkspartei-OL-Soli-mit-Ken.jpg\" target=\"_blank\">Unterst\u00fctzung<\/a>\u00a0von Aktionen des Verschw\u00f6rungsideologen aufgerufen, w\u00e4hrend der Kreisverband dessen Inhalte <a href=\"http:\/\/ferne-welten.com\/wp-content\/uploads\/2016\/10\/Linkspartei-OL-KenFM.jpg\" target=\"_blank\">verteidigt<\/a><a href=\"http:\/\/ferne-welten.com\/wp-content\/uploads\/2016\/10\/Linkspartei-OL-KenFM.jpg\" target=\"_blank\">e<\/a>. Auf der offiziellen Internetpr\u00e4senz erschienen derweil Interviews, die Jebsen f\u00fchrte. So scheint dieser Vordenker deutschen Verschw\u00f6rungsdenkens\u00a0eine weitere Ikone des Kreisverbandes zu\u00a0sein, dessen Inhalte gerne geteilt\u00a0werden.<\/p>\n<p style=\"text-align: justify;\">Die Musik des <a href=\"https:\/\/www.psiram.com\/ge\/index.php\/Kilez_More\" target=\"_blank\">reimenden<\/a>\u00a0Verschw\u00f6rungsideologen <em>&#8222;Kilez More&#8220; <\/em>wird ebenfalls verbreitet, ohne dass auf dessen Vorgeschichte eingegangen wird. In der Vergangenheit trat der \u00f6sterreichische <a href=\"http:\/\/eiskaltland.blogsport.eu\/2011\/03\/08\/die-wundersame-welt-des-verschwoerungsrappers\/\" target=\"_blank\">Rapper<\/a>, der Mythen zum Klimawandel bewirbt, f\u00fcr den britischen Verschw\u00f6rungsvordenker und Holocaustleugner David Icke auf, der <a href=\"http:\/\/eiskaltland.blogsport.eu\/2010\/07\/24\/reptilians-from-outer-space\/\" target=\"_blank\">Reptiloiden<\/a>-Konstrukte\u00a0verbreitet. Schon 2001 <a href=\"http:\/\/eiskaltland.blogsport.eu\/2011\/06\/11\/party-der-anti-bilderberger\/\">performte<\/a>\u00a0der Musikant w\u00e4hrend\u00a0einer Veranstaltung, auf der die Nationalr\u00e4te Lukas Reimann und Dr. Pirmin Schwander von der rechtspopulistischen <em>\u201eSchweizerischen Volkspartei\u201c<\/em>\u00a0(SVP) sprachen.<\/p>\n<div id=\"attachment_550\" style=\"width: 860px\" class=\"wp-caption aligncenter\"><a href=\"http:\/\/ferne-welten.com\/wp-content\/uploads\/2016\/10\/Linkspartei-OL-KilezMore.jpg\"><img loading=\"lazy\" decoding=\"async\" aria-describedby=\"caption-attachment-550\" class=\"wp-image-550\" src=\"http:\/\/ferne-welten.com\/wp-content\/uploads\/2016\/10\/Linkspartei-OL-KilezMore.jpg\" alt=\"Faksimile: Hinweis auf das Musikvideo eines Verschw\u00f6rungsideologen\" width=\"850\" height=\"778\" srcset=\"https:\/\/ferne-welten.com\/wp-content\/uploads\/2016\/10\/Linkspartei-OL-KilezMore.jpg 518w, https:\/\/ferne-welten.com\/wp-content\/uploads\/2016\/10\/Linkspartei-OL-KilezMore-300x275.jpg 300w\" sizes=\"auto, (max-width: 850px) 100vw, 850px\" \/><\/a><p id=\"caption-attachment-550\" class=\"wp-caption-text\">Faksimile V: Hinweis auf das Musikvideo eines\u00a0Verschw\u00f6rungsrappers<\/p><\/div>\n<p style=\"text-align: justify;\">Geteilt\u00a0werden au\u00dferdem die Ausf\u00e4lle des <a href=\"https:\/\/lizaswelt.net\/2011\/05\/28\/der-juergen-klopp-der-deutschen-ideologie\/\" target=\"_blank\">deutschen Comedians<\/a>\u00a0Hagen Rether. \u00dcber Facebook bewirbt der Kreisverband am <a href=\"http:\/\/ferne-welten.com\/wp-content\/uploads\/2016\/10\/Linkspartei-OL-Hagen-Rether.jpg\" target=\"_blank\">14. und am 16. Mai Videos<\/a> des Komikers, in denen <a href=\"https:\/\/lizaswelt.net\/2011\/05\/28\/der-juergen-klopp-der-deutschen-ideologie\/\" target=\"_blank\">dieser<\/a><em> &#8222;N\u00e4chstenliebe predigend Amerika den Krieg erkl\u00e4rt&#8220;<\/em> und <em>&#8222;die Opfer des islamistischen Terrors verh\u00f6hnt&#8220;<\/em>. Au\u00dferdem wird ein Video geteilt, in dem Rether gegen<em>\u00a0\u201eDrecks-Amerikaner\u201c<\/em> polemisiert und islamfaschistische Angriffe verharmlost:<\/p>\n<blockquote>\n<p style=\"text-align: justify;\">\u201eDie \u00d6l-Lobby im Wei\u00dfen Haus, was hat die f\u00fcr Elend gebracht? America, home of the grave! Vor den Zynikern an der Wallstreet h\u00e4tten wir mal Angst haben sollen (\u2026). Gegen diese Kapitalverbrecher sind die unterbelichteten Bombenbastler von Al-Qaida ein Furz in den Wind\u201c.<\/p>\n<\/blockquote>\n<p style=\"text-align: justify;\"><strong>Quellen des Kreisverbandes<\/strong><\/p>\n<p style=\"text-align: justify;\">Der Kreisverband verwendete zeitweilig ein Banner, das von der Internetseite<em> &#8222;Friedensblick&#8220;<\/em> \u00fcbernommen wurde:<em> \u201eGenauso wie viele Eliten heute korrumpiert sind, sind es auch die Medien\u201c,<\/em>\u00a0hie\u00df es seit dem 10. Oktober neben einem Hinweis auf die Internetseite. Unter der Adresse,\u00a0die durch den Banner des Kreisverbandes beworben wird, werden Mythen\u00a0zum 11. September und Werbung f\u00fcr die strukturell antisemitische <a href=\"https:\/\/thinktankboy.wordpress.com\/2012\/10\/15\/schwundgeld-freiwirtschaft-und-rassenwahn\/\" target=\"_blank\">Freigeldtheorie<\/a>\u00a0des Silvio Gesell ver\u00f6ffentlicht.\u00a0Wer diese Adresse eingibt,\u00a0findet relativierende Konstrukte, durch die der NSU und seine Akteure entlastet werden. Dann ist von <em>\u201eVorverurteilung\u201c<\/em> der T\u00e4ter die Rede. Dort wird zudem eine perfide Frage formuliert:<\/p>\n<blockquote>\n<p style=\"text-align: justify;\"><em> \u201eHalf Ignaz Bubis (Zentralrat der Juden) dem sp\u00e4teren NSU-Umfeld?\u201c<\/em><\/p>\n<\/blockquote>\n<div id=\"attachment_527\" style=\"width: 1844px\" class=\"wp-caption aligncenter\"><a href=\"http:\/\/ferne-welten.com\/wp-content\/uploads\/2016\/10\/Linkspartei-OL-friedensblick.jpg\"><img loading=\"lazy\" decoding=\"async\" aria-describedby=\"caption-attachment-527\" class=\"wp-image-527 size-full\" src=\"http:\/\/ferne-welten.com\/wp-content\/uploads\/2016\/10\/Linkspartei-OL-friedensblick.jpg\" alt=\"linkspartei-ol-friedensblick\" width=\"1834\" height=\"522\" srcset=\"https:\/\/ferne-welten.com\/wp-content\/uploads\/2016\/10\/Linkspartei-OL-friedensblick.jpg 1834w, https:\/\/ferne-welten.com\/wp-content\/uploads\/2016\/10\/Linkspartei-OL-friedensblick-300x85.jpg 300w, https:\/\/ferne-welten.com\/wp-content\/uploads\/2016\/10\/Linkspartei-OL-friedensblick-768x219.jpg 768w, https:\/\/ferne-welten.com\/wp-content\/uploads\/2016\/10\/Linkspartei-OL-friedensblick-1024x291.jpg 1024w, https:\/\/ferne-welten.com\/wp-content\/uploads\/2016\/10\/Linkspartei-OL-friedensblick-1170x333.jpg 1170w\" sizes=\"auto, (max-width: 1834px) 100vw, 1834px\" \/><\/a><p id=\"caption-attachment-527\" class=\"wp-caption-text\">Faksimile VI: Facebook-Banners des Kreisverbandes.<\/p><\/div>\n<p style=\"text-align: justify;\">Eine weitere Quelle <a href=\"http:\/\/ferne-welten.com\/wp-content\/uploads\/2016\/10\/Linkspartei-OL-Propagandaschau.jpg\" target=\"_blank\">ist<\/a>\u00a0der rechte Weblog <em>&#8222;Propagandaschau&#8220;<\/em>, der sich f\u00fcr <em>&#8222;Pegida&#8220;<\/em> stark macht &#8211; und gegen <em>&#8222;L\u00fcgenpresse&#8220;<\/em> und &#8222;<em>Maulhuren des Staates&#8220;<\/em> anschreibt. Mindestens sieben Mal Mal werden in den vergangenen Monaten <a href=\"http:\/\/ferne-welten.com\/wp-content\/uploads\/2016\/10\/Linkspartei-OL-Propagandaschau.jpg\" target=\"_blank\">Beitr\u00e4ge<\/a>\u00a0dieses Weblogs auf der\u00a0Facebook-Seite des Kreisverbandes der Linkspartei verbreitet. So kopiert\u00a0und bewirbt dieser einen Beitrag, um vor angeblicher\u00a0<em>&#8222;Kontrolle&#8220;<\/em> der Tagesthemen zu warnen. Im verlinkten Text, aus dem die Partei <a href=\"http:\/\/ferne-welten.com\/wp-content\/uploads\/2016\/10\/Linkspartei-OL-Propagandaschau-1.jpg\" target=\"_blank\">ausf\u00fchrlich zitiert<\/a>, wird gegen die Alliierten gehetzt, die Deutschland 1945 eine milit\u00e4rische Niederlage bereiteten. Der durch die Organisation\u00a0beworbene Beitrag schreibt von <em>&#8222;gleichgeschalteten westlichen Staats- und Konzernmedien&#8220;<\/em>.<\/p>\n<blockquote>\n<p style=\"text-align: justify;\"><em>&#8222;Hier gibt es tats\u00e4chlich seit Jahrzehnten von den Sieger- und Besatzungsm\u00e4chten des Zweiten Weltkriegs etablierte Organisationen, die man mit Fug und Recht als Logen bezeichnen kann.&#8220;<\/em><\/p>\n<\/blockquote>\n<p style=\"text-align: justify;\">Es sind verbale Verschw\u00f6rungsphrasen des geschlagenen Nationalsozialismus, die dem Leser, der dem Link der Linkspartei folgt, im beworbenen Beitrag entgegenschl\u00e4gt, der sich gegen\u00a0<em>&#8222;Herrschaftsmedien&#8220;<\/em>\u00a0und den Tagesthemen-Sprecher Ingo Zamperoni richtet. Wen wundert es da noch, dass sich die Partei auf die<em> &#8222;Deutschen WIrtschaftsnachrichten&#8220;\u00a0<\/em><a href=\"http:\/\/ferne-welten.com\/wp-content\/uploads\/2016\/10\/Linkspartei-OL-Deutsche-Wirtschaftsnachrichten.jpg\" target=\"_blank\">beruft<\/a>, die ebenfalls Verschw\u00f6rungsmythen kolportiert.<\/p>\n<div id=\"attachment_495\" style=\"width: 860px\" class=\"wp-caption aligncenter\"><a href=\"http:\/\/ferne-welten.com\/wp-content\/uploads\/2016\/10\/Linkspartei-OL-LeFloid-AQue.jpg\"><img loading=\"lazy\" decoding=\"async\" aria-describedby=\"caption-attachment-495\" class=\"wp-image-495\" src=\"http:\/\/ferne-welten.com\/wp-content\/uploads\/2016\/10\/Linkspartei-OL-LeFloid-AQue.jpg\" alt=\"Faksimile VII: Video mit antisemitischer Quelle\" width=\"850\" height=\"505\" srcset=\"https:\/\/ferne-welten.com\/wp-content\/uploads\/2016\/10\/Linkspartei-OL-LeFloid-AQue.jpg 527w, https:\/\/ferne-welten.com\/wp-content\/uploads\/2016\/10\/Linkspartei-OL-LeFloid-AQue-300x178.jpg 300w\" sizes=\"auto, (max-width: 850px) 100vw, 850px\" \/><\/a><p id=\"caption-attachment-495\" class=\"wp-caption-text\">Faksimile VII: Video mit antisemitischer Quelle<\/p><\/div>\n<p style=\"text-align: justify;\">Zwei Videos des YouTubers <em>&#8222;LeFloid&#8220;<\/em> werden ebenfalls <a href=\"http:\/\/ferne-welten.com\/wp-content\/uploads\/2016\/10\/Linkspartei-OL-LeFloid-AQue.jpg\" target=\"_blank\">beworben<\/a>, dessen Quelle <a href=\"http:\/\/www.bildblog.de\/63096\/lefloid-laesst-putins-911-bombe-auf-youtube-hochgehen\/\" target=\"_blank\">erneut<\/a>\u00a0die antisemitische Internetseite <em>&#8222;Veterans Today&#8220;<\/em>\u00a0war, auf der die industrielle Massenvernichtung der J\u00fcdinnen und Juden als <em>&#8222;Holohoax&#8220;<\/em> bezeichnet wird. Am 18. Oktober verbreitet die Gliederung via <a href=\"http:\/\/ferne-welten.com\/wp-content\/uploads\/2016\/10\/Linkspartei-OL-Gegen-USA.jpg\" target=\"_blank\">Facebook<\/a>\u00a0einen weiteren Verweis, um auf milit\u00e4rische Interventionen der USA <a href=\"http:\/\/ferne-welten.com\/wp-content\/uploads\/2016\/10\/Linkspartei-OL-Gegen-USA.jpg\" target=\"_blank\">hinzuweisen<\/a>. Die beworbene Internetseite, <em>&#8222;miprox.de&#8220;<\/em>, verbreitet Ausz\u00fcge aus Schriften Hitlers und G\u00f6rings. Dabei wird behauptet, <em>\u201eda\u00df in Hitlers Ausf\u00fchrungen (\u2026) leider mehr er- und aufschreckende Wahrheit liegt\u201c.<\/em> Ansonsten <a href=\"http:\/\/eiskaltland.blogsport.eu\/2012\/02\/08\/michael-mythos\/\" target=\"_blank\">reproduziert<\/a>\u00a0die Seite obskure Mythen\u00a0zum Tod von Michael Jackson, der zum Opfer einer angeblichen Weltverschw\u00f6rung gemacht wird.:<\/p>\n<blockquote>\n<p style=\"text-align: justify;\">\u201eWarum sollte Michael ausgeschaltet werden? Er war auf dem H\u00f6hepunkt seines Erfolgs. Er hatte zuviel Macht, zuviel positiven Einflu\u00df auf junge Menschen in der ganzen Welt. Er war zu sauber (\u2026) Er war einfach viel zu gut.\u201c<\/p>\n<\/blockquote>\n<p style=\"text-align: justify;\">\u00dcber die\u00a0Facebook-Pr\u00e4senz der \u00f6rtlichen Partei wurde auf das Machwerk<em> \u201eThank You for Calling\u201c<\/em>\u00a0hingewiesen. Der Film konstruiert eine Verschw\u00f6rung von Smartphone-Konzernen, die eine Krebsgefahr durch Mobilfunkstrahlen verschweigen w\u00fcrde: <em>&#8222;Anhand von Fakten, Insidern und spannenden Protagonisten rekonstruiert der Film eine gro\u00df angelegte Verschleierungstaktik der Mobilfunkindustrie\u201c<\/em>, hei\u00dft es unter dem Trailer, der durch die Gliederung verbreitet wird. Von \u00e4hnlicher Qualit\u00e4t sind weitere Quellen, die der Kreisverband nutzt. So wird auf der Facebook-Seite mehrmals auf die Internetseite <em>&#8222;Kath.net&#8220;<\/em> <a href=\"http:\/\/ferne-welten.com\/wp-content\/uploads\/2016\/10\/Linkspartei-OL-RT-und-Kathnet.jpg\" target=\"_blank\">verwiesen<\/a>. Am 20. September <a href=\"http:\/\/ferne-welten.com\/wp-content\/uploads\/2016\/10\/Linkspartei-OL-RT-und-Kathnet.jpg\" target=\"_blank\">wird<\/a>\u00a0beispielsweise ein Artikel des christlich-fundamentalistischen <a href=\"http:\/\/www.spiegel.de\/spiegel\/print\/d-131927826.html\" target=\"_blank\">Onlineportals<\/a>\u00a0beworben, das sich immer wieder auf Artikel aus der <em>&#8222;Jungen Freiheit&#8220;<\/em>, einer Wochenzeitung der Neuen Rechten,\u00a0und auf Beitr\u00e4ge des rassistischen Weblogs\u00a0<em>&#8222;PI-News&#8220;<\/em> beruft.<\/p>\n<div id=\"attachment_557\" style=\"width: 860px\" class=\"wp-caption aligncenter\"><a href=\"http:\/\/ferne-welten.com\/wp-content\/uploads\/2016\/10\/Linkspartei-Thx-f\u00fcr-Anruf.jpg\"><img loading=\"lazy\" decoding=\"async\" aria-describedby=\"caption-attachment-557\" class=\"wp-image-557\" src=\"http:\/\/ferne-welten.com\/wp-content\/uploads\/2016\/10\/Linkspartei-Thx-f\u00fcr-Anruf.jpg\" alt=\"Faksimile VIII: Warnung vor Mobilfunkstrahlung \" width=\"850\" height=\"791\" srcset=\"https:\/\/ferne-welten.com\/wp-content\/uploads\/2016\/10\/Linkspartei-Thx-f\u00fcr-Anruf.jpg 501w, https:\/\/ferne-welten.com\/wp-content\/uploads\/2016\/10\/Linkspartei-Thx-f\u00fcr-Anruf-300x279.jpg 300w\" sizes=\"auto, (max-width: 850px) 100vw, 850px\" \/><\/a><p id=\"caption-attachment-557\" class=\"wp-caption-text\">Faksimile VIII: Warnung vor Mobilfunkstrahlung<\/p><\/div>\n<p style=\"text-align: justify;\">Weitere Quellen, die immer wieder genannt werden, stammen aus Russland. So verbreitet der Kreisverband auf seinen Seiten wiederholt\u00a0Artikel des russischen Senders<em> &#8222;RT&#8220;<\/em>\u00a0und der Internetseite <em>&#8222;Sputniknews&#8220;<\/em>, die\u00a0zum staatlichen Medienkonzern <em>&#8222;Rossiya Segodnya&#8220;<\/em> geh\u00f6rt. \u00dcber Facebook und das Onlineportal des Kreisverbandes\u00a0gelangt\u00a0die spezifische Perspektive russischer Politik nach Deutschland. Mehr als 30 Mal wird auf <em>&#8222;RT&#8220;<\/em>-Beitr\u00e4ge verwiesen, w\u00e4hrend <em>&#8222;Sputniknews&#8220;<\/em>\u00a0auf der Facebook-Seite immerhin mindestens 14 Mal verlinkt wird. So <a href=\"http:\/\/ferne-welten.com\/wp-content\/uploads\/2016\/10\/Linkspartei-OL-RT-und-Freidenker.jpg\" target=\"_blank\">verbreitet<\/a>\u00a0der Kreisverband am 31. Mai ein <em>&#8222;RT&#8220;-<\/em>Interview mit <a href=\"http:\/\/eiskaltland.blogsport.eu\/2012\/09\/02\/fahnenfest-in-frankfurt\/\" target=\"_blank\">Klaus Hartmann<\/a>, dem Bundesvorsitzenden des <em>&#8222;Deutschen Freidenker-Verbandes<\/em>&#8222;. Dieser Akteur <a href=\"https:\/\/lizaswelt.net\/2007\/01\/22\/frei-gedacht\/\" target=\"_blank\">setzte<\/a>\u00a0sich in der Vergangenheit f\u00fcr den irakischen Despoten\u00a0Saddam Hussein ein, was nicht benannt wird:<\/p>\n<blockquote>\n<p style=\"text-align: justify;\">\u201eFreiheit f\u00fcr alle Gefangenen unter der Besatzung des Irak und Pal\u00e4stinas! Und dies schlie\u00dft ein: Freiheit f\u00fcr Saddam Hussein!\u201c<\/p>\n<\/blockquote>\n<p style=\"text-align: justify;\">Wenn die Einsch\u00e4tzungen auf der Facebook-Seite tats\u00e4chlich zutreffen, k\u00f6nnten die gro\u00dfen Medien durch eine fast allm\u00e4chtige Konspiration kontrolliert und korrumpiert werden.\u00a0Es erinnert an den paranoiden Sprachgebrauch von Pegida-Rednern, wenn der Kreisverband\u00a0davon <a href=\"http:\/\/ferne-welten.com\/wp-content\/uploads\/2016\/10\/Linkspartei-Ken-statt-ARD.jpg\" target=\"_blank\">schreibt<\/a>, dass <em>&#8222;Systemmedien weiterhin die Massen manipulieren\u201c. <\/em>Als Beispiele werden eine <a href=\"http:\/\/ferne-welten.com\/wp-content\/uploads\/2016\/10\/Linkspartei-OL-RT-Deutsch-als-Notwehr.jpg\" target=\"_blank\">fehlende Berichterstattung<\/a>\u00a0\u00fcber eine Friedensdemonstration und unterschlagene\u00a0<a href=\"http:\/\/ferne-welten.com\/wp-content\/uploads\/2016\/10\/Linkspartei-OL-Olympiaunterschlagung.jpg\" target=\"_blank\">Fotos<\/a>\u00a0von Olympioniken genannt.<em>\u00a0<\/em>Die unkritische \u00dcbernahme von Inhalten geht oft mit einer Abwertung hiesiger Medien einher.<\/p>\n<blockquote>\n<p style=\"text-align: justify;\"><em>&#8222;In beinahe allen \u00fcberregionalen westlichen Medien wurde die Demonstration totgeschwiegen! Nicht bei RT Deutsch oder Sputnik.<\/em>\u201c<\/p>\n<\/blockquote>\n<p style=\"text-align: justify;\">Tats\u00e4chlich berichten unter anderem das ZDF, der <a href=\"http:\/\/www.rbb-online.de\/politik\/beitrag\/2016\/10\/Friedensdemo-Berlin.html\" target=\"_blank\">RBB<\/a>, der <a href=\"http:\/\/www.tagesspiegel.de\/berlin\/demo-in-der-ost-city-ueber-5-000-menschen-demonstrieren-fuer-frieden\/14660398.html\" target=\"_blank\">Tagesspiegel<\/a>\u00a0und die <a href=\"http:\/\/www.morgenpost.de\/berlin\/article208375597\/Tausende-Menschen-demonstrieren-in-Berlin-fuer-den-Frieden.html\" target=\"_blank\">Morgenpost<\/a>\u00a0\u00fcber die <a href=\"http:\/\/friedensdemowatch.blogsport.eu\/2016\/10\/08\/oktober3\/\" target=\"_blank\">Aktion<\/a>, die durch einen Aufmarsch von nationalistischen, verschw\u00f6rungsideologischen und geschichtsrevisionistischen Aktivisten begleitet wurde. Die hiesige Linkspartei nimmt diese Berichterstattung nicht wahr. Stattdessen\u00a0werden auf der Facebook-Seite die \u00fcblichen Verd\u00e4chtigen benannt:<\/p>\n<blockquote>\n<p style=\"text-align: justify;\">&#8222;ARD und ZDF lassen sich vor den milit\u00e4rischen Propagandaapparat der USA spannen.\u201c<\/p>\n<\/blockquote>\n<p style=\"text-align: justify;\">An anderer Stelle <a href=\"http:\/\/ferne-welten.com\/wp-content\/uploads\/2016\/10\/Linkspartei-Ken-statt-ARD.jpg\" target=\"_blank\">benennt<\/a>\u00a0die Partei die Medien, die f\u00fcr die Verbl\u00f6dung deutscher Massen verantwortlich gemacht werden. Es sind <em>&#8222;ARD, ZDF, NDR&#8220;<\/em> und andere Fernsehanstalten. Lutz Marmor, Intendant des Norddeutschen Rundfunk, k\u00f6nnte &#8211; so munkelt der Kreisverband auf seiner Facebook-Seite &#8211; eine wichtige<em> &#8222;Rolle&#8220;<\/em> spielen:<\/p>\n<div id=\"attachment_528\" style=\"width: 860px\" class=\"wp-caption aligncenter\"><a href=\"http:\/\/ferne-welten.com\/wp-content\/uploads\/2016\/10\/Linkspartei-Ken-statt-ARD.jpg\"><img loading=\"lazy\" decoding=\"async\" aria-describedby=\"caption-attachment-528\" class=\"wp-image-528\" src=\"http:\/\/ferne-welten.com\/wp-content\/uploads\/2016\/10\/Linkspartei-Ken-statt-ARD.jpg\" alt=\"linkspartei-ken-statt-ard\" width=\"850\" height=\"312\" srcset=\"https:\/\/ferne-welten.com\/wp-content\/uploads\/2016\/10\/Linkspartei-Ken-statt-ARD.jpg 501w, https:\/\/ferne-welten.com\/wp-content\/uploads\/2016\/10\/Linkspartei-Ken-statt-ARD-300x110.jpg 300w\" sizes=\"auto, (max-width: 850px) 100vw, 850px\" \/><\/a><p id=\"caption-attachment-528\" class=\"wp-caption-text\">Faksimile VII: Ken Jebsen statt ARD<\/p><\/div>\n<p style=\"text-align: justify;\"><strong>Inhalte\u00a0des Kreisverbandes<\/strong><\/p>\n<p style=\"text-align: justify;\">Auf Facebook meldet sich der Kreisverband zu Wort, um seine Sicht auf das Weltgeschehen zu erl\u00e4utern. Nur selten werden kommunale Geschehnisse thematisiert. Weitaus h\u00e4ufiger wird auf den Krieg in Syrien eingegangen. Oftmals geht es um<em> &#8222;Massenmedien&#8220;<\/em> und<em> &#8222;ausl\u00e4ndische M\u00e4chte&#8220;<\/em>, die zum Krieg treiben w\u00fcrden. Die Partei scheint vor allem ein Feindbild zu kennen, das f\u00fcr die Geschehnisse verantwortlich gemacht wird. Es sind die Vereinigten Staaten von Amerika,\u00a0die nach Ansicht des Kreisverbandes nicht mehr und nicht weniger als einen\u00a0<em>&#8222;Weltfrieden&#8220;<\/em> <a href=\"http:\/\/ferne-welten.com\/wp-content\/uploads\/2016\/10\/Linkspartei-OL-USA-und-Weltfrieden.jpg\" target=\"_blank\">gef\u00e4hrden<\/a>:<\/p>\n<div id=\"attachment_559\" style=\"width: 860px\" class=\"wp-caption aligncenter\"><a href=\"http:\/\/ferne-welten.com\/wp-content\/uploads\/2016\/10\/Linkspartei-OL-USA-Weltfrieden.jpg\"><img loading=\"lazy\" decoding=\"async\" aria-describedby=\"caption-attachment-559\" class=\"wp-image-559\" src=\"http:\/\/ferne-welten.com\/wp-content\/uploads\/2016\/10\/Linkspartei-OL-USA-Weltfrieden.jpg\" alt=\"Faksimile: Die USA als Gefahr f\u00fcr einen &quot;Weltfrieden&quot;\" width=\"850\" height=\"172\" srcset=\"https:\/\/ferne-welten.com\/wp-content\/uploads\/2016\/10\/Linkspartei-OL-USA-Weltfrieden.jpg 420w, https:\/\/ferne-welten.com\/wp-content\/uploads\/2016\/10\/Linkspartei-OL-USA-Weltfrieden-300x61.jpg 300w\" sizes=\"auto, (max-width: 850px) 100vw, 850px\" \/><\/a><p id=\"caption-attachment-559\" class=\"wp-caption-text\">Faksimile IX \u00a0: Die USA als Gefahr f\u00fcr einen &#8222;Weltfrieden&#8220;<\/p><\/div>\n<p style=\"text-align: justify;\">Schon am 20. September wurde die Behauptung aufgestellt, dass die USA in Wirklichkeit f\u00fcr die Rackets\u00a0des<em> &#8222;Islamischen Staates&#8220;<\/em> (IS) verantwortlich seien: <em>&#8222;Die USA (&#8230;) unterst\u00fctzen den IS&#8220;<\/em>, hie\u00df es zun\u00e4chst auf der Facebook-Seite der Partei, <a href=\"http:\/\/ferne-welten.com\/wp-content\/uploads\/2016\/10\/Linkspartei-OL-RT-und-Kathnet.jpg\" target=\"_blank\">w\u00e4hrend<\/a> sich erneut auf die christlich-fundamentalistische Internetseite <em>&#8222;kath.net&#8220;<\/em> bezogen wurde. Am gleichen Tag radikalisierte\u00a0der Verantwortliche seinen Gedanken. Nun hie\u00df es, dass es ohne die Vereinigten Staaten <em>&#8222;weder den IS noch diesen Krieg gegeben&#8220;<\/em> <a href=\"http:\/\/ferne-welten.com\/wp-content\/uploads\/2016\/10\/Linkspartei-OL-USA-f\u00fcr-ISIS.jpg\" target=\"_blank\">h\u00e4tte<\/a>. So reproduzierte ein Kreisverband auf seiner Facebook-Seite die Kriegsmythen, durch die antiamerikanische und antisemitische Banden zum Produkt der USA gemacht werden.<\/p>\n<p style=\"text-align: justify;\">Die\u00a0Diffamierung ging mit Glorifizierungen der Pollitik des Assad-Regimes einher. Unter diesem Despoten <a href=\"http:\/\/ferne-welten.com\/wp-content\/uploads\/2016\/10\/Linkspartei-OL-USA-f\u00fcr-ISIS.jpg\" target=\"_blank\">h\u00e4tte<\/a> es <em>&#8222;Verbesserungen im sozialen Bereich&#8220;<\/em>\u00a0gegeben, behauptete ein Schreiber des Kreisverbandes, der auch \u00fcber die Auslandsverschuldung des Regimes Geschichtsklitterungen verbreitete. Tats\u00e4chlich <a href=\"http:\/\/www.factfish.com\/de\/statistik-land\/syrien\/externe+schulden,+gesamt\" target=\"_blank\">stieg<\/a>\u00a0der Schuldenstand zwischen 1970 und 2014 von\u00a0278.915.000 US-Dollar auf\u00a04.597.087.000 US-Dollar, w\u00e4hrend emanzipatorische Kr\u00e4fte und gesellschaftliche Minderheiten verfolgt wurden. Trotzdem <a href=\"http:\/\/ferne-welten.com\/wp-content\/uploads\/2016\/10\/Linkspartei-OL-USA-f\u00fcr-ISIS.jpg\" target=\"_blank\">behauptet<\/a> der Kreisverband durch Copy &#8217;n&#8216; Paste:<\/p>\n<blockquote>\n<p style=\"text-align: justify;\">&#8222;Syrien hatte zudem keine Auslandsschulden und ging moderat mit Minderheiten um.\u201c<\/p>\n<\/blockquote>\n<p style=\"text-align: justify;\">Der moderate Einsatz von Fassbomben, dem tausende Zivilisten zum Opfer fielen, wurde durch die Partei durch einen <a href=\"http:\/\/ferne-welten.com\/wp-content\/uploads\/2016\/10\/Linkspartei-OL-Fassbomben-harmloser-als-Uranmunition.jpg\" target=\"_blank\">Waffenvergleich<\/a>\u00a0eingeordnet. Indem auf andere Waffen verwiesen wurde, die die USA und ihre Verb\u00fcndeten angeblich einsetzen, scheinen die Morde verharmlost zu werden:<em> \u201eIm Vergleich zu Fassbomben ist Uranmunition zumindest langfristig viel verheerender.&#8220;<\/em><\/p>\n<p style=\"text-align: justify;\">Kein Wort der Empathie f\u00fcr die Opfer, die den\u00a0grausamen und oftmals auch <a href=\"https:\/\/www.adoptrevolution.org\/dossier-jahrestag\/\" target=\"_blank\">chemischen Angriffen<\/a> des Assad-Regimes und seiner Verb\u00fcndeten bislang zum Opfer gefallen sind. Stattdessen existieren Kommentare, durch die die demokratische Opposition in Syrien diffamiert wird. So verbreitet\u00a0die Gliederung am 19. August diesen Jahres \u00fcber syrische Oppositionelle ein Pamphlet des Weblogs<em> &#8222;Rationalgalerie&#8220;<\/em>:<\/p>\n<blockquote>\n<p style=\"text-align: justify;\">\u201eEin Verbrechergesindel, dem man in deutschen Redaktionen das Blut abwischt (\u2026) und deren feige Finanziers nicht Drecksbande hei\u00dfen d\u00fcrfen (\u2026). Ihre Komplizen hei\u00dfen mit b\u00fcrgerlichem Namen Mister President (..:), w\u00e4hrend ihr \u201aoppositionelles\u2018 Fu\u00dfvolk in Syrien den Gestank von Giftgas verbreitet.&#8220;<\/p>\n<\/blockquote>\n<p style=\"text-align: justify;\">Derartige Einordnungen betreffen manchmal auch bundesdeutsche Politiker. Scheinbar wird deutsche Kriegspolitik und das gef\u00e4hrliche Handeln des m\u00e4chtigen Landes auf die Machenschaften anderer Staaten zur\u00fcckgef\u00fchrt. Dabei avancieren\u00a0politische\u00a0Charaktermasken, die in der Realit\u00e4t nationale Kapitalinteressen verfolgen, zu Marionetten anderer\u00a0Nationen. Am 29. September wird die Behauptung <a href=\"http:\/\/ferne-welten.com\/wp-content\/uploads\/2016\/10\/Linkspartei-OL-Steinmeier.jpg\" target=\"_blank\">verbreitet<\/a>, dass Steinmeier und Merkel in Wirklichkeit durch reiche Golfstaaten <a href=\"http:\/\/ferne-welten.com\/wp-content\/uploads\/2016\/10\/Linkspartei-OL-Steinmeier.jpg\" target=\"_blank\">kontrolliert<\/a>\u00a0werden:<\/p>\n<blockquote>\n<p style=\"text-align: justify;\">\u201eWer die Frage stellt, welchen Einlfuss Saudi-Arabien und die Golfstaaten in Deutschland habe, wird schnell merken, dass auch Steinmeier und Merkel nach deren Pfeife tanzen.\u201c<\/p>\n<\/blockquote>\n<p style=\"text-align: justify;\">Deutsche Politiker erscheinen in den Texten der Parteigliederung oftmals als <em>&#8222;Marionetten&#8220;<\/em>, die laut der Facebook-Seite des Kreisverbandes durch <em>&#8222;gewisse Interessengruppen&#8220;<\/em> kontrolliert werden. Steinmeier ist &#8211; aus der Perspektive der Partei &#8211; nicht nur Au\u00dfenminister des postnationalsozialistischen Nachfolgestaates, <a href=\"http:\/\/ferne-welten.com\/wp-content\/uploads\/2016\/10\/Linkspartei-OL-Steinmeier-Marionette-Hampelmann.jpg\" target=\"_blank\">sondern<\/a>\u00a0vor allem ein\u00a0<em>&#8222;Hampelmann der Scheichs\u201c.<\/em>\u00a0Ansonsten \u00fcberwiegen Einsch\u00e4tzungen, durch die\u00a0b\u00fcrgerlichen Charaktermasken zu irrationalen Narren avancieren.<\/p>\n<div id=\"attachment_505\" style=\"width: 860px\" class=\"wp-caption aligncenter\"><a href=\"http:\/\/ferne-welten.com\/wp-content\/uploads\/2016\/10\/Linkspartei-OL-Steinmeier-Karrikatur.jpg\"><img loading=\"lazy\" decoding=\"async\" aria-describedby=\"caption-attachment-505\" class=\"wp-image-505\" src=\"http:\/\/ferne-welten.com\/wp-content\/uploads\/2016\/10\/Linkspartei-OL-Steinmeier-Karrikatur.jpg\" alt=\"Faksimile X: Einordnung eines SPD-Politkers\" width=\"850\" height=\"740\" srcset=\"https:\/\/ferne-welten.com\/wp-content\/uploads\/2016\/10\/Linkspartei-OL-Steinmeier-Karrikatur.jpg 511w, https:\/\/ferne-welten.com\/wp-content\/uploads\/2016\/10\/Linkspartei-OL-Steinmeier-Karrikatur-300x261.jpg 300w\" sizes=\"auto, (max-width: 850px) 100vw, 850px\" \/><\/a><p id=\"caption-attachment-505\" class=\"wp-caption-text\">Faksimile X: Einordnung eines SPD-Politkers<\/p><\/div>\n<p style=\"text-align: justify;\">Der Innenminister sei <em>&#8222;bekloppt&#8220;<\/em>, w\u00e4hrend die geistigen F\u00e4higkeiten der Kanzlerin in Frage gestellt werden: <em>&#8222;Hat diese Dame sie noch alle? Ich glaube nicht&#8220;<\/em>, formuliert ein Verantwortlicher der Partei in Berufung auf Lafontaine. <a href=\"http:\/\/ferne-welten.com\/wp-content\/uploads\/2016\/10\/Linkspartei-OL-Merkel-als-Schande-f\u00fcr-Schland.jpg\" target=\"_blank\">Die Kanzlerin<\/a>\u00a0sei eine <em>&#8222;Schande f\u00fcr Deutschland&#8220;. <\/em>Ein\u00a0Jargon, der an Stellungnahmen\u00a0von AfD-Mitgliedern erinnert. Vielleicht folgt daher\u00a0einer der raren Momente des\u00a0Widerspruches. Ein Mitglied der Organisation\u00a0<a href=\"http:\/\/ferne-welten.com\/wp-content\/uploads\/2016\/10\/Linkspartei-OL-Merkel-als-Schande-f\u00fcr-Schland.jpg\" target=\"_blank\">schreibt<\/a>, ohne dass es zu einer Reaktion von Seiten des Kreisverbandes kommt:<\/p>\n<blockquote>\n<p style=\"text-align: justify;\">Das ist sowohl inhaltlich als auch im Wortlaut vollkommen unangemessen.\u201c<\/p>\n<\/blockquote>\n<p style=\"text-align: justify;\"><strong>Nutzer der Seite<\/strong><\/p>\n<p style=\"text-align: justify;\">Nur in wenigen F\u00e4llen werden die\u00a0Positionen, die der Kreisverband \u00fcber Facebook, YouTube oder die eigene Internetseite bewirbt, durch Nutzer des Angebots kritisiert. Zwar wird die Facebook-Seite von mehr als 600 Profilen geliked, allerdings kommt es nur selten zu Debatten. \u00d6fter gibt es Zustimmung, die Anti-Amerikaner, Geschichtsrevisionisten und Verschw\u00f6rungsgl\u00e4ubige formulieren. So f\u00fcrchtet ein Nutzer den baldigen Tod von Sahra Wagenknecht, indem er an die Attentate auf John F. Kennedy und Jitzchak Rabin erinnert. Zur Verhinderung eines Todes soll <em>&#8222;die Masse des Volkes&#8220;<\/em> mobilisiert werden:<\/p>\n<blockquote>\n<p style=\"text-align: justify;\">&#8222;Man kann den Mut von Frau Wagenknecht bewundern. (\u2026) Ddie Frieden wollen, meist eines unnat\u00fcrlichen Todes sterben, siehe Rabin, Kennedy&#8230; Der Mensch muss verstehen, dass solche Menschen wie Frau Wagenknecht (\u2026) Unterst\u00fctzung durch die Masse des Volkes bed\u00fcrften.\u201c<\/p>\n<\/blockquote>\n<p style=\"text-align: justify;\">Es gibt weitere Beispiele f\u00fcr bestimmte Nutzer, die sich auf der Facebook-Seite der Partei zu Wort melden. Ein Kommentator verweist am 8. September auf die antisemitische Internetseite <em>&#8222;Global Echo&#8220;.\u00a0<\/em>Der Link und der Kommentar bleiben bestehen, obwohl sich die Seite gegen <em>&#8222;Crypto-Juden und andere Schweinerein\u201c<\/em> richtet. Am gleichen Tag <a href=\"http:\/\/ferne-welten.com\/wp-content\/uploads\/2016\/10\/Linkspartei-OL-Nutzer-Mythen_Rassismus_Antwort.jpg\" target=\"_blank\">empfiehlt<\/a>\u00a0ein Nutzer den Jahresr\u00fcckblick des <a href=\"http:\/\/eisberg.blogsport.de\/2011\/12\/18\/gerhard-wisnewski-ein-prominenter-verschwoerungstheoretiker\/\" target=\"_blank\">Autors<\/a>\u00a0Gerhard Wisnewski, der f\u00fcr den <a href=\"https:\/\/www.youtube.com\/watch?v=3YuNZeNAGDU\" target=\"_blank\">verschw\u00f6rungsideologischen<\/a>\u00a0<em>&#8222;Kopp&#8220;-Verlag&#8220;<\/em> t\u00e4tig ist. Als die\u00a0rechten und antisemitischen Politiker J\u00f6rg Haider und J\u00fcrgen M\u00f6llemann aus dem Leben schieden, unkte\u00a0dieser\u00a0Autor von Morden. Der Freitod des Politikers Holger Barschel wurde \u00e4hnlich umgedeutet. Wisnewski benannte die <a href=\"http:\/\/ferne-welten.com\/?p=324\" target=\"_blank\">\u00fcblichen Verd\u00e4chtigen:<\/a><\/p>\n<blockquote>\n<p style=\"text-align: justify;\">Demnach war Barschels angebliche Bespitzelungsaktion gegen den Oppositionspolitiker Engholm von Anfang an vom Mossad inszeniert und Barschel in die Schuhe geschoben worden. Hintergrund dieser Intrige und schlie\u00dflich der Ermordung sei Barschels Weigerung gewesen, einen illegalen Waffendeal des israelischen Geheimdiensts zu decken.<\/p>\n<\/blockquote>\n<p style=\"text-align: justify;\">Ein Buch des Autors, der als Teil einer <a href=\"http:\/\/eiskaltland.blogsport.eu\/2012\/05\/01\/audienz-beim-antisemiten\/\" target=\"_blank\">Reisetruppe<\/a>\u00a0mit Vertretern des iranischen Regimes parlierte, wurde auf der Facebook-Seite der Partei beworben, die sich nicht positionierte. Daf\u00fcr klagt sie am gleichen Tag in ganz \u00e4hnlicher Sprache, die an Reden verschw\u00f6rungsideologischer Querfrontler erinnert. Es <a href=\"http:\/\/ferne-welten.com\/wp-content\/uploads\/2016\/10\/Linkspartei-OL-Nutzer-Umerziehung_Antikommunismus_Medien.jpg\">w\u00fcrde<\/a>\u00a0<em>&#8222;manipuliert, desinformiert und viele \u00fcble Dinge werden einfach unter den Teppich gekehrt\u201c.<\/em> Ein Nutzer gab dem Kreisverband in einem\u00a0<a href=\"http:\/\/ferne-welten.com\/wp-content\/uploads\/2016\/10\/Linkspartei-OL-Nutzer-Umerziehung_Antikommunismus_Medien.jpg\">Kommentar<\/a>\u00a0Recht, der bis heute nicht gel\u00f6scht wurde. Stattdessen schweigt die Partei zu dieser nationalsozialistische Positionierung, die sich <a href=\"http:\/\/ferne-welten.com\/wp-content\/uploads\/2016\/10\/Linkspartei-OL-Nutzer-Umerziehung_Antikommunismus_Medien.jpg\">auf<\/a>\u00a0auf der Facebook-Pr\u00e4senz findet:<\/p>\n<div id=\"attachment_500\" style=\"width: 860px\" class=\"wp-caption aligncenter\"><a href=\"http:\/\/ferne-welten.com\/wp-content\/uploads\/2016\/10\/Linkspartei-OL-Nutzer-Umerziehung_Antikommunismus_Medien.jpg\"><img loading=\"lazy\" decoding=\"async\" aria-describedby=\"caption-attachment-500\" class=\"wp-image-500\" src=\"http:\/\/ferne-welten.com\/wp-content\/uploads\/2016\/10\/Linkspartei-OL-Nutzer-Umerziehung_Antikommunismus_Medien.jpg\" alt=\"linkspartei-ol-nutzer-umerziehung_antikommunismus_medien\" width=\"850\" height=\"448\" srcset=\"https:\/\/ferne-welten.com\/wp-content\/uploads\/2016\/10\/Linkspartei-OL-Nutzer-Umerziehung_Antikommunismus_Medien.jpg 524w, https:\/\/ferne-welten.com\/wp-content\/uploads\/2016\/10\/Linkspartei-OL-Nutzer-Umerziehung_Antikommunismus_Medien-300x158.jpg 300w\" sizes=\"auto, (max-width: 850px) 100vw, 850px\" \/><\/a><p id=\"caption-attachment-500\" class=\"wp-caption-text\">Faksimile XI: Jargon des Nationalsozialismus<\/p><\/div>\n<p style=\"text-align: left;\"><strong>Inhalte deutscher Sozialisten<\/strong><\/p>\n<p style=\"text-align: justify;\">W\u00e4hrend verschw\u00f6rungsideologische Deutungen vor allem auf der Facebook-Seite viel Raum einnehmen, spielen kommunale Themen nur selten eine Rolle. Stattdessen betreibt der Kreisverband eine geistige Mobilmachung gegen die USA, die f\u00fcr den Krieg in Syrien in Haftung genommen wird. Zugleich wird das Bild einer Medienverschw\u00f6rung gesponnen. Auf den Internetseiten der Parteigliederung wird derweil auf Quellen\u00a0verwiesen, die durch den russischen Staat finanziert werden. Die Partei greift wiederholt auf die Inhalte der staatlichen\u00a0<em>&#8222;Sputniknews&#8220; <\/em>zur\u00fcck<em>.\u00a0<\/em>Der Fernsehsender <em>&#8222;RT&#8220;<\/em> gibt vor allem Kadern der AfD, Akteuren von Pegida und Verschw\u00f6rungsideologen wie J\u00fcrgen Els\u00e4sser eine Plattform. Der\u00a0Sender, eine Plattform f\u00fcr Verschw\u00f6rungsmysthik und Homophobie, wird vom Kreisverband der Linkspartei auf Facebook empfohlen.<\/p>\n<p style=\"text-align: justify;\">Weil Mythen die\u00a0Analyse der Verh\u00e4ltnisse ersetzen, wird sich ansonsten auf Internetseiten des verschw\u00f6rungsideologische Milieus bezogen, auf denen antisemitische Verunglimpfungen und Geschichtsl\u00fcgen wie die Leugnung der Shoah zu finden sind. Auf den Seiten der Verschw\u00f6rungsszene findet sich h\u00e4ufig eine Parteinahme f\u00fcr die Verh\u00e4ltnisse unter Putin, die mit anti-amerikanischen Positionierungen einhergeht, w\u00e4hrend von einem neuen und unabh\u00e4ngigen Deutschland getr\u00e4umt wird. Es sind Vorstellungen, die viele Verschw\u00f6rungsgl\u00e4ubige, Nationalbolschewisten und Linksnationalisten vereint.<\/p>\n<p style=\"text-align: justify;\">Nie wird der Kapitalismus als gesellschaftliches Zwangsverh\u00e4ltnis begriffen, sondern es werden konkrete Akteure mythologisiert, die f\u00fcr Elend, Krieg und Katastrophen in Haftung genommen werden. Es sind Phantasien der Personalisierung, die die \u00f6konomischen und ideologischen Ursachen f\u00fcr kriegerische und soziale Konflikte ausblenden, um nach konkreten T\u00e4tern zu fahnden. Solche Zumutungen des regressiven Antikapitalismus werden &#8211; nicht nur in <a href=\"http:\/\/ferne-welten.com\/wp-content\/uploads\/2016\/10\/Linkspartei-OL-Steinmeier-Karrikatur.jpg\" target=\"_blank\">grafischer Form<\/a> &#8211; durch die hiesige Linkspartei verbreitet.<\/p>\n<p style=\"text-align: justify;\">Karl Marx polemisierte bereits in jungen Jahren gegen deutsche Sozialisten, die <em>&#8222;jeder Niedertr\u00e4chtigkeit&#8220;<\/em> einen <em>&#8222;h\u00f6heren, sozialistischen Sinn&#8220;<\/em> verliehen, obwohl sie doch <em>&#8222;ihr Gegenteil bedeutete&#8220;.\u00a0<\/em>Dass Formen der Niedertracht anscheinend auch in der Gegenwart fortleben, offenbaren die Internetseiten des Kreisverbandes, der sich frei nach <a href=\"https:\/\/www.youtube.com\/watch?v=2crzsNi0mOU\">Joachim Bruhn<\/a>\u00a0als <em>&#8222;Teil einer konterrevolution\u00e4ren Veranstaltung&#8220;<\/em> erweist. Bleibt die Hoffnung, dass diese Veranstaltung von denen gest\u00f6rt wird, die alle Verh\u00e4ltnisse umwerfen wollen, in denen der <em>&#8222;Mensch\u00a0ein erniedrigtes, ein geknechtetes, ein verlassenes, ein ver\u00e4chtliches Wesen ist&#8220;<\/em>.<\/p>\n<a class=\"synved-social-button synved-social-button-share synved-social-size-32 synved-social-resolution-single synved-social-provider-facebook nolightbox\" data-provider=\"facebook\" target=\"_blank\" rel=\"nofollow\" title=\"Auf Facebook teilen\" href=\"https:\/\/www.facebook.com\/sharer.php?u=https%3A%2F%2Fferne-welten.com%2Findex.php%3Frest_route%3D%252Fwp%252Fv2%252Fposts%252F418&#038;t=Gegen%20die%20USA%20%E2%80%93%20f%C3%BCr%20Russland.%20Zur%20Ideologie%20eines%20Kreisverbandes&#038;s=100&#038;p&#091;url&#093;=https%3A%2F%2Fferne-welten.com%2Findex.php%3Frest_route%3D%252Fwp%252Fv2%252Fposts%252F418&#038;p&#091;images&#093;&#091;0&#093;=http%3A%2F%2Fferne-welten.com%2Fwp-content%2Fuploads%2F2016%2F10%2FDiether-Dehm-Antideutsche-L%C3%BCgenprofis-1.jpg&#038;p&#091;title&#093;=Gegen%20die%20USA%20%E2%80%93%20f%C3%BCr%20Russland.%20Zur%20Ideologie%20eines%20Kreisverbandes\" style=\"font-size: 0px;width:32px;height:32px;margin:0;margin-bottom:5px;margin-right:5px\"><img loading=\"lazy\" decoding=\"async\" alt=\"Facebook\" title=\"Auf Facebook teilen\" class=\"synved-share-image synved-social-image synved-social-image-share\" width=\"32\" height=\"32\" style=\"display: inline;width:32px;height:32px;margin: 0;padding: 0;border: none;box-shadow: none\" src=\"https:\/\/ferne-welten.com\/wp-content\/plugins\/social-media-feather\/synved-social\/addons\/extra-icons\/image\/social\/circle\/64x64\/facebook.png\" \/><\/a><a class=\"synved-social-button synved-social-button-share synved-social-size-32 synved-social-resolution-single synved-social-provider-twitter nolightbox\" data-provider=\"twitter\" target=\"_blank\" rel=\"nofollow\" title=\"Auf Twitter teilen\" href=\"https:\/\/twitter.com\/intent\/tweet?url=https%3A%2F%2Fferne-welten.com%2Findex.php%3Frest_route%3D%252Fwp%252Fv2%252Fposts%252F418&#038;text=Hey%20check%20this%20out\" style=\"font-size: 0px;width:32px;height:32px;margin:0;margin-bottom:5px;margin-right:5px\"><img loading=\"lazy\" decoding=\"async\" alt=\"twitter\" title=\"Auf Twitter teilen\" class=\"synved-share-image synved-social-image synved-social-image-share\" width=\"32\" height=\"32\" style=\"display: inline;width:32px;height:32px;margin: 0;padding: 0;border: none;box-shadow: none\" src=\"https:\/\/ferne-welten.com\/wp-content\/plugins\/social-media-feather\/synved-social\/addons\/extra-icons\/image\/social\/circle\/64x64\/twitter.png\" \/><\/a><a class=\"synved-social-button synved-social-button-share synved-social-size-32 synved-social-resolution-single synved-social-provider-reddit nolightbox\" data-provider=\"reddit\" target=\"_blank\" rel=\"nofollow\" title=\"Auf Reddit teilen\" href=\"https:\/\/www.reddit.com\/submit?url=https%3A%2F%2Fferne-welten.com%2Findex.php%3Frest_route%3D%252Fwp%252Fv2%252Fposts%252F418&#038;title=Gegen%20die%20USA%20%E2%80%93%20f%C3%BCr%20Russland.%20Zur%20Ideologie%20eines%20Kreisverbandes\" style=\"font-size: 0px;width:32px;height:32px;margin:0;margin-bottom:5px;margin-right:5px\"><img loading=\"lazy\" decoding=\"async\" alt=\"reddit\" title=\"Auf Reddit teilen\" class=\"synved-share-image synved-social-image synved-social-image-share\" width=\"32\" height=\"32\" style=\"display: inline;width:32px;height:32px;margin: 0;padding: 0;border: none;box-shadow: none\" src=\"https:\/\/ferne-welten.com\/wp-content\/plugins\/social-media-feather\/synved-social\/addons\/extra-icons\/image\/social\/circle\/64x64\/reddit.png\" \/><\/a><a class=\"synved-social-button synved-social-button-share synved-social-size-32 synved-social-resolution-single synved-social-provider-pinterest nolightbox\" data-provider=\"pinterest\" target=\"_blank\" rel=\"nofollow\" title=\"Auf Pinterest pinnen\" href=\"https:\/\/pinterest.com\/pin\/create\/button\/?url=https%3A%2F%2Fferne-welten.com%2Findex.php%3Frest_route%3D%252Fwp%252Fv2%252Fposts%252F418&#038;media=http%3A%2F%2Fferne-welten.com%2Fwp-content%2Fuploads%2F2016%2F10%2FDiether-Dehm-Antideutsche-L%C3%BCgenprofis-1.jpg&#038;description=Gegen%20die%20USA%20%E2%80%93%20f%C3%BCr%20Russland.%20Zur%20Ideologie%20eines%20Kreisverbandes\" style=\"font-size: 0px;width:32px;height:32px;margin:0;margin-bottom:5px;margin-right:5px\"><img loading=\"lazy\" decoding=\"async\" alt=\"pinterest\" title=\"Auf Pinterest pinnen\" class=\"synved-share-image synved-social-image synved-social-image-share\" width=\"32\" height=\"32\" style=\"display: inline;width:32px;height:32px;margin: 0;padding: 0;border: none;box-shadow: none\" src=\"https:\/\/ferne-welten.com\/wp-content\/plugins\/social-media-feather\/synved-social\/addons\/extra-icons\/image\/social\/circle\/64x64\/pinterest.png\" \/><\/a><a class=\"synved-social-button synved-social-button-share synved-social-size-32 synved-social-resolution-single synved-social-provider-linkedin nolightbox\" data-provider=\"linkedin\" target=\"_blank\" rel=\"nofollow\" title=\"Auf Linkedin teilen\" href=\"https:\/\/www.linkedin.com\/shareArticle?mini=true&#038;url=https%3A%2F%2Fferne-welten.com%2Findex.php%3Frest_route%3D%252Fwp%252Fv2%252Fposts%252F418&#038;title=Gegen%20die%20USA%20%E2%80%93%20f%C3%BCr%20Russland.%20Zur%20Ideologie%20eines%20Kreisverbandes\" style=\"font-size: 0px;width:32px;height:32px;margin:0;margin-bottom:5px;margin-right:5px\"><img loading=\"lazy\" decoding=\"async\" alt=\"linkedin\" title=\"Auf Linkedin teilen\" class=\"synved-share-image synved-social-image synved-social-image-share\" width=\"32\" height=\"32\" style=\"display: inline;width:32px;height:32px;margin: 0;padding: 0;border: none;box-shadow: none\" src=\"https:\/\/ferne-welten.com\/wp-content\/plugins\/social-media-feather\/synved-social\/addons\/extra-icons\/image\/social\/circle\/64x64\/linkedin.png\" \/><\/a><a class=\"synved-social-button synved-social-button-share synved-social-size-32 synved-social-resolution-single synved-social-provider-tumblr nolightbox\" data-provider=\"tumblr\" target=\"_blank\" rel=\"nofollow\" title=\"\u00dcber Tumblr teilen\" href=\"https:\/\/tumblr.com\/share?s=&#038;v=3&#038;t=Gegen%20die%20USA%20%E2%80%93%20f%C3%BCr%20Russland.%20Zur%20Ideologie%20eines%20Kreisverbandes&#038;u=https%3A%2F%2Fferne-welten.com%2Findex.php%3Frest_route%3D%252Fwp%252Fv2%252Fposts%252F418\" style=\"font-size: 0px;width:32px;height:32px;margin:0;margin-bottom:5px;margin-right:5px\"><img loading=\"lazy\" decoding=\"async\" alt=\"tumblr\" title=\"\u00dcber Tumblr teilen\" class=\"synved-share-image synved-social-image synved-social-image-share\" width=\"32\" height=\"32\" style=\"display: inline;width:32px;height:32px;margin: 0;padding: 0;border: none;box-shadow: none\" src=\"https:\/\/ferne-welten.com\/wp-content\/plugins\/social-media-feather\/synved-social\/addons\/extra-icons\/image\/social\/circle\/64x64\/tumblr.png\" \/><\/a><a class=\"synved-social-button synved-social-button-share synved-social-size-32 synved-social-resolution-single synved-social-provider-mail nolightbox\" data-provider=\"mail\" rel=\"nofollow\" title=\"Link per Mail weiterleiten\" href=\"mailto:?subject=Gegen%20die%20USA%20%E2%80%93%20f%C3%BCr%20Russland.%20Zur%20Ideologie%20eines%20Kreisverbandes&#038;body=Hey%20check%20this%20out:%20https%3A%2F%2Fferne-welten.com%2Findex.php%3Frest_route%3D%252Fwp%252Fv2%252Fposts%252F418\" style=\"font-size: 0px;width:32px;height:32px;margin:0;margin-bottom:5px\"><img loading=\"lazy\" decoding=\"async\" alt=\"mail\" title=\"Link per Mail weiterleiten\" class=\"synved-share-image synved-social-image synved-social-image-share\" width=\"32\" height=\"32\" style=\"display: inline;width:32px;height:32px;margin: 0;padding: 0;border: none;box-shadow: none\" src=\"https:\/\/ferne-welten.com\/wp-content\/plugins\/social-media-feather\/synved-social\/addons\/extra-icons\/image\/social\/circle\/64x64\/mail.png\" \/><\/a>","protected":false},"excerpt":{"rendered":"<p>Der hiesige Kreisverband der Linkspartei betreibt nicht nur eine Internetseite, sondern nutzt auch eine Facebook-Pr\u00e4senz. Auf den Seiten der Linken aus Oldenburg erscheinen Kommentare, durch die die Partei eine gewisse Politik betreibt. Dort verbreitet sie verschw\u00f6rungsideologische Inhalte. Dabei bewirbt\u00a0der Kreisverband&#8230;<br \/><a class=\"read-more-button\" href=\"https:\/\/ferne-welten.com\/?p=418\">Read more<\/a><\/p>\n","protected":false},"author":1,"featured_media":0,"comment_status":"open","ping_status":"open","sticky":false,"template":"","format":"standard","meta":{"footnotes":""},"categories":[88,79],"tags":[94,107,104,100,97,106,89,103,108,93,101,105,102,99],"class_list":["post-418","post","type-post","status-publish","format-standard","hentry","category-dorfkritik","category-mythen","tag-andreas-maurer","tag-antisemitismus","tag-hagen-rether","tag-juergen-todenhoefer","tag-ken-jebsen","tag-lefloid","tag-linkspartei","tag-michel-jackson","tag-mythen","tag-oldenburg","tag-oskar-lafontaine","tag-russia-today","tag-sahra-wagenknecht","tag-willy-wimmer"],"_links":{"self":[{"href":"https:\/\/ferne-welten.com\/index.php?rest_route=\/wp\/v2\/posts\/418","targetHints":{"allow":["GET"]}}],"collection":[{"href":"https:\/\/ferne-welten.com\/index.php?rest_route=\/wp\/v2\/posts"}],"about":[{"href":"https:\/\/ferne-welten.com\/index.php?rest_route=\/wp\/v2\/types\/post"}],"author":[{"embeddable":true,"href":"https:\/\/ferne-welten.com\/index.php?rest_route=\/wp\/v2\/users\/1"}],"replies":[{"embeddable":true,"href":"https:\/\/ferne-welten.com\/index.php?rest_route=%2Fwp%2Fv2%2Fcomments&post=418"}],"version-history":[{"count":105,"href":"https:\/\/ferne-welten.com\/index.php?rest_route=\/wp\/v2\/posts\/418\/revisions"}],"predecessor-version":[{"id":704,"href":"https:\/\/ferne-welten.com\/index.php?rest_route=\/wp\/v2\/posts\/418\/revisions\/704"}],"wp:attachment":[{"href":"https:\/\/ferne-welten.com\/index.php?rest_route=%2Fwp%2Fv2%2Fmedia&parent=418"}],"wp:term":[{"taxonomy":"category","embeddable":true,"href":"https:\/\/ferne-welten.com\/index.php?rest_route=%2Fwp%2Fv2%2Fcategories&post=418"},{"taxonomy":"post_tag","embeddable":true,"href":"https:\/\/ferne-welten.com\/index.php?rest_route=%2Fwp%2Fv2%2Ftags&post=418"}],"curies":[{"name":"wp","href":"https:\/\/api.w.org\/{rel}","templated":true}]}}