{"id":616,"date":"2013-03-09T18:10:15","date_gmt":"2013-03-09T17:10:15","guid":{"rendered":"http:\/\/ferne-welten.com\/?p=616"},"modified":"2017-04-30T14:14:05","modified_gmt":"2017-04-30T13:14:05","slug":"616","status":"publish","type":"post","link":"https:\/\/ferne-welten.com\/?p=616","title":{"rendered":"Populisten gegen Europa"},"content":{"rendered":"<p style=\"text-align: justify;\">Mit ihrer neuen Partei wollen sie die\u00a0\u201eAlternative f\u00fcr Deutschland\u201c\u00a0sein. Ein paar erzkonservative und deutschnationale Gestalten haben sich zusammengefunden, um ihren Traum von der R\u00fcckkehr zur Deutschen Mark mit einer neuen Organisation Nachdruck zu verleihen. Die\u00a0\u201eAlternative f\u00fcr Deutschland\u201c\u00a0sorgt f\u00fcr Schlagzeilen, das Oberhaupt dieser Gruppierung\u00a0bewirbt\u00a0sie zur besten Sendezeit im ZDF. Zuallererst geht es um den Ausstieg aus dem Euro; doch die Unterst\u00fctzer der Partei vertreten auch deutschnationale, v\u00f6lkische und verschw\u00f6rungsideologische Positionen.<\/p>\n<p style=\"text-align: justify;\"><!--more--><\/p>\n<p style=\"text-align: justify;\">Voller Freude\u00a0<a href=\"https:\/\/www.facebook.com\/alternativefuer.de\/posts\/544729275550071\">verweisen\u00a0<\/a>die Parteigr\u00fcnder auf einen\u201ewahren Strom an Unterst\u00fctzung\u201c. Wer einen Blick auf die\u00a0<a href=\"http:\/\/anonym.to\/?http:\/\/www.alternativefuer.de\/\">Liste\u00a0<\/a>der offiziellen Unterst\u00fctzer wirft, d\u00fcrfte auf verschw\u00f6rungsideologische Autoren und erzkonservative Politiker sto\u00dfen, die die Angst vor Europa eint. Dort f\u00fcrchtet man eine angeblich drohende Diktatur, die aus der Europ\u00e4ischen Union erw\u00e4chst. Die Europ\u00e4ische Union scheint ihnen die neue Sowjetunion, Br\u00fcssel das neue Moskau und Merkel so etwas wie eine Wiedergeburt des Karl Marx zu sein.<\/p>\n<p style=\"text-align: justify;\">Es sind Personen wie Stefan Milkereit, die nun in der neuen Partei Politik betreiben wollen und die die Angst vor der angeblichen Diktatur anzutreiben scheint. Der Steuerberater aus dem Biebertal sitzt als\u00a0<a href=\"http:\/\/anonym.to\/?http:\/\/www.alternativefuer.de\/vorstand.html\">Beisitzer\u00a0<\/a>im Bundesvorstand. Au\u00dferdem betreibt er einen\u00a0<a href=\"https:\/\/twitter.com\/info_stefan\">Twitter-Account<\/a>, \u00fcber den er absurde und belanglose Lebensweisheiten absondert.\u00a0\u201eWer tief stapelt, kann nie hoch hinaus kommen\u201c,\u00a0<a href=\"https:\/\/twitter.com\/info_stefan\/status\/280340141325840384\">schreibt\u00a0<\/a>er dort. Neben derartig belanglosen Weisheiten finden sich dort aber auch NS-Relativierungen. So zum Beispiel die\u00a0<a href=\"https:\/\/twitter.com\/info_stefan\/status\/290024910733074433\">Behauptung<\/a>, dass das L\u00f6schen von Kommentaren eine neue Form der B\u00fccherverbrennung darstellen w\u00fcrde. Diejenigen, die das\u00a0\u201eVaterland\u201c\u00a0nicht lieben, w\u00fcrden eine\u00a0\u201eallgemeine Gefahr\u201c\u00a0darstellen,\u00a0<a href=\"https:\/\/twitter.com\/info_stefan\/status\/267565100997697536\">meldet\u00a0<\/a>das Parteivorstandsmitglied ebenfalls \u00fcber Twitter. Der bisherige H\u00f6hepunkt aus Tiraden und Phrasen war am 28. November 2012 erreicht. Damals erfand das Parteivorstandsmitglied ein\u00a0\u201eMulti-Kulti-Gen\u201c\u00a0und\u00a0<a href=\"https:\/\/twitter.com\/info_stefan\/status\/273875242672340992\">schrieb in\u00a0<\/a>NS-Manier \u00fcber daraus resultierende\u00a0\u201eMutationen\u201c:<\/p>\n<blockquote><p>Multi-Kulti-Gen f\u00fchrt zu Mutationen und damit zu Krankheiten, die vorher bei Reinrassigkeit nicht vorhanden waren. Wissenschaftlich erwiesen.<\/p><\/blockquote>\n<p style=\"text-align: justify;\">Ein weiterer Unterst\u00fctzer der neuen Gruppierung ist der ehemalige Brigadegeneral Dieter Farwick. Der deutsche Landser tritt als Publizist in Erscheinung. Seine Artikel finden sich unter anderem in der\u00a0\u201ePreu\u00dfischen Allgemeinen Zeitung\u201c, dem\u00a0<a href=\"http:\/\/de.wikipedia.org\/wiki\/Preu%C3%9Fische_Allgemeine_Zeitung\">Sprachrohr\u00a0<\/a>der deutschnationalen Landsmannschaft Ostpreu\u00dfen, die auch in diesem Jahrtausend mit v\u00f6lkischer Brauchtumspflege an die verlorenen Ostgebiete erinnert.<\/p>\n<p style=\"text-align: justify;\"><a href=\"http:\/\/anonym.to\/?http:\/\/www.preussische-allgemeine.de\/nachrichten\/artikel\/doppeltes-spiel-auf-zeit.html\">Dort\u00a0<\/a>l\u00e4sst sich Farwick zum Beispiel \u00fcber den\u00a0\u201eKonflikt\u201c\u00a0im\u00a0\u201eNahen Osten\u201c\u00a0aus. Er gibt den deutschen Nachhilfelehrer, der die\u00a0\u201eZwei Staatenl\u00f6sung\u201c\u00a0empfiehlt und vor einem israelischen Angriff auf den Iran warnt. In dieser Zeitschrift wird \u2013 vielleicht im Gegenzug \u2013 das Buch des deutschen Milit\u00e4rs\u00a0<a href=\"http:\/\/anonym.to\/?http:\/\/www.preussische-allgemeine.de\/nachrichten\/artikel\/politik-in-der-sackgasse.html\">empfohlen<\/a>.\u00a0\u201eSein Buch \u201aWege ins Abseits. Wie Deutschland seine Zukunft verspielt\u2019\u201c\u00a0sei\u00a0\u201eeine hervorragende Erg\u00e4nzung zu Sarrazins Schriften\u201c.\u00a0Dieses Buch ist im \u00dcbrigen im\u00a0<a href=\"http:\/\/anonym.to\/?http:\/\/www.osningverlag.de\/\">Osning-Verlag<\/a>\u00a0erschienen, in dem die deutsche Kriegsschuld durch die altbekannten Pr\u00e4ventivkriegsmythen geleugnet wird.<\/p>\n<p style=\"text-align: justify;\">Ein anderer Unterst\u00fctzer der entstehenden Partei schreibt nicht f\u00fcr den Verlag, daf\u00fcr aber f\u00fcr eine andere Zeitung der deutschen Rechten. Es handelt sich um\u00a0<a href=\"http:\/\/de.wikipedia.org\/wiki\/Bruno_Bandulet\">Dr. Bruno Bandulet,\u00a0<\/a>der als nach eigenen Angaben f\u00fcr die neu-rechte Junge Freiheit schreibt. Au\u00dferdem hat er mehrere B\u00fccher verfasst. Einige sind imverschw\u00f6rungsideologischen und rechtsesoterischen Kopp-Verlag\u00a0erschienen. Passenderweise verbreitet das ehemalige Mitglied des deutschnationalen Bund Freier B\u00fcrger (<a href=\"http:\/\/de.wikipedia.org\/wiki\/Bund_freier_B%C3%BCrger_%E2%80%93_Offensive_f%C3%BCr_Deutschland\">BfB<\/a>) geschichtsrevisionistische Verschw\u00f6rungsmythen:<\/p>\n<blockquote><p>Kaum jemand wei\u00df, dass Deutschland bis heute vertraglich gebunden ist, sich an die Geschichtsversion der Siegerm\u00e4chte zu halten. (\u2026) Die Verpflichtung Deutschlands, die eigene Geschichte durch eine fremde Brille zu sehen, wurde 1990 vertraglich verl\u00e4ngert!<\/p><\/blockquote>\n<p style=\"text-align: justify;\">Dieses\u00a0<a href=\"http:\/\/anonym.to\/?http:\/\/www.kopp-verlag.de\/Der-Krieg,-der-viele-Vaeter-hatte.htm?websale8=kopp-verlag&amp;pi=107116\">Zitat\u00a0<\/a>ist Wasser auf die M\u00fchlen der Geschichtsrevisionisten, Antisemiten und Holocaustleugner. Es findet sich daher auf zahlreichen Internetseiten, die von derartigen Gestalten betrieben werden.<\/p>\n<p style=\"text-align: justify;\">Zahlreiche Verschw\u00f6rungsgl\u00e4ubige beobachten oder unterst\u00fctzen das neue Parteien-Projekt. Da w\u00e4ren zum Beispiel beiden Aktivisten des\u00a0\u201eAktionsb\u00fcndnis Direkte Demokratie\u201c\u00a0aus Stuttgart. Dieser Zusammenschluss um Hansj\u00f6rg Schrade und Bernhard Seitz organisiert seit einiger Zeit den Kampf gegen Europa, indem man Politiker anzeigt und\u00a0auf der Stra\u00dfe marschiert. Nun treten Schrade und Seitz als Unterst\u00fctzer der neuen Partei in Erscheinung.<\/p>\n<p style=\"text-align: justify;\">Zuvor hatte ihre Gruppierung vor einer\u00a0\u201eMachtergreifung\u201cdurch eine omin\u00f6se\u00a0\u201eEU-Diktatur\u201c\u00a0gewarnt. In diesem Zusammenhang ging man auch auf die Stra\u00dfe. In Berlin marschierte man vor dem Reichstag auf. Dort\u00a0beteiligten\u00a0sich auch einige Kader der Nationaldemokratischen Partei Deutschland (NPD). Auf anderen Aktionen des\u00a0\u201eAktionsb\u00fcndnis\u201c\u00a0sprachen die Vordenker des verschw\u00f6rungsideologischen Milieus: Auf einer\u00a0Kundgebung\u00a0hielt\u00a0Jens\u00a0Blecker\u00a0eine\u00a0Brandrede. Auf dessen Internetseite\u00a0findet sich auch antisemitische Hetze. Dort ist zum Beispiel von den \u201ebei\u00adden Fami\u00adli\u00aden\u00adclans Roth\u00adschild und Rocke\u00adfel\u00adler\u201d\u00a0die Rede, die die Welt beherrschen w\u00fcrden.<\/p>\n<p style=\"text-align: justify;\">Das neue Parteienprojekt wird au\u00dferdem durch\u00a0<a href=\"http:\/\/de.wikipedia.org\/wiki\/Wilhelm_Hankel\">Wilhelm Hankel<\/a>\u00a0unterst\u00fctzt. Der verbreitete seine Theorien auch in der National-Zeitung des vor kurzem verstorbenen Nationalsozialisten und DVU-Gr\u00fcnders Gerhard Frey. Ein weiterer Unterst\u00fctzer ist Karl Albrecht Schachtschneider, der \u00fcberall dort auftritt, wo man sich vor dem Euro und den dazugeh\u00f6rigen Institutionen f\u00fcrchtet. Bereits im Jahr 2009 begeisterte er bei die Mitglieder der rassistischen Gruppierung\u00a0\u201ePro K\u00f6ln\u201c.<\/p>\n<p style=\"text-align: justify;\">Mit dem\u00a0ehemaligen\u00a0Radiomoderator\u00a0Ken Jebsen, der f\u00fcr seine\u00a0anti-amerikanischen und anti-israelischen Tiraden\u00a0ber\u00fcchtigt ist, f\u00fchrte Schachtschneider angeregte Gespr\u00e4che, die der Nachwelt zur Verf\u00fcgung gestellt wurden. Schachtschneider publiziert ebenfalls im\u00a0Kopp Verlag. Zahlreiche Unterst\u00fctzer der neuen Partei stammen ebenfalls aus dem Umfeld des verschw\u00f6rungsideologischen\u00a0Verlages, der ihre Machwerke publiziert.<\/p>\n<p style=\"text-align: justify;\">Ein Blick auf diese Unterst\u00fctzer der neuen Partei macht deutlich, wohin deren Reise gehen wird. Hier geht es um mehr als den Euro. Es geht um eine Sammlungsbewegung, die denjenigen eine Heimat bieten d\u00fcrfte, die von einem starken Deutschland tr\u00e4umen. Zus\u00e4tzlich d\u00fcrfte diese Partei verschiedene Verschw\u00f6rungsgl\u00e4ubige anziehen, die in der Europ\u00e4ischen Union einen n\u00e4chsten Schritt zur vermeintlich drohenden Weltdiktatur sehen.<\/p>\n<p style=\"text-align: justify;\">Die anti-europ\u00e4ischen Positionierung d\u00fcrfte der als kleinster gemeinsamer Nenner sein.\u00a0 Mit ihrem verschw\u00f6rungsideologischen\u00a0Populismus\u00a0gegen die\u00a0\u201e\u2019Parasiten in Br\u00fcssel\u2019\u201c\u00a0k\u00f6nnte die\u00a0\u201eAlternative\u201c\u00a0bei den n\u00e4chsten Wahlen einen Achtungserfolg erzielen. Damit k\u00f6nnte dieser Partei das gelingen, woran\u00a0andere Kleinstparteien\u00a0bisher gescheitert sind.<\/p>\n<a class=\"synved-social-button synved-social-button-share synved-social-size-32 synved-social-resolution-single synved-social-provider-facebook nolightbox\" data-provider=\"facebook\" target=\"_blank\" rel=\"nofollow\" title=\"Auf Facebook teilen\" href=\"https:\/\/www.facebook.com\/sharer.php?u=https%3A%2F%2Fferne-welten.com%2Findex.php%3Frest_route%3D%252Fwp%252Fv2%252Fposts%252F616&#038;t=Populisten%20gegen%20Europa&#038;s=100&#038;p&#091;url&#093;=https%3A%2F%2Fferne-welten.com%2Findex.php%3Frest_route%3D%252Fwp%252Fv2%252Fposts%252F616&#038;p&#091;images&#093;&#091;0&#093;=&#038;p&#091;title&#093;=Populisten%20gegen%20Europa\" style=\"font-size: 0px;width:32px;height:32px;margin:0;margin-bottom:5px;margin-right:5px\"><img loading=\"lazy\" decoding=\"async\" alt=\"Facebook\" title=\"Auf Facebook teilen\" class=\"synved-share-image synved-social-image synved-social-image-share\" width=\"32\" height=\"32\" style=\"display: inline;width:32px;height:32px;margin: 0;padding: 0;border: none;box-shadow: none\" src=\"https:\/\/ferne-welten.com\/wp-content\/plugins\/social-media-feather\/synved-social\/addons\/extra-icons\/image\/social\/circle\/64x64\/facebook.png\" \/><\/a><a class=\"synved-social-button synved-social-button-share synved-social-size-32 synved-social-resolution-single synved-social-provider-twitter nolightbox\" data-provider=\"twitter\" target=\"_blank\" rel=\"nofollow\" title=\"Auf Twitter teilen\" href=\"https:\/\/twitter.com\/intent\/tweet?url=https%3A%2F%2Fferne-welten.com%2Findex.php%3Frest_route%3D%252Fwp%252Fv2%252Fposts%252F616&#038;text=Hey%20check%20this%20out\" style=\"font-size: 0px;width:32px;height:32px;margin:0;margin-bottom:5px;margin-right:5px\"><img loading=\"lazy\" decoding=\"async\" alt=\"twitter\" title=\"Auf Twitter teilen\" class=\"synved-share-image synved-social-image synved-social-image-share\" width=\"32\" height=\"32\" style=\"display: inline;width:32px;height:32px;margin: 0;padding: 0;border: none;box-shadow: none\" src=\"https:\/\/ferne-welten.com\/wp-content\/plugins\/social-media-feather\/synved-social\/addons\/extra-icons\/image\/social\/circle\/64x64\/twitter.png\" \/><\/a><a class=\"synved-social-button synved-social-button-share synved-social-size-32 synved-social-resolution-single synved-social-provider-reddit nolightbox\" data-provider=\"reddit\" target=\"_blank\" rel=\"nofollow\" title=\"Auf Reddit teilen\" href=\"https:\/\/www.reddit.com\/submit?url=https%3A%2F%2Fferne-welten.com%2Findex.php%3Frest_route%3D%252Fwp%252Fv2%252Fposts%252F616&#038;title=Populisten%20gegen%20Europa\" style=\"font-size: 0px;width:32px;height:32px;margin:0;margin-bottom:5px;margin-right:5px\"><img loading=\"lazy\" decoding=\"async\" alt=\"reddit\" title=\"Auf Reddit teilen\" class=\"synved-share-image synved-social-image synved-social-image-share\" width=\"32\" height=\"32\" style=\"display: inline;width:32px;height:32px;margin: 0;padding: 0;border: none;box-shadow: none\" src=\"https:\/\/ferne-welten.com\/wp-content\/plugins\/social-media-feather\/synved-social\/addons\/extra-icons\/image\/social\/circle\/64x64\/reddit.png\" \/><\/a><a class=\"synved-social-button synved-social-button-share synved-social-size-32 synved-social-resolution-single synved-social-provider-pinterest nolightbox\" data-provider=\"pinterest\" target=\"_blank\" rel=\"nofollow\" title=\"Auf Pinterest pinnen\" href=\"https:\/\/pinterest.com\/pin\/create\/button\/?url=https%3A%2F%2Fferne-welten.com%2Findex.php%3Frest_route%3D%252Fwp%252Fv2%252Fposts%252F616&#038;media=&#038;description=Populisten%20gegen%20Europa\" style=\"font-size: 0px;width:32px;height:32px;margin:0;margin-bottom:5px;margin-right:5px\"><img loading=\"lazy\" decoding=\"async\" alt=\"pinterest\" title=\"Auf Pinterest pinnen\" class=\"synved-share-image synved-social-image synved-social-image-share\" width=\"32\" height=\"32\" style=\"display: inline;width:32px;height:32px;margin: 0;padding: 0;border: none;box-shadow: none\" src=\"https:\/\/ferne-welten.com\/wp-content\/plugins\/social-media-feather\/synved-social\/addons\/extra-icons\/image\/social\/circle\/64x64\/pinterest.png\" \/><\/a><a class=\"synved-social-button synved-social-button-share synved-social-size-32 synved-social-resolution-single synved-social-provider-linkedin nolightbox\" data-provider=\"linkedin\" target=\"_blank\" rel=\"nofollow\" title=\"Auf Linkedin teilen\" href=\"https:\/\/www.linkedin.com\/shareArticle?mini=true&#038;url=https%3A%2F%2Fferne-welten.com%2Findex.php%3Frest_route%3D%252Fwp%252Fv2%252Fposts%252F616&#038;title=Populisten%20gegen%20Europa\" style=\"font-size: 0px;width:32px;height:32px;margin:0;margin-bottom:5px;margin-right:5px\"><img loading=\"lazy\" decoding=\"async\" alt=\"linkedin\" title=\"Auf Linkedin teilen\" class=\"synved-share-image synved-social-image synved-social-image-share\" width=\"32\" height=\"32\" style=\"display: inline;width:32px;height:32px;margin: 0;padding: 0;border: none;box-shadow: none\" src=\"https:\/\/ferne-welten.com\/wp-content\/plugins\/social-media-feather\/synved-social\/addons\/extra-icons\/image\/social\/circle\/64x64\/linkedin.png\" \/><\/a><a class=\"synved-social-button synved-social-button-share synved-social-size-32 synved-social-resolution-single synved-social-provider-tumblr nolightbox\" data-provider=\"tumblr\" target=\"_blank\" rel=\"nofollow\" title=\"\u00dcber Tumblr teilen\" href=\"https:\/\/tumblr.com\/share?s=&#038;v=3&#038;t=Populisten%20gegen%20Europa&#038;u=https%3A%2F%2Fferne-welten.com%2Findex.php%3Frest_route%3D%252Fwp%252Fv2%252Fposts%252F616\" style=\"font-size: 0px;width:32px;height:32px;margin:0;margin-bottom:5px;margin-right:5px\"><img loading=\"lazy\" decoding=\"async\" alt=\"tumblr\" title=\"\u00dcber Tumblr teilen\" class=\"synved-share-image synved-social-image synved-social-image-share\" width=\"32\" height=\"32\" style=\"display: inline;width:32px;height:32px;margin: 0;padding: 0;border: none;box-shadow: none\" src=\"https:\/\/ferne-welten.com\/wp-content\/plugins\/social-media-feather\/synved-social\/addons\/extra-icons\/image\/social\/circle\/64x64\/tumblr.png\" \/><\/a><a class=\"synved-social-button synved-social-button-share synved-social-size-32 synved-social-resolution-single synved-social-provider-mail nolightbox\" data-provider=\"mail\" rel=\"nofollow\" title=\"Link per Mail weiterleiten\" href=\"mailto:?subject=Populisten%20gegen%20Europa&#038;body=Hey%20check%20this%20out:%20https%3A%2F%2Fferne-welten.com%2Findex.php%3Frest_route%3D%252Fwp%252Fv2%252Fposts%252F616\" style=\"font-size: 0px;width:32px;height:32px;margin:0;margin-bottom:5px\"><img loading=\"lazy\" decoding=\"async\" alt=\"mail\" title=\"Link per Mail weiterleiten\" class=\"synved-share-image synved-social-image synved-social-image-share\" width=\"32\" height=\"32\" style=\"display: inline;width:32px;height:32px;margin: 0;padding: 0;border: none;box-shadow: none\" src=\"https:\/\/ferne-welten.com\/wp-content\/plugins\/social-media-feather\/synved-social\/addons\/extra-icons\/image\/social\/circle\/64x64\/mail.png\" \/><\/a>","protected":false},"excerpt":{"rendered":"<p>Mit ihrer neuen Partei wollen sie die\u00a0\u201eAlternative f\u00fcr Deutschland\u201c\u00a0sein. Ein paar erzkonservative und deutschnationale Gestalten haben sich zusammengefunden, um ihren Traum von der R\u00fcckkehr zur Deutschen Mark mit einer neuen Organisation Nachdruck zu verleihen. Die\u00a0\u201eAlternative f\u00fcr Deutschland\u201c\u00a0sorgt f\u00fcr Schlagzeilen, das&#8230;<br \/><a class=\"read-more-button\" href=\"https:\/\/ferne-welten.com\/?p=616\">Read more<\/a><\/p>\n","protected":false},"author":1,"featured_media":0,"comment_status":"open","ping_status":"open","sticky":false,"template":"","format":"standard","meta":{"footnotes":""},"categories":[79],"tags":[118,119,120,121,122,97,123,124,44],"class_list":["post-616","post","type-post","status-publish","format-standard","hentry","category-mythen","tag-afd","tag-aktionsbuendnis-direkte-demokratie","tag-dieter-farwick","tag-dr-bruno-bandulet","tag-karl-albrecht-schachtschneider","tag-ken-jebsen","tag-stefan-milkereit","tag-wilhelm-hankel","tag-zdf"],"_links":{"self":[{"href":"https:\/\/ferne-welten.com\/index.php?rest_route=\/wp\/v2\/posts\/616","targetHints":{"allow":["GET"]}}],"collection":[{"href":"https:\/\/ferne-welten.com\/index.php?rest_route=\/wp\/v2\/posts"}],"about":[{"href":"https:\/\/ferne-welten.com\/index.php?rest_route=\/wp\/v2\/types\/post"}],"author":[{"embeddable":true,"href":"https:\/\/ferne-welten.com\/index.php?rest_route=\/wp\/v2\/users\/1"}],"replies":[{"embeddable":true,"href":"https:\/\/ferne-welten.com\/index.php?rest_route=%2Fwp%2Fv2%2Fcomments&post=616"}],"version-history":[{"count":3,"href":"https:\/\/ferne-welten.com\/index.php?rest_route=\/wp\/v2\/posts\/616\/revisions"}],"predecessor-version":[{"id":1518,"href":"https:\/\/ferne-welten.com\/index.php?rest_route=\/wp\/v2\/posts\/616\/revisions\/1518"}],"wp:attachment":[{"href":"https:\/\/ferne-welten.com\/index.php?rest_route=%2Fwp%2Fv2%2Fmedia&parent=616"}],"wp:term":[{"taxonomy":"category","embeddable":true,"href":"https:\/\/ferne-welten.com\/index.php?rest_route=%2Fwp%2Fv2%2Fcategories&post=616"},{"taxonomy":"post_tag","embeddable":true,"href":"https:\/\/ferne-welten.com\/index.php?rest_route=%2Fwp%2Fv2%2Ftags&post=616"}],"curies":[{"name":"wp","href":"https:\/\/api.w.org\/{rel}","templated":true}]}}