{"id":628,"date":"2013-01-02T18:23:37","date_gmt":"2013-01-02T17:23:37","guid":{"rendered":"http:\/\/ferne-welten.com\/?p=628"},"modified":"2017-04-30T14:15:07","modified_gmt":"2017-04-30T13:15:07","slug":"die-horror-show-des-harry-fear","status":"publish","type":"post","link":"https:\/\/ferne-welten.com\/?p=628","title":{"rendered":"Die Horror-Show des Harry Fear"},"content":{"rendered":"<p style=\"text-align: justify;\">Wer in den vergangenen Wochen eine Veranstaltung besuchte, bei der es um den Gaza-Streifen und um Israel ging, k\u00f6nnte dort einen Menschen erlebt haben, der sich der Sache der Hamas verschrieben hat. Der britische Dokumentarfilmer Harry Fear bereist zur Zeit die Provinzst\u00e4dte und die Metropolen des Kontinents, um in alten Kirchen und in gro\u00dfen Gewerkschaftsh\u00e4usern \u00fcber seine Sache zu sprechen.<\/p>\n<p style=\"text-align: justify;\"><!--more--><\/p>\n<p style=\"text-align: justify;\">Im Gaza-Streifen verbrachte Fear viel Zeit mit seiner Kamera und den Akteuren des Terrors. Bedeutende antisemitischen Kader, von Hamas und Islamischen Dschihad, wurden von ihm ebenso befragt, wie die Angeh\u00f6rigen der mordenden Antisemiten. Es entstanden\u00a0<a href=\"https:\/\/www.youtube.com\/watch?v=Pq_s4icBywY\">vollkommen unkritische Interviews<\/a>, in denen die v\u00f6lkischen Propagandisten dieser Vereinigungen ihre m\u00f6rderischen Taten als \u201eWiderstand\u201c, der eine\u00a0\u201enationale Pflicht\u201c darstellen w\u00fcrde, beschrieben.<\/p>\n<p style=\"text-align: justify;\"><a href=\"http:\/\/anonym.to\/?http:\/\/www.harryfear.co.uk\/blog\/\">Harry Fear<\/a>\u00a0steht an ihrer Seite. Auf der anderen Seite\u00a0<a href=\"https:\/\/www.youtube.com\/watch?v=YwTkx29WNwE\">spricht\u00a0<\/a>er von\u00a0\u201epsychopathischer Gewalt\u201c, f\u00fcr die er Israel verantwortlich macht. Der parteiische Dokumentarfilmer tritt auf seinen Veranstaltungen und in zahlreichen Interviews daher ganz offen f\u00fcr einen \u201ebewaffneten Widerstand\u201c\u00a0ein und erfreut auf diese Weise verschiedene Antisemiten, die von Vernichtung tr\u00e4umen.<\/p>\n<p style=\"text-align: justify;\">Kurioserweise wird man in den Werbeclips und in den Veranstaltungen des Harry Fear wenig \u00fcber die reale Praxis der von ihm beworbenen Mordbanden erfahren. Die m\u00f6rderischen Attacken, bei denen sich die mit Nagelbomben bepackten Aktivisten bevorzugt in Schulen, Einkaufszentren und Linienbussen in die Luft sprengten, um m\u00f6glichst viele J\u00fcdinnen und Juden zu ermorden, werden von ihm nicht erw\u00e4hnt. Daf\u00fcr d\u00fcrfen die Sprecher dieser Terrortruppe in seinen Videos ausf\u00fchrlich \u00fcber ihren Kampf gegen Israel schwadronieren.<\/p>\n<p style=\"text-align: justify;\">Hinzu kommen anti-israelische Grusel-Storys \u00fcber die israelische Armee und den dazugeh\u00f6rigen Staat. Das sind die wichtigsten Inhalte von Fears Horror-Show, die dieser in Kirchen und Gewerkschaftsh\u00e4usern pr\u00e4sentiert. Dort berichtet Fear \u00fcber seine Erlebnisse in Gaza, um die Herzen der Menschen erfreuen, die gruselige M\u00e4rchen \u00fcber die israelische Armee h\u00f6ren wollen. Diese w\u00fcrde, so behauptet es Fear, eine\u00a0\u201eEndl\u00f6sung\u201c\u00a0anstreben.<\/p>\n<p style=\"text-align: justify;\">Der Dokumentarfilmer scheint seine Parteinahme f\u00fcr den Antisemitismus schon lange vollzogen zu haben. Darauf verweisen auch einige Fotos, auf denen Harry Fear voller stolz zwischen vermummten Kadern der antisemitischen Hamas posiert, die ihre Waffen pr\u00e4sentieren. Darauf verweisen aber auch die Interviews, die Fear dem iranischen Sender Press.TV gab. Es handelt sich um einen Sender, in dem ansonsten bevorzugt die\u00a0<a href=\"http:\/\/www.adl.org\/main_Arab_World\/press-tv-iran-anti-semitism.htm\">Shoa geleugnet<\/a>\u00a0oder\u00a0<a href=\"http:\/\/www.adl.org\/main_Arab_World\/press-tv-iran-anti-semitism.htm\">antisemitische Verschw\u00f6rungskonstrukte<\/a>\u00a0beworben werden.<\/p>\n<p style=\"text-align: justify;\">Andere Fotos des umtriebigen Akteurs sind nicht so martialisch gehalten, vielleicht sollen sie die Herzen seiner Zielgruppe ansprechen. Kleine Kinder, die traurig oder k\u00e4mpferisch in die Kameras schauen, sind ein weiteres bevorzugtes Fotoobjekt des britischen Aktivisten. Diese Fotos zeigt Harry Fear nun auf den Veranstaltungen, mit denen er die Sache bewirbt, die ihm augenscheinlich am Herzen liegt. Wer eine seine Veranstaltungen besucht wird au\u00dferdem<a href=\"https:\/\/www.youtube.com\/watch?v=XfLQopBb5Q0&amp;list=PL226B4DC67E5B53DE&amp;index=1\">\u00a0ein Video<\/a>\u00a0zu sehen bekommen, das Fear zur Beweisf\u00fchrung heranzieht. Dort n\u00e4hert er sich, gemeinsam mit anderen Kameraden, der israelischen Grenze, worauf ihm gedroht wird. Mit derartigen Filmen erfreut er seine Zuschauerinnen und Zuschauer, die seine Gruselvideos gerne sehen.<\/p>\n<p style=\"text-align: justify;\">Die dazugeh\u00f6rigen Gruselgeschichten, die er mit Videos und Fotos garniert, werden ebenso gerne geh\u00f6rt. Der Dokumentarfilmer wurde zum Beispiel von Institutionen der evangelischen Kirche in Oldenburg eingeladen, um seine Hamas-Horror-Show in der gr\u00f6\u00dften Kirche der kleinen Provinzstadt darzubieten. Hunderte folgten der Einladung, an der unter anderem die evangelische \u201eAkademie\u201c\u00a0beteiligt war, die ansonsten paradoxerweise\u00a0\u201eKonzerte gegen Rechts\u201c\u00a0unterst\u00fctzt. Ob diese Institution auch am\u00a0\u201eFriedenspreis\u201c\u00a0beteiligt war, die ein Diakon nach der Veranstaltung \u00fcberreichte, ist nicht \u00fcberliefert. Sicher ist aber, dass Harry Fear, auf Einladung eines Lehrers sogar die Kinder einer \u00f6rtlichen Gesamtschule bel\u00e4stigen\u00a0<a href=\"https:\/\/www.facebook.com\/photo.php?fbid=10151295442737357&amp;set=a.10151288929852357.493543.510962356&amp;type=1&amp;theater\">durfte<\/a>.<\/p>\n<p style=\"text-align: justify;\">Au\u00dferdem besucht er die staatlichen Rundfunkstudios, um von besorgten Kollegen \u00fcber die Zust\u00e4nde befragt zu werden. Der ORF und\u00a0<a href=\"http:\/\/www.radiobremen.de\/funkhauseuropa\/aktuell\/gaza106.html\">Radio Bremen<\/a>\u00a0entbl\u00f6deten sich nicht, Harry Fear zum Gespr\u00e4ch zu bitten. In Bremen besuchte der Dokumentarfilmer nicht nur ein Radiostudio. Fear hielt vor den Aktivisten der \u00f6rtlichen Friedenstruppe, deren\u00a0<a href=\"http:\/\/jungle-world.com\/artikel\/2011\/12\/42858.html\">ber\u00fcchtigste Aktionsform\u00a0<\/a>der Aufruf zum Israel-Boykott darstellt, seine kleine Horror-Show ab.<\/p>\n<p style=\"text-align: justify;\">Kiel und Hamburg waren weitere Stationen, bevor es \u2013 nach einem Abstecher in die Niederlande \u2014 gen \u00d6sterreich ging. Dort sprach Fear an der Universit\u00e4t Wien und f\u00fcr eine islamistische Vereinigung. Es waren nicht nur kirchliche Institutionen, sondern auch ein\u00a0<a href=\"http:\/\/www.gew-hamburg.de\/themen\/internationales\/gaza-aktuell\">Arbeitskreis\u00a0<\/a>der Gewerkschaft Erziehung und Wissenschaft (GEW) und eine parteinahe Stiftung, die die Abende ausrichtete. Die Gewerkschaft stellte daher auch ihr R\u00e4umlichkeiten zur Verf\u00fcgung. Eine weitere Veranstaltung wurde in den R\u00e4umen der Gr\u00fcnen Heinrich-B\u00f6ll-Stiftung aus Schleswig-Holstein\u00a0<a href=\"http:\/\/www.frsh.de\/seiten-im-hauptmenue\/aktuell\/termine\/termine-suchresultate\/article\/vortragsveranstaltung-ueber-gaza\/\">ausgerichtet<\/a>, die die Werbeveranstaltung des Harry Fear offenherzig unterst\u00fctzte.<\/p>\n<p style=\"text-align: justify;\">Dieser fordert auf den Veranstaltungen ein\u00a0\u201eRecht auf bewaffneten Widerstand\u201c\u00a0ein und offenbart sich auch auf diese Weise als inoffizieller Sprecher der antisemitischen Terrorbanden, die Israel mit Vernichtung bedrohen. In dieser Rolle wird Harry Fear auch in Zukunft durch Gewerkschaften, Kirchen und Stiftungen hofiert werden, die seine Gruselgeschichten \u00fcber Israel und seine Huldigungen der Hamas nur zu gerne eine B\u00fchne bieten werden.<\/p>\n<blockquote><p>Mag sein, dass ihn seine N\u00e4he zu den Menschen in Gaza einseitig sein l\u00e4sst. Ein Veranstaltungsteilnehmer spricht von Propaganda. Aber ich bin ihm dankbar.<\/p><\/blockquote>\n<p style=\"text-align: justify;\">Das schreibt ein begeisterter Kirchenbesucher in einem\u00a0mittlerweile gel\u00f6schten Kommentar. Eine derartige Horror-Show wird in Deutschland eben gerne gesehen.<\/p>\n<a class=\"synved-social-button synved-social-button-share synved-social-size-32 synved-social-resolution-single synved-social-provider-facebook nolightbox\" data-provider=\"facebook\" target=\"_blank\" rel=\"nofollow\" title=\"Auf Facebook teilen\" href=\"https:\/\/www.facebook.com\/sharer.php?u=https%3A%2F%2Fferne-welten.com%2Findex.php%3Frest_route%3D%252Fwp%252Fv2%252Fposts%252F628&#038;t=Die%20Horror-Show%20des%20Harry%20Fear&#038;s=100&#038;p&#091;url&#093;=https%3A%2F%2Fferne-welten.com%2Findex.php%3Frest_route%3D%252Fwp%252Fv2%252Fposts%252F628&#038;p&#091;images&#093;&#091;0&#093;=&#038;p&#091;title&#093;=Die%20Horror-Show%20des%20Harry%20Fear\" style=\"font-size: 0px;width:32px;height:32px;margin:0;margin-bottom:5px;margin-right:5px\"><img loading=\"lazy\" decoding=\"async\" alt=\"Facebook\" title=\"Auf Facebook teilen\" class=\"synved-share-image synved-social-image synved-social-image-share\" width=\"32\" height=\"32\" style=\"display: inline;width:32px;height:32px;margin: 0;padding: 0;border: none;box-shadow: none\" src=\"https:\/\/ferne-welten.com\/wp-content\/plugins\/social-media-feather\/synved-social\/addons\/extra-icons\/image\/social\/circle\/64x64\/facebook.png\" \/><\/a><a class=\"synved-social-button synved-social-button-share synved-social-size-32 synved-social-resolution-single synved-social-provider-twitter nolightbox\" data-provider=\"twitter\" target=\"_blank\" rel=\"nofollow\" title=\"Auf Twitter teilen\" href=\"https:\/\/twitter.com\/intent\/tweet?url=https%3A%2F%2Fferne-welten.com%2Findex.php%3Frest_route%3D%252Fwp%252Fv2%252Fposts%252F628&#038;text=Hey%20check%20this%20out\" style=\"font-size: 0px;width:32px;height:32px;margin:0;margin-bottom:5px;margin-right:5px\"><img loading=\"lazy\" decoding=\"async\" alt=\"twitter\" title=\"Auf Twitter teilen\" class=\"synved-share-image synved-social-image synved-social-image-share\" width=\"32\" height=\"32\" style=\"display: inline;width:32px;height:32px;margin: 0;padding: 0;border: none;box-shadow: none\" src=\"https:\/\/ferne-welten.com\/wp-content\/plugins\/social-media-feather\/synved-social\/addons\/extra-icons\/image\/social\/circle\/64x64\/twitter.png\" \/><\/a><a class=\"synved-social-button synved-social-button-share synved-social-size-32 synved-social-resolution-single synved-social-provider-reddit nolightbox\" data-provider=\"reddit\" target=\"_blank\" rel=\"nofollow\" title=\"Auf Reddit teilen\" href=\"https:\/\/www.reddit.com\/submit?url=https%3A%2F%2Fferne-welten.com%2Findex.php%3Frest_route%3D%252Fwp%252Fv2%252Fposts%252F628&#038;title=Die%20Horror-Show%20des%20Harry%20Fear\" style=\"font-size: 0px;width:32px;height:32px;margin:0;margin-bottom:5px;margin-right:5px\"><img loading=\"lazy\" decoding=\"async\" alt=\"reddit\" title=\"Auf Reddit teilen\" class=\"synved-share-image synved-social-image synved-social-image-share\" width=\"32\" height=\"32\" style=\"display: inline;width:32px;height:32px;margin: 0;padding: 0;border: none;box-shadow: none\" src=\"https:\/\/ferne-welten.com\/wp-content\/plugins\/social-media-feather\/synved-social\/addons\/extra-icons\/image\/social\/circle\/64x64\/reddit.png\" \/><\/a><a class=\"synved-social-button synved-social-button-share synved-social-size-32 synved-social-resolution-single synved-social-provider-pinterest nolightbox\" data-provider=\"pinterest\" target=\"_blank\" rel=\"nofollow\" title=\"Auf Pinterest pinnen\" href=\"https:\/\/pinterest.com\/pin\/create\/button\/?url=https%3A%2F%2Fferne-welten.com%2Findex.php%3Frest_route%3D%252Fwp%252Fv2%252Fposts%252F628&#038;media=&#038;description=Die%20Horror-Show%20des%20Harry%20Fear\" style=\"font-size: 0px;width:32px;height:32px;margin:0;margin-bottom:5px;margin-right:5px\"><img loading=\"lazy\" decoding=\"async\" alt=\"pinterest\" title=\"Auf Pinterest pinnen\" class=\"synved-share-image synved-social-image synved-social-image-share\" width=\"32\" height=\"32\" style=\"display: inline;width:32px;height:32px;margin: 0;padding: 0;border: none;box-shadow: none\" src=\"https:\/\/ferne-welten.com\/wp-content\/plugins\/social-media-feather\/synved-social\/addons\/extra-icons\/image\/social\/circle\/64x64\/pinterest.png\" \/><\/a><a class=\"synved-social-button synved-social-button-share synved-social-size-32 synved-social-resolution-single synved-social-provider-linkedin nolightbox\" data-provider=\"linkedin\" target=\"_blank\" rel=\"nofollow\" title=\"Auf Linkedin teilen\" href=\"https:\/\/www.linkedin.com\/shareArticle?mini=true&#038;url=https%3A%2F%2Fferne-welten.com%2Findex.php%3Frest_route%3D%252Fwp%252Fv2%252Fposts%252F628&#038;title=Die%20Horror-Show%20des%20Harry%20Fear\" style=\"font-size: 0px;width:32px;height:32px;margin:0;margin-bottom:5px;margin-right:5px\"><img loading=\"lazy\" decoding=\"async\" alt=\"linkedin\" title=\"Auf Linkedin teilen\" class=\"synved-share-image synved-social-image synved-social-image-share\" width=\"32\" height=\"32\" style=\"display: inline;width:32px;height:32px;margin: 0;padding: 0;border: none;box-shadow: none\" src=\"https:\/\/ferne-welten.com\/wp-content\/plugins\/social-media-feather\/synved-social\/addons\/extra-icons\/image\/social\/circle\/64x64\/linkedin.png\" \/><\/a><a class=\"synved-social-button synved-social-button-share synved-social-size-32 synved-social-resolution-single synved-social-provider-tumblr nolightbox\" data-provider=\"tumblr\" target=\"_blank\" rel=\"nofollow\" title=\"\u00dcber Tumblr teilen\" href=\"https:\/\/tumblr.com\/share?s=&#038;v=3&#038;t=Die%20Horror-Show%20des%20Harry%20Fear&#038;u=https%3A%2F%2Fferne-welten.com%2Findex.php%3Frest_route%3D%252Fwp%252Fv2%252Fposts%252F628\" style=\"font-size: 0px;width:32px;height:32px;margin:0;margin-bottom:5px;margin-right:5px\"><img loading=\"lazy\" decoding=\"async\" alt=\"tumblr\" title=\"\u00dcber Tumblr teilen\" class=\"synved-share-image synved-social-image synved-social-image-share\" width=\"32\" height=\"32\" style=\"display: inline;width:32px;height:32px;margin: 0;padding: 0;border: none;box-shadow: none\" src=\"https:\/\/ferne-welten.com\/wp-content\/plugins\/social-media-feather\/synved-social\/addons\/extra-icons\/image\/social\/circle\/64x64\/tumblr.png\" \/><\/a><a class=\"synved-social-button synved-social-button-share synved-social-size-32 synved-social-resolution-single synved-social-provider-mail nolightbox\" data-provider=\"mail\" rel=\"nofollow\" title=\"Link per Mail weiterleiten\" href=\"mailto:?subject=Die%20Horror-Show%20des%20Harry%20Fear&#038;body=Hey%20check%20this%20out:%20https%3A%2F%2Fferne-welten.com%2Findex.php%3Frest_route%3D%252Fwp%252Fv2%252Fposts%252F628\" style=\"font-size: 0px;width:32px;height:32px;margin:0;margin-bottom:5px\"><img loading=\"lazy\" decoding=\"async\" alt=\"mail\" title=\"Link per Mail weiterleiten\" class=\"synved-share-image synved-social-image synved-social-image-share\" width=\"32\" height=\"32\" style=\"display: inline;width:32px;height:32px;margin: 0;padding: 0;border: none;box-shadow: none\" src=\"https:\/\/ferne-welten.com\/wp-content\/plugins\/social-media-feather\/synved-social\/addons\/extra-icons\/image\/social\/circle\/64x64\/mail.png\" \/><\/a>","protected":false},"excerpt":{"rendered":"<p>Wer in den vergangenen Wochen eine Veranstaltung besuchte, bei der es um den Gaza-Streifen und um Israel ging, k\u00f6nnte dort einen Menschen erlebt haben, der sich der Sache der Hamas verschrieben hat. Der britische Dokumentarfilmer Harry Fear bereist zur Zeit&#8230;<br \/><a class=\"read-more-button\" href=\"https:\/\/ferne-welten.com\/?p=628\">Read more<\/a><\/p>\n","protected":false},"author":1,"featured_media":0,"comment_status":"open","ping_status":"open","sticky":false,"template":"","format":"standard","meta":{"footnotes":""},"categories":[88,79],"tags":[145,146,147,148,149,93,150],"class_list":["post-628","post","type-post","status-publish","format-standard","hentry","category-dorfkritik","category-mythen","tag-gew","tag-hamas","tag-hamburg","tag-harry-fear","tag-kiel","tag-oldenburg","tag-wien"],"_links":{"self":[{"href":"https:\/\/ferne-welten.com\/index.php?rest_route=\/wp\/v2\/posts\/628","targetHints":{"allow":["GET"]}}],"collection":[{"href":"https:\/\/ferne-welten.com\/index.php?rest_route=\/wp\/v2\/posts"}],"about":[{"href":"https:\/\/ferne-welten.com\/index.php?rest_route=\/wp\/v2\/types\/post"}],"author":[{"embeddable":true,"href":"https:\/\/ferne-welten.com\/index.php?rest_route=\/wp\/v2\/users\/1"}],"replies":[{"embeddable":true,"href":"https:\/\/ferne-welten.com\/index.php?rest_route=%2Fwp%2Fv2%2Fcomments&post=628"}],"version-history":[{"count":2,"href":"https:\/\/ferne-welten.com\/index.php?rest_route=\/wp\/v2\/posts\/628\/revisions"}],"predecessor-version":[{"id":1522,"href":"https:\/\/ferne-welten.com\/index.php?rest_route=\/wp\/v2\/posts\/628\/revisions\/1522"}],"wp:attachment":[{"href":"https:\/\/ferne-welten.com\/index.php?rest_route=%2Fwp%2Fv2%2Fmedia&parent=628"}],"wp:term":[{"taxonomy":"category","embeddable":true,"href":"https:\/\/ferne-welten.com\/index.php?rest_route=%2Fwp%2Fv2%2Fcategories&post=628"},{"taxonomy":"post_tag","embeddable":true,"href":"https:\/\/ferne-welten.com\/index.php?rest_route=%2Fwp%2Fv2%2Ftags&post=628"}],"curies":[{"name":"wp","href":"https:\/\/api.w.org\/{rel}","templated":true}]}}