{"id":635,"date":"2012-11-28T18:29:40","date_gmt":"2012-11-28T17:29:40","guid":{"rendered":"http:\/\/ferne-welten.com\/?p=635"},"modified":"2017-04-30T12:10:05","modified_gmt":"2017-04-30T11:10:05","slug":"die-zusammenkunft","status":"publish","type":"post","link":"https:\/\/ferne-welten.com\/?p=635","title":{"rendered":"Die Zusammenkunft"},"content":{"rendered":"<p style=\"text-align: justify;\">Am 24.11.2012 wird die n\u00e4chste Konferenz des J\u00fcrgen Els\u00e4sser im Henry-Ford-Bau der Freien Universit\u00e4t Berlin stattfinden. Der Veranstalter ist Herausgeber des\u00a0Compact Magazins, in dem verschiedene Verschw\u00f6rungsideologen ihre Mythen und M\u00e4rchen verbreiten.<\/p>\n<p style=\"text-align: justify;\"><!--more--><\/p>\n<p style=\"text-align: justify;\">Hier werden etwa die Ereignisse des 11. Septembers 2001 und die Morde des\u00a0\u201eNationalsozialistischen Untergrundes\u201d\u00a0einer Umdeutung unterzogen. Der gemeinsame Nenner ist die verschw\u00f6rungsideologische Deutung\u00a0der Realit\u00e4t.<\/p>\n<p style=\"text-align: justify;\">Dort ver\u00f6ffentlicht etwa Oliver Janich, Vorsitzenden der rechtspopulistischen\u00a0\u201ePartei der Vernunft\u201d, seine Artikel.\u00a0Diether Dehm,\u00a0Volksmusikant, Linkspartei-Aktivist und\u00a0\u201egl\u00fchender Verschw\u00f6rungstheoretiker\u201d, lie\u00df sich zum Interview bitten. Der\u00a0ehemalige RBB-Moderator Ken Jebsen\u00a0schreibt dort gegen den\u00a0\u201eZentralrat der Juden\u201d\u00a0und die israelische Regierung an. Gemeinsam mit J\u00fcrgen El\u00e4ssser wird Jebsen, der sich in der Vergangenheit auch an\u00a0<a href=\"http:\/\/spiritofentebbe.wordpress.com\/2012\/08\/02\/grabschandung\/\">einer Grabsch\u00e4ndung<\/a>\u00a0beteiligte, ebenfalls die Moderation der Konferenz \u00fcbernehmen, auf der zahlreiche Autoren und Interviewpartner\u00a0des\u00a0Compact-Magazins\u00a0zu sehen sein werden.<\/p>\n<p style=\"text-align: justify;\">Hier soll es um die\u00a0\u201eSouver\u00e4nit\u00e4t Deutschlands\u201d\u00a0gehen, die den Veranstaltern am Herzen liegt. Dabei m\u00f6chte man \u00fcber angebliche alliierte Geheimvertr\u00e4ge und \u00fcber die Reichsverfassung von 1871 debattieren. Zu diesem Spektakel des Deutschnationalismus wird Karl Albrecht Schachtschneider angek\u00fcndigt, der mit seinen\u00a0<a href=\"https:\/\/linksunten.indymedia.org\/de\/node\/54073\">Kameraden von NPD und FP\u00d6<\/a>\u00a0gegen den Euro vorgeht, um anti-europ\u00e4ische Ressentiments zu betreiben. Dabei setzt er sich auch f\u00fcr ein\u00a0<a href=\"http:\/\/www.youtube.com\/watch?v=ny71AjdnwS0\">Recht auf Holocaustleugnung\u00a0<\/a>ein.<\/p>\n<p style=\"text-align: justify;\">Auf der Konferenz soll aber auch\u00a0<a href=\"http:\/\/de.wikipedia.org\/wiki\/Jan_von_Flocken\">Jan von Flocken<\/a>\u00a0sprechen, der verschiedene Verschw\u00f6rungsmythen, zum Beispiel zum japanischen Angriff auf Pearl Harbour, im Repertoire hat. Au\u00dferdem wird unter anderem der gealterte FDP-Politiker Helmut Sch\u00e4fer angek\u00fcndigt, der als au\u00dfenpolitische Sprecher der FDP-Fraktion bereits in den 80er Jahren des letzten Jahrhunderts den J\u00fcrgen M\u00f6llemann\u00a0<a href=\"http:\/\/www.spiegel.de\/spiegel\/print\/d-14344935.html\">gab\u00a0<\/a>und von einem\u00a0\u201eisraelischen Expansionsdrang\u201d\u00a0sprach, gegen den Appelle nicht ausreichen w\u00fcrden. Auf der\u00a0\u201eSouver\u00e4nit\u00e4tskonferenz\u201d\u00a0wird dieser deutsche Politiker daher\u00a0\u201e\u00fcber Israel\u201d\u00a0sprechen. Sch\u00e4fer treibt die Sehnsucht nach einem starken deutschen Staat an, der gegen Israel in Stellung gebracht werden soll.\u00a0Man kann sich also ausmahlen, was er dort von sich geben wird. Au\u00dferdem werden weitere Referenten aus Russland angek\u00fcndigt, die Els\u00e4ssers Traum von einem deutsch-russischen B\u00fcndnis entsprechen.<\/p>\n<p style=\"text-align: justify;\">Das Werbeplakat ziert ein Foto des Peter Scholl-Latour, der in der Vergangenheit bereits im\u00a0Compact Magazin\u00a0interviewt wurde und der ebenfalls auf der Konferenz sprechen wird. Der umtriebige Autor, der mit der rechts-konservativen \u201eJungen Freiheit\u201d\u00a0<a href=\"http:\/\/www.publikative.org\/2012\/10\/22\/was-macht-scholl-latour-bei-elsasser\/\">verbandelt\u00a0<\/a>ist, gilt hierzulande als Nah-Ost-Experte: \u201eNetanjahu ist gef\u00e4hrlicher als Ahmadinedschad\u201d,\u00a0<a href=\"http:\/\/tapferimnirgendwo.wordpress.com\/2012\/04\/12\/peter-scholl-latour-haut-es-raus\/\">behauptet\u00a0<\/a>Scholl-Latour zum Beispiel. Er kann aber auch den Verschw\u00f6rungsmythen zum 11. September 2001 einiges abgewinnen und begeistert auf diese Weise die deutsche Verschw\u00f6rungsszene der\u00a0\u201eTruther\u201d\u00a0und\u00a0\u201eInfokrieger\u201d, die seine Ausf\u00e4lle nur zu gerne\u00a0<a href=\"http:\/\/www.youtube.com\/watch?feature=player_embedded&amp;v=bjvmCxsGjbQ\">dokumentieren<\/a>. Scholl-Latour ist die passende Werbefigur zur Konferenz, die auf den einschl\u00e4gigen Internetseiten beworben wird.<\/p>\n<p style=\"text-align: justify;\">Im Vorfeld r\u00fchrte J\u00fcrgen Els\u00e4sser die Werbetrommel, indem er seine Konferenz in den Videos\u00a0der Verschw\u00f6rungsszene bewarb. Er lie\u00df sich unter anderem von\u00a0Johannes Conrad\u00a0zum Interview bitten. Dieser Buchautor, in dessen Buch\u00a0\u201eEntwirrungen\u201d\u00a0die\u00a0\u201eProtokolle der Weisen von Zion\u201d\u00a0aktualisiert werden, ist ein Aush\u00e4ngeschild des Internetsenders\u00a0\u201eBewusst.tv\u201d, der\u00a0nationalsozialistischen\u00a0\u201eReichsb\u00fcrgern\u201d, irrationale Esoterikern und antisemitischen Holocaustleugnern eine Plattform bietet.<\/p>\n<p style=\"text-align: justify;\">In diesem Umfeld bewarb J\u00fcrgen El\u00e4sser, der \u00fcberhaupt keine Ber\u00fchrungs\u00e4ngste kennt, seine\u00a0\u201egro\u00dfe Konferenz in Berlin\u201dund sprach \u00fcber\u00a0\u201eEinwanderer\u201d\u00a0und\u00a0\u201eUrdeutsche\u201d: \u201eWir verlieren die Vielfalt, wenn wir den Brei kochen\u201d, jammerte Els\u00e4sser und warnte ganz v\u00f6lkisch vor\u00a0\u201eVermischerei\u201d.<\/p>\n<p style=\"text-align: justify;\">Eine weitere Werbem\u00f6glichkeit fand Els\u00e4sser auf einer Internetseite, auf der Hakenkreuze und Runen\u00e4sthetik zu sehen und Rassenlehre und Arier-Kult zu finden ist. Auf der Internetseite des Wjatscheslaw Wasiljewitsch Seewald wird im St\u00fcrmer-Stil gegen J\u00fcdinnen und Juden gehetzt. Seewald spricht von\u00a0\u201eParasiten\u201d\u00a0und tr\u00e4umt von einem B\u00fcndnis aus\u00a0\u201eAriern\u201d\u00a0und\u00a0\u201eSlawen\u201d:<\/p>\n<blockquote><p>So ist es auch mit der wei\u00dfen Rasse. Ja, ich liebe sie und bin froh, da\u00df ich in diesem Leben und in dieser Inkarnation wei\u00dfer bin\u201d,<\/p><\/blockquote>\n<p style=\"text-align: justify;\">Am 14.11.2012 war J\u00fcrgen Els\u00e4sser bei diesem Nationalsozialisten zu Gast, um seine Konferenz zu bewerben. Danach schrieb Seewald von einer\u00a0\u201egelungenen Internetkonferenz\u201d\u00a0und warb f\u00fcr die Veranstaltung des J\u00fcrgen Els\u00e4sser. Die Veranstaltung des J\u00fcrgen Els\u00e4sser begeistert also auch einen Nationalsozialisten, der vor stilisierten Hakenkreuzen und Runen posiert, um vor\u00a0\u201eParasiten\u201d\u00a0zu warnen.<\/p>\n<p style=\"text-align: justify;\">Am 24.11.2012 werden sich die Anh\u00e4nger des J\u00fcrgen Els\u00e4sser in der\u00a0\u201eFreien Universit\u00e4t Berlin\u201d\u00a0versammeln und zwischen 350 und 25 Euro Eintritt zahlen. Zu diesem Stelldichein d\u00fcrften mehrere hundert Teilnehmer erscheinen. Dann werden verschw\u00f6rungsideologische Antisemiten, selbsternannte Euro-Kritiker und sogenannte Nah-Ost-Experten zur Konferenz zusammenkommen.<\/p>\n<a class=\"synved-social-button synved-social-button-share synved-social-size-32 synved-social-resolution-single synved-social-provider-facebook nolightbox\" data-provider=\"facebook\" target=\"_blank\" rel=\"nofollow\" title=\"Auf Facebook teilen\" href=\"https:\/\/www.facebook.com\/sharer.php?u=https%3A%2F%2Fferne-welten.com%2Findex.php%3Frest_route%3D%252Fwp%252Fv2%252Fposts%252F635&#038;t=Die%20Zusammenkunft&#038;s=100&#038;p&#091;url&#093;=https%3A%2F%2Fferne-welten.com%2Findex.php%3Frest_route%3D%252Fwp%252Fv2%252Fposts%252F635&#038;p&#091;images&#093;&#091;0&#093;=&#038;p&#091;title&#093;=Die%20Zusammenkunft\" style=\"font-size: 0px;width:32px;height:32px;margin:0;margin-bottom:5px;margin-right:5px\"><img loading=\"lazy\" decoding=\"async\" alt=\"Facebook\" title=\"Auf Facebook teilen\" class=\"synved-share-image synved-social-image synved-social-image-share\" width=\"32\" height=\"32\" style=\"display: inline;width:32px;height:32px;margin: 0;padding: 0;border: none;box-shadow: none\" src=\"https:\/\/ferne-welten.com\/wp-content\/plugins\/social-media-feather\/synved-social\/addons\/extra-icons\/image\/social\/circle\/64x64\/facebook.png\" \/><\/a><a class=\"synved-social-button synved-social-button-share synved-social-size-32 synved-social-resolution-single synved-social-provider-twitter nolightbox\" data-provider=\"twitter\" target=\"_blank\" rel=\"nofollow\" title=\"Auf Twitter teilen\" href=\"https:\/\/twitter.com\/intent\/tweet?url=https%3A%2F%2Fferne-welten.com%2Findex.php%3Frest_route%3D%252Fwp%252Fv2%252Fposts%252F635&#038;text=Hey%20check%20this%20out\" style=\"font-size: 0px;width:32px;height:32px;margin:0;margin-bottom:5px;margin-right:5px\"><img loading=\"lazy\" decoding=\"async\" alt=\"twitter\" title=\"Auf Twitter teilen\" class=\"synved-share-image synved-social-image synved-social-image-share\" width=\"32\" height=\"32\" style=\"display: inline;width:32px;height:32px;margin: 0;padding: 0;border: none;box-shadow: none\" src=\"https:\/\/ferne-welten.com\/wp-content\/plugins\/social-media-feather\/synved-social\/addons\/extra-icons\/image\/social\/circle\/64x64\/twitter.png\" \/><\/a><a class=\"synved-social-button synved-social-button-share synved-social-size-32 synved-social-resolution-single synved-social-provider-reddit nolightbox\" data-provider=\"reddit\" target=\"_blank\" rel=\"nofollow\" title=\"Auf Reddit teilen\" href=\"https:\/\/www.reddit.com\/submit?url=https%3A%2F%2Fferne-welten.com%2Findex.php%3Frest_route%3D%252Fwp%252Fv2%252Fposts%252F635&#038;title=Die%20Zusammenkunft\" style=\"font-size: 0px;width:32px;height:32px;margin:0;margin-bottom:5px;margin-right:5px\"><img loading=\"lazy\" decoding=\"async\" alt=\"reddit\" title=\"Auf Reddit teilen\" class=\"synved-share-image synved-social-image synved-social-image-share\" width=\"32\" height=\"32\" style=\"display: inline;width:32px;height:32px;margin: 0;padding: 0;border: none;box-shadow: none\" src=\"https:\/\/ferne-welten.com\/wp-content\/plugins\/social-media-feather\/synved-social\/addons\/extra-icons\/image\/social\/circle\/64x64\/reddit.png\" \/><\/a><a class=\"synved-social-button synved-social-button-share synved-social-size-32 synved-social-resolution-single synved-social-provider-pinterest nolightbox\" data-provider=\"pinterest\" target=\"_blank\" rel=\"nofollow\" title=\"Auf Pinterest pinnen\" href=\"https:\/\/pinterest.com\/pin\/create\/button\/?url=https%3A%2F%2Fferne-welten.com%2Findex.php%3Frest_route%3D%252Fwp%252Fv2%252Fposts%252F635&#038;media=&#038;description=Die%20Zusammenkunft\" style=\"font-size: 0px;width:32px;height:32px;margin:0;margin-bottom:5px;margin-right:5px\"><img loading=\"lazy\" decoding=\"async\" alt=\"pinterest\" title=\"Auf Pinterest pinnen\" class=\"synved-share-image synved-social-image synved-social-image-share\" width=\"32\" height=\"32\" style=\"display: inline;width:32px;height:32px;margin: 0;padding: 0;border: none;box-shadow: none\" src=\"https:\/\/ferne-welten.com\/wp-content\/plugins\/social-media-feather\/synved-social\/addons\/extra-icons\/image\/social\/circle\/64x64\/pinterest.png\" \/><\/a><a class=\"synved-social-button synved-social-button-share synved-social-size-32 synved-social-resolution-single synved-social-provider-linkedin nolightbox\" data-provider=\"linkedin\" target=\"_blank\" rel=\"nofollow\" title=\"Auf Linkedin teilen\" href=\"https:\/\/www.linkedin.com\/shareArticle?mini=true&#038;url=https%3A%2F%2Fferne-welten.com%2Findex.php%3Frest_route%3D%252Fwp%252Fv2%252Fposts%252F635&#038;title=Die%20Zusammenkunft\" style=\"font-size: 0px;width:32px;height:32px;margin:0;margin-bottom:5px;margin-right:5px\"><img loading=\"lazy\" decoding=\"async\" alt=\"linkedin\" title=\"Auf Linkedin teilen\" class=\"synved-share-image synved-social-image synved-social-image-share\" width=\"32\" height=\"32\" style=\"display: inline;width:32px;height:32px;margin: 0;padding: 0;border: none;box-shadow: none\" src=\"https:\/\/ferne-welten.com\/wp-content\/plugins\/social-media-feather\/synved-social\/addons\/extra-icons\/image\/social\/circle\/64x64\/linkedin.png\" \/><\/a><a class=\"synved-social-button synved-social-button-share synved-social-size-32 synved-social-resolution-single synved-social-provider-tumblr nolightbox\" data-provider=\"tumblr\" target=\"_blank\" rel=\"nofollow\" title=\"\u00dcber Tumblr teilen\" href=\"https:\/\/tumblr.com\/share?s=&#038;v=3&#038;t=Die%20Zusammenkunft&#038;u=https%3A%2F%2Fferne-welten.com%2Findex.php%3Frest_route%3D%252Fwp%252Fv2%252Fposts%252F635\" style=\"font-size: 0px;width:32px;height:32px;margin:0;margin-bottom:5px;margin-right:5px\"><img loading=\"lazy\" decoding=\"async\" alt=\"tumblr\" title=\"\u00dcber Tumblr teilen\" class=\"synved-share-image synved-social-image synved-social-image-share\" width=\"32\" height=\"32\" style=\"display: inline;width:32px;height:32px;margin: 0;padding: 0;border: none;box-shadow: none\" src=\"https:\/\/ferne-welten.com\/wp-content\/plugins\/social-media-feather\/synved-social\/addons\/extra-icons\/image\/social\/circle\/64x64\/tumblr.png\" \/><\/a><a class=\"synved-social-button synved-social-button-share synved-social-size-32 synved-social-resolution-single synved-social-provider-mail nolightbox\" data-provider=\"mail\" rel=\"nofollow\" title=\"Link per Mail weiterleiten\" href=\"mailto:?subject=Die%20Zusammenkunft&#038;body=Hey%20check%20this%20out:%20https%3A%2F%2Fferne-welten.com%2Findex.php%3Frest_route%3D%252Fwp%252Fv2%252Fposts%252F635\" style=\"font-size: 0px;width:32px;height:32px;margin:0;margin-bottom:5px\"><img loading=\"lazy\" decoding=\"async\" alt=\"mail\" title=\"Link per Mail weiterleiten\" class=\"synved-share-image synved-social-image synved-social-image-share\" width=\"32\" height=\"32\" style=\"display: inline;width:32px;height:32px;margin: 0;padding: 0;border: none;box-shadow: none\" src=\"https:\/\/ferne-welten.com\/wp-content\/plugins\/social-media-feather\/synved-social\/addons\/extra-icons\/image\/social\/circle\/64x64\/mail.png\" \/><\/a>","protected":false},"excerpt":{"rendered":"<p>Am 24.11.2012 wird die n\u00e4chste Konferenz des J\u00fcrgen Els\u00e4sser im Henry-Ford-Bau der Freien Universit\u00e4t Berlin stattfinden. Der Veranstalter ist Herausgeber des\u00a0Compact Magazins, in dem verschiedene Verschw\u00f6rungsideologen ihre Mythen und M\u00e4rchen verbreiten.<\/p>\n","protected":false},"author":1,"featured_media":0,"comment_status":"open","ping_status":"open","sticky":false,"template":"","format":"standard","meta":{"footnotes":""},"categories":[79],"tags":[158,159,160,161,162,122,97,163,164],"class_list":["post-635","post","type-post","status-publish","format-standard","hentry","category-mythen","tag-diether-dehm","tag-helmut-schaefer","tag-jan-von-flocken","tag-johannes-conrad","tag-juergen-elsaesser","tag-karl-albrecht-schachtschneider","tag-ken-jebsen","tag-peter-scholl-latour","tag-wjatscheslaw-wasiljewitsch-seewald"],"_links":{"self":[{"href":"https:\/\/ferne-welten.com\/index.php?rest_route=\/wp\/v2\/posts\/635","targetHints":{"allow":["GET"]}}],"collection":[{"href":"https:\/\/ferne-welten.com\/index.php?rest_route=\/wp\/v2\/posts"}],"about":[{"href":"https:\/\/ferne-welten.com\/index.php?rest_route=\/wp\/v2\/types\/post"}],"author":[{"embeddable":true,"href":"https:\/\/ferne-welten.com\/index.php?rest_route=\/wp\/v2\/users\/1"}],"replies":[{"embeddable":true,"href":"https:\/\/ferne-welten.com\/index.php?rest_route=%2Fwp%2Fv2%2Fcomments&post=635"}],"version-history":[{"count":2,"href":"https:\/\/ferne-welten.com\/index.php?rest_route=\/wp\/v2\/posts\/635\/revisions"}],"predecessor-version":[{"id":1418,"href":"https:\/\/ferne-welten.com\/index.php?rest_route=\/wp\/v2\/posts\/635\/revisions\/1418"}],"wp:attachment":[{"href":"https:\/\/ferne-welten.com\/index.php?rest_route=%2Fwp%2Fv2%2Fmedia&parent=635"}],"wp:term":[{"taxonomy":"category","embeddable":true,"href":"https:\/\/ferne-welten.com\/index.php?rest_route=%2Fwp%2Fv2%2Fcategories&post=635"},{"taxonomy":"post_tag","embeddable":true,"href":"https:\/\/ferne-welten.com\/index.php?rest_route=%2Fwp%2Fv2%2Ftags&post=635"}],"curies":[{"name":"wp","href":"https:\/\/api.w.org\/{rel}","templated":true}]}}