{"id":648,"date":"2012-09-28T18:42:02","date_gmt":"2012-09-28T17:42:02","guid":{"rendered":"http:\/\/ferne-welten.com\/?p=648"},"modified":"2017-04-30T14:17:36","modified_gmt":"2017-04-30T13:17:36","slug":"musikalische-ritualmordlegenden","status":"publish","type":"post","link":"https:\/\/ferne-welten.com\/?p=648","title":{"rendered":"Musikalische Ritualmordlegenden"},"content":{"rendered":"<p style=\"text-align: justify;\">n diesen herbstlichen Tagen brachten der deutsche S\u00e4nger Xavier Naidoo und der ebenso deutsche Rapper Kool Savas ein Album heraus. Die beiden bekannten K\u00fcnstler firmieren daf\u00fcr als XAVAS,\u00a0<a href=\"http:\/\/www.youtube.com\/watch?v=0u3zCsq_hD4&amp;feature=relmfu\">um\u00a0<\/a>ihre Musik\u00a0\u201ein die Wohnzimmer der Deutschen zu bringen\u201d.<\/p>\n<p style=\"text-align: justify;\"><!--more--><\/p>\n<p style=\"text-align: justify;\">Auf dem Album\u00a0\u201eGespaltene Pers\u00f6nlichkeit\u201d\u00a0findet sich schnulzige Liebeslieder:\u00a0\u201eDer Glanz deiner Augen bringt Sterne zum staunen\u201d, hei\u00dft es in einem Lied, der die beiden S\u00e4nger geradezu f\u00fcr einen Auftritt bei einem fr\u00f6hlichen Fest der deutschen Volksmusikanten pr\u00e4destiniert. Die erste Single,\u00a0\u201eSchau nicht mehr zur\u00fcck\u201d,\u00a0ist derweil bei MTV und VIVA zu sehen. Es handelt sich um einen schmalzigen Track:\u00a0\u201eMan sollte sich vor gar nichts f\u00fcrchten\u201d, singt Xavier Naidoo, w\u00e4hrend sein Kompagnon Savas, der mit stumpfesten Sexismus bekannt wurde, ein paar Reime dazusteuert.<\/p>\n<p style=\"text-align: justify;\">In einem anderen Track wird es christlich:\u00a0\u201eSatan weiche\u201d, fordert Xavier Naidoo, w\u00e4hrend Savas vor der\u00a0\u201eS\u00fcnde\u201d\u00a0und vor\u00a0\u201eLuzifer\u201d\u00a0warnt. Die restlichen Tracks der beiden S\u00e4nger sind ebenso belanglos und lassen einen Gedanken traurige Realit\u00e4t werden: Wenn Heino und\u00a0Christian Anders\u00a0als Deutsch-Rapper in Erscheinung treten w\u00fcrden, muss sich das so anh\u00f6ren wie die Ges\u00e4nge von Savas und Naidoo.<\/p>\n<p style=\"text-align: justify;\">Eigentlich gibt es keinen weiteren Grund \u00fcber diesen musikalischen Abgrund zu schreiben, w\u00e4re da nicht ein weiterer Titel, der auf dem Album versteckt ist. Es handelt sich um einen Verschw\u00f6rungstrack, mit dem uralte Ritualmordlegenden ihre Wiederauferstehung feiern d\u00fcrfen. Hier ist von satanischen Verschw\u00f6rern die Rede, die\u00a0\u201eokkulte Rituale\u201d\u00a0betreiben und dabei kleine Kinder t\u00f6ten. So werden Verschw\u00f6rungsmythen \u00fcber einen satanischen Zusammenschluss propagiert, der auf vielen Internetseiten der Verschw\u00f6rungsszene zu finden ist:<\/p>\n<blockquote><p>Okkulte Rituale besiegeln den Pakt mit der Macht, Teil einer Loge getarnt unter Anzug und Robe. Sie schreiben ihre eigenen Gebote.<\/p><\/blockquote>\n<p style=\"text-align: justify;\">So laute nur einige Zeilen des Liedes, das in den letzten Tagen sogar in der Tageszeitung\u00a0Die Welt\u00a0<a href=\"http:\/\/www.welt.de\/kultur\/musik\/article109382702\/Kool-Savas-und-Naidoo-sind-kongenial-humorlos.html\">besprochen\u00a0<\/a>wurde. In dem Lied wird ansonsten von\u00a0\u201eF\u00fchrern\u201d\u00a0und\u00a0\u201eK\u00e4mpfern\u201d\u00a0getr\u00e4umt. Zus\u00e4tzlich werden Gewaltphantasien ge\u00e4u\u00dfert:<\/p>\n<blockquote><p>Ich schneide euch jetzt mal die Arme und die Beine ab, und dann ficke ich euch in den Arsch, so wie ihr es mit den Kleinen macht.<\/p><\/blockquote>\n<p style=\"text-align: justify;\">Es ist\u00a0nicht das erste Mal, dass Xavier Naidoo Verschw\u00f6rungsmythen besingt. In seinem Album\u00a0\u201eAlles kann besser werden\u201d, das im Jahr 2009 erschienen ist, verpackte Naidoo verschiedene Verschw\u00f6rungsmythen in ein Lied, das er auf den Namen\u00a0\u201eGoldwaagen\u201d\u00a0taufte. Hier\u00a0re\u00adpro\u00addu\u00adzierte Nai\u00addoo be\u00adkann\u00adte Ver\u00adschw\u00f6\u00adrungs\u00admythen, vom 11. Sep\u00adtem\u00adber 2001 bis zu den An\u00adschl\u00e4\u00adgen von Lon\u00addon und Mad\u00adrid:<\/p>\n<blockquote><p>9\/11, Lon\u00addon und Mad\u00adrid, jeder wei\u00df dass Al Qaida nur die CIA ist.<\/p><\/blockquote>\n<p style=\"text-align: justify;\">Das be\u00adhaup\u00adtet Nai\u00addoo in die\u00adsem\u00a0<a href=\"http:\/\/www.youtube.com\/watch?v=0QHVGPlj5eQ\">Song<\/a>.\u00a0\u201eWorld Trade Cen\u00adter Nr. 7, warum ist von dem Ge\u00adb\u00e4u\u00adde nichts mehr \u00fcbrig ge\u00adblie\u00adben\u201c,\u00a0fragt er wei\u00adter. Hinzu kamen antiamerikanische und deutschnationale Texte, mit denen sich Xavier Naidoo ganz eindeutig positionierte.<\/p>\n<p style=\"text-align: justify;\">Ebenso eindeutig war ein\u00a0Interview im Morgenmagazin der ARD. Dort\u00a0bezeichnete\u00a0er die Bundesrepublik al s\u201ebe\u00adsetz\u00adtes Land\u201d,\u00a0was von verschiedenen deutschnationalen Verschw\u00f6rungsfans mit Begeisterung zur Kenntnis genommen wurde:<\/p>\n<blockquote><p>Deutsch\u00adland hat noch kei\u00adnen Frie\u00addens\u00adver\u00adtrag und ist dem\u00adent\u00adspre\u00adchend auch kein ech\u00adtes Land und nicht frei.<\/p><\/blockquote>\n<p style=\"text-align: justify;\">Es ist au\u00dferdem nicht das erste Mal, das Naidoo von verschwundenen, missbrauchten und ermordeten Kindern singt. Im Jahr 2010 war er in einem\u00a0Lied\u00a0zu h\u00f6ren, das auf dem Album\u00a0\u201eKopfdisco Olli\u201d\u00a0des Deutsch-Rappers Olli Banjo zu finden ist. Hier geht es ebenfalls um die Kinder. Naidoo m\u00f6chte hier die angeblichen Verschw\u00f6rer belauscht haben\u00a0und\u00a0dabei in\u00a0\u201eErfahrung gebracht\u201d\u00a0haben, \u201ewas ihr so gerne macht. Hm, ihr fickt gern schwer verletzte Kinder\u201d.<\/p>\n<p style=\"text-align: justify;\">In dem Lied\u00a0\u201eMein Weltbild\u201d\u00a0inszeniert sich Naidoo als\u201eFreiheitsk\u00e4mpfer\u201d. Dort werden die vermeintlichen Verschw\u00f6rer ganz eindeutig benannt. Am Ende des Liedes br\u00fcllt Naidoo:<\/p>\n<blockquote><p>Bilderberger, wir kommen euch zu holen!<\/p><\/blockquote>\n<p style=\"text-align: justify;\">Es sind die typischen Verschw\u00f6rungsmythen \u00fcber\u00a0das\u00a0Bilderberger-Treffen,\u00a0dem Verschw\u00f6rungsgl\u00e4ubige eine unglaubliche Macht unterstellen. Verschw\u00f6rungsmythen \u00fcber dieses Treffen mixt Naidoo mit uralten Ritualmordlegenden, deren Aktualisierung er \u00fcbernimmt. Schlie\u00dflich wurden derartige Mythen bereits in den 70er und 80er Jahren durch den bekannten\u00a0Verschw\u00f6rungsideologen Ted Gunderson\u00a0propagiert, der eine satanische Verschw\u00f6rung der\u00a0\u201eElite\u201d\u00a0konstruierte, denen er einen rituellen Kindesmissbrauch unterstellte. Vorher wurden derartige Ritualmordlegenden vor allem in antisemitischen Zusammenh\u00e4ngen propagiert.<\/p>\n<p style=\"text-align: justify;\">Von diesen Ritalmordlegenden, die in eine eindeutigen Traditionslinie stehen, scheint Naidoo \u00fcberzeugt zu seien. Dies wird auch durch ein\u00a0Interview\u00a0deutlich, das er im Jahr 2010 der verschw\u00f6rungsideologischen\u00a0Internetplattform\u00a0\u201eNexworld\u201d\u00a0gab. Dort kann sich der geneigte Verschw\u00f6rungsgl\u00e4ubige, nach Bezahlung von Geb\u00fchren, \u00fcber Ufos, die\u00a0\u201eKlimal\u00fcge\u201d\u00a0und die Ereignisse des 11. September 2001 belehren lassen.<\/p>\n<p style=\"text-align: justify;\">Naidoo sprach dort aber \u00fcber die Themen, die ihm am Herzen liegen.\u00a0\u201eMeine gro\u00dfen Themen sind Dutroux \u2013also der Fall Dutroux\u2013 und die vielen Sachen die in Deutschland im Gang sind\u201d.\u00a0Schlie\u00dflich habe er eine\u201epers\u00f6nliche Beziehung\u201d\u00a0zu dem Fall, weil er\u00a0\u201edurch diese Ortschaft gefahren\u201d\u00a0ist, in der\u00a0<a href=\"http:\/\/de.wikipedia.org\/wiki\/Marc_Dutroux\">Dutroux\u00a0<\/a>lebte.\u00a0In diesem Zusammenhang raunt Naidoo von \u201eSpuren die bis hin ins belgische K\u00f6nigshaus f\u00fchren\u201d\u00a0und von der STASI, die in den Fall involviert gewesen w\u00e4re. Es sei \u201eegal wie viele tausende Jahre alt diese Rituale alt sein m\u00f6gen\u201d, geifert Naidoo dort:<\/p>\n<blockquote><p>Ich finde, sie m\u00fcssen jetzt aufh\u00f6ren.<\/p><\/blockquote>\n<p style=\"text-align: justify;\">Daher sollte neueste Lied, mit dem Naidoo an die uralten Ritualmordlegenden ankn\u00fcpft, nicht \u00fcberraschen. Sicherlich wird er auch f\u00fcr diesen Song von vielen Verschw\u00f6rungsgl\u00e4ubigen gefeiert werden. Vollkommen zurecht sehen\u00a0\u201eTruther\u201d\u00a0und andere Verschw\u00f6rungsfans, die dem Glauben an die angebliche Weltverschw\u00f6rung verfallen sind, in Naidoo einen Verb\u00fcndeten, der ihre Mythen aufgreift und einem gr\u00f6\u00dferen Publikum zug\u00e4nglich macht:<\/p>\n<p style=\"text-align: justify;\">\u201eJeder \u2018Verschw\u00f6rungsthoeretiker\u2019 sollte diese CD im Schrank haben\u201d, schrieb daher ein Nutzer des verschw\u00f6rungsideologischen Weblogs\u00a0\u201eAlles Schall und Rauch\u201d. So bewirbt Naidoo also den ein oder anderen Verschw\u00f6rungsmythos. Der ein oder andere H\u00f6rer wird sich sicherlich auf den einschl\u00e4gigen Internetseiten \u00fcber die angeblichen Hintergr\u00fcnde informieren, die von Naidoo besungen werden.<\/p>\n<a class=\"synved-social-button synved-social-button-share synved-social-size-32 synved-social-resolution-single synved-social-provider-facebook nolightbox\" data-provider=\"facebook\" target=\"_blank\" rel=\"nofollow\" title=\"Auf Facebook teilen\" href=\"https:\/\/www.facebook.com\/sharer.php?u=https%3A%2F%2Fferne-welten.com%2Findex.php%3Frest_route%3D%252Fwp%252Fv2%252Fposts%252F648&#038;t=Musikalische%20Ritualmordlegenden&#038;s=100&#038;p&#091;url&#093;=https%3A%2F%2Fferne-welten.com%2Findex.php%3Frest_route%3D%252Fwp%252Fv2%252Fposts%252F648&#038;p&#091;images&#093;&#091;0&#093;=&#038;p&#091;title&#093;=Musikalische%20Ritualmordlegenden\" style=\"font-size: 0px;width:32px;height:32px;margin:0;margin-bottom:5px;margin-right:5px\"><img loading=\"lazy\" decoding=\"async\" alt=\"Facebook\" title=\"Auf Facebook teilen\" class=\"synved-share-image synved-social-image synved-social-image-share\" width=\"32\" height=\"32\" style=\"display: inline;width:32px;height:32px;margin: 0;padding: 0;border: none;box-shadow: none\" src=\"https:\/\/ferne-welten.com\/wp-content\/plugins\/social-media-feather\/synved-social\/addons\/extra-icons\/image\/social\/circle\/64x64\/facebook.png\" \/><\/a><a class=\"synved-social-button synved-social-button-share synved-social-size-32 synved-social-resolution-single synved-social-provider-twitter nolightbox\" data-provider=\"twitter\" target=\"_blank\" rel=\"nofollow\" title=\"Auf Twitter teilen\" href=\"https:\/\/twitter.com\/intent\/tweet?url=https%3A%2F%2Fferne-welten.com%2Findex.php%3Frest_route%3D%252Fwp%252Fv2%252Fposts%252F648&#038;text=Hey%20check%20this%20out\" style=\"font-size: 0px;width:32px;height:32px;margin:0;margin-bottom:5px;margin-right:5px\"><img loading=\"lazy\" decoding=\"async\" alt=\"twitter\" title=\"Auf Twitter teilen\" class=\"synved-share-image synved-social-image synved-social-image-share\" width=\"32\" height=\"32\" style=\"display: inline;width:32px;height:32px;margin: 0;padding: 0;border: none;box-shadow: none\" src=\"https:\/\/ferne-welten.com\/wp-content\/plugins\/social-media-feather\/synved-social\/addons\/extra-icons\/image\/social\/circle\/64x64\/twitter.png\" \/><\/a><a class=\"synved-social-button synved-social-button-share synved-social-size-32 synved-social-resolution-single synved-social-provider-reddit nolightbox\" data-provider=\"reddit\" target=\"_blank\" rel=\"nofollow\" title=\"Auf Reddit teilen\" href=\"https:\/\/www.reddit.com\/submit?url=https%3A%2F%2Fferne-welten.com%2Findex.php%3Frest_route%3D%252Fwp%252Fv2%252Fposts%252F648&#038;title=Musikalische%20Ritualmordlegenden\" style=\"font-size: 0px;width:32px;height:32px;margin:0;margin-bottom:5px;margin-right:5px\"><img loading=\"lazy\" decoding=\"async\" alt=\"reddit\" title=\"Auf Reddit teilen\" class=\"synved-share-image synved-social-image synved-social-image-share\" width=\"32\" height=\"32\" style=\"display: inline;width:32px;height:32px;margin: 0;padding: 0;border: none;box-shadow: none\" src=\"https:\/\/ferne-welten.com\/wp-content\/plugins\/social-media-feather\/synved-social\/addons\/extra-icons\/image\/social\/circle\/64x64\/reddit.png\" \/><\/a><a class=\"synved-social-button synved-social-button-share synved-social-size-32 synved-social-resolution-single synved-social-provider-pinterest nolightbox\" data-provider=\"pinterest\" target=\"_blank\" rel=\"nofollow\" title=\"Auf Pinterest pinnen\" href=\"https:\/\/pinterest.com\/pin\/create\/button\/?url=https%3A%2F%2Fferne-welten.com%2Findex.php%3Frest_route%3D%252Fwp%252Fv2%252Fposts%252F648&#038;media=&#038;description=Musikalische%20Ritualmordlegenden\" style=\"font-size: 0px;width:32px;height:32px;margin:0;margin-bottom:5px;margin-right:5px\"><img loading=\"lazy\" decoding=\"async\" alt=\"pinterest\" title=\"Auf Pinterest pinnen\" class=\"synved-share-image synved-social-image synved-social-image-share\" width=\"32\" height=\"32\" style=\"display: inline;width:32px;height:32px;margin: 0;padding: 0;border: none;box-shadow: none\" src=\"https:\/\/ferne-welten.com\/wp-content\/plugins\/social-media-feather\/synved-social\/addons\/extra-icons\/image\/social\/circle\/64x64\/pinterest.png\" \/><\/a><a class=\"synved-social-button synved-social-button-share synved-social-size-32 synved-social-resolution-single synved-social-provider-linkedin nolightbox\" data-provider=\"linkedin\" target=\"_blank\" rel=\"nofollow\" title=\"Auf Linkedin teilen\" href=\"https:\/\/www.linkedin.com\/shareArticle?mini=true&#038;url=https%3A%2F%2Fferne-welten.com%2Findex.php%3Frest_route%3D%252Fwp%252Fv2%252Fposts%252F648&#038;title=Musikalische%20Ritualmordlegenden\" style=\"font-size: 0px;width:32px;height:32px;margin:0;margin-bottom:5px;margin-right:5px\"><img loading=\"lazy\" decoding=\"async\" alt=\"linkedin\" title=\"Auf Linkedin teilen\" class=\"synved-share-image synved-social-image synved-social-image-share\" width=\"32\" height=\"32\" style=\"display: inline;width:32px;height:32px;margin: 0;padding: 0;border: none;box-shadow: none\" src=\"https:\/\/ferne-welten.com\/wp-content\/plugins\/social-media-feather\/synved-social\/addons\/extra-icons\/image\/social\/circle\/64x64\/linkedin.png\" \/><\/a><a class=\"synved-social-button synved-social-button-share synved-social-size-32 synved-social-resolution-single synved-social-provider-tumblr nolightbox\" data-provider=\"tumblr\" target=\"_blank\" rel=\"nofollow\" title=\"\u00dcber Tumblr teilen\" href=\"https:\/\/tumblr.com\/share?s=&#038;v=3&#038;t=Musikalische%20Ritualmordlegenden&#038;u=https%3A%2F%2Fferne-welten.com%2Findex.php%3Frest_route%3D%252Fwp%252Fv2%252Fposts%252F648\" style=\"font-size: 0px;width:32px;height:32px;margin:0;margin-bottom:5px;margin-right:5px\"><img loading=\"lazy\" decoding=\"async\" alt=\"tumblr\" title=\"\u00dcber Tumblr teilen\" class=\"synved-share-image synved-social-image synved-social-image-share\" width=\"32\" height=\"32\" style=\"display: inline;width:32px;height:32px;margin: 0;padding: 0;border: none;box-shadow: none\" src=\"https:\/\/ferne-welten.com\/wp-content\/plugins\/social-media-feather\/synved-social\/addons\/extra-icons\/image\/social\/circle\/64x64\/tumblr.png\" \/><\/a><a class=\"synved-social-button synved-social-button-share synved-social-size-32 synved-social-resolution-single synved-social-provider-mail nolightbox\" data-provider=\"mail\" rel=\"nofollow\" title=\"Link per Mail weiterleiten\" href=\"mailto:?subject=Musikalische%20Ritualmordlegenden&#038;body=Hey%20check%20this%20out:%20https%3A%2F%2Fferne-welten.com%2Findex.php%3Frest_route%3D%252Fwp%252Fv2%252Fposts%252F648\" style=\"font-size: 0px;width:32px;height:32px;margin:0;margin-bottom:5px\"><img loading=\"lazy\" decoding=\"async\" alt=\"mail\" title=\"Link per Mail weiterleiten\" class=\"synved-share-image synved-social-image synved-social-image-share\" width=\"32\" height=\"32\" style=\"display: inline;width:32px;height:32px;margin: 0;padding: 0;border: none;box-shadow: none\" src=\"https:\/\/ferne-welten.com\/wp-content\/plugins\/social-media-feather\/synved-social\/addons\/extra-icons\/image\/social\/circle\/64x64\/mail.png\" \/><\/a>","protected":false},"excerpt":{"rendered":"<p>n diesen herbstlichen Tagen brachten der deutsche S\u00e4nger Xavier Naidoo und der ebenso deutsche Rapper Kool Savas ein Album heraus. Die beiden bekannten K\u00fcnstler firmieren daf\u00fcr als XAVAS,\u00a0um\u00a0ihre Musik\u00a0\u201ein die Wohnzimmer der Deutschen zu bringen\u201d.<\/p>\n","protected":false},"author":1,"featured_media":0,"comment_status":"open","ping_status":"open","sticky":false,"template":"","format":"standard","meta":{"footnotes":""},"categories":[79],"tags":[183,184,185,186,187,188],"class_list":["post-648","post","type-post","status-publish","format-standard","hentry","category-mythen","tag-nexxworld","tag-olli-banjo","tag-savas","tag-ted-gunderson","tag-xavas","tag-xavier-naidoo"],"_links":{"self":[{"href":"https:\/\/ferne-welten.com\/index.php?rest_route=\/wp\/v2\/posts\/648","targetHints":{"allow":["GET"]}}],"collection":[{"href":"https:\/\/ferne-welten.com\/index.php?rest_route=\/wp\/v2\/posts"}],"about":[{"href":"https:\/\/ferne-welten.com\/index.php?rest_route=\/wp\/v2\/types\/post"}],"author":[{"embeddable":true,"href":"https:\/\/ferne-welten.com\/index.php?rest_route=\/wp\/v2\/users\/1"}],"replies":[{"embeddable":true,"href":"https:\/\/ferne-welten.com\/index.php?rest_route=%2Fwp%2Fv2%2Fcomments&post=648"}],"version-history":[{"count":2,"href":"https:\/\/ferne-welten.com\/index.php?rest_route=\/wp\/v2\/posts\/648\/revisions"}],"predecessor-version":[{"id":1527,"href":"https:\/\/ferne-welten.com\/index.php?rest_route=\/wp\/v2\/posts\/648\/revisions\/1527"}],"wp:attachment":[{"href":"https:\/\/ferne-welten.com\/index.php?rest_route=%2Fwp%2Fv2%2Fmedia&parent=648"}],"wp:term":[{"taxonomy":"category","embeddable":true,"href":"https:\/\/ferne-welten.com\/index.php?rest_route=%2Fwp%2Fv2%2Fcategories&post=648"},{"taxonomy":"post_tag","embeddable":true,"href":"https:\/\/ferne-welten.com\/index.php?rest_route=%2Fwp%2Fv2%2Ftags&post=648"}],"curies":[{"name":"wp","href":"https:\/\/api.w.org\/{rel}","templated":true}]}}