{"id":650,"date":"2012-09-17T18:43:11","date_gmt":"2012-09-17T17:43:11","guid":{"rendered":"http:\/\/ferne-welten.com\/?p=650"},"modified":"2017-04-30T14:18:04","modified_gmt":"2017-04-30T13:18:04","slug":"die-mohammed-verschwoerung","status":"publish","type":"post","link":"https:\/\/ferne-welten.com\/?p=650","title":{"rendered":"Die Mohammed-Verschw\u00f6rung"},"content":{"rendered":"<p style=\"text-align: justify;\">Es war abzusehen, dass der Mohammed-Film nicht nur den m\u00f6rderischen Hass von Islamisten, sondern auch die Phantasie verschiedener Verschw\u00f6rungideologen erwecken w\u00fcrde.<\/p>\n<p style=\"text-align: justify;\"><!--more--><\/p>\n<p style=\"text-align: justify;\">Auf der verschw\u00f6rungsideologischen Internetseite\u00a0\u201eAlles Schall und Rauch\u201d\u00a0kann sich der geneigte Verschw\u00f6rungsgl\u00e4ubige daher nun nicht mehr nur \u00fcber die angebliche Macht der Rothschilds, sondern auch \u00fcber den Film und seine vermeintlichen Urheber informieren. Hier wird\u00a0\u201eeine grossangelegte T\u00e4uschung auf allen Seiten, welche die wirklichen Drahtzieher und Geldgeber tarnt\u201d\u00a0vermutet. Auf anderen, oftmals islamistischen Internetseiten, wurden derartige Verschw\u00f6rungsmythen pr\u00e4zisiert. Mit dem Film solle\u00a0\u201edie durch das zionistische Regime ohnehin angespannte Situation zwischen Muslimen und Juden offensichtlich k\u00fcnstlich gesch\u00fcrt und versch\u00e4rft werden\u201d, hie\u00df es auf einer entsprechenden Internetseite. Dort wurde die L\u00fcge, von den einhundert Juden, die den Film finanziert h\u00e4tten, verbreitet. Es handelt sich um eine L\u00fcge, die auch durch gr\u00f6\u00dfere Medien kolportiert wurde.<\/p>\n<p style=\"text-align: justify;\">Bei derartigen Ereignissen inszenieren sich Verschw\u00f6rungsgideologen als Kriminalisten. Sie spielen Sherlock Holmes und stellen die Frage, wem das jeweilige Verbrechen genutzt hat, um damit R\u00fcckschl\u00fcsse auf die vermeintlichen T\u00e4ter zu ziehen.<\/p>\n<p style=\"text-align: justify;\">Nach den antisemitischen Angriffen des 11. September 2001 konnte ein Heer aus Verschw\u00f6rungsideologen auf diese Weise das Opfer zum T\u00e4ter machen. Weil das Verbrechen angeblich den USA genutzt h\u00e4tte, k\u00f6nnen nur eine inneramerikanische Verschw\u00f6rung f\u00fcr die Taten verantwortlich sein, lautete der ideologische Trugschluss, der in Deutschland etwa durch Mathias Br\u00f6ckers verbreitet wurde. Nach verschiedenen Erdbeben wurde ebenfalls jene kriminalistisch anmutende Frage gestellt, um der angeblichen amerikanischen oder gar israelischen Verschw\u00f6rung nachzusagen, sie h\u00e4tte \u2014 mittels\u00a0mysteri\u00f6ser Erdbebenwaffe\u00a0\u2014 die Naturkatastrophe ausgel\u00f6st, um etwa einen \u00f6konomischen Konkurrenten auszuschalten.<\/p>\n<p style=\"text-align: justify;\">Nach dem Mohammed-Film spielen verschiedene Verschw\u00f6rungsideologen und ihre Fans mal wieder Detektiv und stellten sich die Frage, wem denn\u00a0der Mohammed-Film\u00a0gen\u00fctzt h\u00e4tte. Wie im Falle des 11. September 2001 munkeln sie nun von der gro\u00dfen Verschw\u00f6rung, die f\u00fcr den Film und die Folgen verantwortlich sei: \u201eDie Leute, die dort irgendwas machen, k\u00f6nnen von \u00fcberall auf der Welt kommen und werden einfach von der CIA f\u00fcr ihren \u2018Job\u2019 bezahlt\u201d, raunte ein Verschw\u00f6rungsgl\u00e4ubiger in einem einschl\u00e4gigen Forum, indem die Frage gestellt wurde, die Verschw\u00f6rungsgl\u00e4ubige benutzten, um die vermeintlichen T\u00e4ter zu benennen.<\/p>\n<p style=\"text-align: justify;\">W\u00e4hrend der ordin\u00e4re Verschw\u00f6rungsideologe nur vorgibt, dass er auf der Suche nach vermeintlichen Hinterm\u00e4nnern sei, steht der T\u00e4ter doch von vornherein fest. So muss es nicht verwundern, dass Verschw\u00f6rungsgl\u00e4ubige jedweder Couleur nun auch von J\u00fcdinnen und Juden faseln, die sie f\u00fcr den Film verantwortlich machen wollen.<\/p>\n<p style=\"text-align: justify;\">Doch die Frage, wem der Film gen\u00fctzt h\u00e4tte, findet sich nicht nur auf den einschl\u00e4gigen Internetseiten und in den Foren der\u00a0\u201eTruther\u201d\u00a0und\u00a0\u201eInfokrieger\u201d, sondern auch auf der\u00a0<a href=\"http:\/\/www.spiegel.de\/politik\/ausland\/mohammed-film-wem-nuetzt-die-welle-der-wut-in-der-islamischen-welt-a-856233.html\">Seite eines gro\u00dfen deutschen Nachrichtenmagazins<\/a>. F\u00fcr den\u00a0\u201eSpiegel\u201d\u00a0spielte\u00a0<a href=\"http:\/\/de.wikipedia.org\/wiki\/Jakob_Augstein\">Jakob Augstein<\/a>\u00a0den Detektiv und stellte die Frage, mit der sich auch andere Verschw\u00f6rungsideologen seit dem Erscheinen des Films befassen: \u201eWie bei allen Verbrechen muss man auch hier fragen: Wer profitiert davon\u201d, behauptete Augstein, um im n\u00e4chsten Satz diejenigen zu pr\u00e4sentieren, denen der Film gen\u00fctzt h\u00e4tte. F\u00fcr Augstein sind es\u00a0\u201eUS-Republikaner und Israelis\u201d.<\/p>\n<p style=\"text-align: justify;\">Mit dieser Behauptung begab sich Augstein in die Reihe derer, die an der verschw\u00f6rungsideologischen Umdeutung der Ereignisse arbeiten. Dabei stellte er au\u00dferdem die Frage, ob der Produzent des Filmes\u00a0\u201ein einem anderen Auftrag\u201d\u00a0gehandelt habe. Letztendlich beantwortet Augstein seine Fragen nicht. Diese Drecksarbeit \u00fcberl\u00e4sst er seinen Lesern und den einschl\u00e4gigen Internetseiten der Verschw\u00f6rungsindustrie.<\/p>\n<p style=\"text-align: justify;\">Augstein bleibt beim\u00a0\u201eGer\u00fccht\u00a0\u00fcber die Juden\u201d\u00a0(Adorno) und munkelt vom israelischen Ministerpr\u00e4sidenten Netanjahu, dem\u00a0\u201edie Bilder der w\u00fctenden Muslime mehr als gelegen\u201d\u00a0gekommen w\u00e4ren. So pr\u00e4sentiert er, wenn auch in Frageform, einen vermeintlichen T\u00e4ter, w\u00e4hrend der Mob zum Opfer gemacht wird:<\/p>\n<blockquote><p>Die zornigen jungen M\u00e4nner, die amerikanische (\u2026) Flaggen verbrennen, sind ebenso Opfer wie die Toten von Bengasi und Sanaa.<\/p><\/blockquote>\n<p style=\"text-align: justify;\">Mit seinen Behauptungen wird Augstein die\u00a0 antisemitischen Phantasien der Verschw\u00f6rungsideologen befeuern, die auch in den kommenden Tagen daran arbeiten werden, das Bild einer Verschw\u00f6rung zu entwerfen, die man f\u00fcr den Film und Folgen verantwortlich machen kann. Hier d\u00fcrfte die gleiche Frage gestellt und eine \u00e4hnliche Antwort geliefert werden. Dabei wird sicherlich auch der Name Netanjahu fallen.<\/p>\n<p style=\"text-align: justify;\">Vielleicht wird sich der ein oder andere Verschw\u00f6rungsideologe dabei auf den Hobby-Detektiv Augstein berufen. Dessen Text zeigt allerdings deutlich auf, wie mehrheitsf\u00e4hig derartige Verschw\u00f6rungsmythen sind, zumindest wenn man Israelis oder Amerikaner verantwortlich machen kann.<\/p>\n<a class=\"synved-social-button synved-social-button-share synved-social-size-32 synved-social-resolution-single synved-social-provider-facebook nolightbox\" data-provider=\"facebook\" target=\"_blank\" rel=\"nofollow\" title=\"Auf Facebook teilen\" href=\"https:\/\/www.facebook.com\/sharer.php?u=https%3A%2F%2Fferne-welten.com%2Findex.php%3Frest_route%3D%252Fwp%252Fv2%252Fposts%252F650&#038;t=Die%20Mohammed-Verschw%C3%B6rung&#038;s=100&#038;p&#091;url&#093;=https%3A%2F%2Fferne-welten.com%2Findex.php%3Frest_route%3D%252Fwp%252Fv2%252Fposts%252F650&#038;p&#091;images&#093;&#091;0&#093;=&#038;p&#091;title&#093;=Die%20Mohammed-Verschw%C3%B6rung\" style=\"font-size: 0px;width:32px;height:32px;margin:0;margin-bottom:5px;margin-right:5px\"><img loading=\"lazy\" decoding=\"async\" alt=\"Facebook\" title=\"Auf Facebook teilen\" class=\"synved-share-image synved-social-image synved-social-image-share\" width=\"32\" height=\"32\" style=\"display: inline;width:32px;height:32px;margin: 0;padding: 0;border: none;box-shadow: none\" src=\"https:\/\/ferne-welten.com\/wp-content\/plugins\/social-media-feather\/synved-social\/addons\/extra-icons\/image\/social\/circle\/64x64\/facebook.png\" \/><\/a><a class=\"synved-social-button synved-social-button-share synved-social-size-32 synved-social-resolution-single synved-social-provider-twitter nolightbox\" data-provider=\"twitter\" target=\"_blank\" rel=\"nofollow\" title=\"Auf Twitter teilen\" href=\"https:\/\/twitter.com\/intent\/tweet?url=https%3A%2F%2Fferne-welten.com%2Findex.php%3Frest_route%3D%252Fwp%252Fv2%252Fposts%252F650&#038;text=Hey%20check%20this%20out\" style=\"font-size: 0px;width:32px;height:32px;margin:0;margin-bottom:5px;margin-right:5px\"><img loading=\"lazy\" decoding=\"async\" alt=\"twitter\" title=\"Auf Twitter teilen\" class=\"synved-share-image synved-social-image synved-social-image-share\" width=\"32\" height=\"32\" style=\"display: inline;width:32px;height:32px;margin: 0;padding: 0;border: none;box-shadow: none\" src=\"https:\/\/ferne-welten.com\/wp-content\/plugins\/social-media-feather\/synved-social\/addons\/extra-icons\/image\/social\/circle\/64x64\/twitter.png\" \/><\/a><a class=\"synved-social-button synved-social-button-share synved-social-size-32 synved-social-resolution-single synved-social-provider-reddit nolightbox\" data-provider=\"reddit\" target=\"_blank\" rel=\"nofollow\" title=\"Auf Reddit teilen\" href=\"https:\/\/www.reddit.com\/submit?url=https%3A%2F%2Fferne-welten.com%2Findex.php%3Frest_route%3D%252Fwp%252Fv2%252Fposts%252F650&#038;title=Die%20Mohammed-Verschw%C3%B6rung\" style=\"font-size: 0px;width:32px;height:32px;margin:0;margin-bottom:5px;margin-right:5px\"><img loading=\"lazy\" decoding=\"async\" alt=\"reddit\" title=\"Auf Reddit teilen\" class=\"synved-share-image synved-social-image synved-social-image-share\" width=\"32\" height=\"32\" style=\"display: inline;width:32px;height:32px;margin: 0;padding: 0;border: none;box-shadow: none\" src=\"https:\/\/ferne-welten.com\/wp-content\/plugins\/social-media-feather\/synved-social\/addons\/extra-icons\/image\/social\/circle\/64x64\/reddit.png\" \/><\/a><a class=\"synved-social-button synved-social-button-share synved-social-size-32 synved-social-resolution-single synved-social-provider-pinterest nolightbox\" data-provider=\"pinterest\" target=\"_blank\" rel=\"nofollow\" title=\"Auf Pinterest pinnen\" href=\"https:\/\/pinterest.com\/pin\/create\/button\/?url=https%3A%2F%2Fferne-welten.com%2Findex.php%3Frest_route%3D%252Fwp%252Fv2%252Fposts%252F650&#038;media=&#038;description=Die%20Mohammed-Verschw%C3%B6rung\" style=\"font-size: 0px;width:32px;height:32px;margin:0;margin-bottom:5px;margin-right:5px\"><img loading=\"lazy\" decoding=\"async\" alt=\"pinterest\" title=\"Auf Pinterest pinnen\" class=\"synved-share-image synved-social-image synved-social-image-share\" width=\"32\" height=\"32\" style=\"display: inline;width:32px;height:32px;margin: 0;padding: 0;border: none;box-shadow: none\" src=\"https:\/\/ferne-welten.com\/wp-content\/plugins\/social-media-feather\/synved-social\/addons\/extra-icons\/image\/social\/circle\/64x64\/pinterest.png\" \/><\/a><a class=\"synved-social-button synved-social-button-share synved-social-size-32 synved-social-resolution-single synved-social-provider-linkedin nolightbox\" data-provider=\"linkedin\" target=\"_blank\" rel=\"nofollow\" title=\"Auf Linkedin teilen\" href=\"https:\/\/www.linkedin.com\/shareArticle?mini=true&#038;url=https%3A%2F%2Fferne-welten.com%2Findex.php%3Frest_route%3D%252Fwp%252Fv2%252Fposts%252F650&#038;title=Die%20Mohammed-Verschw%C3%B6rung\" style=\"font-size: 0px;width:32px;height:32px;margin:0;margin-bottom:5px;margin-right:5px\"><img loading=\"lazy\" decoding=\"async\" alt=\"linkedin\" title=\"Auf Linkedin teilen\" class=\"synved-share-image synved-social-image synved-social-image-share\" width=\"32\" height=\"32\" style=\"display: inline;width:32px;height:32px;margin: 0;padding: 0;border: none;box-shadow: none\" src=\"https:\/\/ferne-welten.com\/wp-content\/plugins\/social-media-feather\/synved-social\/addons\/extra-icons\/image\/social\/circle\/64x64\/linkedin.png\" \/><\/a><a class=\"synved-social-button synved-social-button-share synved-social-size-32 synved-social-resolution-single synved-social-provider-tumblr nolightbox\" data-provider=\"tumblr\" target=\"_blank\" rel=\"nofollow\" title=\"\u00dcber Tumblr teilen\" href=\"https:\/\/tumblr.com\/share?s=&#038;v=3&#038;t=Die%20Mohammed-Verschw%C3%B6rung&#038;u=https%3A%2F%2Fferne-welten.com%2Findex.php%3Frest_route%3D%252Fwp%252Fv2%252Fposts%252F650\" style=\"font-size: 0px;width:32px;height:32px;margin:0;margin-bottom:5px;margin-right:5px\"><img loading=\"lazy\" decoding=\"async\" alt=\"tumblr\" title=\"\u00dcber Tumblr teilen\" class=\"synved-share-image synved-social-image synved-social-image-share\" width=\"32\" height=\"32\" style=\"display: inline;width:32px;height:32px;margin: 0;padding: 0;border: none;box-shadow: none\" src=\"https:\/\/ferne-welten.com\/wp-content\/plugins\/social-media-feather\/synved-social\/addons\/extra-icons\/image\/social\/circle\/64x64\/tumblr.png\" \/><\/a><a class=\"synved-social-button synved-social-button-share synved-social-size-32 synved-social-resolution-single synved-social-provider-mail nolightbox\" data-provider=\"mail\" rel=\"nofollow\" title=\"Link per Mail weiterleiten\" href=\"mailto:?subject=Die%20Mohammed-Verschw%C3%B6rung&#038;body=Hey%20check%20this%20out:%20https%3A%2F%2Fferne-welten.com%2Findex.php%3Frest_route%3D%252Fwp%252Fv2%252Fposts%252F650\" style=\"font-size: 0px;width:32px;height:32px;margin:0;margin-bottom:5px\"><img loading=\"lazy\" decoding=\"async\" alt=\"mail\" title=\"Link per Mail weiterleiten\" class=\"synved-share-image synved-social-image synved-social-image-share\" width=\"32\" height=\"32\" style=\"display: inline;width:32px;height:32px;margin: 0;padding: 0;border: none;box-shadow: none\" src=\"https:\/\/ferne-welten.com\/wp-content\/plugins\/social-media-feather\/synved-social\/addons\/extra-icons\/image\/social\/circle\/64x64\/mail.png\" \/><\/a>","protected":false},"excerpt":{"rendered":"<p>Es war abzusehen, dass der Mohammed-Film nicht nur den m\u00f6rderischen Hass von Islamisten, sondern auch die Phantasie verschiedener Verschw\u00f6rungideologen erwecken w\u00fcrde.<\/p>\n","protected":false},"author":1,"featured_media":0,"comment_status":"open","ping_status":"open","sticky":false,"template":"","format":"standard","meta":{"footnotes":""},"categories":[79],"tags":[189,190],"class_list":["post-650","post","type-post","status-publish","format-standard","hentry","category-mythen","tag-alles-schall-und-rauch","tag-jakob-augstein"],"_links":{"self":[{"href":"https:\/\/ferne-welten.com\/index.php?rest_route=\/wp\/v2\/posts\/650","targetHints":{"allow":["GET"]}}],"collection":[{"href":"https:\/\/ferne-welten.com\/index.php?rest_route=\/wp\/v2\/posts"}],"about":[{"href":"https:\/\/ferne-welten.com\/index.php?rest_route=\/wp\/v2\/types\/post"}],"author":[{"embeddable":true,"href":"https:\/\/ferne-welten.com\/index.php?rest_route=\/wp\/v2\/users\/1"}],"replies":[{"embeddable":true,"href":"https:\/\/ferne-welten.com\/index.php?rest_route=%2Fwp%2Fv2%2Fcomments&post=650"}],"version-history":[{"count":2,"href":"https:\/\/ferne-welten.com\/index.php?rest_route=\/wp\/v2\/posts\/650\/revisions"}],"predecessor-version":[{"id":1528,"href":"https:\/\/ferne-welten.com\/index.php?rest_route=\/wp\/v2\/posts\/650\/revisions\/1528"}],"wp:attachment":[{"href":"https:\/\/ferne-welten.com\/index.php?rest_route=%2Fwp%2Fv2%2Fmedia&parent=650"}],"wp:term":[{"taxonomy":"category","embeddable":true,"href":"https:\/\/ferne-welten.com\/index.php?rest_route=%2Fwp%2Fv2%2Fcategories&post=650"},{"taxonomy":"post_tag","embeddable":true,"href":"https:\/\/ferne-welten.com\/index.php?rest_route=%2Fwp%2Fv2%2Ftags&post=650"}],"curies":[{"name":"wp","href":"https:\/\/api.w.org\/{rel}","templated":true}]}}