{"id":652,"date":"2012-09-17T18:46:03","date_gmt":"2012-09-17T17:46:03","guid":{"rendered":"http:\/\/ferne-welten.com\/?p=652"},"modified":"2017-04-21T13:28:27","modified_gmt":"2017-04-21T12:28:27","slug":"aufmarsch-mit-grabkerzen","status":"publish","type":"post","link":"https:\/\/ferne-welten.com\/?p=652","title":{"rendered":"Aufmarsch mit Grabkerzen"},"content":{"rendered":"<p style=\"text-align: justify;\">Am 15.09.2012 marschierten sie durch Berlin, um am Brandenburger Tor die Nacht mit Grabkerzen zu erhellen.\u00a0 Im Vorfeld war die Demonstration unter anderem durch die verschw\u00f6rungsideologische Band\u00a0\u201eDie Bandbreite\u201d, durch die Linkspartei Abgeordnete Inge H\u00f6ger und durch die esoterische Ikone\u00a0 Nina Hagen beworben worden.<\/p>\n<p style=\"text-align: justify;\"><!--more--><\/p>\n<p style=\"text-align: justify;\">Auf dem Plakat, mit dem zum Aufmarsch mobilisiert wurde, prangte das Logo der nationalbolschewistischen Tageszeitung\u00a0Junge Welt. Unterst\u00fctzung gab es ebenfalls durch den Weblog\u00a0\u201eHeinrichsplatz.tv\u201d, der auch die Ideen der rechten Reichsb\u00fcrger bewirbt.\u00a0Kritik war nicht erw\u00fcnscht: Die Veranstalter jammerten, dass sie mit\u00a0\u201eDreck beworfen\u201d\u00a0werden w\u00fcrden.<\/p>\n<p style=\"text-align: justify;\">Letztendlich versammelten sich etwa 200 Esoteriker, Verschw\u00f6rungsgl\u00e4ubige, Antisemiten und andere Gestalten, um f\u00fcr das, was sie als\u00a0\u201eFrieden\u201d\u00a0bezeichnen, auf die Stra\u00dfe zu gehen. Hier durften die\u00a0\u00dcberreste\u00a0der\u00a0Occupy-Bewegung\u00a0ihre Transparente und ihre\u00a0<a href=\"http:\/\/www.youtube.com\/watch?v=W9_GMXzH1jY&amp;t=6m12s\">Aktionsformen\u00a0<\/a>pr\u00e4sentieren: Gemeinsam\u00a0<a href=\"http:\/\/www.youtube.com\/watch?v=W9_GMXzH1jY&amp;t=6m12s\">wiederholte man die S\u00e4tze des Redners<\/a>. Die Organisatoren, um den Verschw\u00f6rungsideologen Heinrich B\u00fccker, pr\u00e4sentierten derweil ihr Transparent, mit dem eine erneute Untersuchung des 11. September 2001 gefordert wird. Auf anderen Plakaten wurde man konkreter:\u00a0\u201eAmi go home\u201d.\u00a0Diese Manifestation des Antiamerikanismus wurde durch pal\u00e4stinensische Nationalfahnen erg\u00e4nzt. Hinzu kamen v\u00f6lkische und verschw\u00f6rungsideologische Phrasen.<\/p>\n<p style=\"text-align: justify;\">Die Redner machten die USA sowohl f\u00fcr verschiedene Kriege als auch f\u00fcr verschiedene Terroranschl\u00e4ge verantwortlich. Heinrich B\u00fccker bezeichnete die historischen Tatsachen des 11. September 2001 als\u00a0\u201eL\u00fcge\u201d\u00a0und entlastete auf diese Weise die antisemitischen T\u00e4ter. Hier berief er sich auf den\u00a0\u201egro\u00dfen Teil der Bev\u00f6lkerung in Deutschland\u201d. Diese Entlastung der T\u00e4ter des 11. September 2001 fand sich auch auf den Pappschildern.\u00a0An einem Lautsprecherwagen war die Forderung nach einer\u00a0\u201einternationalen Untersuchung\u201d\u00a0zu lesen.<\/p>\n<p style=\"text-align: justify;\">Vor dem Aufmarsch hatten die Organisatoren eine Dame namens Ellsa Rassbach als Rednerin angedroht, die in diesem Jahr den\u00a0Marsch auf Jerusalem\u00a0<a href=\"http:\/\/gm2j.co\/elsa-rassbach\/\">unterst\u00fctzte<\/a>, mit der verschiedene Antisemiten gegen eine\u00a0\u201eJudaisierung\u201d\u00a0der israelischen Hauptstadt vorgehen wollten. Kein Wunder, dass Rassbach aus ihre Gedanken\u00a0<a href=\"http:\/\/vimeo.com\/27246433\">kein Geheimnis<\/a>\u00a0macht: Sie bem\u00fcht dabei die Mythen vom Wasser, das den Pal\u00e4stinensern vorenthalten werden w\u00fcrde und bezeichnet die israelische Demokratie als\u00a0\u201eApartheidstaat\u201d. Daher fordert sie den Boykott des israelischen Staates und von Firmen, die mit israelischen Produkten Profite realisieren oder die in Israel produzieren. Daher kann man sich vorstellen, was f\u00fcr Inhalte von der anti-israelischen Aktivistin auf dem Marsch in Berlin vertreten wurden.<\/p>\n<p style=\"text-align: justify;\">Eine weitere Rede wurde durch\u00a0<a href=\"http:\/\/inrur.info\/wiki\/Elke_Zwinge-Makamizile\">Elke Zwinge-Makamizile<\/a>\u00a0gehalten, die im vergangenen Jahr an der anti-israelischen\u00a0\u201eFlytilla\u201d\u00a0beteiligt\u00a0<a href=\"http:\/\/www.youtube.com\/watch?v=xqCu0ZlL_VM\">war<\/a>. Dieses Jahr reichte es immerhin f\u00fcr eine Reise auf die Burg Waldeck: Dort fotografierte die Aktivistin ein\u00a0Festival deutscher Sozialisten. Die Fotos sind heute auf den Seiten der verschw\u00f6rungsideologischen Gruppe\u00a0\u201eArbeiterfotografie\u201d\u00a0zu finden, deren Aktivisten wiederum vor einiger Zeit\u00a0den Holocaust-Leugner Mahmud Ahmadinedschad besuchten.<\/p>\n<p style=\"text-align: justify;\">In ihrer Rede sprach Zwinge-Makamizile nicht von Ahmadinedschad, sondern wandte sich\u00a0\u201egegen die unipolare Hegemonialmacht USA\u201d,\u00a0hinter der sie die\u00a0\u201e1 Prozent\u201d\u00a0verortete, die sie und ihresgleichen f\u00fcr alle vermeintlichen oder tats\u00e4chlichen \u00dcbel dieser Welt verantwortlich machen. Au\u00dferdem rief sie zur Solidarit\u00e4t mit dem\u00a0Wikileaks-Guru Julian Assange\u00a0auf. Am Ende ihrer Rede frohlockte die Aktivistin:\u00a0\u201eWiderstand ist der V\u00f6lker-Recht\u201d.<\/p>\n<p style=\"text-align: justify;\">Es waren allerdings nicht nur die Redner, sondern auch die Musikanten, die f\u00fcr Stimmung sorgten, indem sie die verschw\u00f6rungsideologische Umdeutung der kapitalistischen Totalit\u00e4t in Musik verpackten. Die\u00a0<a href=\"http:\/\/www.rap.de\/news\/5956\">Reimemonster<\/a>\u00a0der Band\u00a0\u201eQult\u201d\u00a0inszenierten sich auch auf dem Aufmarsch als aufrechte Wutb\u00fcrger, die\u00a0\u201emit der Stimme eines Volkes\u201d\u00a0sprechen w\u00fcrden:\u00a0\u201eEin Volk, eine Stimme\u201d\u00a0hie\u00df es in einem St\u00fcck, das sicherlich zu den\u00a0gruseligsten Produkten der deutschen Reim-Kultur z\u00e4hlt. Damit\u00a0scheinen die Musikanten aus Freiburg den Versuch unternommen zu haben, das Wort\u00a0\u201eVolk\u201d\u00a0m\u00f6glichst oft in ihren Reime zu benutzen, auf das sie sich immer wieder beziehen und als deren Sprecher sie auftreten. Die\u00a0<a href=\"http:\/\/anonym.to\/?http:\/\/qultrap.de\/\">selbsternannten<\/a>\u00a0\u201eM\u00e4nner des Volkes\u201d, die ansonsten auch mal ihre Mama besingen, beklagten in Berlin einen Werteverfall und begeisterten mit ihren Ges\u00e4ngen die Demonstranten, die\u00a0\u201ef\u00fcr den Frieden\u201d\u00a0auf die Stra\u00dfe gingen.<\/p>\n<p style=\"text-align: justify;\">Mit verschw\u00f6rungsideologischen Transparenten und Parolen zogen die\u00a0\u201eM\u00e4nner des Volkes\u201d\u00a0durch Berlin-Mitte. Als es dunkel wurde hatte man das Brandenburger Tor erreicht. Dort entz\u00fcndete man Grabkerzen und formte ein Friedenszeichen. Auf die Verschw\u00f6rungsmythen folgte also Runen\u2013 und Lichtsymbolik im Herzen Berlins.<\/p>\n<a class=\"synved-social-button synved-social-button-share synved-social-size-32 synved-social-resolution-single synved-social-provider-facebook nolightbox\" data-provider=\"facebook\" target=\"_blank\" rel=\"nofollow\" title=\"Auf Facebook teilen\" href=\"https:\/\/www.facebook.com\/sharer.php?u=https%3A%2F%2Fferne-welten.com%2Findex.php%3Frest_route%3D%252Fwp%252Fv2%252Fposts%252F652&#038;t=Aufmarsch%20mit%20Grabkerzen&#038;s=100&#038;p&#091;url&#093;=https%3A%2F%2Fferne-welten.com%2Findex.php%3Frest_route%3D%252Fwp%252Fv2%252Fposts%252F652&#038;p&#091;images&#093;&#091;0&#093;=&#038;p&#091;title&#093;=Aufmarsch%20mit%20Grabkerzen\" style=\"font-size: 0px;width:32px;height:32px;margin:0;margin-bottom:5px;margin-right:5px\"><img loading=\"lazy\" decoding=\"async\" alt=\"Facebook\" title=\"Auf Facebook teilen\" class=\"synved-share-image synved-social-image synved-social-image-share\" width=\"32\" height=\"32\" style=\"display: inline;width:32px;height:32px;margin: 0;padding: 0;border: none;box-shadow: none\" src=\"https:\/\/ferne-welten.com\/wp-content\/plugins\/social-media-feather\/synved-social\/addons\/extra-icons\/image\/social\/circle\/64x64\/facebook.png\" \/><\/a><a class=\"synved-social-button synved-social-button-share synved-social-size-32 synved-social-resolution-single synved-social-provider-twitter nolightbox\" data-provider=\"twitter\" target=\"_blank\" rel=\"nofollow\" title=\"Auf Twitter teilen\" href=\"https:\/\/twitter.com\/intent\/tweet?url=https%3A%2F%2Fferne-welten.com%2Findex.php%3Frest_route%3D%252Fwp%252Fv2%252Fposts%252F652&#038;text=Hey%20check%20this%20out\" style=\"font-size: 0px;width:32px;height:32px;margin:0;margin-bottom:5px;margin-right:5px\"><img loading=\"lazy\" decoding=\"async\" alt=\"twitter\" title=\"Auf Twitter teilen\" class=\"synved-share-image synved-social-image synved-social-image-share\" width=\"32\" height=\"32\" style=\"display: inline;width:32px;height:32px;margin: 0;padding: 0;border: none;box-shadow: none\" src=\"https:\/\/ferne-welten.com\/wp-content\/plugins\/social-media-feather\/synved-social\/addons\/extra-icons\/image\/social\/circle\/64x64\/twitter.png\" \/><\/a><a class=\"synved-social-button synved-social-button-share synved-social-size-32 synved-social-resolution-single synved-social-provider-reddit nolightbox\" data-provider=\"reddit\" target=\"_blank\" rel=\"nofollow\" title=\"Auf Reddit teilen\" href=\"https:\/\/www.reddit.com\/submit?url=https%3A%2F%2Fferne-welten.com%2Findex.php%3Frest_route%3D%252Fwp%252Fv2%252Fposts%252F652&#038;title=Aufmarsch%20mit%20Grabkerzen\" style=\"font-size: 0px;width:32px;height:32px;margin:0;margin-bottom:5px;margin-right:5px\"><img loading=\"lazy\" decoding=\"async\" alt=\"reddit\" title=\"Auf Reddit teilen\" class=\"synved-share-image synved-social-image synved-social-image-share\" width=\"32\" height=\"32\" style=\"display: inline;width:32px;height:32px;margin: 0;padding: 0;border: none;box-shadow: none\" src=\"https:\/\/ferne-welten.com\/wp-content\/plugins\/social-media-feather\/synved-social\/addons\/extra-icons\/image\/social\/circle\/64x64\/reddit.png\" \/><\/a><a class=\"synved-social-button synved-social-button-share synved-social-size-32 synved-social-resolution-single synved-social-provider-pinterest nolightbox\" data-provider=\"pinterest\" target=\"_blank\" rel=\"nofollow\" title=\"Auf Pinterest pinnen\" href=\"https:\/\/pinterest.com\/pin\/create\/button\/?url=https%3A%2F%2Fferne-welten.com%2Findex.php%3Frest_route%3D%252Fwp%252Fv2%252Fposts%252F652&#038;media=&#038;description=Aufmarsch%20mit%20Grabkerzen\" style=\"font-size: 0px;width:32px;height:32px;margin:0;margin-bottom:5px;margin-right:5px\"><img loading=\"lazy\" decoding=\"async\" alt=\"pinterest\" title=\"Auf Pinterest pinnen\" class=\"synved-share-image synved-social-image synved-social-image-share\" width=\"32\" height=\"32\" style=\"display: inline;width:32px;height:32px;margin: 0;padding: 0;border: none;box-shadow: none\" src=\"https:\/\/ferne-welten.com\/wp-content\/plugins\/social-media-feather\/synved-social\/addons\/extra-icons\/image\/social\/circle\/64x64\/pinterest.png\" \/><\/a><a class=\"synved-social-button synved-social-button-share synved-social-size-32 synved-social-resolution-single synved-social-provider-linkedin nolightbox\" data-provider=\"linkedin\" target=\"_blank\" rel=\"nofollow\" title=\"Auf Linkedin teilen\" href=\"https:\/\/www.linkedin.com\/shareArticle?mini=true&#038;url=https%3A%2F%2Fferne-welten.com%2Findex.php%3Frest_route%3D%252Fwp%252Fv2%252Fposts%252F652&#038;title=Aufmarsch%20mit%20Grabkerzen\" style=\"font-size: 0px;width:32px;height:32px;margin:0;margin-bottom:5px;margin-right:5px\"><img loading=\"lazy\" decoding=\"async\" alt=\"linkedin\" title=\"Auf Linkedin teilen\" class=\"synved-share-image synved-social-image synved-social-image-share\" width=\"32\" height=\"32\" style=\"display: inline;width:32px;height:32px;margin: 0;padding: 0;border: none;box-shadow: none\" src=\"https:\/\/ferne-welten.com\/wp-content\/plugins\/social-media-feather\/synved-social\/addons\/extra-icons\/image\/social\/circle\/64x64\/linkedin.png\" \/><\/a><a class=\"synved-social-button synved-social-button-share synved-social-size-32 synved-social-resolution-single synved-social-provider-tumblr nolightbox\" data-provider=\"tumblr\" target=\"_blank\" rel=\"nofollow\" title=\"\u00dcber Tumblr teilen\" href=\"https:\/\/tumblr.com\/share?s=&#038;v=3&#038;t=Aufmarsch%20mit%20Grabkerzen&#038;u=https%3A%2F%2Fferne-welten.com%2Findex.php%3Frest_route%3D%252Fwp%252Fv2%252Fposts%252F652\" style=\"font-size: 0px;width:32px;height:32px;margin:0;margin-bottom:5px;margin-right:5px\"><img loading=\"lazy\" decoding=\"async\" alt=\"tumblr\" title=\"\u00dcber Tumblr teilen\" class=\"synved-share-image synved-social-image synved-social-image-share\" width=\"32\" height=\"32\" style=\"display: inline;width:32px;height:32px;margin: 0;padding: 0;border: none;box-shadow: none\" src=\"https:\/\/ferne-welten.com\/wp-content\/plugins\/social-media-feather\/synved-social\/addons\/extra-icons\/image\/social\/circle\/64x64\/tumblr.png\" \/><\/a><a class=\"synved-social-button synved-social-button-share synved-social-size-32 synved-social-resolution-single synved-social-provider-mail nolightbox\" data-provider=\"mail\" rel=\"nofollow\" title=\"Link per Mail weiterleiten\" href=\"mailto:?subject=Aufmarsch%20mit%20Grabkerzen&#038;body=Hey%20check%20this%20out:%20https%3A%2F%2Fferne-welten.com%2Findex.php%3Frest_route%3D%252Fwp%252Fv2%252Fposts%252F652\" style=\"font-size: 0px;width:32px;height:32px;margin:0;margin-bottom:5px\"><img loading=\"lazy\" decoding=\"async\" alt=\"mail\" title=\"Link per Mail weiterleiten\" class=\"synved-share-image synved-social-image synved-social-image-share\" width=\"32\" height=\"32\" style=\"display: inline;width:32px;height:32px;margin: 0;padding: 0;border: none;box-shadow: none\" src=\"https:\/\/ferne-welten.com\/wp-content\/plugins\/social-media-feather\/synved-social\/addons\/extra-icons\/image\/social\/circle\/64x64\/mail.png\" \/><\/a>","protected":false},"excerpt":{"rendered":"<p>Am 15.09.2012 marschierten sie durch Berlin, um am Brandenburger Tor die Nacht mit Grabkerzen zu erhellen.\u00a0 Im Vorfeld war die Demonstration unter anderem durch die verschw\u00f6rungsideologische Band\u00a0\u201eDie Bandbreite\u201d, durch die Linkspartei Abgeordnete Inge H\u00f6ger und durch die esoterische Ikone\u00a0 Nina&#8230;<br \/><a class=\"read-more-button\" href=\"https:\/\/ferne-welten.com\/?p=652\">Read more<\/a><\/p>\n","protected":false},"author":1,"featured_media":0,"comment_status":"open","ping_status":"open","sticky":false,"template":"","format":"standard","meta":{"footnotes":""},"categories":[359,79],"tags":[191,192,193,194,195,196],"class_list":["post-652","post","type-post","status-publish","format-standard","hentry","category-eiskaltland","category-mythen","tag-berlin","tag-elke-zwinge-makamizile","tag-ellsa-rassbach","tag-heinrich-buecker","tag-occupy","tag-qult"],"_links":{"self":[{"href":"https:\/\/ferne-welten.com\/index.php?rest_route=\/wp\/v2\/posts\/652","targetHints":{"allow":["GET"]}}],"collection":[{"href":"https:\/\/ferne-welten.com\/index.php?rest_route=\/wp\/v2\/posts"}],"about":[{"href":"https:\/\/ferne-welten.com\/index.php?rest_route=\/wp\/v2\/types\/post"}],"author":[{"embeddable":true,"href":"https:\/\/ferne-welten.com\/index.php?rest_route=\/wp\/v2\/users\/1"}],"replies":[{"embeddable":true,"href":"https:\/\/ferne-welten.com\/index.php?rest_route=%2Fwp%2Fv2%2Fcomments&post=652"}],"version-history":[{"count":2,"href":"https:\/\/ferne-welten.com\/index.php?rest_route=\/wp\/v2\/posts\/652\/revisions"}],"predecessor-version":[{"id":1220,"href":"https:\/\/ferne-welten.com\/index.php?rest_route=\/wp\/v2\/posts\/652\/revisions\/1220"}],"wp:attachment":[{"href":"https:\/\/ferne-welten.com\/index.php?rest_route=%2Fwp%2Fv2%2Fmedia&parent=652"}],"wp:term":[{"taxonomy":"category","embeddable":true,"href":"https:\/\/ferne-welten.com\/index.php?rest_route=%2Fwp%2Fv2%2Fcategories&post=652"},{"taxonomy":"post_tag","embeddable":true,"href":"https:\/\/ferne-welten.com\/index.php?rest_route=%2Fwp%2Fv2%2Ftags&post=652"}],"curies":[{"name":"wp","href":"https:\/\/api.w.org\/{rel}","templated":true}]}}