{"id":656,"date":"2012-09-02T19:44:45","date_gmt":"2012-09-02T18:44:45","guid":{"rendered":"http:\/\/ferne-welten.com\/?p=656"},"modified":"2017-04-30T12:04:14","modified_gmt":"2017-04-30T11:04:14","slug":"fahnenfest-in-frankfurt","status":"publish","type":"post","link":"https:\/\/ferne-welten.com\/?p=656","title":{"rendered":"Fahnenfest in Frankfurt"},"content":{"rendered":"<p style=\"text-align: justify;\">Am 1. September 2012 liefen zum\u00a0\u201eWeltfriedenstag\u201d\u00a0etwa 600 Menschen durch die Innenstadt der Stadt Frankfurt. Sie taten das nicht, um die Toten in Syrien zu betrauern oder um sich mit den marginalen emanzipatorischen Kr\u00e4ften zu solidarisieren, sondern um eine Partei zu bejubeln, die f\u00fcr das Schlachten verantwortlich ist.<\/p>\n<p style=\"text-align: justify;\"><!--more--><\/p>\n<p style=\"text-align: justify;\">Hier wurde der syrische Diktator Assad bejubelt. Die Schuld f\u00fcr das Morden verorteten die Organisatoren der Demonstration daf\u00fcr in\u00a0\u201eausl\u00e4ndischen Terrorbanden\u201d. Au\u00dferdem sorgte man sich um\u00a0\u201eantisyrische L\u00fcgenpropaganda und psychologische Kriegsf\u00fchrung von Massenmedien und Politikern\u201d. Wichtig erschien auch noch eine weitere Forderung:<\/p>\n<blockquote><p>Keine deutschen Atom-U-Boote f\u00fcr Israel.<\/p><\/blockquote>\n<p style=\"text-align: justify;\">Im martialischen Aufruf wurde au\u00dferdem von der\u00a0\u201eChance neuer Impulse, insbesondere f\u00fcr internationalistische, antiimperialistische Kr\u00e4fte\u201d\u00a0getr\u00e4umt. Das Plakat zeigte wiederum ein kreischendes und weinendes Kind.<\/p>\n<p style=\"text-align: justify;\">Gemeinsam marschierte man im Fahnenmeer, bestehend aus t\u00fcrkischen, syrischen, russischen, kubanischen, venezuelanischen, deutschen und iranischen Nationalfahnen in allen Formen und Gr\u00f6\u00dfen. Dieses nationalistische Fahnen-Potpourri wurde durch\u00a0die\u00a0<a href=\"http:\/\/anonym.to\/?http:\/\/rt.com\/news\/frankfurt-protest-syria-military-intervention-159\/\">Flagge\u00a0<\/a>der antisemitischen Hisbollah, deutsche Pace-Standarten und die Wimpel\u00a0<a href=\"http:\/\/spiritofentebbe.wordpress.com\/2010\/11\/25\/freidenker-auf-linie\/\">des\u00a0\u201eDeutschen Freidenker-Verbandes\u201d<\/a>\u00a0angereichert.<\/p>\n<p style=\"text-align: justify;\">Menschen, die sich mit Pali-T\u00fcchern und Hisbollah-T-Shirts verunstaltet hatten, skandierten Parolen. Allgegenw\u00e4rtig war das Portr\u00e4t des syrischen Diktators Assad, der von den Jubelsyrern in die L\u00fcfte gehalten und in den Himmel gelobt wurde.<\/p>\n<p style=\"text-align: justify;\">Grunds\u00e4tzlich hatte fast jeder Mensch seine eigene kleine Nationalfahne. Gemeinsam\u00a0<a href=\"http:\/\/www.youtube.com\/watch?v=YDG6eBLiVeg\">trug\u00a0<\/a>man gro\u00dfe Nationalfahnen. Dazu wurden die passenden Transparente pr\u00e4sentiert, auf denen man dem Iran, Russland und China dankte. Eine\u00a0\u201eAntiimperialistische Aktion\u201d\u00a0<a href=\"http:\/\/www.flickr.com\/photos\/barbara-walzer\/7906858606\/in\/photostream\/\">forderte\u00a0<\/a>ein\u00a0\u201egr\u00fcnes und sozialistisches Libyen\u201d\u00a0und schm\u00fcckte ihr Transparent mit einer Ikonographie des verstorbenen Despoten Gaddafi.\u00a0Au\u00dferdem\u00a0<a href=\"http:\/\/www.hr-online.de\/website\/rubriken\/nachrichten\/indexhessen34938.jsp?rubrik=36082&amp;key=standard_document_45943217\">beteiligten\u00a0<\/a>sich zwei\u00a0\u201ezwei Stadtverordnete der CDU\u201d\u00a0am Aufmarsch der Assad-Anh\u00e4nger.<\/p>\n<p style=\"text-align: justify;\">Aktivisten des\u00a0\u201eDeutschen Freidenker-Verbandes\u201d\u00a0schwenkten nicht nur eifrig Fahnen, sondern geh\u00f6rten sogar zu den Organisatoren der Fahnen-Spiele von Frankfurt. Sie hatten den anderen Teil der Organisatoren auf einer Veranstaltung der\u00a0<a href=\"http:\/\/www.heise.de\/tp\/artikel\/17\/17793\/1.html\">Psycho-Sekte<\/a>\u00a0\u201eBund gegen Anpassung\u201d\u00a0kennengelernt, der\u00a0<a href=\"http:\/\/www.addn.me\/kultur\/kritik-an-filmvorfuehrung-in-der-schauburg\/\">mal wieder<\/a>\u00a0mit der kemalistischen Atat\u00fcrk-Gesellschaft eine\u00a0<a href=\"http:\/\/anonym.to\/?http:\/\/www.bund-gegen-anpassung.com\/de\/images\/syrien_800.jpg\">Filmveranstaltung\u00a0<\/a>organisierte.<\/p>\n<p style=\"text-align: justify;\">Der\u00a0<a href=\"http:\/\/www.heise.de\/tp\/artikel\/17\/17793\/1.html\">\u201eBund gegen Anpassung\u201d,\u00a0<\/a>um den Guru\u00a0Fritz Erik Hoevels, tr\u00e4umte in den 80er Jahren von Zwangst\u00e4towierungen im Schambereich. Gezeichnet werden sollten die Menschen, die an der Immunschw\u00e4chekrankheit AIDS erkrankt waren. In den 90er Jahren begeisterte man sich f\u00fcr Saddam Hussein. Nach dessen Sturz\u00a0<a href=\"http:\/\/anonym.to\/?http:\/\/www.bund-gegen-anpassung.com\/de\/Nord.Korea.htm\">f\u00fcrchtete\u00a0<\/a>man\u00a0\u201edie geplante Vernichtung Nordkoreas\u201d. Heute begeistert man sich f\u00fcr den den syrischen Despoten, weil der Despot aus der libyschen Nachbarschaft, nicht mehr zur Verf\u00fcgung steht.<\/p>\n<p style=\"text-align: justify;\">Auf der Veranstaltung dieser obskuren Organisation<a href=\"http:\/\/anonym.to\/?http:\/\/www.niedersachsen.freidenker.org\/cms\/?p=88\">\u00a0lernten sich die Organisatoren der Demonstration kennen\u00a0<\/a>und gr\u00fcndeten bald darauf ein\u00a0\u201eSolidarit\u00e4tskomitee\u201d:<\/p>\n<blockquote><p>Dabei suchten und fanden Freidenker und andere den Kontakt zu jenen Migranten-Gruppen, die bereits (\u2026) eine Demonstration f\u00fcr Syrien organisiert hatten.<\/p><\/blockquote>\n<p style=\"text-align: justify;\">Gemeinsam wollte man\u00a0\u201emehrere tausend Deutsche und in Deutschland lebende Ausl\u00e4nder\u201d\u00a0auf die Stra\u00dfe bringen.<\/p>\n<p style=\"text-align: justify;\">Im Vorfeld gr\u00fcndete man\u00a0<a href=\"https:\/\/www.facebook.com\/events\/155761154547757\">Facebook-Gruppen<\/a>\u00a0und gestaltete eine Internetseite. Au\u00dferdem erstellte man ein Flugblatt und ein\u00a0erstes Plakat, deren\u00a0<a href=\"http:\/\/anonym.to\/?http:\/\/www.bund-gegen-anpassung.com\/de\/images\/syrien_800.jpg\">Symbolik\u00a0<\/a>man vom\u00a0\u201eBund gegen Anpassung\u201d\u00a0\u00fcbernahm. Letztendlich entschied man sich aber f\u00fcr das moralisierende Plakat mit dem kleinen Kind, mit dem zur Demonstration aufgerufen wurde.<\/p>\n<p style=\"text-align: justify;\">Zus\u00e4tzlich gab es Werbung, die zum Beispiel auf einem verschw\u00f6rungsideologischen Nazi-Weblog und in einer Tageszeitung erschien. Die nationalbolschewistische Junge Welt\u00a0<a href=\"http:\/\/anonym.to\/?http:\/\/www.jungewelt.de\/2012\/08-31\/044.php\">interviewte\u00a0<\/a>zwei Organisatoren, die hier mit v\u00f6lkischen Phrasen zur Demonstration mobilisieren durften.\u00a0\u201eNationale Souver\u00e4nit\u00e4t ist die Vorbedingung jedes gesellschaftlichen Fortschritts\u201d, sagte der eine.\u00a0\u201eEchte Syrer sind Patrioten\u201d, sagte der andere. Man wandte sich gegen\u00a0\u201eein kleines H\u00e4uflein von Syrern, die seit langem im Ausland leben und mehr auf ihren eigenen Vorteil als auf das Wohl ihres Volkes bedacht sind\u201d.<\/p>\n<p style=\"text-align: justify;\">Die Demonstration wurde nicht nur in der nationalbolschewistischen Tageszeitung beworben, sondern\u00a0in den sozialen Netzwerken. Eine Organisatorin schwafelte\u00a0hier\u00a0von\u00a0\u201eHerkunft, Ehre, Stolz und Liebe\u201d.\u00a0Der\u00a0deutschnationale Verschw\u00f6rungsideologe J\u00fcrgen El\u00e4ssser,\u00a0dem diese angeblichen Werte ebenfalls am Herzen liegen d\u00fcrften und der ein ausgewiesener Freund der Regime im Iran und Syrien ist, rief zur Teilnahme auf.<\/p>\n<p style=\"text-align: justify;\">Els\u00e4sser, der vor kurzem an\u00a0einem intimen Treffen mit dem iranischen Antisemiten Ahmadinedschad\u00a0beteiligt war, stellt sich auch im Falle Syriens auf die Seite des Regimes. Jetzt m\u00fcsse man\u00a0\u201eFlagge zeigen\u201d,\u00a0<a href=\"http:\/\/anonym.to\/?http:\/\/juergenelsaesser.wordpress.com\/2012\/08\/16\/heraus-gegen-den-krieg-gegen-syrieniran\/\">forderte\u00a0<\/a>der Verschw\u00f6rungsideologe, der ansonsten schon mal\u00a0<a href=\"http:\/\/anonym.to\/?http:\/\/juergenelsaesser.files.wordpress.com\/2012\/06\/0609portugalspiel.jpg\">die deutsche Flagge auf seinen B\u00e4ckchen<\/a>\u00a0zeigt.<\/p>\n<p style=\"text-align: justify;\">Mit Verschw\u00f6rungsmythen kennt sich ein Redner aus.\u00a0Klaus Hartmann\u00a0ist der Bundesvorsitzende\u00a0der\u00a0\u201eFreidenker\u201d, der ansonsten auf\u00a0\u201edie Begriffe \u2018Anti\u00adse\u00admi\u00adtis\u00admus\u2019 und \u2018anti\u00adse\u00admi\u00adtisch\u201c ver\u00adzich\u00adten\u201d\u00a0m\u00f6chte, es gehe darum diese zu\u00a0\u201eent\u00adsor\u00adgen\u201d. Er\u00a0tr\u00e4umt\u00a0stattdessen vom Untergang des\u00a0\u201ezionistischen Apartheid-Systems\u201d.<\/p>\n<p style=\"text-align: justify;\">In Frankfurt\u00a0<a href=\"http:\/\/www.youtube.com\/watch?v=A7tIvIaaDEE&amp;t=1m50s\">sprach\u00a0<\/a>der\u00a0\u201eFreidenker\u201d\u00a0von den\u00a0\u201eglobalen Kriegstreibern\u201d, die eine\u00a0\u201eneue Etappe\u201d\u00a0auf dem\u00a0\u201eWeg in den dritten Weltkrieg\u201d\u00a0eingeleitet h\u00e4tten. Zwischen den Reden gab es Lieder. Ein Trommler\u00a0<a href=\"http:\/\/www.youtube.com\/watch?v=KyYJvU9jKZo\">besang\u00a0<\/a>den\u00a0\u201eM\u00f6rder Amerika\u201d, die Menge bestimmt begeistert in den antiamerikanischen Hassgesang ein. Au\u00dferdem\u00a0<a href=\"http:\/\/www.youtube.com\/watch?v=QfajzvxZ374\">t\u00f6nte\u00a0<\/a>der\u00a0\u201eYa Bashar\u201d\u2013Song aus den Lautsprechern, der an die\u00a0<a href=\"http:\/\/www.youtube.com\/watch?v=wxhdRHoEIVE\">Oden\u00a0<\/a>an\u00a0<a href=\"http:\/\/www.youtube.com\/watch?v=8tsOeYspPW4\">\u201eAdmiral\u00a0General Aladeen\u201d<\/a>\u00a0erinnert. Die Nationalfahnen und die Portr\u00e4ts des Diktators, die auf dem anarchronistischen Zug der Regime-Freunde getragen wurden, verst\u00e4rkten diesen verst\u00f6renden Eindruck.<\/p>\n<p style=\"text-align: justify;\">Ein anderer Teilnehmer hielt keine Rede, sang keine Lieder und und hielt auch keine Fahne. Der Verschw\u00f6rungsideologe, der\u00a0sich selbst als \u201eAntisemit\u201c bezeichnet, schien zwischen Hisbollah\u2013 und Syrien-Fahnen eine Menge Spa\u00df zu haben. Voller Freude beteiligte sich\u00a0Elias Davidsson\u00a0am Aufmarsch, mit dem das m\u00f6rderische Regime gefeiert wurde.<\/p>\n<p style=\"text-align: justify;\">\u201eWir sind Pro-Assad\u201d, riefen die Demonstranten. Ihre Sympathie f\u00fcr einen ausgewiesenen M\u00f6rder und\u00a0Antisemiten\u00a0wurde\u00a0mal wieder\u00a0mehr als deutlich. Die Gegner des Regimes werden im Gegenzug zu\u00a0\u201e<a href=\"https:\/\/twitter.com\/AndreasTT\/status\/241861370772066305\">Ratten<\/a>\u201d, \u201eHeuschrecken\u201d\u00a0oder\u00a0\u201eDreck\u201d\u00a0gemacht. Diese entmenschlichende Sprache der M\u00f6rder wird auch durch ein Fazit deutlich, das auf der Facebook-Seite der Veranstalter\u00a0<a href=\"https:\/\/www.facebook.com\/events\/155761154547757\/permalink\/158726720917867\/\">zu lesen<\/a>\u00a0ist:<\/p>\n<blockquote><p>Ihr habt der Welt gezeigt, was Patrioten sind (\u2026) W\u00e4re jeder Araber so engagiert wie Ihr, w\u00e4ren die US-Zion-Ratten schon l\u00e4ngst drau\u00dfen.<\/p><\/blockquote>\n<p style=\"text-align: justify;\">Hinter dem Wunsch nach Frieden verschanzen sich nach wie vor nur Nationalisten, Antisemiten und Verschw\u00f6rungsideologen, die gemeinsam ihren Fahnen-Fetisch fr\u00f6nen.<\/p>\n<a class=\"synved-social-button synved-social-button-share synved-social-size-32 synved-social-resolution-single synved-social-provider-facebook nolightbox\" data-provider=\"facebook\" target=\"_blank\" rel=\"nofollow\" title=\"Auf Facebook teilen\" href=\"https:\/\/www.facebook.com\/sharer.php?u=https%3A%2F%2Fferne-welten.com%2Findex.php%3Frest_route%3D%252Fwp%252Fv2%252Fposts%252F656&#038;t=Fahnenfest%20in%20Frankfurt&#038;s=100&#038;p&#091;url&#093;=https%3A%2F%2Fferne-welten.com%2Findex.php%3Frest_route%3D%252Fwp%252Fv2%252Fposts%252F656&#038;p&#091;images&#093;&#091;0&#093;=&#038;p&#091;title&#093;=Fahnenfest%20in%20Frankfurt\" style=\"font-size: 0px;width:32px;height:32px;margin:0;margin-bottom:5px;margin-right:5px\"><img loading=\"lazy\" decoding=\"async\" alt=\"Facebook\" title=\"Auf Facebook teilen\" class=\"synved-share-image synved-social-image synved-social-image-share\" width=\"32\" height=\"32\" style=\"display: inline;width:32px;height:32px;margin: 0;padding: 0;border: none;box-shadow: none\" src=\"https:\/\/ferne-welten.com\/wp-content\/plugins\/social-media-feather\/synved-social\/addons\/extra-icons\/image\/social\/circle\/64x64\/facebook.png\" \/><\/a><a class=\"synved-social-button synved-social-button-share synved-social-size-32 synved-social-resolution-single synved-social-provider-twitter nolightbox\" data-provider=\"twitter\" target=\"_blank\" rel=\"nofollow\" title=\"Auf Twitter teilen\" href=\"https:\/\/twitter.com\/intent\/tweet?url=https%3A%2F%2Fferne-welten.com%2Findex.php%3Frest_route%3D%252Fwp%252Fv2%252Fposts%252F656&#038;text=Hey%20check%20this%20out\" style=\"font-size: 0px;width:32px;height:32px;margin:0;margin-bottom:5px;margin-right:5px\"><img loading=\"lazy\" decoding=\"async\" alt=\"twitter\" title=\"Auf Twitter teilen\" class=\"synved-share-image synved-social-image synved-social-image-share\" width=\"32\" height=\"32\" style=\"display: inline;width:32px;height:32px;margin: 0;padding: 0;border: none;box-shadow: none\" src=\"https:\/\/ferne-welten.com\/wp-content\/plugins\/social-media-feather\/synved-social\/addons\/extra-icons\/image\/social\/circle\/64x64\/twitter.png\" \/><\/a><a class=\"synved-social-button synved-social-button-share synved-social-size-32 synved-social-resolution-single synved-social-provider-reddit nolightbox\" data-provider=\"reddit\" target=\"_blank\" rel=\"nofollow\" title=\"Auf Reddit teilen\" href=\"https:\/\/www.reddit.com\/submit?url=https%3A%2F%2Fferne-welten.com%2Findex.php%3Frest_route%3D%252Fwp%252Fv2%252Fposts%252F656&#038;title=Fahnenfest%20in%20Frankfurt\" style=\"font-size: 0px;width:32px;height:32px;margin:0;margin-bottom:5px;margin-right:5px\"><img loading=\"lazy\" decoding=\"async\" alt=\"reddit\" title=\"Auf Reddit teilen\" class=\"synved-share-image synved-social-image synved-social-image-share\" width=\"32\" height=\"32\" style=\"display: inline;width:32px;height:32px;margin: 0;padding: 0;border: none;box-shadow: none\" src=\"https:\/\/ferne-welten.com\/wp-content\/plugins\/social-media-feather\/synved-social\/addons\/extra-icons\/image\/social\/circle\/64x64\/reddit.png\" \/><\/a><a class=\"synved-social-button synved-social-button-share synved-social-size-32 synved-social-resolution-single synved-social-provider-pinterest nolightbox\" data-provider=\"pinterest\" target=\"_blank\" rel=\"nofollow\" title=\"Auf Pinterest pinnen\" href=\"https:\/\/pinterest.com\/pin\/create\/button\/?url=https%3A%2F%2Fferne-welten.com%2Findex.php%3Frest_route%3D%252Fwp%252Fv2%252Fposts%252F656&#038;media=&#038;description=Fahnenfest%20in%20Frankfurt\" style=\"font-size: 0px;width:32px;height:32px;margin:0;margin-bottom:5px;margin-right:5px\"><img loading=\"lazy\" decoding=\"async\" alt=\"pinterest\" title=\"Auf Pinterest pinnen\" class=\"synved-share-image synved-social-image synved-social-image-share\" width=\"32\" height=\"32\" style=\"display: inline;width:32px;height:32px;margin: 0;padding: 0;border: none;box-shadow: none\" src=\"https:\/\/ferne-welten.com\/wp-content\/plugins\/social-media-feather\/synved-social\/addons\/extra-icons\/image\/social\/circle\/64x64\/pinterest.png\" \/><\/a><a class=\"synved-social-button synved-social-button-share synved-social-size-32 synved-social-resolution-single synved-social-provider-linkedin nolightbox\" data-provider=\"linkedin\" target=\"_blank\" rel=\"nofollow\" title=\"Auf Linkedin teilen\" href=\"https:\/\/www.linkedin.com\/shareArticle?mini=true&#038;url=https%3A%2F%2Fferne-welten.com%2Findex.php%3Frest_route%3D%252Fwp%252Fv2%252Fposts%252F656&#038;title=Fahnenfest%20in%20Frankfurt\" style=\"font-size: 0px;width:32px;height:32px;margin:0;margin-bottom:5px;margin-right:5px\"><img loading=\"lazy\" decoding=\"async\" alt=\"linkedin\" title=\"Auf Linkedin teilen\" class=\"synved-share-image synved-social-image synved-social-image-share\" width=\"32\" height=\"32\" style=\"display: inline;width:32px;height:32px;margin: 0;padding: 0;border: none;box-shadow: none\" src=\"https:\/\/ferne-welten.com\/wp-content\/plugins\/social-media-feather\/synved-social\/addons\/extra-icons\/image\/social\/circle\/64x64\/linkedin.png\" \/><\/a><a class=\"synved-social-button synved-social-button-share synved-social-size-32 synved-social-resolution-single synved-social-provider-tumblr nolightbox\" data-provider=\"tumblr\" target=\"_blank\" rel=\"nofollow\" title=\"\u00dcber Tumblr teilen\" href=\"https:\/\/tumblr.com\/share?s=&#038;v=3&#038;t=Fahnenfest%20in%20Frankfurt&#038;u=https%3A%2F%2Fferne-welten.com%2Findex.php%3Frest_route%3D%252Fwp%252Fv2%252Fposts%252F656\" style=\"font-size: 0px;width:32px;height:32px;margin:0;margin-bottom:5px;margin-right:5px\"><img loading=\"lazy\" decoding=\"async\" alt=\"tumblr\" title=\"\u00dcber Tumblr teilen\" class=\"synved-share-image synved-social-image synved-social-image-share\" width=\"32\" height=\"32\" style=\"display: inline;width:32px;height:32px;margin: 0;padding: 0;border: none;box-shadow: none\" src=\"https:\/\/ferne-welten.com\/wp-content\/plugins\/social-media-feather\/synved-social\/addons\/extra-icons\/image\/social\/circle\/64x64\/tumblr.png\" \/><\/a><a class=\"synved-social-button synved-social-button-share synved-social-size-32 synved-social-resolution-single synved-social-provider-mail nolightbox\" data-provider=\"mail\" rel=\"nofollow\" title=\"Link per Mail weiterleiten\" href=\"mailto:?subject=Fahnenfest%20in%20Frankfurt&#038;body=Hey%20check%20this%20out:%20https%3A%2F%2Fferne-welten.com%2Findex.php%3Frest_route%3D%252Fwp%252Fv2%252Fposts%252F656\" style=\"font-size: 0px;width:32px;height:32px;margin:0;margin-bottom:5px\"><img loading=\"lazy\" decoding=\"async\" alt=\"mail\" title=\"Link per Mail weiterleiten\" class=\"synved-share-image synved-social-image synved-social-image-share\" width=\"32\" height=\"32\" style=\"display: inline;width:32px;height:32px;margin: 0;padding: 0;border: none;box-shadow: none\" src=\"https:\/\/ferne-welten.com\/wp-content\/plugins\/social-media-feather\/synved-social\/addons\/extra-icons\/image\/social\/circle\/64x64\/mail.png\" \/><\/a>","protected":false},"excerpt":{"rendered":"<p>Am 1. September 2012 liefen zum\u00a0\u201eWeltfriedenstag\u201d\u00a0etwa 600 Menschen durch die Innenstadt der Stadt Frankfurt. Sie taten das nicht, um die Toten in Syrien zu betrauern oder um sich mit den marginalen emanzipatorischen Kr\u00e4ften zu solidarisieren, sondern um eine Partei zu&#8230;<br \/><a class=\"read-more-button\" href=\"https:\/\/ferne-welten.com\/?p=656\">Read more<\/a><\/p>\n","protected":false},"author":1,"featured_media":0,"comment_status":"open","ping_status":"open","sticky":false,"template":"","format":"standard","meta":{"footnotes":""},"categories":[79],"tags":[198,107,199,200,201,202,203,204],"class_list":["post-656","post","type-post","status-publish","format-standard","hentry","category-mythen","tag-antiimperialistische-aktion","tag-antisemitismus","tag-elias-davidsson","tag-frankfurt","tag-freidenker","tag-junge-welt","tag-syrien","tag-weltfriedenstag"],"_links":{"self":[{"href":"https:\/\/ferne-welten.com\/index.php?rest_route=\/wp\/v2\/posts\/656","targetHints":{"allow":["GET"]}}],"collection":[{"href":"https:\/\/ferne-welten.com\/index.php?rest_route=\/wp\/v2\/posts"}],"about":[{"href":"https:\/\/ferne-welten.com\/index.php?rest_route=\/wp\/v2\/types\/post"}],"author":[{"embeddable":true,"href":"https:\/\/ferne-welten.com\/index.php?rest_route=\/wp\/v2\/users\/1"}],"replies":[{"embeddable":true,"href":"https:\/\/ferne-welten.com\/index.php?rest_route=%2Fwp%2Fv2%2Fcomments&post=656"}],"version-history":[{"count":2,"href":"https:\/\/ferne-welten.com\/index.php?rest_route=\/wp\/v2\/posts\/656\/revisions"}],"predecessor-version":[{"id":1404,"href":"https:\/\/ferne-welten.com\/index.php?rest_route=\/wp\/v2\/posts\/656\/revisions\/1404"}],"wp:attachment":[{"href":"https:\/\/ferne-welten.com\/index.php?rest_route=%2Fwp%2Fv2%2Fmedia&parent=656"}],"wp:term":[{"taxonomy":"category","embeddable":true,"href":"https:\/\/ferne-welten.com\/index.php?rest_route=%2Fwp%2Fv2%2Fcategories&post=656"},{"taxonomy":"post_tag","embeddable":true,"href":"https:\/\/ferne-welten.com\/index.php?rest_route=%2Fwp%2Fv2%2Ftags&post=656"}],"curies":[{"name":"wp","href":"https:\/\/api.w.org\/{rel}","templated":true}]}}