{"id":660,"date":"2012-11-02T19:48:02","date_gmt":"2012-11-02T18:48:02","guid":{"rendered":"http:\/\/ferne-welten.com\/?p=660"},"modified":"2017-04-30T12:06:35","modified_gmt":"2017-04-30T11:06:35","slug":"der-aufmarsch","status":"publish","type":"post","link":"https:\/\/ferne-welten.com\/?p=660","title":{"rendered":"Der Aufmarsch"},"content":{"rendered":"<p style=\"text-align: justify;\">Etwa 600 Antisemiten beteiligten sich in diesem Jahr am\u00a0\u201eAl Quds\u201d\u2013Marsch in Berlin. Es handelt sich um eine j\u00e4hrliche Propagandaverstanstaltung f\u00fcr das iranischen Regimes und seine Apologeten, die Israel mit Vernichtung bedrohen. Im Aufruf zum gr\u00f6\u00dften islamistischen Aufmarsch, an dem sich allerdings auch andere Israel-Hasser beteiligen, wurde zum\u00a0\u201eWiderstand der V\u00f6lker\u201d\u00a0aufgerufen.\u00a0<a href=\"http:\/\/www.flickr.com\/photos\/rassloff\/sets\/72157631128351842\/with\/7808966390\/\">Auch in diesem Jahr<\/a>\u00a0wurden zahlreiche Fahnen verschiedener islamistischer Organisationen, wie die der antisemitischen Hisbollah, geschwenkt.<\/p>\n<p style=\"text-align: justify;\"><!--more--><\/p>\n<p style=\"text-align: justify;\">Auf Bildern waren die Portraits des syrischen Despoten Assad oder des iranischen Vordenkers Ayatolla Khomeini zu sehen. Erg\u00e4nzt wurde das ganze durch die deutsche Fahne, w\u00e4hrend in Sprechch\u00f6ren die antisemitische Ritualmordlegende von den ermordeten Kindern eine neue Wiederkehr erfuhr, als die marschierenden Antisemiten Israel als\u00a0\u201eKinderm\u00f6rder\u201d\u00a0verunglimpften<\/p>\n<p style=\"text-align: justify;\">Andere Sprechch\u00f6re richten sich gegen\u00a0\u201edie Zionisten\u201d. Es handelt sich dabei um einen rhetorischen Trick, mit dem J\u00fcdinnen und Juden verunglimpft werden sollen. Wenn\u00a0Antisemiten gegen\u00a0\u201eZionisten\u201d\u00a0anbr\u00fcllen, meinen sie J\u00fcdinnen und Juden. Zu den ekelhaften Sprechch\u00f6ren passten antisemitische Karikaturen, auf denen etwa ein hakennasiger Jude zu sehen war, der die Welt mit Atomwaffen bedroht. Au\u00dferdem riefen die Demonstrant_innen die \u00fcblichen Sprechch\u00f6re, die aus der Mottenkiste des Anti-Imperialismus stammen.<\/p>\n<p style=\"text-align: justify;\">Auf Pappschildern wurden die USA als\u00a0\u201eWeltbrandstifter\u201d\u00a0bezeichnet und f\u00fcr acht Millionen Tote verantwortlich gemacht, w\u00e4hrend zur gleichen Zeit verschiedene Regime, deren m\u00f6rderische Potenz keine Rolle spielte, in den Himmel gelobt wurden.<\/p>\n<p style=\"text-align: justify;\">Kein Wunder, dass sich auch Nazis und andere Feinde der USA und Israels am antisemitischen Aufmarsch beteiligten. Da w\u00e4re zum Beispiel die\u00a0<a href=\"http:\/\/www.netz-gegen-nazis.de\/artikel\/rappen-fuers-vaterland-9511\">Nazi-Rapperin\u00a0\u201eDee EX\u201d<\/a>,\u00a0die mit mit einem selbstgebastelten Transparent teilnahm, um f\u00fcr\u00a0\u201eFreie V\u00f6lker\u201d\u00a0einzutreten. Dieser v\u00f6lkische Jargon der reimenden Nazi-Aktivistin passte zu den antisemitischen Parolen des Aufmarsches, bei\u00a0dem die\u00a0\u201eV\u00f6lker\u201d\u00a0des \u00d6fteren bem\u00fcht wurden.\u00a0\u201eDeutsche Patrioten wollen keine Kriege\u201d, hie\u00df es auf dem Transparent der Nazi-Rapperin, die noch vor einiger Zeit in der rassistischen Kleinst-Partei\u00a0\u201eDie Freiheit\u201d\u00a0aktiv war.<\/p>\n<p style=\"text-align: justify;\">Auf dem Marsch hielt der rechte Verschw\u00f6rungsaktivist Christoph R. H\u00f6rstel auch in diesem Jahr eine rund zehnmin\u00fctige Rede, bei der er zahlreiche antisemitische Klischees bem\u00fchte. H\u00f6rstel gilt als Ikone der \u201eTruther\u201d\u00a0und\u00a0\u201eInfokrieger\u201d, die die Ereignisse des 11. September 2001 umdeuten und zu einem\u00a0\u201eInside Job\u201d\u00a0der angeblichen Verschw\u00f6rung machen, hinter der oftmals geheinmnivolle amerikanische Institutionen oder gar der israelische Geheimdienst Mossad verortet wird. H\u00f6rstel ist ein ideologischer Vordenker der selbsternannten\u00a0\u201eWahrheitsbewegung\u201d.<\/p>\n<p style=\"text-align: justify;\">H\u00f6rstel\u00a0propagiert zahlreiche Verschw\u00f6rungsmythen, bei denen er sich auch auf die\u00a0\u201eFreunde von ganz Rechts\u201d\u00a0beruft, was die nationalbolschewistische Tageszeitung\u00a0Junge Welt\u00a0nicht davon abhielt, den\u00a0Verschw\u00f6rungsideologen zu interviewen.<\/p>\n<p style=\"text-align: justify;\">Im Mai 2012 war H\u00f6rstel auf einem Aufmarsch von Anh\u00e4ngern des syrischen Regimes aufgetreten, dort hatte er am Holocaust-Mahnmal\u00a0ein Deutschland f\u00fcr Deutsche gefordert und allerlei anti-amerikanische Verbalinjurien von sich gegeben. Mit seiner\u00a0neuesten Brandrede\u00a0auf der Al-Quds-Demonstration sprach der v\u00f6lkische Verschw\u00f6rungsideologe Israel das Existenzrecht ab.<\/p>\n<blockquote><p>Ich bin mir ganz sicher, wenn die Juden in Israel sich wieder, wie in den fr\u00fcheren Jahrhunderten, in den Schutz der Muslime stellen, dann wird es ihnen besser gehen als heute.<\/p><\/blockquote>\n<p style=\"text-align: justify;\">Kurze Zeit sp\u00e4ter bedankte H\u00f6rstel\u00a0sich bei der Polizei, die den Aufmarsch begleitete. Der nationalistische Verschw\u00f6rrungsideologe machte danach\u00a0\u201edie Zionisten\u201d\u00a0und die\u00a0\u201eB\u00e4nker in New York\u201d\u00a0f\u00fcr alle \u00dcbel verantwortlich, die er ausgemacht haben m\u00f6chte.<\/p>\n<p style=\"text-align: justify;\">\u201eAls Deutscher\u201d\u00a0forderte H\u00f6rstel\u00a0\u201ewahre Verantwortung\u201d\u00a0f\u00fcr\u00a0\u201eganz Pal\u00e4stina\u201d\u00a0ein. Dabei verzichtete der Hetzer in seinem aufgeregten Redeschwall zeitweilig auf die Chiffe von den\u00a0\u201eZionisten\u201d\u00a0und sprach von den\u00a0\u201eJuden\u201d, was die versammelten Antisemiten mit Beifall bedachten.<\/p>\n<blockquote><p>Ich sehe nur, dass die Juden die Muslime mit dem Tod bedrohen.<\/p><\/blockquote>\n<p style=\"text-align: justify;\">So br\u00fcllte H\u00f6rstel zur Freude der antisemitischen Querfront aus Nazis, Anti-Imperialisten, Verschw\u00f6rungsgl\u00e4ubigen und Islamisten.\u00a0<a href=\"http:\/\/noalquds.blogsport.de\/2012\/08\/18\/ueber-200-leute-bei-antifa-kundgebung\/\">Gegen diese antisemitische Manifestation protestierten etwa 250 Antifaschist_innen<\/a>.<\/p>\n<a class=\"synved-social-button synved-social-button-share synved-social-size-32 synved-social-resolution-single synved-social-provider-facebook nolightbox\" data-provider=\"facebook\" target=\"_blank\" rel=\"nofollow\" title=\"Auf Facebook teilen\" href=\"https:\/\/www.facebook.com\/sharer.php?u=https%3A%2F%2Fferne-welten.com%2Findex.php%3Frest_route%3D%252Fwp%252Fv2%252Fposts%252F660&#038;t=Der%20Aufmarsch&#038;s=100&#038;p&#091;url&#093;=https%3A%2F%2Fferne-welten.com%2Findex.php%3Frest_route%3D%252Fwp%252Fv2%252Fposts%252F660&#038;p&#091;images&#093;&#091;0&#093;=&#038;p&#091;title&#093;=Der%20Aufmarsch\" style=\"font-size: 0px;width:32px;height:32px;margin:0;margin-bottom:5px;margin-right:5px\"><img loading=\"lazy\" decoding=\"async\" alt=\"Facebook\" title=\"Auf Facebook teilen\" class=\"synved-share-image synved-social-image synved-social-image-share\" width=\"32\" height=\"32\" style=\"display: inline;width:32px;height:32px;margin: 0;padding: 0;border: none;box-shadow: none\" src=\"https:\/\/ferne-welten.com\/wp-content\/plugins\/social-media-feather\/synved-social\/addons\/extra-icons\/image\/social\/circle\/64x64\/facebook.png\" \/><\/a><a class=\"synved-social-button synved-social-button-share synved-social-size-32 synved-social-resolution-single synved-social-provider-twitter nolightbox\" data-provider=\"twitter\" target=\"_blank\" rel=\"nofollow\" title=\"Auf Twitter teilen\" href=\"https:\/\/twitter.com\/intent\/tweet?url=https%3A%2F%2Fferne-welten.com%2Findex.php%3Frest_route%3D%252Fwp%252Fv2%252Fposts%252F660&#038;text=Hey%20check%20this%20out\" style=\"font-size: 0px;width:32px;height:32px;margin:0;margin-bottom:5px;margin-right:5px\"><img loading=\"lazy\" decoding=\"async\" alt=\"twitter\" title=\"Auf Twitter teilen\" class=\"synved-share-image synved-social-image synved-social-image-share\" width=\"32\" height=\"32\" style=\"display: inline;width:32px;height:32px;margin: 0;padding: 0;border: none;box-shadow: none\" src=\"https:\/\/ferne-welten.com\/wp-content\/plugins\/social-media-feather\/synved-social\/addons\/extra-icons\/image\/social\/circle\/64x64\/twitter.png\" \/><\/a><a class=\"synved-social-button synved-social-button-share synved-social-size-32 synved-social-resolution-single synved-social-provider-reddit nolightbox\" data-provider=\"reddit\" target=\"_blank\" rel=\"nofollow\" title=\"Auf Reddit teilen\" href=\"https:\/\/www.reddit.com\/submit?url=https%3A%2F%2Fferne-welten.com%2Findex.php%3Frest_route%3D%252Fwp%252Fv2%252Fposts%252F660&#038;title=Der%20Aufmarsch\" style=\"font-size: 0px;width:32px;height:32px;margin:0;margin-bottom:5px;margin-right:5px\"><img loading=\"lazy\" decoding=\"async\" alt=\"reddit\" title=\"Auf Reddit teilen\" class=\"synved-share-image synved-social-image synved-social-image-share\" width=\"32\" height=\"32\" style=\"display: inline;width:32px;height:32px;margin: 0;padding: 0;border: none;box-shadow: none\" src=\"https:\/\/ferne-welten.com\/wp-content\/plugins\/social-media-feather\/synved-social\/addons\/extra-icons\/image\/social\/circle\/64x64\/reddit.png\" \/><\/a><a class=\"synved-social-button synved-social-button-share synved-social-size-32 synved-social-resolution-single synved-social-provider-pinterest nolightbox\" data-provider=\"pinterest\" target=\"_blank\" rel=\"nofollow\" title=\"Auf Pinterest pinnen\" href=\"https:\/\/pinterest.com\/pin\/create\/button\/?url=https%3A%2F%2Fferne-welten.com%2Findex.php%3Frest_route%3D%252Fwp%252Fv2%252Fposts%252F660&#038;media=&#038;description=Der%20Aufmarsch\" style=\"font-size: 0px;width:32px;height:32px;margin:0;margin-bottom:5px;margin-right:5px\"><img loading=\"lazy\" decoding=\"async\" alt=\"pinterest\" title=\"Auf Pinterest pinnen\" class=\"synved-share-image synved-social-image synved-social-image-share\" width=\"32\" height=\"32\" style=\"display: inline;width:32px;height:32px;margin: 0;padding: 0;border: none;box-shadow: none\" src=\"https:\/\/ferne-welten.com\/wp-content\/plugins\/social-media-feather\/synved-social\/addons\/extra-icons\/image\/social\/circle\/64x64\/pinterest.png\" \/><\/a><a class=\"synved-social-button synved-social-button-share synved-social-size-32 synved-social-resolution-single synved-social-provider-linkedin nolightbox\" data-provider=\"linkedin\" target=\"_blank\" rel=\"nofollow\" title=\"Auf Linkedin teilen\" href=\"https:\/\/www.linkedin.com\/shareArticle?mini=true&#038;url=https%3A%2F%2Fferne-welten.com%2Findex.php%3Frest_route%3D%252Fwp%252Fv2%252Fposts%252F660&#038;title=Der%20Aufmarsch\" style=\"font-size: 0px;width:32px;height:32px;margin:0;margin-bottom:5px;margin-right:5px\"><img loading=\"lazy\" decoding=\"async\" alt=\"linkedin\" title=\"Auf Linkedin teilen\" class=\"synved-share-image synved-social-image synved-social-image-share\" width=\"32\" height=\"32\" style=\"display: inline;width:32px;height:32px;margin: 0;padding: 0;border: none;box-shadow: none\" src=\"https:\/\/ferne-welten.com\/wp-content\/plugins\/social-media-feather\/synved-social\/addons\/extra-icons\/image\/social\/circle\/64x64\/linkedin.png\" \/><\/a><a class=\"synved-social-button synved-social-button-share synved-social-size-32 synved-social-resolution-single synved-social-provider-tumblr nolightbox\" data-provider=\"tumblr\" target=\"_blank\" rel=\"nofollow\" title=\"\u00dcber Tumblr teilen\" href=\"https:\/\/tumblr.com\/share?s=&#038;v=3&#038;t=Der%20Aufmarsch&#038;u=https%3A%2F%2Fferne-welten.com%2Findex.php%3Frest_route%3D%252Fwp%252Fv2%252Fposts%252F660\" style=\"font-size: 0px;width:32px;height:32px;margin:0;margin-bottom:5px;margin-right:5px\"><img loading=\"lazy\" decoding=\"async\" alt=\"tumblr\" title=\"\u00dcber Tumblr teilen\" class=\"synved-share-image synved-social-image synved-social-image-share\" width=\"32\" height=\"32\" style=\"display: inline;width:32px;height:32px;margin: 0;padding: 0;border: none;box-shadow: none\" src=\"https:\/\/ferne-welten.com\/wp-content\/plugins\/social-media-feather\/synved-social\/addons\/extra-icons\/image\/social\/circle\/64x64\/tumblr.png\" \/><\/a><a class=\"synved-social-button synved-social-button-share synved-social-size-32 synved-social-resolution-single synved-social-provider-mail nolightbox\" data-provider=\"mail\" rel=\"nofollow\" title=\"Link per Mail weiterleiten\" href=\"mailto:?subject=Der%20Aufmarsch&#038;body=Hey%20check%20this%20out:%20https%3A%2F%2Fferne-welten.com%2Findex.php%3Frest_route%3D%252Fwp%252Fv2%252Fposts%252F660\" style=\"font-size: 0px;width:32px;height:32px;margin:0;margin-bottom:5px\"><img loading=\"lazy\" decoding=\"async\" alt=\"mail\" title=\"Link per Mail weiterleiten\" class=\"synved-share-image synved-social-image synved-social-image-share\" width=\"32\" height=\"32\" style=\"display: inline;width:32px;height:32px;margin: 0;padding: 0;border: none;box-shadow: none\" src=\"https:\/\/ferne-welten.com\/wp-content\/plugins\/social-media-feather\/synved-social\/addons\/extra-icons\/image\/social\/circle\/64x64\/mail.png\" \/><\/a>","protected":false},"excerpt":{"rendered":"<p>Etwa 600 Antisemiten beteiligten sich in diesem Jahr am\u00a0\u201eAl Quds\u201d\u2013Marsch in Berlin. Es handelt sich um eine j\u00e4hrliche Propagandaverstanstaltung f\u00fcr das iranischen Regimes und seine Apologeten, die Israel mit Vernichtung bedrohen. Im Aufruf zum gr\u00f6\u00dften islamistischen Aufmarsch, an dem sich&#8230;<br \/><a class=\"read-more-button\" href=\"https:\/\/ferne-welten.com\/?p=660\">Read more<\/a><\/p>\n","protected":false},"author":1,"featured_media":0,"comment_status":"open","ping_status":"open","sticky":false,"template":"","format":"standard","meta":{"footnotes":""},"categories":[79],"tags":[210,191,197,211],"class_list":["post-660","post","type-post","status-publish","format-standard","hentry","category-mythen","tag-al-quds","tag-berlin","tag-christoph-hoerstel","tag-dee-ex"],"_links":{"self":[{"href":"https:\/\/ferne-welten.com\/index.php?rest_route=\/wp\/v2\/posts\/660","targetHints":{"allow":["GET"]}}],"collection":[{"href":"https:\/\/ferne-welten.com\/index.php?rest_route=\/wp\/v2\/posts"}],"about":[{"href":"https:\/\/ferne-welten.com\/index.php?rest_route=\/wp\/v2\/types\/post"}],"author":[{"embeddable":true,"href":"https:\/\/ferne-welten.com\/index.php?rest_route=\/wp\/v2\/users\/1"}],"replies":[{"embeddable":true,"href":"https:\/\/ferne-welten.com\/index.php?rest_route=%2Fwp%2Fv2%2Fcomments&post=660"}],"version-history":[{"count":2,"href":"https:\/\/ferne-welten.com\/index.php?rest_route=\/wp\/v2\/posts\/660\/revisions"}],"predecessor-version":[{"id":1409,"href":"https:\/\/ferne-welten.com\/index.php?rest_route=\/wp\/v2\/posts\/660\/revisions\/1409"}],"wp:attachment":[{"href":"https:\/\/ferne-welten.com\/index.php?rest_route=%2Fwp%2Fv2%2Fmedia&parent=660"}],"wp:term":[{"taxonomy":"category","embeddable":true,"href":"https:\/\/ferne-welten.com\/index.php?rest_route=%2Fwp%2Fv2%2Fcategories&post=660"},{"taxonomy":"post_tag","embeddable":true,"href":"https:\/\/ferne-welten.com\/index.php?rest_route=%2Fwp%2Fv2%2Ftags&post=660"}],"curies":[{"name":"wp","href":"https:\/\/api.w.org\/{rel}","templated":true}]}}