{"id":662,"date":"2012-08-05T19:48:15","date_gmt":"2012-08-05T18:48:15","guid":{"rendered":"http:\/\/ferne-welten.com\/?p=662"},"modified":"2017-04-30T14:18:43","modified_gmt":"2017-04-30T13:18:43","slug":"grabkerzen-fuer-den-frieden","status":"publish","type":"post","link":"https:\/\/ferne-welten.com\/?p=662","title":{"rendered":"Grabkerzen f\u00fcr den Frieden"},"content":{"rendered":"<p style=\"text-align: justify;\">Ab dem 15.09. wird zur\u00fcck gefriedet\u201d,\u00a0freuen\u00a0sich die Organisator_innen. Mit dem abgewandelten Hitler-Zitat rufen sie zur\u00a0\u201eFriedensdemonstration\u201d\u00a0in Berlin auf. Am\u00a0 15. 09. 2012 wollen sich deutsche Friedensfreunde und die kl\u00e4glichen Reste der so genannten\u00a0Occupy-Bewegung\u00a0in Berlin versammeln, um f\u00fcr\u00a0\u201eFrieden und V\u00f6lkerverst\u00e4ndigung\u00a0in der Welt\u201d\u00a0zu marschieren. Dabei hat man sich einer merkw\u00fcrdigen Symbolik verschrieben.<\/p>\n<p style=\"text-align: justify;\"><!--more--><\/p>\n<p style=\"text-align: justify;\">Der Aufmarsch der deutschen Pazifist_innen soll im Sonnenuntergang enden. Die Aktivist_innen brauchen die Dunkelheit, schlie\u00dflich m\u00f6chte man vor dem Brandenburger Tor mit\u201eGrabkerzen\u201d\u00a0hantieren. Dort plant man\u00a0\u201eein gro\u00dfes Peace Zeichen mit verschiedenen Leuchtmitteln\u201d. \u201eLasst uns gemeinsam lichtvolle Zeichen setzen\u201d, hei\u00dft es auf einer Internetseite der Organisatoren. Dort wird auch der\u00a0<a href=\"http:\/\/anonym.to\/?http:\/\/friedensbuendnis-berlin.de\/aufruf\/\">Aufruf zum Aufmarsch\u00a0<\/a>beworben, der eine\u00a0\u201eLichtformation\u201d\u00a0androht, die\u00a0\u201ein die Welt\u201dgetragen werden soll. In der Dunkelheit soll also mit Lichtern vor dem Brandenburger Tor hantiert werden, hier\u00a0<a href=\"http:\/\/www.zeit.de\/1956\/45\/fackeln-in-berlin\">wiederholt\u00a0<\/a>sich die Geschichte als traurige Farce.<\/p>\n<p style=\"text-align: justify;\">Die Organisator_innen haben es sich ganz einfach gemacht und einen \u00e4lteren Aufruf\u00a0der\u00a0Occupy-Bewegung\u00a0recycelt. Es ist von einem\u00a0\u201eunsolidarischen Geldsystem\u201d\u00a0die Rede, dem die\u00a0\u201eechte Demokratie\u201d\u00a0entgegengestellt wird. Kein Wunder, denn der Aufmarsch der deutschen Friedensfreunde wird auch von einigen\u00a0\u00dcberbleibseln der\u00a0\u201eOccupy-Bewegung\u201d\u00a0und von anderen regressiven Friedensinitiativen organisiert, die anscheinend kein Problem mit verschw\u00f6rungsideologischen Konstruktionen und deutschnationalen Parolen haben.<\/p>\n<p style=\"text-align: justify;\">Auf der\u00a0<a href=\"https:\/\/www.facebook.com\/events\/408608132510274\/\">Facebook-Seite<\/a>\u00a0zur Veranstaltung\u00a0werden die Reden desVerschw\u00f6rungsideologen Andreas Popp\u00a0beworben, der von der\u00a0\u201eBRD-GmbH\u201d\u00a0lamentiert\u00a0und mit dieser Chiffre die Ideologie der\u00a0nationalsozialistischen\u00a0\u201eReichsb\u00fcrger\u201d\u00a0reproduziert. Dort wird auch\u00a0\u00fcber einen\u201eMarsch auf Berlin\u201d\u00a0und \u00fcber einen esoterischen\u00a0\u201eMeditations-Flashmob\u201d\u00a0nachgedacht, der die\u00a0\u201eLichtformation\u201d\u00a0der deutschen Friedensfreunde begleiten soll.<\/p>\n<p style=\"text-align: justify;\">Doch nicht nur auf der Facebook-Seite der Veranstalter_innen findet sich Werbung f\u00fcr verschiedene verschw\u00f6rungsideologische Machwerke und esoterische Aktionsformen. Auch im\u00a0<a href=\"http:\/\/www.youtube.com\/watch?v=rSWENAcOD78&amp;feature=plcp\">offiziellen Youtube-Video<\/a>, mit dem zum Aufmarsch mobilisiert wird, kann man Hinweise auf verschw\u00f6rungsideologische Propaganda entdecken. Dort wird zum Beispiel auf die Pseudo-Dokumentation\u00a0\u201eDeadly Dust\u201d\u00a0des\u00a0Frieder Wagner verwiesen, der in der Vergangenheit die N\u00e4he zum\u00a0Querfrontler J\u00fcrgen Els\u00e4sser\u00a0suchte.<\/p>\n<p style=\"text-align: justify;\">Wagners Interviews, die dieser etwa mit dem rechten Journalisten\u00a0Michael Vogt\u00a0produzierte, der eine geschichtsrevisionistische Dokumentation \u00fcber den England-Flug des damaligen Hitler-Stellvertreters Rudolf He\u00df drehte, finden sich auf zahlreichen Internetseiten der Verschw\u00f6rungsszene.<\/p>\n<p style=\"text-align: justify;\">Im Werbe-Video zur\u00a0\u201eLichtformation\u201d\u00a0finden sich allerdings auch Szenen, die einen Aufmarsch von Gaddafi-Fans zeigen, die sich mit dessen gr\u00fcner Fahne an einer Friedensdemonstration beteiligten. Der Clip wurde von der\u00a0Internetseite\u00a0\u201eAntikrieg.tv\u201d\u00a0produziert, die Macher \u00fcbersetzen zahlreiche Beitr\u00e4ge des Fernsehsenders\u00a0\u201eRussia Today\u201d\u00a0ins Deutsche. Eine weitere Quelle dieser vorgeblichen Friedensfreunde ist der iranische Sender\u00a0\u201ePress.tv\u201d,\u00a0<a href=\"http:\/\/accessadl.blogspot.de\/2012\/03\/irans-press-tv-gives-voice-to-anti.html\">der\u00a0<\/a>f\u00fcr\u00a0<a href=\"http:\/\/accessadl.blogspot.de\/2012\/06\/press-tv-airs-anti-semitic-interviews.html\">seine antisemitische Hetze ber\u00fcchtigt\u00a0<\/a>ist. Ein Video des Senders findet sich, ebenso wie das anti-israelische Gedicht des greisen SS-Mannes\u00a0<a href=\"http:\/\/fsk-hh.org\/blog\/2012\/04\/06\/ueber_den_lues_tern_er_zaehl_ten_an_ti_se_mi_tis_mus_des_guen_ter_grass\">G\u00fcnther Grass<\/a>, auf den Internetseiten von\u00a0\u201eAntikrieg.tv\u201d.<\/p>\n<p style=\"text-align: justify;\">Die Parteinahme f\u00fcr regressive Regime sowie die Werbung f\u00fcr obskure Verschw\u00f6rungsideologen findet sich nicht nur im Werbe-Video, sondern auch auf einer weiteren\u00a0<a href=\"https:\/\/www.facebook.com\/FriedvollerAufstand\">Facebook-Seite<\/a>\u00a0der Organisator_innen. Dort wird zum Beispiel eine Aktion der\u00a0verschw\u00f6rungsideologischen\u00a0\u201ePartei der Vernunft\u201d\u00a0(PdV)\u00a0beworben, dort findet sich Werbung\u00a0f\u00fcr die\u00a0<a href=\"http:\/\/lizaswelt.net\/2009\/04\/12\/borsenexperte-mit-doppelleben\/\">strukturell antisemitische Internetseite\u00a0\u201eMM-News\u201d<\/a>.<\/p>\n<p style=\"text-align: justify;\">Derartige Inhalte d\u00fcrften auch Nationalsozialist_innen, Antisemit_innen und Verschw\u00f6rungsfans \u00fcberzeugen. Vielleicht distanzieren sich die Veranstalter_innen auch daher\u00a0\u201evon\u00a0Rechtsradikalen, nationalistischen Gruppierungen und Nazis\u201d, die angeblich nicht auf der\u00a0\u201eUnterst\u00fctzerliste und auf der Demo\u201d\u00a0erw\u00fcnscht seien, die aber mit einigen Inhalten der Veranstalter_innen und Unterst\u00fctzer_innen durchaus einverstanden sein d\u00fcrften.<\/p>\n<p style=\"text-align: justify;\">Ein Unterst\u00fctzer der Grabkerzern-Aktion bewirbt zum Beispiel eine der nationalsozialistischen\u201eReichsregierungen\u201d. Der Aufruf zum Aufmarsch wurde unter anderem durch die Internetseite\u00a0\u201eHeinrichsplatz TV\u201d\u00a0gezeichnet. Auf dieser Internetseite findet sich nicht nur Verschw\u00f6rungspropaganda, sondern auch\u00a0Werbung\u00a0f\u00fcr den\u00a0\u201eReichsb\u00fcrger\u201d\u00a0Peter Fitzek\u00a0und dessen\u00a0Pseudo-Staat\u00a0\u201eNeuDeutschland\u201d, mit dem eine gro\u00dfdeutsche\u00a0\u201ekonstitutionellen Monarchie\u201d\u00a0angestrebt wird.<\/p>\n<p style=\"text-align: justify;\">Allerdings handelt es sich bei einem Gro\u00dfteil der Unterst\u00fctzer eher um linke, verschw\u00f6rungsideologische und esoterische Gestalten. Da w\u00e4ren zum Beispiel die\u00a0\u201eGro\u00dfm\u00fctter gegen den Krieg\u201d\u00a0aus Berlin, die sich\u00a0am 12.05.2012 an einem Aufmarsch f\u00fcr das syrische Regime beteiligten, auf dem ein\u00a0\u201eGermany for the Germans\u201d\u00a0gefordert und Davidsterne in den Staub getreten wurden.<\/p>\n<p style=\"text-align: justify;\">Als Unterst\u00fctzerin wird auch Dr. Sabine Schiffer aufgef\u00fchrt, die als Leiterin des\u00a0\u201eInstitut f\u00fcr Medienverantwortung\u201d\u00a0dem iranischen Auslandssender IRIB\u00a0<a href=\"http:\/\/www.ksta.de\/medien\/medienforschung-das-seltsame-institut-der-sabine-s-,15189656,12783326.html\">gerne ausf\u00fchrliche Interviews gibt<\/a>. Zus\u00e4tzlich unterst\u00fctzt der Weblog \u201ele Boh\u00e9mien\u201d das Stelldichein der Friedensfreunde. Dort darf an selbsternannter\u00a0\u201eMacho\u201d\u00a0gegen den Feminismus anschreiben.<\/p>\n<p style=\"text-align: justify;\">Neben diesen Gestalten will sich auch Ina Edeltraut an der\u00a0\u201eFriedensdemonstration\u201d\u00a0beteiligen. Sie ist Organisatorin eines\u00a0allj\u00e4hrlichen\u00a0\u201eFriedensfestivals\u201d. Dort durften in den vergangenen Jahren etwa\u00a0der rechte Verschw\u00f6rungsideologe und PdV-Vorsitzende Oliver Janich\u00a0und sein ebensorechter Kompagnon Christoph R. H\u00f6rstel\u00a0schw\u00fclstige Verschw\u00f6rungsreden schwingen.<\/p>\n<p style=\"text-align: justify;\">Mit\u00a0\u201eWamos\u201d, einem\u00a0\u201eZentrum\u00a0 f\u00fcr\u00a0 ganzheitliche\u00a0 Lebensf\u00fchrung\u201d, das ansonsten\u00a0\u201dsinnliche Rohkost-Rezepte\u201d\u00a0und\u00a0\u201eroh-k\u00f6stliches Massage-\u00d6l\u201d\u00a0bewirbt, mobilisieren auch krude Esoteriker_innen zum Marsch der Friedensfreunde.<\/p>\n<p style=\"text-align: justify;\">Au\u00dferdem\u00a0<a href=\"http:\/\/anonym.to\/?http:\/\/friedensbuendnis-berlin.de\/unterstutzer\/\">unterst\u00fctzt\u00a0<\/a>die CDU-Politikerin Tanja Woywat den deutschen Marsch, die noch im Jahr 2011 als stellvertretende Kreisvorsitzende der Christdemokraten in Kreuzberg und Friedrichshain\u00a0<a href=\"http:\/\/www.xhain.info\/politik\/cdu.htm\">Politik betrieb.<\/a>\u00a0Im Jahr 2009 trat sie als Pressessprecherin der antikommunistischen Direktkandidatin Vera Lengsfeld\u00a0<a href=\"http:\/\/www.mail-archive.com\/pressemeldungen@lists.wikimedia.org\/msg01700.html\">auf<\/a>. Des Weiteren rufen die nationalbolschewistische Tageszeitung\u00a0Junge Welt\u00a0und einige andere linksdeutsche Initativen zur\u00a0\u201eFriedensdemonstration\u201d\u00a0auf.<\/p>\n<p style=\"text-align: justify;\">Mit dem Aufmarsch der deutschen Friedensfreunde, die sich f\u00fcr das ein oder andere Regime engagieren werden, wird also eine Art Querfront verwirklicht. Antisemit_innen und\u00a0\u201eReichsb\u00fcrger\u201d, \u201eTruther\u201d\u00a0und\u201eInfokrieger\u201d, Junge Welt-Leser_innen und eine CDU-Politikerin, Blogger_innen und Esoteriker_innen werden gemeinsam durch Berlin marschieren, um dann mit\u00a0\u201eGrabkerzen\u201d\u00a0ein\u00a0\u201elichtvolles Zeichen\u201d\u00a0zu setzen. Es bedarf keiner Hellseherei, um eine der gruseligsten Veranstaltungen dieses Jahres vorauszusagen.<\/p>\n<a class=\"synved-social-button synved-social-button-share synved-social-size-32 synved-social-resolution-single synved-social-provider-facebook nolightbox\" data-provider=\"facebook\" target=\"_blank\" rel=\"nofollow\" title=\"Auf Facebook teilen\" href=\"https:\/\/www.facebook.com\/sharer.php?u=https%3A%2F%2Fferne-welten.com%2Findex.php%3Frest_route%3D%252Fwp%252Fv2%252Fposts%252F662&#038;t=Grabkerzen%20f%C3%BCr%20den%20Frieden&#038;s=100&#038;p&#091;url&#093;=https%3A%2F%2Fferne-welten.com%2Findex.php%3Frest_route%3D%252Fwp%252Fv2%252Fposts%252F662&#038;p&#091;images&#093;&#091;0&#093;=&#038;p&#091;title&#093;=Grabkerzen%20f%C3%BCr%20den%20Frieden\" style=\"font-size: 0px;width:32px;height:32px;margin:0;margin-bottom:5px;margin-right:5px\"><img loading=\"lazy\" decoding=\"async\" alt=\"Facebook\" title=\"Auf Facebook teilen\" class=\"synved-share-image synved-social-image synved-social-image-share\" width=\"32\" height=\"32\" style=\"display: inline;width:32px;height:32px;margin: 0;padding: 0;border: none;box-shadow: none\" src=\"https:\/\/ferne-welten.com\/wp-content\/plugins\/social-media-feather\/synved-social\/addons\/extra-icons\/image\/social\/circle\/64x64\/facebook.png\" \/><\/a><a class=\"synved-social-button synved-social-button-share synved-social-size-32 synved-social-resolution-single synved-social-provider-twitter nolightbox\" data-provider=\"twitter\" target=\"_blank\" rel=\"nofollow\" title=\"Auf Twitter teilen\" href=\"https:\/\/twitter.com\/intent\/tweet?url=https%3A%2F%2Fferne-welten.com%2Findex.php%3Frest_route%3D%252Fwp%252Fv2%252Fposts%252F662&#038;text=Hey%20check%20this%20out\" style=\"font-size: 0px;width:32px;height:32px;margin:0;margin-bottom:5px;margin-right:5px\"><img loading=\"lazy\" decoding=\"async\" alt=\"twitter\" title=\"Auf Twitter teilen\" class=\"synved-share-image synved-social-image synved-social-image-share\" width=\"32\" height=\"32\" style=\"display: inline;width:32px;height:32px;margin: 0;padding: 0;border: none;box-shadow: none\" src=\"https:\/\/ferne-welten.com\/wp-content\/plugins\/social-media-feather\/synved-social\/addons\/extra-icons\/image\/social\/circle\/64x64\/twitter.png\" \/><\/a><a class=\"synved-social-button synved-social-button-share synved-social-size-32 synved-social-resolution-single synved-social-provider-reddit nolightbox\" data-provider=\"reddit\" target=\"_blank\" rel=\"nofollow\" title=\"Auf Reddit teilen\" href=\"https:\/\/www.reddit.com\/submit?url=https%3A%2F%2Fferne-welten.com%2Findex.php%3Frest_route%3D%252Fwp%252Fv2%252Fposts%252F662&#038;title=Grabkerzen%20f%C3%BCr%20den%20Frieden\" style=\"font-size: 0px;width:32px;height:32px;margin:0;margin-bottom:5px;margin-right:5px\"><img loading=\"lazy\" decoding=\"async\" alt=\"reddit\" title=\"Auf Reddit teilen\" class=\"synved-share-image synved-social-image synved-social-image-share\" width=\"32\" height=\"32\" style=\"display: inline;width:32px;height:32px;margin: 0;padding: 0;border: none;box-shadow: none\" src=\"https:\/\/ferne-welten.com\/wp-content\/plugins\/social-media-feather\/synved-social\/addons\/extra-icons\/image\/social\/circle\/64x64\/reddit.png\" \/><\/a><a class=\"synved-social-button synved-social-button-share synved-social-size-32 synved-social-resolution-single synved-social-provider-pinterest nolightbox\" data-provider=\"pinterest\" target=\"_blank\" rel=\"nofollow\" title=\"Auf Pinterest pinnen\" href=\"https:\/\/pinterest.com\/pin\/create\/button\/?url=https%3A%2F%2Fferne-welten.com%2Findex.php%3Frest_route%3D%252Fwp%252Fv2%252Fposts%252F662&#038;media=&#038;description=Grabkerzen%20f%C3%BCr%20den%20Frieden\" style=\"font-size: 0px;width:32px;height:32px;margin:0;margin-bottom:5px;margin-right:5px\"><img loading=\"lazy\" decoding=\"async\" alt=\"pinterest\" title=\"Auf Pinterest pinnen\" class=\"synved-share-image synved-social-image synved-social-image-share\" width=\"32\" height=\"32\" style=\"display: inline;width:32px;height:32px;margin: 0;padding: 0;border: none;box-shadow: none\" src=\"https:\/\/ferne-welten.com\/wp-content\/plugins\/social-media-feather\/synved-social\/addons\/extra-icons\/image\/social\/circle\/64x64\/pinterest.png\" \/><\/a><a class=\"synved-social-button synved-social-button-share synved-social-size-32 synved-social-resolution-single synved-social-provider-linkedin nolightbox\" data-provider=\"linkedin\" target=\"_blank\" rel=\"nofollow\" title=\"Auf Linkedin teilen\" href=\"https:\/\/www.linkedin.com\/shareArticle?mini=true&#038;url=https%3A%2F%2Fferne-welten.com%2Findex.php%3Frest_route%3D%252Fwp%252Fv2%252Fposts%252F662&#038;title=Grabkerzen%20f%C3%BCr%20den%20Frieden\" style=\"font-size: 0px;width:32px;height:32px;margin:0;margin-bottom:5px;margin-right:5px\"><img loading=\"lazy\" decoding=\"async\" alt=\"linkedin\" title=\"Auf Linkedin teilen\" class=\"synved-share-image synved-social-image synved-social-image-share\" width=\"32\" height=\"32\" style=\"display: inline;width:32px;height:32px;margin: 0;padding: 0;border: none;box-shadow: none\" src=\"https:\/\/ferne-welten.com\/wp-content\/plugins\/social-media-feather\/synved-social\/addons\/extra-icons\/image\/social\/circle\/64x64\/linkedin.png\" \/><\/a><a class=\"synved-social-button synved-social-button-share synved-social-size-32 synved-social-resolution-single synved-social-provider-tumblr nolightbox\" data-provider=\"tumblr\" target=\"_blank\" rel=\"nofollow\" title=\"\u00dcber Tumblr teilen\" href=\"https:\/\/tumblr.com\/share?s=&#038;v=3&#038;t=Grabkerzen%20f%C3%BCr%20den%20Frieden&#038;u=https%3A%2F%2Fferne-welten.com%2Findex.php%3Frest_route%3D%252Fwp%252Fv2%252Fposts%252F662\" style=\"font-size: 0px;width:32px;height:32px;margin:0;margin-bottom:5px;margin-right:5px\"><img loading=\"lazy\" decoding=\"async\" alt=\"tumblr\" title=\"\u00dcber Tumblr teilen\" class=\"synved-share-image synved-social-image synved-social-image-share\" width=\"32\" height=\"32\" style=\"display: inline;width:32px;height:32px;margin: 0;padding: 0;border: none;box-shadow: none\" src=\"https:\/\/ferne-welten.com\/wp-content\/plugins\/social-media-feather\/synved-social\/addons\/extra-icons\/image\/social\/circle\/64x64\/tumblr.png\" \/><\/a><a class=\"synved-social-button synved-social-button-share synved-social-size-32 synved-social-resolution-single synved-social-provider-mail nolightbox\" data-provider=\"mail\" rel=\"nofollow\" title=\"Link per Mail weiterleiten\" href=\"mailto:?subject=Grabkerzen%20f%C3%BCr%20den%20Frieden&#038;body=Hey%20check%20this%20out:%20https%3A%2F%2Fferne-welten.com%2Findex.php%3Frest_route%3D%252Fwp%252Fv2%252Fposts%252F662\" style=\"font-size: 0px;width:32px;height:32px;margin:0;margin-bottom:5px\"><img loading=\"lazy\" decoding=\"async\" alt=\"mail\" title=\"Link per Mail weiterleiten\" class=\"synved-share-image synved-social-image synved-social-image-share\" width=\"32\" height=\"32\" style=\"display: inline;width:32px;height:32px;margin: 0;padding: 0;border: none;box-shadow: none\" src=\"https:\/\/ferne-welten.com\/wp-content\/plugins\/social-media-feather\/synved-social\/addons\/extra-icons\/image\/social\/circle\/64x64\/mail.png\" \/><\/a>","protected":false},"excerpt":{"rendered":"<p>Ab dem 15.09. wird zur\u00fcck gefriedet\u201d,\u00a0freuen\u00a0sich die Organisator_innen. Mit dem abgewandelten Hitler-Zitat rufen sie zur\u00a0\u201eFriedensdemonstration\u201d\u00a0in Berlin auf. Am\u00a0 15. 09. 2012 wollen sich deutsche Friedensfreunde und die kl\u00e4glichen Reste der so genannten\u00a0Occupy-Bewegung\u00a0in Berlin versammeln, um f\u00fcr\u00a0\u201eFrieden und V\u00f6lkerverst\u00e4ndigung\u00a0in der Welt\u201d\u00a0zu&#8230;<br \/><a class=\"read-more-button\" href=\"https:\/\/ferne-welten.com\/?p=662\">Read more<\/a><\/p>\n","protected":false},"author":1,"featured_media":0,"comment_status":"open","ping_status":"open","sticky":false,"template":"","format":"standard","meta":{"footnotes":""},"categories":[79],"tags":[212,191,213,214,195,215,216],"class_list":["post-662","post","type-post","status-publish","format-standard","hentry","category-mythen","tag-antikrieg-tv","tag-berlin","tag-frieder-wagner","tag-heinrichsplatz-tv","tag-occupy","tag-sabine-schiffer","tag-tanja-woywat"],"_links":{"self":[{"href":"https:\/\/ferne-welten.com\/index.php?rest_route=\/wp\/v2\/posts\/662","targetHints":{"allow":["GET"]}}],"collection":[{"href":"https:\/\/ferne-welten.com\/index.php?rest_route=\/wp\/v2\/posts"}],"about":[{"href":"https:\/\/ferne-welten.com\/index.php?rest_route=\/wp\/v2\/types\/post"}],"author":[{"embeddable":true,"href":"https:\/\/ferne-welten.com\/index.php?rest_route=\/wp\/v2\/users\/1"}],"replies":[{"embeddable":true,"href":"https:\/\/ferne-welten.com\/index.php?rest_route=%2Fwp%2Fv2%2Fcomments&post=662"}],"version-history":[{"count":3,"href":"https:\/\/ferne-welten.com\/index.php?rest_route=\/wp\/v2\/posts\/662\/revisions"}],"predecessor-version":[{"id":1530,"href":"https:\/\/ferne-welten.com\/index.php?rest_route=\/wp\/v2\/posts\/662\/revisions\/1530"}],"wp:attachment":[{"href":"https:\/\/ferne-welten.com\/index.php?rest_route=%2Fwp%2Fv2%2Fmedia&parent=662"}],"wp:term":[{"taxonomy":"category","embeddable":true,"href":"https:\/\/ferne-welten.com\/index.php?rest_route=%2Fwp%2Fv2%2Fcategories&post=662"},{"taxonomy":"post_tag","embeddable":true,"href":"https:\/\/ferne-welten.com\/index.php?rest_route=%2Fwp%2Fv2%2Ftags&post=662"}],"curies":[{"name":"wp","href":"https:\/\/api.w.org\/{rel}","templated":true}]}}