{"id":667,"date":"2012-07-30T19:51:41","date_gmt":"2012-07-30T18:51:41","guid":{"rendered":"http:\/\/ferne-welten.com\/?p=667"},"modified":"2017-04-21T13:14:53","modified_gmt":"2017-04-21T12:14:53","slug":"reichsbandbreite","status":"publish","type":"post","link":"https:\/\/ferne-welten.com\/?p=667","title":{"rendered":"Reichsbandbreite"},"content":{"rendered":"<p style=\"text-align: justify;\">Am Donnerstag, den 26.07.2012 zeigte der Spartensender ZDF Neo einen weiteren Teil seiner\u00a0<a href=\"http:\/\/de.wikipedia.org\/wiki\/Wild_Germany\">Reihe\u00a0<\/a>\u201eWild Germany\u201d. Diesmal ging es nicht um Metal, Crystal-Meth\u00a0oder Satanismus, sondern um das Milieu der selbsternannten\u00a0\u201eReichsb\u00fcrger\u201d. Diese glauben tats\u00e4chlich, dass das\u00a0\u201eDeutsche Reich\u201d bis heute existiert. Sie haben zahlreiche Pseudo-Institutionen geschaffen.<\/p>\n<p style=\"text-align: justify;\"><!--more--><\/p>\n<p style=\"text-align: justify;\">Es gibt verschiedene\u00a0\u201eReichskanzler\u201d\u00a0und\u201eReichsregierungen\u201d, die miteinander konkurrieren. Sie versorgen ihre Anh\u00e4nger_innen mit Ausweisen, Nummernschildern und anderen Devotionalien. Diese Pseudo-Dokumente k\u00f6nnen zum Beispiel \u00fcber eine\u00a0\u201eReichsmeldestelle\u201d\u00a0beantragt werden. Ein\u00a0\u201eReichspersonenausweis\u201d\u00a0kostet 50 Euro, ebensoviel wird f\u00fcr einen \u201eReichsf\u00fchrerschein\u201d\u00a0verlangt.<\/p>\n<p style=\"text-align: justify;\">Die Ideologie der Fans des\u00a0\u201eDeutschen Reiches\u201d\u00a0wirkt auch auf weite Teile der Verschw\u00f6rungsszene. Hier gibt es eine wechselseitige ideologische \u00dcbereinstimmung. Inbesondere die Behauptung, dass es sich bei der Bundesrepublik Deutschland in Wirklichkeit nur um eine Firma der Alliierten handeln w\u00fcrde, erfreut auch\u00a0\u201eTruther\u201d\u00a0und\u00a0\u201eInfokrieger\u201d, die sich ansonsten mit der Umdeutung des 11. September, der angeblichen Macht der Rothschild-Familie oder mysteri\u00f6sen Erdbebenwaffen befassen.<\/p>\n<p style=\"text-align: justify;\">Dort ist die Phrase von der\u00a0\u201eBRD-GmbH\u201d\u00a0au\u00dferordentlich weit verbreitet. So reimt der\u00a0Verschw\u00f6rungsrapper\u00a0\u201eGuantana Mohr\u201d\u00a0in seinem Lied\u00a0\u201eBesatzungsm\u00e4chte Raus\u201c \u00fcber die\u00a0\u201eBRD-GmbH\u201d. Auf zahlreichen Internetseiten der\u00a0\u201eInfokrieger\u201d\u00a0wird der Mythos von der\u00a0\u201eBRD-GmbH\u201d\u00a0ebenfalls beworben.<\/p>\n<p style=\"text-align: justify;\">Der Reporter\u00a0<a href=\"http:\/\/www.manuelmoeglich.com\/\">Manuel M\u00f6glich<\/a>\u00a0besuchte nun f\u00fcr den Spartensender des ZDF verschiedene\u00a0\u201eReichsb\u00fcrger\u201d\u00a0und lie\u00df sie in seiner\u00a0<a href=\"https:\/\/www.youtube.com\/watch?feature=player_embedded&amp;v=ep9n0ryj0no\">Dokumentation\u00a0<\/a>ausf\u00fchrlich zu Wort kommen. Er interviewte\u00a0\u201eReichskanzler\u201d\u00a0<a href=\"http:\/\/blog.krr-faq.net\/?tag=norbert-schittke\">Norbert Schittke<\/a>\u00a0und zuk\u00fcnftige\u00a0\u201eReichsb\u00fcrger\u201d. Au\u00dferdem besuchte er einige Veranstaltungen, auf denen die\u00a0\u201eReichsb\u00fcrger\u201d\u00a0ihre krude, deutsche Ideologie vorstellten.<\/p>\n<p style=\"text-align: justify;\">Einer dieser Besuche f\u00fchrte M\u00f6glich in eine Werbeveranstaltung der\u00a0<a href=\"http:\/\/www.youtube.com\/watch?v=diilLxz_A3M\">\u201eExilregierung Deutsches Reich\u201d.<\/a>\u00a0Dort informierte\u00a0<a href=\"http:\/\/blog.krr-faq.net\/?p=1358\">Alexander Schlowak<\/a>, der als\u201eInnenminister der Exil Regierung des Deutschen Reiches\u201d\u00a0in Erscheinung tritt, \u00fcber seine Kleinst-Organisation. Der\u00a0\u201eReichsb\u00fcrger\u201d, der in Berlin\u00a0\u201eauf dem Gebiet der Finanzdienstleistung und dem Versicherungswesen\u201d\u00a0<a href=\"http:\/\/www.firmenwissen.de\/az\/firmeneintrag\/13086\/3250145624\/ALEXANDER_SCHLOWAK_VERSICHERUNGEN.html\">t\u00e4tig\u00a0<\/a>ist , er\u00f6ffnete seinen Vortrag mit einem Lied, das zur Hymne z\u00e4hlt.<\/p>\n<p><iframe loading=\"lazy\" src=\"https:\/\/www.youtube.com\/embed\/xTNTWpmmaTo\" width=\"860\" height=\"615\" frameborder=\"0\" allowfullscreen=\"allowfullscreen\"><\/iframe><\/p>\n<p style=\"text-align: justify;\">\u201eWas ist los in diesem Land\u201d\u00a0stammt von der\u00a0verschw\u00f6rungsideologischen Band\u00a0\u201eDie Bandbreite\u201d. Das Lied zeichnet sich nicht nur durch einen positiven Bezug auf Deutschland aus, das von\u00a0\u201eBanken und Bonzen\u201dkaputtgemacht werden w\u00fcrde, sondern stilisiert dieses wahnsinnig gef\u00e4hrliche Land auch noch zum\u201eVasallen der USA\u201d. Im Video zum Lied ist eine Dose Zyklon B zu sehen: W\u00e4hrenddessen reimt die Band \u00fcber einen\u00a0\u201eV\u00f6lkermord\u201d\u00a0in Afghanistan. Auf diese Weise wird die industrielle Vernichtung der J\u00fcdinnen und Juden verharmlost und die Singularit\u00e4t der Shoa in Frage gestellt. Politiker werden als\u00a0\u201everhurte Volksvertreter\u201d\u00a0bezeichnet, w\u00e4hrend im weinerlichen, moralisierenden Tonfall von\u00a0\u201eMama\u201d\u00a0<a href=\"http:\/\/www.youtube.com\/watch?v=eIQGP4VpuRY\">gejammert\u00a0<\/a>wird:<\/p>\n<blockquote><p>Ich seh\u2019 mich um in meinem Land, Mama wei\u00df nicht mehr wie es weitergeht.<\/p><\/blockquote>\n<p style=\"text-align: justify;\">Kein Wunder, dass sich auch Nazis f\u00fcr das Lied der Band begeistern. Es sind nicht nur die\u00a0\u201eReichsb\u00fcrger\u201d\u00a0der\u00a0\u201eExilregierung Deutsches Reich\u201d, sondern auch die Nazis der NPD, die die Band in den h\u00f6chsten T\u00f6nen loben.<\/p>\n<p style=\"text-align: justify;\">Sie w\u00fcrde beim\u00a0\u201emu\u00adsi\u00adzie\u00adren in\u00adter\u00ades\u00adsan\u00adte und auf\u00adschlu\u00df\u00adrei\u00adche welt\u00adan\u00adschau\u00adli\u00adche Ele\u00admen\u00adte\u201c\u00a0auf\u00adgrei\u00adfen,\u00a0hei\u00dft es in einem\u00a0Werbeartikel\u00a0der NPD-Hamburg. Die s\u00e4chsische Landtagsabgeordnete Gitte Sch\u00fcssler ver\u00f6ffentlichte ebenfalls\u00a0Werbung.\u00a0Ge\u00adne\u00adrell\u00a0w\u00fcrde die Band\u00a0\u201esehr viele in\u00adter\u00ades\u00adsan\u00adte In\u00adfor\u00adma\u00adtio\u00adnen ver\u00adpackt (\u2026) in ein\u00adg\u00e4n\u00adgi\u00adgen Me\u00adlo\u00addi\u00aden\u201c\u00a0bieten, hie\u00df es dort. Die antisemitische Nazi-Seite\u201eAltermedia\u201d\u00a0bewarb\u00a0wiederum einige Videos der Band. Die rechte Wochenzeitung\u00a0Junge Freiheit ver\u00f6ffentlichte ebenfalls einen Jubelartikel.<\/p>\n<p style=\"text-align: justify;\">W\u00e4hrend sich alte und neue Nazis f\u00fcr die Band begeistern, scheint dieser das Lob von ganz, ganz Rechts eher peinlich zu sein. Die Huldigungen aus der Nazi-Szene wurden bisher dezent verschwiegen. Nach der ZDF-Sendung bequemten sich die Verschw\u00f6rungsbarden allerdings zu einer halbherzigen Distanzierung:\u201eMit dieser Gruppe haben wir nichts zu tun, gesschweige denn wissen wir \u00fcberhaupt, was sie tun und wer sie sind\u201d,\u00a0<a href=\"https:\/\/www.facebook.com\/diebandbreite\/posts\/10151099551668162\">schreibt\u00a0<\/a>die Band auf ihrer Facebook-Seite.<\/p>\n<p style=\"text-align: justify;\">Die Frage, warum sich Nazis f\u00fcr die Lieder der Band begeistern, wurde dort selbstverst\u00e4ndlich nicht beantwortet. Schlie\u00dflich ignoriert die Band die ideologischen \u00dcbereinstimmungen, die dazu f\u00fchren, dass auch ein\u00a0\u201eReichsb\u00fcrger\u201d\u00a0die Lieder der Band zur Werbung f\u00fcr das\u00a0\u201eDeutsche Reich\u201d\u00a0benutzen kann. Prompt meldeten sich auch die Fans der Band zu Wort, die ebenfalls dem Wahn von der\u00a0\u201eBRD-GmbH\u201d\u00a0verfallen sind. Ein Groupie\u00a0schreibt\u00a0zum Beispiel auf der Facebook-Pinnwand der Band:<\/p>\n<blockquote><p>fakt ist aber das deutschland besetzt und nicht souver\u00e4n so wie kein friedensvertrag hat (\u2026). ausserdem ist der BRD wirglich nur eine GmbH.<\/p><\/blockquote>\n<p style=\"text-align: justify;\">Die Band sollte sich \u00fcber ihre Fans nicht wundern. Schlie\u00dflich produziert sie Musik, die nicht nur Verschw\u00f6rungsgl\u00e4ubige, sondern auch Nazis begeistern kann. Sie haben mit ihren Inhalten die rechten Geister gerufen, die sie nun nicht mehr loswerden. Diese Band hat nach wie vor genau die Fans, die sie verdient.<\/p>\n<a class=\"synved-social-button synved-social-button-share synved-social-size-32 synved-social-resolution-single synved-social-provider-facebook nolightbox\" data-provider=\"facebook\" target=\"_blank\" rel=\"nofollow\" title=\"Auf Facebook teilen\" href=\"https:\/\/www.facebook.com\/sharer.php?u=https%3A%2F%2Fferne-welten.com%2Findex.php%3Frest_route%3D%252Fwp%252Fv2%252Fposts%252F667&#038;t=Reichsbandbreite&#038;s=100&#038;p&#091;url&#093;=https%3A%2F%2Fferne-welten.com%2Findex.php%3Frest_route%3D%252Fwp%252Fv2%252Fposts%252F667&#038;p&#091;images&#093;&#091;0&#093;=&#038;p&#091;title&#093;=Reichsbandbreite\" style=\"font-size: 0px;width:32px;height:32px;margin:0;margin-bottom:5px;margin-right:5px\"><img loading=\"lazy\" decoding=\"async\" alt=\"Facebook\" title=\"Auf Facebook teilen\" class=\"synved-share-image synved-social-image synved-social-image-share\" width=\"32\" height=\"32\" style=\"display: inline;width:32px;height:32px;margin: 0;padding: 0;border: none;box-shadow: none\" src=\"https:\/\/ferne-welten.com\/wp-content\/plugins\/social-media-feather\/synved-social\/addons\/extra-icons\/image\/social\/circle\/64x64\/facebook.png\" \/><\/a><a class=\"synved-social-button synved-social-button-share synved-social-size-32 synved-social-resolution-single synved-social-provider-twitter nolightbox\" data-provider=\"twitter\" target=\"_blank\" rel=\"nofollow\" title=\"Auf Twitter teilen\" href=\"https:\/\/twitter.com\/intent\/tweet?url=https%3A%2F%2Fferne-welten.com%2Findex.php%3Frest_route%3D%252Fwp%252Fv2%252Fposts%252F667&#038;text=Hey%20check%20this%20out\" style=\"font-size: 0px;width:32px;height:32px;margin:0;margin-bottom:5px;margin-right:5px\"><img loading=\"lazy\" decoding=\"async\" alt=\"twitter\" title=\"Auf Twitter teilen\" class=\"synved-share-image synved-social-image synved-social-image-share\" width=\"32\" height=\"32\" style=\"display: inline;width:32px;height:32px;margin: 0;padding: 0;border: none;box-shadow: none\" src=\"https:\/\/ferne-welten.com\/wp-content\/plugins\/social-media-feather\/synved-social\/addons\/extra-icons\/image\/social\/circle\/64x64\/twitter.png\" \/><\/a><a class=\"synved-social-button synved-social-button-share synved-social-size-32 synved-social-resolution-single synved-social-provider-reddit nolightbox\" data-provider=\"reddit\" target=\"_blank\" rel=\"nofollow\" title=\"Auf Reddit teilen\" href=\"https:\/\/www.reddit.com\/submit?url=https%3A%2F%2Fferne-welten.com%2Findex.php%3Frest_route%3D%252Fwp%252Fv2%252Fposts%252F667&#038;title=Reichsbandbreite\" style=\"font-size: 0px;width:32px;height:32px;margin:0;margin-bottom:5px;margin-right:5px\"><img loading=\"lazy\" decoding=\"async\" alt=\"reddit\" title=\"Auf Reddit teilen\" class=\"synved-share-image synved-social-image synved-social-image-share\" width=\"32\" height=\"32\" style=\"display: inline;width:32px;height:32px;margin: 0;padding: 0;border: none;box-shadow: none\" src=\"https:\/\/ferne-welten.com\/wp-content\/plugins\/social-media-feather\/synved-social\/addons\/extra-icons\/image\/social\/circle\/64x64\/reddit.png\" \/><\/a><a class=\"synved-social-button synved-social-button-share synved-social-size-32 synved-social-resolution-single synved-social-provider-pinterest nolightbox\" data-provider=\"pinterest\" target=\"_blank\" rel=\"nofollow\" title=\"Auf Pinterest pinnen\" href=\"https:\/\/pinterest.com\/pin\/create\/button\/?url=https%3A%2F%2Fferne-welten.com%2Findex.php%3Frest_route%3D%252Fwp%252Fv2%252Fposts%252F667&#038;media=&#038;description=Reichsbandbreite\" style=\"font-size: 0px;width:32px;height:32px;margin:0;margin-bottom:5px;margin-right:5px\"><img loading=\"lazy\" decoding=\"async\" alt=\"pinterest\" title=\"Auf Pinterest pinnen\" class=\"synved-share-image synved-social-image synved-social-image-share\" width=\"32\" height=\"32\" style=\"display: inline;width:32px;height:32px;margin: 0;padding: 0;border: none;box-shadow: none\" src=\"https:\/\/ferne-welten.com\/wp-content\/plugins\/social-media-feather\/synved-social\/addons\/extra-icons\/image\/social\/circle\/64x64\/pinterest.png\" \/><\/a><a class=\"synved-social-button synved-social-button-share synved-social-size-32 synved-social-resolution-single synved-social-provider-linkedin nolightbox\" data-provider=\"linkedin\" target=\"_blank\" rel=\"nofollow\" title=\"Auf Linkedin teilen\" href=\"https:\/\/www.linkedin.com\/shareArticle?mini=true&#038;url=https%3A%2F%2Fferne-welten.com%2Findex.php%3Frest_route%3D%252Fwp%252Fv2%252Fposts%252F667&#038;title=Reichsbandbreite\" style=\"font-size: 0px;width:32px;height:32px;margin:0;margin-bottom:5px;margin-right:5px\"><img loading=\"lazy\" decoding=\"async\" alt=\"linkedin\" title=\"Auf Linkedin teilen\" class=\"synved-share-image synved-social-image synved-social-image-share\" width=\"32\" height=\"32\" style=\"display: inline;width:32px;height:32px;margin: 0;padding: 0;border: none;box-shadow: none\" src=\"https:\/\/ferne-welten.com\/wp-content\/plugins\/social-media-feather\/synved-social\/addons\/extra-icons\/image\/social\/circle\/64x64\/linkedin.png\" \/><\/a><a class=\"synved-social-button synved-social-button-share synved-social-size-32 synved-social-resolution-single synved-social-provider-tumblr nolightbox\" data-provider=\"tumblr\" target=\"_blank\" rel=\"nofollow\" title=\"\u00dcber Tumblr teilen\" href=\"https:\/\/tumblr.com\/share?s=&#038;v=3&#038;t=Reichsbandbreite&#038;u=https%3A%2F%2Fferne-welten.com%2Findex.php%3Frest_route%3D%252Fwp%252Fv2%252Fposts%252F667\" style=\"font-size: 0px;width:32px;height:32px;margin:0;margin-bottom:5px;margin-right:5px\"><img loading=\"lazy\" decoding=\"async\" alt=\"tumblr\" title=\"\u00dcber Tumblr teilen\" class=\"synved-share-image synved-social-image synved-social-image-share\" width=\"32\" height=\"32\" style=\"display: inline;width:32px;height:32px;margin: 0;padding: 0;border: none;box-shadow: none\" src=\"https:\/\/ferne-welten.com\/wp-content\/plugins\/social-media-feather\/synved-social\/addons\/extra-icons\/image\/social\/circle\/64x64\/tumblr.png\" \/><\/a><a class=\"synved-social-button synved-social-button-share synved-social-size-32 synved-social-resolution-single synved-social-provider-mail nolightbox\" data-provider=\"mail\" rel=\"nofollow\" title=\"Link per Mail weiterleiten\" href=\"mailto:?subject=Reichsbandbreite&#038;body=Hey%20check%20this%20out:%20https%3A%2F%2Fferne-welten.com%2Findex.php%3Frest_route%3D%252Fwp%252Fv2%252Fposts%252F667\" style=\"font-size: 0px;width:32px;height:32px;margin:0;margin-bottom:5px\"><img loading=\"lazy\" decoding=\"async\" alt=\"mail\" title=\"Link per Mail weiterleiten\" class=\"synved-share-image synved-social-image synved-social-image-share\" width=\"32\" height=\"32\" style=\"display: inline;width:32px;height:32px;margin: 0;padding: 0;border: none;box-shadow: none\" src=\"https:\/\/ferne-welten.com\/wp-content\/plugins\/social-media-feather\/synved-social\/addons\/extra-icons\/image\/social\/circle\/64x64\/mail.png\" \/><\/a>","protected":false},"excerpt":{"rendered":"<p>Am Donnerstag, den 26.07.2012 zeigte der Spartensender ZDF Neo einen weiteren Teil seiner\u00a0Reihe\u00a0\u201eWild Germany\u201d. Diesmal ging es nicht um Metal, Crystal-Meth\u00a0oder Satanismus, sondern um das Milieu der selbsternannten\u00a0\u201eReichsb\u00fcrger\u201d. Diese glauben tats\u00e4chlich, dass das\u00a0\u201eDeutsche Reich\u201d bis heute existiert. Sie haben zahlreiche&#8230;<br \/><a class=\"read-more-button\" href=\"https:\/\/ferne-welten.com\/?p=667\">Read more<\/a><\/p>\n","protected":false},"author":1,"featured_media":0,"comment_status":"open","ping_status":"open","sticky":false,"template":"","format":"standard","meta":{"footnotes":""},"categories":[79,66],"tags":[220,221,209,75,44],"class_list":["post-667","post","type-post","status-publish","format-standard","hentry","category-mythen","category-sehbares","tag-alexander-schlowak","tag-neo","tag-npd","tag-reichsbuerger","tag-zdf"],"_links":{"self":[{"href":"https:\/\/ferne-welten.com\/index.php?rest_route=\/wp\/v2\/posts\/667","targetHints":{"allow":["GET"]}}],"collection":[{"href":"https:\/\/ferne-welten.com\/index.php?rest_route=\/wp\/v2\/posts"}],"about":[{"href":"https:\/\/ferne-welten.com\/index.php?rest_route=\/wp\/v2\/types\/post"}],"author":[{"embeddable":true,"href":"https:\/\/ferne-welten.com\/index.php?rest_route=\/wp\/v2\/users\/1"}],"replies":[{"embeddable":true,"href":"https:\/\/ferne-welten.com\/index.php?rest_route=%2Fwp%2Fv2%2Fcomments&post=667"}],"version-history":[{"count":3,"href":"https:\/\/ferne-welten.com\/index.php?rest_route=\/wp\/v2\/posts\/667\/revisions"}],"predecessor-version":[{"id":1202,"href":"https:\/\/ferne-welten.com\/index.php?rest_route=\/wp\/v2\/posts\/667\/revisions\/1202"}],"wp:attachment":[{"href":"https:\/\/ferne-welten.com\/index.php?rest_route=%2Fwp%2Fv2%2Fmedia&parent=667"}],"wp:term":[{"taxonomy":"category","embeddable":true,"href":"https:\/\/ferne-welten.com\/index.php?rest_route=%2Fwp%2Fv2%2Fcategories&post=667"},{"taxonomy":"post_tag","embeddable":true,"href":"https:\/\/ferne-welten.com\/index.php?rest_route=%2Fwp%2Fv2%2Ftags&post=667"}],"curies":[{"name":"wp","href":"https:\/\/api.w.org\/{rel}","templated":true}]}}