{"id":672,"date":"2012-07-11T19:57:00","date_gmt":"2012-07-11T18:57:00","guid":{"rendered":"http:\/\/ferne-welten.com\/?p=672"},"modified":"2017-04-30T12:04:53","modified_gmt":"2017-04-30T11:04:53","slug":"camp-der-verschwoerungsfans","status":"publish","type":"post","link":"https:\/\/ferne-welten.com\/?p=672","title":{"rendered":"Camp der Verschw\u00f6rungsfans"},"content":{"rendered":"<p style=\"text-align: justify;\">Zum dritten Mal mobilisieren verschiedene Verschw\u00f6rungsideologen in die deutsche Provinz. Am 17. August 2012 werden sie f\u00fcr das Wochenende nach\u00a0<a href=\"http:\/\/de.wikipedia.org\/wiki\/V%C3%B6lpke\">V\u00f6lpke\u00a0<\/a>reisen. Es handelt sich um eine beschauliche Gemeinde in Sachsen-Anhalt, dort kommen die Verschw\u00f6rungsfans seit\u00a0mittlerweile\u00a0drei Jahren zusammen, um an einem\u00a0\u201ev\u00f6llig entspannten Gedankenaustausch\u201d\u00a0teilzunehmen.<\/p>\n<p style=\"text-align: justify;\"><!--more--><\/p>\n<p style=\"text-align: justify;\">Das Szenetreffen der Verschw\u00f6rungsfans dient der internen Stabilisierung und Vernetzung. Die selbsternannten\u00a0\u201eTruther\u201d\u00a0und\u00a0\u201eInfokrieger\u201d\u00a0zelten, schie\u00dfen mit Pfeil und Bogen und musizieren am Lagerfeuer. Au\u00dferdem konsumieren sie Verschw\u00f6rungsideologie,\u00a0\u201eSpanferkel (\u2026), Lamm, Putenschnitzel sowie W\u00fcrstchen in etlichen Ausf\u00fchrungen\u201d. Vegetarier\u00a0d\u00fcrfen sich ebenfalls an Verschw\u00f6rungsmythen aber auch am Saltbuffet erfreuen, der Veranstalter verspricht, dass auch sie\u00a0\u201eauf Ihre Kosten kommen\u201d. Das Zeltlager der Verschw\u00f6rungsfans wurde auf den Namen\u00a0\u201eTruthcamp\u201d\u00a0getauft,<\/p>\n<p style=\"text-align: justify;\">In den vergangenen Jahren wurde das Camp vor allem durch\u00a0Jens Blecker\u00a0organisiert, der auf den Spitznamen\u00a0\u201eCheffe\u201d\u00a0h\u00f6rt. Er betreibt die\u00a0Internetseite\u00a0\u201eIK-News\u201d, mit der er zahlreiche Verschw\u00f6rungsmythen kolportiert. Fast harmlos erscheint eine Umdeutung einer Kennedy-Rede, die in Verschw\u00f6rungskreisen\u00a0erstaunlich beliebt ist, obwohl es sich um eine offensichtliche Umdeutung handelt.<\/p>\n<p style=\"text-align: justify;\">Auf\u00a0\u201eIK-News\u201d\u00a0wird aber auch, in einem anti-amerikanischen Jargon, vor der angeblichen\u00a0\u201eamerikanischen Hegemonialkrankheit\u201d\u00a0gewarnt. Als Urheber macht man eine\u00a0\u201ekleine Hochfinanzkaste\u201d\u00a0aus. Es seien die\u00a0\u201ebeiden Familienclans Rothschild und Rockefeller\u201d, die\u00a0\u201enoch \u00fcber die Erde\u201d\u00a0verf\u00fcgen w\u00fcrden. Diese werden als\u00a0\u201eBrut\u201d\u00a0bezeichnet, die USA sei die\u00a0\u201eBrutst\u00e4tte dieser negativen Kr\u00e4fte\u201d. Mit diesen antisemitischen Konstruktionen begeistert die Internetseite\u00a0\u201eTruther\u201d\u00a0und\u00a0\u201eInfokrieger\u201d, die ebenfalls diesem Wahn erlegen sind.<\/p>\n<p style=\"text-align: justify;\">Die Causa G\u00fcnter Grass erf\u00fcllte den Unmut der\u00a0\u201eInfokrieger\u201d\u00a0von\u00a0\u201eIK-News\u201d. In der Pseudo-Kritik vieler Medien, die die<a href=\"http:\/\/bak-shalom.de\/index.php\/2012\/07\/04\/israelbezogener-antisemitismus-als-regressive-staatskritik\/\">\u00a0Form, aber nicht den Inhalt<\/a>\u00a0des neuesten Pamphlet des greisen SS-Veterans kritisierten, wollten Blecker gar eine\u00a0\u201eHetzkampagne\u201d\u00a0erkannt haben. Als einen Urheber machte\u00a0\u201eCheffe\u201d\u00a0Henryk M. Broder und den Zentralrat der Juden aus. Der Autor w\u00fcrde\u00a0\u201esein Gift (\u2026) verspritzen\u201d, gemeinsam w\u00fcrde man eine\u00a0\u201egesellschaftlich vernichtende Keule\u201d\u00a0schwingen. Die Deutschen seien\u00a0\u201emit der Schuld unserer Vor-Vorfahren \u00fcberladen\u201d\u00a0worden.<\/p>\n<p style=\"text-align: justify;\">Es sind Inhalte, die in dieser Form auch auf zahlreichen nationalsozialistischen Internetseiten zu finden sind. Der Betreiber der Internetseite\u00a0\u201eIK-News\u201d\u00a0verharmlost allerdings auch die industrielle Vernichtung der J\u00fcdinnen und Juden. Schlie\u00dflich behauptet er, dass\u00a0\u201esich etliche schwerer Verbrechen schuldig gemacht\u201d\u00a0h\u00e4tten und verweist auf die\u00a0\u201eVerfolgung der Indianer\u201d.<\/p>\n<p style=\"text-align: justify;\">Kein Wunder, dass auch die Kommentatoren dieser Internetseite\u00a0zahlreiche antisemitische \u00c4u\u00dferungen hinterlassen. Einige Zeit wurde im Forum zur Internetseite die\u00a0\u201eProtokolle der Weisen von Zion\u201d\u00a0beworben, es handelt sich um\u00a0eines der schlimmsten antisemitischen Pamphlete, auf das sich NSDAP-Kader und andere Antisemiten bezogen.<\/p>\n<p style=\"text-align: justify;\">Jens\u00a0\u201eCheffe\u201d\u00a0Blecker ist nicht nur f\u00fcr solche Inhalte, sondern auch f\u00fcr das\u00a0\u201eTruth-Camp\u201d\u00a0verantwortlich. Der Einzelhandelskaufmann aus dem nieders\u00e4chsischen Helmstedt hat die\u00a0Internetseite\u00a0zum verschw\u00f6rungsideologischen Stelldichein\u00a0angemeldet. Er\u00a0bewirbt\u00a0das Zeltlager der Verschw\u00f6rungsfans auf\u00a0\u201eIK-News\u201d.<\/p>\n<p style=\"text-align: justify;\">In diesem Jahr hat sich Blecker allerdings ein wenig aus den Vorbereitungen zur\u00fcckgezogen. Er plant die dauerhafte Ausreise nach Kanada und hat auch so\u00a0\u201esehr viel um die Ohren\u201d. Daher hat er einen Gro\u00dfteil der Planung in diesem Jahr einem verschw\u00f6rungsideologischen Kameraden \u00fcberlassen.<\/p>\n<p style=\"text-align: justify;\">Es handelt sich Christian B., der die\u00a0Internetseite\u201eLotus-Online\u201d\u00a0betreibt und im nieders\u00e4chsischen Landkreis Cuxhaven lebt. Auf\u00a0\u201eLotos-Online\u201d\u00a0finden sich ganz \u00e4hnliche Inhalte wie auf den Internetseiten des Jens\u201eCheffe\u201d\u00a0Blecker. Dort wird verschw\u00f6rungsideologisch vor Handys und W-LAN-Netzen gewarnt, durch die Gehirntumore entstehen w\u00fcrden.<\/p>\n<p style=\"text-align: justify;\">Ansonsten selektiert Christian B.\u00a0gerne J\u00fcdinnen und Juden. Es gibt zum Beispiel einen Artikel \u00fcber\u00a0\u201ekritische Juden\u201d, die Israel mit Verachtung begegnen. Nat\u00fcrlich m\u00f6chte Christian B.<a href=\"http:\/\/anonym.to\/?http:\/\/netzstrand.de\/uploads\/imagemanager\/logos\/img_96714d66f4be8939a.png?1298592959\">\u00a0<\/a>kein Antisemit sein, schlie\u00dflich konstruiert er eine\u00a0\u201eMachtelite\u201d,\u00a0\u201edie eben nicht ausschlie\u00dflich j\u00fcdisch gepr\u00e4gt ist\u201d. Diese sei\u00a0\u201eeine Bedrohung f\u00fcr die freie Welt\u201d.<\/p>\n<p style=\"text-align: justify;\">Selbstverst\u00e4ndlich sind es auch hier die \u00fcblichen Verd\u00e4chtigen, die von deutschen Verschw\u00f6rungsideologen bevorzugt herangezogen werden. Christian B.\u00a0empfiehlt zum Beispiel den antisemitischen Propaganda-Film\u00a0\u201eEndgame\u201d, der vor\u00a0\u201eElite-Banker-Familien wie den Rothschilds\u201d\u00a0warnt.<\/p>\n<p style=\"text-align: justify;\">Christian B.\u00a0und Jens Blecker sind nicht nur Br\u00fcder im Geiste, sondern auch die Organisatoren des diesj\u00e4hrigen\u00a0\u201eTruth-Camps\u201d. F\u00fcr etwas mehr als 30 Euro d\u00fcrfen die geneigten Verschw\u00f6rungsfans am Szene-Treffen teilnehmen. Dort gibt es dann nicht nur Vortr\u00e4ge verschiedener Verschw\u00f6rungsideologen zu h\u00f6ren, sondern auch den\u00a0Soundtrack\u00a0zum Verschw\u00f6rungswahn:\u00a0\u201eAn den Musikacts \u00e4ndert sich nichts. Es sind wieder Kilez More und Die Bandbreite eingeladen\u201d, k\u00fcndigt Christian B.\u00a0im Internet-Forum zur Veranstaltung an. W\u00e4hrend\u00a0\u201eDie Bandbreite\u201d\u00a0das Milieu mit\u00a0vergleichsweise seichten Reimen versorgt\u00a0und zum Beispiel die Ereignisse des 11. September 2001 umdeutet,\u00a0 hat\u00a0\u201eKilez More\u201d\u00a0mehrere Lieder im Repertoire, die den Organisatoren und Verschw\u00f6rungsfans ganz besonders gut gefallen d\u00fcrften.<\/p>\n<p style=\"text-align: justify;\">Der Wiener inszeniert sich als\u00a0\u201eInfokrieger im Informationskrieg\u201d\u00a0und warnt vor einer angeblichen \u201eWeltregierung\u201d. Paranoiderweise glaubt dieser\u00a0Deutschrapper, dass\u00a0\u201esie\u201d\u00a0daf\u00fcr\u00a0\u201eInternet verbieten\u201d\u00a0wollen und dass\u00a0\u201ewir\u201d\u00a0tagt\u00e4glich\u00a0\u201evergiftet\u201d\u00a0werden. Au\u00dferdem fragt sich der\u00a0reimende Verschw\u00f6rungsideologe, was\u00a0\u201edie Spasten\u201d\u00a0denken, die angeblich an der\u00a0\u201eSpitze der Pyramide\u201d\u00a0stehen.<\/p>\n<p style=\"text-align: justify;\">Diese Frage beantwortet sich\u00a0\u201eMore\u201d\u00a0mit einem Track, den er\u00a0\u201eSeitenwechsel\u201d\u00a0genannt hat. Dort schl\u00fcpft er in die Rolle eines angeblichen\u00a0\u201eIlluminaten\u201d, der mit seine\u00a0\u201eLogenbr\u00fcdern\u201d\u00a0die Welt beherrschen w\u00fcrde:\u201eIch bin wieder mal Stolz auf den Krieg f\u00fcr mein Volk\u201d, hei\u00dft es hier. Das\u00a0<a href=\"http:\/\/www.youtube.com\/watch?v=8l-1WPch7kA\">Video\u00a0<\/a>zum Lied hat\u00a0\u201eMore\u201d\u00a0mit einer Foto-Aneinanderreihung unterlegt. Dort wurde unter anderem ein Bild der nationalsozialistischen Organisation\u00a0\u201eBund f\u00fcr echte Demokratie\u201d\u00a0(<a href=\"http:\/\/www.psiram.com\/ge\/index.php?title=BfeD\">BfeD<\/a>) verwendet. Andere Bilder zeigen einen hakennasigen\u00a0\u201eIlluminaten\u201d, das Logo das israelischen Geheimdienstes Mossad oder den Teufel. Bei derartigen Inhalten sollte die Dauereinladung des Deutschrappers nicht verwundern. Er wird mit der\u00a0\u201eBandbreite\u201d\u00a0f\u00fcr die musikalische Untermahlung der verschw\u00f6rungsideologischen Zusammenkunft sorgen.<\/p>\n<p style=\"text-align: justify;\">Zwischen dem 17. und dem 20. August 2012 wird ein Teil der Verschw\u00f6rungsszene also in V\u00f6lpke zusammenkommen, um dort f\u00fcr das Wochenende die Zelte\u00a0aufzuschlagen. Dann wird man den Tiraden der ideologischen Vordenker lauschen. Gemeinsam wird man am Lagerfeuer musizieren und das ein oder andere Schwein vertilgen. Dort darf dann sicherlich auch \u00fcber\u00a0\u201edie Rothschilds\u201d\u00a0und die angebliche\u201eWeltregierung\u201d\u00a0debattiert werden.<\/p>\n<a class=\"synved-social-button synved-social-button-share synved-social-size-32 synved-social-resolution-single synved-social-provider-facebook nolightbox\" data-provider=\"facebook\" target=\"_blank\" rel=\"nofollow\" title=\"Auf Facebook teilen\" href=\"https:\/\/www.facebook.com\/sharer.php?u=https%3A%2F%2Fferne-welten.com%2Findex.php%3Frest_route%3D%252Fwp%252Fv2%252Fposts%252F672&#038;t=Camp%20der%20Verschw%C3%B6rungsfans&#038;s=100&#038;p&#091;url&#093;=https%3A%2F%2Fferne-welten.com%2Findex.php%3Frest_route%3D%252Fwp%252Fv2%252Fposts%252F672&#038;p&#091;images&#093;&#091;0&#093;=&#038;p&#091;title&#093;=Camp%20der%20Verschw%C3%B6rungsfans\" style=\"font-size: 0px;width:32px;height:32px;margin:0;margin-bottom:5px;margin-right:5px\"><img loading=\"lazy\" decoding=\"async\" alt=\"Facebook\" title=\"Auf Facebook teilen\" class=\"synved-share-image synved-social-image synved-social-image-share\" width=\"32\" height=\"32\" style=\"display: inline;width:32px;height:32px;margin: 0;padding: 0;border: none;box-shadow: none\" src=\"https:\/\/ferne-welten.com\/wp-content\/plugins\/social-media-feather\/synved-social\/addons\/extra-icons\/image\/social\/circle\/64x64\/facebook.png\" \/><\/a><a class=\"synved-social-button synved-social-button-share synved-social-size-32 synved-social-resolution-single synved-social-provider-twitter nolightbox\" data-provider=\"twitter\" target=\"_blank\" rel=\"nofollow\" title=\"Auf Twitter teilen\" href=\"https:\/\/twitter.com\/intent\/tweet?url=https%3A%2F%2Fferne-welten.com%2Findex.php%3Frest_route%3D%252Fwp%252Fv2%252Fposts%252F672&#038;text=Hey%20check%20this%20out\" style=\"font-size: 0px;width:32px;height:32px;margin:0;margin-bottom:5px;margin-right:5px\"><img loading=\"lazy\" decoding=\"async\" alt=\"twitter\" title=\"Auf Twitter teilen\" class=\"synved-share-image synved-social-image synved-social-image-share\" width=\"32\" height=\"32\" style=\"display: inline;width:32px;height:32px;margin: 0;padding: 0;border: none;box-shadow: none\" src=\"https:\/\/ferne-welten.com\/wp-content\/plugins\/social-media-feather\/synved-social\/addons\/extra-icons\/image\/social\/circle\/64x64\/twitter.png\" \/><\/a><a class=\"synved-social-button synved-social-button-share synved-social-size-32 synved-social-resolution-single synved-social-provider-reddit nolightbox\" data-provider=\"reddit\" target=\"_blank\" rel=\"nofollow\" title=\"Auf Reddit teilen\" href=\"https:\/\/www.reddit.com\/submit?url=https%3A%2F%2Fferne-welten.com%2Findex.php%3Frest_route%3D%252Fwp%252Fv2%252Fposts%252F672&#038;title=Camp%20der%20Verschw%C3%B6rungsfans\" style=\"font-size: 0px;width:32px;height:32px;margin:0;margin-bottom:5px;margin-right:5px\"><img loading=\"lazy\" decoding=\"async\" alt=\"reddit\" title=\"Auf Reddit teilen\" class=\"synved-share-image synved-social-image synved-social-image-share\" width=\"32\" height=\"32\" style=\"display: inline;width:32px;height:32px;margin: 0;padding: 0;border: none;box-shadow: none\" src=\"https:\/\/ferne-welten.com\/wp-content\/plugins\/social-media-feather\/synved-social\/addons\/extra-icons\/image\/social\/circle\/64x64\/reddit.png\" \/><\/a><a class=\"synved-social-button synved-social-button-share synved-social-size-32 synved-social-resolution-single synved-social-provider-pinterest nolightbox\" data-provider=\"pinterest\" target=\"_blank\" rel=\"nofollow\" title=\"Auf Pinterest pinnen\" href=\"https:\/\/pinterest.com\/pin\/create\/button\/?url=https%3A%2F%2Fferne-welten.com%2Findex.php%3Frest_route%3D%252Fwp%252Fv2%252Fposts%252F672&#038;media=&#038;description=Camp%20der%20Verschw%C3%B6rungsfans\" style=\"font-size: 0px;width:32px;height:32px;margin:0;margin-bottom:5px;margin-right:5px\"><img loading=\"lazy\" decoding=\"async\" alt=\"pinterest\" title=\"Auf Pinterest pinnen\" class=\"synved-share-image synved-social-image synved-social-image-share\" width=\"32\" height=\"32\" style=\"display: inline;width:32px;height:32px;margin: 0;padding: 0;border: none;box-shadow: none\" src=\"https:\/\/ferne-welten.com\/wp-content\/plugins\/social-media-feather\/synved-social\/addons\/extra-icons\/image\/social\/circle\/64x64\/pinterest.png\" \/><\/a><a class=\"synved-social-button synved-social-button-share synved-social-size-32 synved-social-resolution-single synved-social-provider-linkedin nolightbox\" data-provider=\"linkedin\" target=\"_blank\" rel=\"nofollow\" title=\"Auf Linkedin teilen\" href=\"https:\/\/www.linkedin.com\/shareArticle?mini=true&#038;url=https%3A%2F%2Fferne-welten.com%2Findex.php%3Frest_route%3D%252Fwp%252Fv2%252Fposts%252F672&#038;title=Camp%20der%20Verschw%C3%B6rungsfans\" style=\"font-size: 0px;width:32px;height:32px;margin:0;margin-bottom:5px;margin-right:5px\"><img loading=\"lazy\" decoding=\"async\" alt=\"linkedin\" title=\"Auf Linkedin teilen\" class=\"synved-share-image synved-social-image synved-social-image-share\" width=\"32\" height=\"32\" style=\"display: inline;width:32px;height:32px;margin: 0;padding: 0;border: none;box-shadow: none\" src=\"https:\/\/ferne-welten.com\/wp-content\/plugins\/social-media-feather\/synved-social\/addons\/extra-icons\/image\/social\/circle\/64x64\/linkedin.png\" \/><\/a><a class=\"synved-social-button synved-social-button-share synved-social-size-32 synved-social-resolution-single synved-social-provider-tumblr nolightbox\" data-provider=\"tumblr\" target=\"_blank\" rel=\"nofollow\" title=\"\u00dcber Tumblr teilen\" href=\"https:\/\/tumblr.com\/share?s=&#038;v=3&#038;t=Camp%20der%20Verschw%C3%B6rungsfans&#038;u=https%3A%2F%2Fferne-welten.com%2Findex.php%3Frest_route%3D%252Fwp%252Fv2%252Fposts%252F672\" style=\"font-size: 0px;width:32px;height:32px;margin:0;margin-bottom:5px;margin-right:5px\"><img loading=\"lazy\" decoding=\"async\" alt=\"tumblr\" title=\"\u00dcber Tumblr teilen\" class=\"synved-share-image synved-social-image synved-social-image-share\" width=\"32\" height=\"32\" style=\"display: inline;width:32px;height:32px;margin: 0;padding: 0;border: none;box-shadow: none\" src=\"https:\/\/ferne-welten.com\/wp-content\/plugins\/social-media-feather\/synved-social\/addons\/extra-icons\/image\/social\/circle\/64x64\/tumblr.png\" \/><\/a><a class=\"synved-social-button synved-social-button-share synved-social-size-32 synved-social-resolution-single synved-social-provider-mail nolightbox\" data-provider=\"mail\" rel=\"nofollow\" title=\"Link per Mail weiterleiten\" href=\"mailto:?subject=Camp%20der%20Verschw%C3%B6rungsfans&#038;body=Hey%20check%20this%20out:%20https%3A%2F%2Fferne-welten.com%2Findex.php%3Frest_route%3D%252Fwp%252Fv2%252Fposts%252F672\" style=\"font-size: 0px;width:32px;height:32px;margin:0;margin-bottom:5px\"><img loading=\"lazy\" decoding=\"async\" alt=\"mail\" title=\"Link per Mail weiterleiten\" class=\"synved-share-image synved-social-image synved-social-image-share\" width=\"32\" height=\"32\" style=\"display: inline;width:32px;height:32px;margin: 0;padding: 0;border: none;box-shadow: none\" src=\"https:\/\/ferne-welten.com\/wp-content\/plugins\/social-media-feather\/synved-social\/addons\/extra-icons\/image\/social\/circle\/64x64\/mail.png\" \/><\/a>","protected":false},"excerpt":{"rendered":"<p>Zum dritten Mal mobilisieren verschiedene Verschw\u00f6rungsideologen in die deutsche Provinz. Am 17. August 2012 werden sie f\u00fcr das Wochenende nach\u00a0V\u00f6lpke\u00a0reisen. Es handelt sich um eine beschauliche Gemeinde in Sachsen-Anhalt, dort kommen die Verschw\u00f6rungsfans seit\u00a0mittlerweile\u00a0drei Jahren zusammen, um an einem\u00a0\u201ev\u00f6llig entspannten&#8230;<br \/><a class=\"read-more-button\" href=\"https:\/\/ferne-welten.com\/?p=672\">Read more<\/a><\/p>\n","protected":false},"author":1,"featured_media":0,"comment_status":"open","ping_status":"open","sticky":false,"template":"","format":"standard","meta":{"footnotes":""},"categories":[79],"tags":[107,217,228,229,230,231,232],"class_list":["post-672","post","type-post","status-publish","format-standard","hentry","category-mythen","tag-antisemitismus","tag-bandbreite","tag-deutschrap","tag-infokrieger-news","tag-jens-blecker","tag-kilez-more","tag-voelpke"],"_links":{"self":[{"href":"https:\/\/ferne-welten.com\/index.php?rest_route=\/wp\/v2\/posts\/672","targetHints":{"allow":["GET"]}}],"collection":[{"href":"https:\/\/ferne-welten.com\/index.php?rest_route=\/wp\/v2\/posts"}],"about":[{"href":"https:\/\/ferne-welten.com\/index.php?rest_route=\/wp\/v2\/types\/post"}],"author":[{"embeddable":true,"href":"https:\/\/ferne-welten.com\/index.php?rest_route=\/wp\/v2\/users\/1"}],"replies":[{"embeddable":true,"href":"https:\/\/ferne-welten.com\/index.php?rest_route=%2Fwp%2Fv2%2Fcomments&post=672"}],"version-history":[{"count":2,"href":"https:\/\/ferne-welten.com\/index.php?rest_route=\/wp\/v2\/posts\/672\/revisions"}],"predecessor-version":[{"id":1405,"href":"https:\/\/ferne-welten.com\/index.php?rest_route=\/wp\/v2\/posts\/672\/revisions\/1405"}],"wp:attachment":[{"href":"https:\/\/ferne-welten.com\/index.php?rest_route=%2Fwp%2Fv2%2Fmedia&parent=672"}],"wp:term":[{"taxonomy":"category","embeddable":true,"href":"https:\/\/ferne-welten.com\/index.php?rest_route=%2Fwp%2Fv2%2Fcategories&post=672"},{"taxonomy":"post_tag","embeddable":true,"href":"https:\/\/ferne-welten.com\/index.php?rest_route=%2Fwp%2Fv2%2Ftags&post=672"}],"curies":[{"name":"wp","href":"https:\/\/api.w.org\/{rel}","templated":true}]}}