{"id":674,"date":"2012-07-07T19:58:57","date_gmt":"2012-07-07T18:58:57","guid":{"rendered":"http:\/\/ferne-welten.com\/?p=674"},"modified":"2017-04-30T12:03:58","modified_gmt":"2017-04-30T11:03:58","slug":"das-festival","status":"publish","type":"post","link":"https:\/\/ferne-welten.com\/?p=674","title":{"rendered":"Das Festival"},"content":{"rendered":"<p style=\"text-align: justify;\">Auf der Burg Waldeck gab es in den 60er Jahren des letzten Jahrhunderts die gleichnamigen Burg-Waldeck-Festivals, auf dem die damalige Cr\u00e8me de la Cr\u00e8me der deutschen Liedermacher zusammenkam, um B\u00e4nkelgesang und deutsches Liedgut zu intonieren. Es war das erste Open-Air in Deutschland. Hier traten Liedermacher wie Reinhard May, Franz Josef Degenhardt oder Hannes Wader auf.\u00a0Gegen Ende der 60er Jahre sang man dann sogar die Internationale f\u00fcr die\u00a0\u201eV\u00f6lker\u201d, die nun endlich\u00a0\u201edie Signale\u201d\u00a0h\u00f6ren sollten.<\/p>\n<p style=\"text-align: justify;\"><!--more--><\/p>\n<p style=\"text-align: justify;\">Heute sind diese Liedermacher\u00a0<a href=\"http:\/\/audioarchiv.blogsport.de\/2011\/11\/22\/franz-josef-degenhardt-ist-tot\/\">entweder verstorben<\/a>\u00a0oder verbittert. Das\u00a0<a title=\"Waleck\" href=\"http:\/\/de.wikipedia.org\/wiki\/Burg-Waldeck-Festivals\">historische Waldeck-Festival<\/a>\u00a0geh\u00f6rt der Vergangenheit an. Seit einigen Jahren gibt es am gleichen Ort allerdings ein neues Festival. Dessen Organisatoren m\u00fcssen andere Liedermacherund Volksmusikanten einladen.<\/p>\n<p style=\"text-align: justify;\">Der\u00a0\u201eLinke Liedersommer\u201d\u00a0findet seit einigen Jahren, wie die historischen Waldeck-Festivals, in der N\u00e4he der gleichnamigen Burg statt. Es handelt sich um eines der traurige Farce, mit dem die dunklen Abgr\u00fcnde sichtbar werden, denen ein Teil der deutschen Linken verfallen ist. Zwischen dem 15. und 17. Juni 2012 kamen nach Angaben einer Teilnehmerin etwa 160 Menschen zusammen.<\/p>\n<p style=\"text-align: justify;\">Organisiert wird der\u00a0\u201eLinke Liedersommer\u201d\u00a0durch den\u00a0\u201eDeutschen Freidenker Verband\u201d\u00a0und die\u00a0\u201eJenny Marx Gesellschaft\u201d\u00a0aus Rheinland Pfalz. Die\u00a0\u201eFreidenker\u201d\u00a0<a title=\"Freidenker-Einladung\" href=\"http:\/\/anonym.to\/?http:\/\/www.freidenker.org\/cms\/dfv\/index.php?option=com_content&amp;view=article&amp;id=359:liedersommer2012&amp;catid=93:rheinland-pfalz&amp;Itemid=130\">m\u00f6chten\u00a0<\/a>mit ihrem\u00a0\u201eMusiktreffen\u201d\u00a0an\u00a0\u201edie Tradition der legend\u00e4ren Waldeck-Festivals zu APO-Zeiten\u201d\u00a0ankn\u00fcpfen. Der Verbandsvorsitzende, ein Verschw\u00f6rungsideologe namens Klaus Hartmann, kn\u00fcpft allerdings auch an ganz andere Traditionen an. Er m\u00f6chte auf\u00a0\u201edie Begriffe \u2018Antisemitismus\u2019 und \u2018antisemitisch\u201c verzichten\u201d, es gehe darum diese zu\u201eentsorgen\u201d. Neben der Entsorgung findet Hartmann aber auch eine andere Vorgehensweise sympathisch, auch wenn er am Erfolg zweifelt:<\/p>\n<blockquote><p>\u2018Je mehr der \u201aBegriff Antisemit inzwischen f\u00fcr Verfechter der Menschenrechte und radikale Demokraten verwendet wird, erkl\u00e4re ich mich selbst zu radikalen Antisemiten\u2019.<\/p><\/blockquote>\n<p style=\"text-align: justify;\">Diese Theorien\u00a0<a href=\"http:\/\/anonym.to\/?http:\/\/www.freidenker.org\/cms\/dfv\/index.php?option=com_content&amp;view=article&amp;id=352:ein-plaedoyer&amp;catid=54:antifaschismus-antirassismus-antiimperialismus-solidaritaet-frieden&amp;Itemid=72\">finden\u00a0<\/a>sich in einer Ausgabe des\u00a0\u201eFreidenkers\u201d, dem Verbandsmagazin der Organisation, die nun mal wieder zum\u00a0\u201eLiedersommer\u201d\u00a0auf die Burg Waldeck einlud. Auf ihrem\u00a0\u201eLiedersommer\u201d\u00a0der linken Volksmusik darf die heutige\u00a0Cr\u00e8me de la Cr\u00e8me der linken Volksmusik auftreten. Da w\u00e4re zum Beispiel der Linkspartei-Politiker Diether Dehm, der als\u00a0\u201eLerryn\u201d\u00a0ber\u00fchmt-ber\u00fcchtigt ist, seit er in den dunklen 70er Jahren als\u00a0\u201eder S\u00e4nger mit den besseren Liedern\u201d\u00a0um\u00a0<a title=\"Diether Dehm @ DISCO\" href=\"http:\/\/www.youtube.com\/watch?v=e9VvB9zPlYg&amp;feature=plcp\">Aufmerksamkeit heischte<\/a>:<\/p>\n<blockquote><p>Bravo, bravo, hurra,<br \/>\nder S\u00e4nger mit den besseren Liedern ist da.<\/p><\/blockquote>\n<p style=\"text-align: justify;\">Seine Volksmusik, die er unter anderem in einer der Sendung\u00a0\u201eDisco\u201d\u00a0zum Besten gab, pr\u00e4destinierte den heutigen Bundestagsabgeordneten geradezu f\u00fcr einen Auftritt auf dem\u00a0\u201eLiedersommer\u201d. Im Jahr 2010 informierte Dehm dort \u00fcber\u00a0\u201eLinke Kulturarbeit\u201d. Ein Jahr darauf beteiligte er sich an einer Podiumsdiskussion, dort\u00a0bezeichnete\u00a0sich das Bundestagsmitglied voller stolz als \u201egl\u00fchenden Verschw\u00f6rungstheoretiker\u201d.<\/p>\n<p style=\"text-align: justify;\">Da w\u00e4re aber auch Jane Zahn, die als Kabarettistin ansonsten vor allem auf den Festivals der Deutschen Kommunistischen Partei (DKP) auftritt. Ihre\u00a0\u201eStimme rockt und lockt, dr\u00f6hnt und st\u00f6hnt, kr\u00e4chzt\u00a0und \u00e4chzt, dass kein Trommelfell steif bleibt\u201d,\u00a0hie\u00df\u00a0es im Zentralorgan dieser Partei.\u00a0 Zahn hat ein\u00a0\u201eNeues deutsches Volksliedgut\u201d\u00a0geschaffen, in dem sie popul\u00e4re deutsche Schlager umdichtet: Sie kr\u00e4chzt im Sinne\u00a0der\u00a0\u201eOccupy-Bewegung\u201d\u00a0f\u00fcr die\u00a0\u201e99 Prozent\u201d, st\u00f6hnt \u00fcber den angeblichen\u00a0\u201eVerrat\u201d, der zum Untergang der Sowjetunion f\u00fchrte und \u00e4chzt \u00fcber einen gewissen\u00a0\u201eMr. Bush\u201d:<\/p>\n<blockquote><p>Wir liegen vor Madagaskar<br \/>\nund k\u00e4mpfen am Hindukusch.<br \/>\nF\u00fcr die Freiheit vom Gro\u00dfen Zaster<br \/>\nund die Firma von Mr. Bush.<\/p><\/blockquote>\n<p style=\"text-align: justify;\">Mit dieser regressiven und anti-amerikanischen Stimmungsmusik erfreut Zahn DKP-Kader und Ostermarschierer, die der klampfenden Kabarettistin nur zu gerne ein Podium bieten. Dort darf sie dann nicht nur\u00a0\u201eMr. Busch\u201d\u00a0und dessen\u00a0\u201eFirma\u201d\u00a0f\u00fcr alles \u00dcbel dieser Welt verantwortlich machen, sondern auch sich nicht reimende Verschw\u00f6rungsmythen \u00fcber den damaligen amerikanischen Pr\u00e4sidenten und dessen Verbindung zum Massenm\u00f6rder Osama bin Laden intonieren:<\/p>\n<blockquote><p>\u201eWir sind dorthin gegangen, Bin Laden einzufangen,<br \/>\ndoch der steckt bestimmt hinter einem Bush.<br \/>\n(Bush Vater oder Sohn, das ist egal).\u201d<\/p><\/blockquote>\n<p style=\"text-align: justify;\">Auf dem\u00a0\u201eLinken Liedersommer\u201d\u00a0ist Jahn Zahn seit Jahren ein musikalischer Dauergast. Die S\u00e4ngerin, von der noch eine\u00a0<a title=\"Jane Zahn @ DKP\" href=\"http:\/\/www.youtube.com\/watch?v=jPdi2gzKdLs\">schnulzige Hymne an ihre Partei<\/a>\u00a0\u00fcberliefert ist, durfte dort \u00fcber\u00a0\u201edas politische Kabarett\u201dinformieren. Selbstverst\u00e4ndlich hat sie auch in diesem Jahr gesungen.<\/p>\n<p style=\"text-align: justify;\">Diese musikalische Zumutung wird durch eine weitere Band \u00fcbetroffen, die ebenfalls regelm\u00e4\u00dfig auf dem\u201eLinken Liedersommer\u201d\u00a0auftritt. Es handelt sich um\u00a0die Band\u00a0\u201eDie Bandbreite\u201d, die mit verschw\u00f6rungsideologischen Inhalten vor allem das Milieu der\u00a0\u201eTruther\u201d\u00a0und\u00a0\u201eInfokrieger\u201d\u00a0begeistert.<\/p>\n<p style=\"text-align: justify;\">Mit ihren musikalischen Verschw\u00f6rungsmythen tritt die Band regelm\u00e4\u00dfig auf den Festivals und Veranstaltungen dieser Szene auf. Sei es der ein oder\u00a0andere Aufmarsch\u00a0oder die ein oder andere Veranstaltung:\u00a0\u201eDie Bandbreite\u201d\u00a0ist nicht w\u00e4hlerisch. So trat die Band am 10. Juni 2011\u00a0auf einer Veranstaltung\u00a0gegen die\u201eBilderberg-Konferenz\u201d\u00a0auf. W\u00e4hrend sie f\u00fcr die musikalischen Inhalte zust\u00e4ndig war, hielten Politiker der rechtspopulistischen Schweizer Volkspartei (SVP) die Brandreden. Am 10. September 2011 kam es zu einem\u00a0Auftritt in Karlsruhe, bei dem der Verschw\u00f6rungsideologe Christoph R. H\u00f6rstel an die Verschw\u00f6rungymthen der\u00a0\u201eFreunde von ganz Rechts\u201d\u00a0erinnerte, die\u00a0\u201eRecht\u201d\u00a0haben w\u00fcrden:<\/p>\n<blockquote><p>Da kom\u00admen un\u00adse\u00adre Freun\u00adde von Rechts, die mit den selt\u00adsa\u00admen Stie\u00adfeln und den kur\u00adzen Haa\u00adren und wei\u00adsen auf 1916 hin, auf die\u00adses Schiff na\u00admens Lu\u00adsi\u00adta\u00adnia. Ihr Lie\u00adben, Recht habt ihr! Das war auch eine ge\u00adzink\u00adte Saue\u00adrei!<\/p><\/blockquote>\n<p style=\"text-align: justify;\">In der j\u00fcngeren Vergangenheit beschallte die Band einen\u00a0zinskritischen Kongress, bei dem Verschw\u00f6rungsideologen, strukturell antisemitische Zinskritiker und andere Gestalten auftraten.<\/p>\n<p style=\"text-align: justify;\">Durch die Veranstaltung f\u00fchrte Andreas Popp, der immer wieder, im Jargon der\u00a0\u201eReichsb\u00fcrger\u201d, von der\u201eBRD-GmbH\u201d\u00a0spricht und au\u00dferdem als Tierrechtler in Erscheinung tritt. In die\u00adsem Zusam\u00admen\u00adhang rela\u00adti\u00adviert Popp den Holo\u00adcaust: Er spricht vom\u00a0\u201eTier\u00adho\u00adlo\u00adcaust\u201d\u00a0und bezeich\u00adnet Vieh\u00adtrans\u00adporte als\u00a0\u201eDepor\u00adta\u00adtio\u00adnen\u201d.<\/p>\n<p style=\"text-align: justify;\">Auf den Auftritt auf dem Zinskongress folgte der Auftritt auf dem\u00a0\u201eLinken Liedersommer\u201d. Dort produzierte \u201eDie Bandbreite\u201d\u00a0auch ein unfreiweilig-komischess Video mit einem jungen Groupie. Gemeinsam schw\u00e4rmte man vom\u00a0\u201esupergeilen\u201d\u00a0Ereignis und setzte sich, auf gewohnt niedrigem Niveau, mit\u00a0\u201eden Antideutschen\u201d\u00a0auseinander.<\/p>\n<blockquote><p>Wir sind grad hier auf \u2018nem supergeilen friedlichen Fest, namens \u2018Linker Liedersommer\u2019. (\u2026) Wir hatten gerade ein supergeiles Konzert, die Leute waren supergeil dabei und zu den Antideutschen sagen wir einfach nur: Pfui! Fickt euch! Ihr k\u00f6nnt uns mal!<\/p><\/blockquote>\n<p style=\"text-align: justify;\">Die Tageszeitung\u00a0Junge Welt\u00a0<a href=\"http:\/\/anonym.to\/?http:\/\/www.jungewelt.de\/2012\/06-21\/019.php\">berichtete\u00a0<\/a>am 26. Juni 2012 \u00fcber den\u00a0\u201eLinken Liedersommer\u201d. Dort erfreut sich der Autor am musikalischen\u00a0\u201eVolksgut\u201d\u00a0und den\u00a0\u201erot schwelenden und z\u00fcngelnden Holzscheiten\u201d, die \u201edie sch\u00f6ne alte Pfadfinder\u2013 und Wandervogel-Romantik\u201d\u00a0erweckt h\u00e4tten. Ansonsten wird der\u00a0\u201eLinke Liedersommer\u201d, dieses linke Treffen der linksdeutschen Volksmusikant_innen, kaum wahrgenommen. Lediglich die DKP-Zeitung\u00a0\u201eUnsere Zeit\u201d\u00a0berichtet. Dort\u00a0schreibt\u00a0Jane Zahn \u00fcber ihren eigenen Auftritt und lobt ansonsten das Festival in den h\u00f6chsten T\u00f6nen:<\/p>\n<blockquote><p>Als endlich der Regen aufh\u00f6rte und ein wundersch\u00f6ner Regenbogen den Wolkenhimmel \u00fcberspannte, war dann auch noch das Lagerfeuer m\u00f6glich, einer der gr\u00f6\u00dften Anziehungspunkte dieses Festivals. Unglaublich, wie sich dort das Liedgut mischte vom Volkslied \u00fcber spa\u00dfiges Selbstgedichtetes.<\/p><\/blockquote>\n<p style=\"text-align: justify;\">Das war der\u00a0\u201eLinke Liedersommer\u201d, diese traurige Farce der gar nicht lustigen, linksdeutschen Volksmusikanten. Auch in diesem Jahr sammelten sie sich, \u00e4hnlich wie ihre Ahnen, am Lagerfeuer.<\/p>\n<p style=\"text-align: justify;\">Im n\u00e4chsten Jahr werden sie wieder zusammenkommen, um neue und alte\u00a0\u201eVolkslieder\u201d\u00a0zu singen und sich im flackernden Schein des Lagerfeuers zu w\u00e4rmen, das sie danach romantisch verkl\u00e4ren. Die linksdeutsche Farce d\u00fcrfte also wiederholt werden und f\u00fcr anschlie\u00dfende Jubelberichte in den einschl\u00e4gigen Zeitschriften sorgen.<\/p>\n<h6 style=\"text-align: center;\">UPDATE: 11.07.2012: DAS ERW\u00c4HNTE VIDEO, DAS AUF DEM\u00a0\u201eLIEDERSOMMER\u201d\u00a0ENTSTAND, WURDE VOM NUTZER ENTFERNT.<\/h6>\n<a class=\"synved-social-button synved-social-button-share synved-social-size-32 synved-social-resolution-single synved-social-provider-facebook nolightbox\" data-provider=\"facebook\" target=\"_blank\" rel=\"nofollow\" title=\"Auf Facebook teilen\" href=\"https:\/\/www.facebook.com\/sharer.php?u=https%3A%2F%2Fferne-welten.com%2Findex.php%3Frest_route%3D%252Fwp%252Fv2%252Fposts%252F674&#038;t=Das%20Festival&#038;s=100&#038;p&#091;url&#093;=https%3A%2F%2Fferne-welten.com%2Findex.php%3Frest_route%3D%252Fwp%252Fv2%252Fposts%252F674&#038;p&#091;images&#093;&#091;0&#093;=&#038;p&#091;title&#093;=Das%20Festival\" style=\"font-size: 0px;width:32px;height:32px;margin:0;margin-bottom:5px;margin-right:5px\"><img loading=\"lazy\" decoding=\"async\" alt=\"Facebook\" title=\"Auf Facebook teilen\" class=\"synved-share-image synved-social-image synved-social-image-share\" width=\"32\" height=\"32\" style=\"display: inline;width:32px;height:32px;margin: 0;padding: 0;border: none;box-shadow: none\" src=\"https:\/\/ferne-welten.com\/wp-content\/plugins\/social-media-feather\/synved-social\/addons\/extra-icons\/image\/social\/circle\/64x64\/facebook.png\" \/><\/a><a class=\"synved-social-button synved-social-button-share synved-social-size-32 synved-social-resolution-single synved-social-provider-twitter nolightbox\" data-provider=\"twitter\" target=\"_blank\" rel=\"nofollow\" title=\"Auf Twitter teilen\" href=\"https:\/\/twitter.com\/intent\/tweet?url=https%3A%2F%2Fferne-welten.com%2Findex.php%3Frest_route%3D%252Fwp%252Fv2%252Fposts%252F674&#038;text=Hey%20check%20this%20out\" style=\"font-size: 0px;width:32px;height:32px;margin:0;margin-bottom:5px;margin-right:5px\"><img loading=\"lazy\" decoding=\"async\" alt=\"twitter\" title=\"Auf Twitter teilen\" class=\"synved-share-image synved-social-image synved-social-image-share\" width=\"32\" height=\"32\" style=\"display: inline;width:32px;height:32px;margin: 0;padding: 0;border: none;box-shadow: none\" src=\"https:\/\/ferne-welten.com\/wp-content\/plugins\/social-media-feather\/synved-social\/addons\/extra-icons\/image\/social\/circle\/64x64\/twitter.png\" \/><\/a><a class=\"synved-social-button synved-social-button-share synved-social-size-32 synved-social-resolution-single synved-social-provider-reddit nolightbox\" data-provider=\"reddit\" target=\"_blank\" rel=\"nofollow\" title=\"Auf Reddit teilen\" href=\"https:\/\/www.reddit.com\/submit?url=https%3A%2F%2Fferne-welten.com%2Findex.php%3Frest_route%3D%252Fwp%252Fv2%252Fposts%252F674&#038;title=Das%20Festival\" style=\"font-size: 0px;width:32px;height:32px;margin:0;margin-bottom:5px;margin-right:5px\"><img loading=\"lazy\" decoding=\"async\" alt=\"reddit\" title=\"Auf Reddit teilen\" class=\"synved-share-image synved-social-image synved-social-image-share\" width=\"32\" height=\"32\" style=\"display: inline;width:32px;height:32px;margin: 0;padding: 0;border: none;box-shadow: none\" src=\"https:\/\/ferne-welten.com\/wp-content\/plugins\/social-media-feather\/synved-social\/addons\/extra-icons\/image\/social\/circle\/64x64\/reddit.png\" \/><\/a><a class=\"synved-social-button synved-social-button-share synved-social-size-32 synved-social-resolution-single synved-social-provider-pinterest nolightbox\" data-provider=\"pinterest\" target=\"_blank\" rel=\"nofollow\" title=\"Auf Pinterest pinnen\" href=\"https:\/\/pinterest.com\/pin\/create\/button\/?url=https%3A%2F%2Fferne-welten.com%2Findex.php%3Frest_route%3D%252Fwp%252Fv2%252Fposts%252F674&#038;media=&#038;description=Das%20Festival\" style=\"font-size: 0px;width:32px;height:32px;margin:0;margin-bottom:5px;margin-right:5px\"><img loading=\"lazy\" decoding=\"async\" alt=\"pinterest\" title=\"Auf Pinterest pinnen\" class=\"synved-share-image synved-social-image synved-social-image-share\" width=\"32\" height=\"32\" style=\"display: inline;width:32px;height:32px;margin: 0;padding: 0;border: none;box-shadow: none\" src=\"https:\/\/ferne-welten.com\/wp-content\/plugins\/social-media-feather\/synved-social\/addons\/extra-icons\/image\/social\/circle\/64x64\/pinterest.png\" \/><\/a><a class=\"synved-social-button synved-social-button-share synved-social-size-32 synved-social-resolution-single synved-social-provider-linkedin nolightbox\" data-provider=\"linkedin\" target=\"_blank\" rel=\"nofollow\" title=\"Auf Linkedin teilen\" href=\"https:\/\/www.linkedin.com\/shareArticle?mini=true&#038;url=https%3A%2F%2Fferne-welten.com%2Findex.php%3Frest_route%3D%252Fwp%252Fv2%252Fposts%252F674&#038;title=Das%20Festival\" style=\"font-size: 0px;width:32px;height:32px;margin:0;margin-bottom:5px;margin-right:5px\"><img loading=\"lazy\" decoding=\"async\" alt=\"linkedin\" title=\"Auf Linkedin teilen\" class=\"synved-share-image synved-social-image synved-social-image-share\" width=\"32\" height=\"32\" style=\"display: inline;width:32px;height:32px;margin: 0;padding: 0;border: none;box-shadow: none\" src=\"https:\/\/ferne-welten.com\/wp-content\/plugins\/social-media-feather\/synved-social\/addons\/extra-icons\/image\/social\/circle\/64x64\/linkedin.png\" \/><\/a><a class=\"synved-social-button synved-social-button-share synved-social-size-32 synved-social-resolution-single synved-social-provider-tumblr nolightbox\" data-provider=\"tumblr\" target=\"_blank\" rel=\"nofollow\" title=\"\u00dcber Tumblr teilen\" href=\"https:\/\/tumblr.com\/share?s=&#038;v=3&#038;t=Das%20Festival&#038;u=https%3A%2F%2Fferne-welten.com%2Findex.php%3Frest_route%3D%252Fwp%252Fv2%252Fposts%252F674\" style=\"font-size: 0px;width:32px;height:32px;margin:0;margin-bottom:5px;margin-right:5px\"><img loading=\"lazy\" decoding=\"async\" alt=\"tumblr\" title=\"\u00dcber Tumblr teilen\" class=\"synved-share-image synved-social-image synved-social-image-share\" width=\"32\" height=\"32\" style=\"display: inline;width:32px;height:32px;margin: 0;padding: 0;border: none;box-shadow: none\" src=\"https:\/\/ferne-welten.com\/wp-content\/plugins\/social-media-feather\/synved-social\/addons\/extra-icons\/image\/social\/circle\/64x64\/tumblr.png\" \/><\/a><a class=\"synved-social-button synved-social-button-share synved-social-size-32 synved-social-resolution-single synved-social-provider-mail nolightbox\" data-provider=\"mail\" rel=\"nofollow\" title=\"Link per Mail weiterleiten\" href=\"mailto:?subject=Das%20Festival&#038;body=Hey%20check%20this%20out:%20https%3A%2F%2Fferne-welten.com%2Findex.php%3Frest_route%3D%252Fwp%252Fv2%252Fposts%252F674\" style=\"font-size: 0px;width:32px;height:32px;margin:0;margin-bottom:5px\"><img loading=\"lazy\" decoding=\"async\" alt=\"mail\" title=\"Link per Mail weiterleiten\" class=\"synved-share-image synved-social-image synved-social-image-share\" width=\"32\" height=\"32\" style=\"display: inline;width:32px;height:32px;margin: 0;padding: 0;border: none;box-shadow: none\" src=\"https:\/\/ferne-welten.com\/wp-content\/plugins\/social-media-feather\/synved-social\/addons\/extra-icons\/image\/social\/circle\/64x64\/mail.png\" \/><\/a>","protected":false},"excerpt":{"rendered":"<p>Auf der Burg Waldeck gab es in den 60er Jahren des letzten Jahrhunderts die gleichnamigen Burg-Waldeck-Festivals, auf dem die damalige Cr\u00e8me de la Cr\u00e8me der deutschen Liedermacher zusammenkam, um B\u00e4nkelgesang und deutsches Liedgut zu intonieren. Es war das erste Open-Air&#8230;<br \/><a class=\"read-more-button\" href=\"https:\/\/ferne-welten.com\/?p=674\">Read more<\/a><\/p>\n","protected":false},"author":1,"featured_media":0,"comment_status":"open","ping_status":"open","sticky":false,"template":"","format":"standard","meta":{"footnotes":""},"categories":[79],"tags":[233,107,217,158,201,234,235,202,236,237],"class_list":["post-674","post","type-post","status-publish","format-standard","hentry","category-mythen","tag-andreas-popp","tag-antisemitismus","tag-bandbreite","tag-diether-dehm","tag-freidenker","tag-jane-zahn","tag-jenny-marx-gesellschaft","tag-junge-welt","tag-klaus-hartmann","tag-liedersommer"],"_links":{"self":[{"href":"https:\/\/ferne-welten.com\/index.php?rest_route=\/wp\/v2\/posts\/674","targetHints":{"allow":["GET"]}}],"collection":[{"href":"https:\/\/ferne-welten.com\/index.php?rest_route=\/wp\/v2\/posts"}],"about":[{"href":"https:\/\/ferne-welten.com\/index.php?rest_route=\/wp\/v2\/types\/post"}],"author":[{"embeddable":true,"href":"https:\/\/ferne-welten.com\/index.php?rest_route=\/wp\/v2\/users\/1"}],"replies":[{"embeddable":true,"href":"https:\/\/ferne-welten.com\/index.php?rest_route=%2Fwp%2Fv2%2Fcomments&post=674"}],"version-history":[{"count":2,"href":"https:\/\/ferne-welten.com\/index.php?rest_route=\/wp\/v2\/posts\/674\/revisions"}],"predecessor-version":[{"id":1403,"href":"https:\/\/ferne-welten.com\/index.php?rest_route=\/wp\/v2\/posts\/674\/revisions\/1403"}],"wp:attachment":[{"href":"https:\/\/ferne-welten.com\/index.php?rest_route=%2Fwp%2Fv2%2Fmedia&parent=674"}],"wp:term":[{"taxonomy":"category","embeddable":true,"href":"https:\/\/ferne-welten.com\/index.php?rest_route=%2Fwp%2Fv2%2Fcategories&post=674"},{"taxonomy":"post_tag","embeddable":true,"href":"https:\/\/ferne-welten.com\/index.php?rest_route=%2Fwp%2Fv2%2Ftags&post=674"}],"curies":[{"name":"wp","href":"https:\/\/api.w.org\/{rel}","templated":true}]}}