{"id":680,"date":"2012-06-09T20:05:00","date_gmt":"2012-06-09T19:05:00","guid":{"rendered":"http:\/\/ferne-welten.com\/?p=680"},"modified":"2017-04-21T13:28:37","modified_gmt":"2017-04-21T12:28:37","slug":"aufmarsch-der-anti-europaeer","status":"publish","type":"post","link":"https:\/\/ferne-welten.com\/?p=680","title":{"rendered":"Aufmarsch der Anti-Europ\u00e4er"},"content":{"rendered":"<p style=\"text-align: justify;\">Am Freitag, den 08.06.2012, trafen sie in Berlin zusammen. Die Kader der Partei der Vernunft (PdV),\u00a0die Leser der rechten Wochenzeitung\u00a0Junge Freiheit\u00a0und andere Wutb\u00fcrger versammelten\u00a0sich vor dem Reichstag, um gegen einen angeblichen\u00a0\u201ekalten Staatsstreich\u201d\u00a0zu protestieren, den sie mit dem ESM-Vertrag verwirklicht sehen.<\/p>\n<p style=\"text-align: justify;\"><!--more--><\/p>\n<p style=\"text-align: justify;\">Sie f\u00fcrchten um ihren deutschen Nationalstaat, der durch\u00a0\u201eBanker\u201d\u00a0bedroht werden w\u00fcrde. Ganz verschw\u00f6rungsideologisch wurde die kapitalistische Krise als eine\u00a0\u201evom weltweiten Banken-Kartell seit September 2008 selbst inszenierten Krise\u201d\u00a0gedeutet, die, so die den Nationalsozialismus verharmlosende Formulierung, zu einem\u00a0\u201efinanziellen Reichstagsbrand\u201d\u00a0gef\u00fchrt h\u00e4tte. Vor eben jenem Reichstag\u00a0<a href=\"http:\/\/www.publikative.org\/2012\/06\/08\/attacke-von-rechts-auf-den-sozialstaat\/\">sammelten\u00a0<\/a>sich etwa dreihundert Euro-Gegner_innen.<\/p>\n<p style=\"text-align: justify;\" align=\"JUSTIFY\">Dort lauschten sie den Reden, eine wurde von einer rechten Ikone gehalten, die ansonsten unter anderem f\u00fcr die Wochenzeitung\u00a0\u201eJunge Freiheit\u201c\u00a0schreibt. Eine weitere Rede hielt der Organisator pers\u00f6nlich. Daniel Neun betreibt die verschw\u00f6rungsideologischen Internetseiten\u00a0\u201eRadio Utopie\u201d\u00a0und\u00a0\u201eNet News Global\u201d. In einem Interview mit der antisemitischen Internetseite\u00a0\u201eMuslim-Markt\u201d\u00a0macht Neun aus seinen politischen Vorstellungen kein Geheimnis:<\/p>\n<blockquote>\n<p align=\"JUSTIFY\">Dann kommt hier andauernd in diesem Land einer an und will mit mir \u00fcber die Schoa diskutieren.<\/p>\n<\/blockquote>\n<p style=\"text-align: justify;\" align=\"JUSTIFY\">So\u00a0jammert der Autor dort. Doch eigentlich hat er noch ganz andere Ziele. Irgendwann m\u00f6chte Neun wieder Drehb\u00fccher schreiben, n\u00e4mlich dann, wenn der Autor\u00a0\u201eals Journalist erst die Medienmafia, dann die Parteien-Mafia, dann die Musikindustrie und dann die Schurken aus der Filmindustrie platt gemacht\u201d\u00a0hat.<\/p>\n<p style=\"text-align: justify;\" align=\"JUSTIFY\">Diesen deutschen Feldzug f\u00fchrt Daniel Neun mit seinen Internetseiten, dort finden sich Verschw\u00f6rungsmythen und Rechtspopulismus. Das ehemalige Mitglied des Linkspartei-Vorl\u00e4ufers WASG bezeichnet die heutige Partei zum Beispiel ganz verschw\u00f6rungsideologisch als\u00a0\u201eFantompartei eines Tiefen Staates in der Republik, der an ihrem Sturz arbeitet\u201d.<\/p>\n<p style=\"text-align: justify;\" align=\"JUSTIFY\">Die Linkspartei sei Teil einer\u00a0\u201ebizarren und historisch pr\u00e4zedenzlosen Querfront von Antidemokraten gegen die deutsche Verfassung und Republik\u201d. Die angebliche Verschw\u00f6rung der m\u00e4chtigen Super-Banker, die die Bundesrepublik mit einem perfiden Plan, der Finanzkrise, abschaffen wollen, umfasst in der wundersamen Welt des Organisators unter anderem alle Bundestagsparteien.<\/p>\n<p style=\"text-align: justify;\" align=\"JUSTIFY\">Den Glauben an die gro\u00dfe Verschw\u00f6rung unterstreicht Neun auch durch die Beitr\u00e4ge, die auf Internetseite\u00a0\u201eRadio-Utopie\u201c\u00a0ver\u00f6ffentlicht werden. Diese Seite will etwas wie eine Nachrichtenagentur sein, dort finden sich weitere Verschw\u00f6rungsmythen, vom 11. September 2001 bis zu den Morden des Anders Behring Breivik. Derartige Mythen propagiert Neun gerne auf Demonstrationen. Eine\u00a0<a href=\"http:\/\/www.youtube.com\/watch?v=lqjvr2EXaKY\">bizarre Wutrede<\/a>\u00a0ist von einer anderen anti-europ\u00e4ischen Manifestation \u00fcberliefert, beim Aufmarsch in Berlin br\u00fcllt Neun ebenfalls gegen die EU, den Euro und die b\u00fcrgerlichen Parteien an.<\/p>\n<p style=\"text-align: justify;\" align=\"JUSTIFY\">Sein verschw\u00f6rungsideologisches Weltbild scheint die Unterst\u00fctzer der anti-europ\u00e4ischen Manifestation, dessen Grundlage die nationalistische Sorge um den deutschen Nationalstaat sein d\u00fcrfte, nicht zu st\u00f6ren. Schlie\u00dflich handelte es sich um ebenso rechte wie verschw\u00f6rungsideologische Euro-Hasser, die sich um die Existenz des deutschen Nationalstaates sorgen und mit dem antikommunistischen Kunstbegriff\u00a0\u201eEudSSR\u201c\u00a0vor der Europ\u00e4ischen Union warnen.<\/p>\n<p style=\"text-align: justify;\" align=\"JUSTIFY\">Da w\u00e4re zum Beispiel das\u00a0\u201eAktionsb\u00fcndnis Direkte Demokratie\u201d, das vor allem Demonstrationen in Stuttgart und Karlsruhe durchf\u00fchrte. Das\u00a0\u201eB\u00fcrgerb\u00fcndnis\u201d\u00a0wird von zwei Kadern\u00a0der\u00a0\u201ePartei der Vernunft\u201d (PdV)\u00a0geleitet, die f\u00fcr diese Polit-Sekte eine anti-europ\u00e4ische Vorfeldorganisation geschaffen haben.<\/p>\n<p style=\"text-align: justify;\" align=\"JUSTIFY\">Die Partei, um den Verschw\u00f6rungsideologen Oliver Janich, macht seit Jahren gegen den Euro mobil und tr\u00e4umt von der Deutschen Mark und dem Regiogeld. Im g\u00fcltigen Parteiprogramm fordert die\u00a0Partei der Vernunft, zur Freude der\u00a0\u201eTruther\u201d\u00a0und\u00a0\u201eInfokrieger\u201d, eine Neuuntersuchung der Ereignisse des 11. September 2001. Zur Demonstration hatten Partei-Kader sogar einen Kleinbus gechartert, mit ihren blauen Fahnen sorgten sie f\u00fcr optische Aufheiterung des tristen Szenarios.<\/p>\n<p style=\"text-align: justify;\" align=\"JUSTIFY\">Eine weitere Unterst\u00fctzerin der Demonstration war Beatrix von Storch, die unter anderem als\u00a0\u201eSprecherin\u201d\u00a0einer Gruppe namens\u00a0\u201eZivile Koalition e. V.\u201d\u00a0auftritt. Sie ver\u00f6ffentlichte im Vorfeld sogar einen\u00a0<a href=\"http:\/\/www.youtube.com\/watch?v=txNqVpzDPn4\">am\u00fcsanten und bedrohlichen Videoaufruf<\/a>, der sich gegen eine Gruppe richtete, die sie als\u00a0\u201eUr-Oligarchie\u201d\u00a0bezeichnete.<\/p>\n<p style=\"text-align: justify;\" align=\"JUSTIFY\">Die geborene\u00a0\u201eHerzogin von Oldenburg\u201d\u00a0machte sich, vor ihrer Karriere als Ikone der europam\u00fcden konservativen Rechten, f\u00fcr die Rechte von Junkern und Adel stark, die durch die Enteignungen in der ehemaligen DDR um Schloss und Hof gebracht wurden. Heutzutage setzt sie sich nicht mehr f\u00fcr Alt-Nazis und andere deutsche Opfer ein, sondern sie macht gegen den ESM-Vertrag mobil. Sie organisiert Vortr\u00e4ge, etwa mit Hans-Olaf Henkel oder redet auf Demonstrationen. Dort tr\u00e4umen die Teilnehmer von der einen, neuen und gro\u00dfen Partei, die gegen den Euro mobil macht.<\/p>\n<p style=\"text-align: justify;\" align=\"JUSTIFY\">Als Autorin des Weblogs\u00a0\u201eFreie Welt\u201d\u00a0und als Youtube-Video-Filmerin erreicht Beatrix von Storch Wutw\u00e4hler. Ihre Arbeit wird immer wieder in der rechten Wochenzeitung\u00a0Junge Freiheit\u00a0beworben, f\u00fcr die die umtriebige von Storch auch als Autorin t\u00e4tig ist. Im Vorfeld berichtete die Wochenzeitung erfreut:<\/p>\n<blockquote>\n<p align=\"JUSTIFY\">Anti-ESM-Protest erreicht Berlin.<\/p>\n<\/blockquote>\n<p style=\"text-align: justify;\" align=\"JUSTIFY\">In vielen Artikel werden die Pressemitteilungen der\u00a0\u201erechtspopulistischen Bloggerin\u201d\u00a0aufgegriffen, die f\u00fcr die Zeitung aber auch schon mal einen Kommentar \u00fcber den ESM-Vertrag verfassen durfte. Als Rednerin durfte Frau Storch auch in Berlin gegen den ESM-Vertrag anschreien, w\u00e4hrenddessen wurden Flugbl\u00e4tter der rechten Zeitung verteilt.<\/p>\n<p style=\"text-align: justify;\" align=\"JUSTIFY\">\u00dcber Wochen wurde die Organisation\u00a0Attac\u00a0als Unterst\u00fctzerin der anti-europ\u00e4ischen Aktion aufgef\u00fchrt. Erst einem Tag vor der Demonstration kam es zu einer\u00a0halbherzigen Distanzierung:<\/p>\n<blockquote>\n<p align=\"JUSTIFY\">Attac sieht in dieser Demo den Versuch, die Schuldenfrage mit nationalistischen und chauvinistischen Inhalten zu verbinden, die den Zielen von Attac diametral entgegen stehen.<\/p>\n<\/blockquote>\n<p style=\"text-align: justify;\" align=\"JUSTIFY\">Trotz dieser Distanzierung trat ein wichtiges Attac-Mitglied auf der Demonstration auf. Es handelt sich um Lony Ackermann, die in ihren wilden 90ern noch in der FDP aktiv war. Als der Antisemit J\u00fcrgen M\u00f6llemann den Tod per Fallschirm w\u00e4hlte, verbreitete sie Verschw\u00f6rungsmythen.\u00a0<a href=\"http:\/\/www.spiegel.de\/politik\/deutschland\/0,1518,252595,00.html\">Damals sagte sie dem Spiegel<\/a>:<\/p>\n<blockquote>\n<p align=\"JUSTIFY\">Die M\u00f6rder sind unter uns.<\/p>\n<\/blockquote>\n<p style=\"text-align: justify;\" align=\"JUSTIFY\">Sie munkelte von\u00a0\u201eweltweit Verd\u00e4chtigen\u201d, die f\u00fcr den Tod des FDP-Populisten verantwortlich sein sollten. Heute ist Lony Ackermann allerdings mit anderen Dingen besch\u00e4ftigt. Als Mitglied des\u00a0Attac-Rates, dem h\u00f6chsten Gremium dieser Organisation, widmet sie sich der Europ\u00e4ischen Union,\u00a0\u201emit ihren ungeheuerlichen, undemokratischen Herrschaftsstrukturen\u201d. Auf der\u00a0Demonstration\u00a0in Berlin hielt Ackermann ebenfalls eine Rede.<\/p>\n<p style=\"text-align: justify;\" align=\"JUSTIFY\">Au\u00dfer diesen Gestalten, die die Sorge um den Nationalstaat vor den Reichtstag brachte, gab es noch einige kleine Blogs, die den Aufmarsch unterst\u00fctzten. Da\u00a0w\u00e4re zum Beispiel\u00a0\u201eJenny\u2019s Blog\u201d. Dort wird nicht nur der ESM-Vertrag einer Pseudo-Kritik unterzogen, sondern auch \u00fcber einen\u00a0\u201eProzess der ganzheitlichen Geilheit\u201d\u00a0informiert:<\/p>\n<blockquote>\n<p align=\"JUSTIFY\">Deshalb fordere ich: \u2018Lasst uns weiter ficken!\u2019 Wir brauchen eine Wirtschaftsordnung ohne Verwerfungen, wo Leistung und Geilheit sowie auch Ungeilheit sich in Balance zu einenander befinden.<\/p>\n<\/blockquote>\n<p style=\"text-align: justify;\" align=\"JUSTIFY\">Es war eine bunt-braune Mischung, die vor dem Reichstag zusammenkam. Verschw\u00f6rungsideologen, Europa-Gegner und Deutschland-Fans, huldigten gemeinsam dem deutschen Nationalstaat und warnten vor angeblichen Reichtstagsbr\u00e4nden und Erm\u00e4chtigungsgesetzen. Kein Wunder, dass die\u00a0\u201eNationaldemokratische Partei Deutschland\u201d\u00a0(NPD) diesem Spektakel nicht abgeneigt war. Im Vorfeld hatte die Partei eine Pressemitteilung ver\u00f6ffentlicht, mit der sie ihre Teilnahme ank\u00fcndigte.<\/p>\n<p style=\"text-align: justify;\" align=\"JUSTIFY\">Einige Anh\u00e4nger der\u00a0\u201eOccupy-Bewegung\u201d\u00a0riefen zun\u00e4chst ebenfalls zum gespenstischen Stelldichein mit den andere Europa-Gegnern auf. Auf der\u00a0\u201eOccupy\u201d\u2013Internetseite\u00a0\u201eAlex11\u201d\u00a0wurde\u00a0sogar der Aufruf zum Aufmarsch ver\u00f6ffentlicht. Doch dann folgte eine\u00a0eine Erkl\u00e4rung\u00a0von Aktivist_innen\u00a0\u201edes Arbeitskreises Anti-ESM\u201c. Dieser distanzierte sich von\u00a0\u201eOrganisatorInnen, Unterst\u00fctzerInnen und allen nationalistischen Beteiligten der Demonstration\u201c, solidarisierte sich im Gegenzug aber mit\u00a0\u201eMenschen, die aus anderen politischen Motiven die Demo besuchen werden\u201c.<\/p>\n<p style=\"text-align: justify;\" align=\"JUSTIFY\">Die Organisator_innen ver\u00f6ffentlichten im Vorfeld ebenfalls\u00a0eine halbherzige Distanzierung:\u00a0\u201eSollten sich also Nazis (\u2026) am 8. Juni zu unserer Demonstration gesellen, so werden wir (\u2026)\u00a0ihnen\u00a0deutlich machen, da\u00df sie dort nicht hingeh\u00f6ren\u201c. Doch davon konnte keine Rede sein. Etwa 20 Nazis beteiligten sich an der anti-europ\u00e4ischen Aktion.\u00a0\u201eStoppt den ESM\u201c, forderte die NPD.\u00a0\u201eStoppt den ESM\u201c, forderten die \u00fcbrigen Demonstrant_innen. An der Teilnahme der Nazis schien sich\u00a0<a href=\"http:\/\/www.aida-archiv.de\/index.php?option=com_content&amp;view=article&amp;id=2996\">auch\u00a0<\/a>in Berlin nun niemand zu st\u00f6ren.<\/p>\n<p style=\"text-align: justify;\" align=\"JUSTIFY\">Die Nazis trafen auf Verschw\u00f6rungsideologen von der\u00a0Partei der Vernunft\u201d(PdV) und auf die rechtskonservativen Fans der\u00a0Jungen Freiheit. Unterst\u00fctzt wurden sie durch einige Anh\u00e4nger der\u00a0\u201eOccupy-Bewegung\u201c\u00a0und die Rednerin von Attac. Hier wurde eine bunt-braune Querfront ganz praktische Realit\u00e4t.<\/p>\n<a class=\"synved-social-button synved-social-button-share synved-social-size-32 synved-social-resolution-single synved-social-provider-facebook nolightbox\" data-provider=\"facebook\" target=\"_blank\" rel=\"nofollow\" title=\"Auf Facebook teilen\" href=\"https:\/\/www.facebook.com\/sharer.php?u=https%3A%2F%2Fferne-welten.com%2Findex.php%3Frest_route%3D%252Fwp%252Fv2%252Fposts%252F680&#038;t=Aufmarsch%20der%20Anti-Europ%C3%A4er&#038;s=100&#038;p&#091;url&#093;=https%3A%2F%2Fferne-welten.com%2Findex.php%3Frest_route%3D%252Fwp%252Fv2%252Fposts%252F680&#038;p&#091;images&#093;&#091;0&#093;=&#038;p&#091;title&#093;=Aufmarsch%20der%20Anti-Europ%C3%A4er\" style=\"font-size: 0px;width:32px;height:32px;margin:0;margin-bottom:5px;margin-right:5px\"><img loading=\"lazy\" decoding=\"async\" alt=\"Facebook\" title=\"Auf Facebook teilen\" class=\"synved-share-image synved-social-image synved-social-image-share\" width=\"32\" height=\"32\" style=\"display: inline;width:32px;height:32px;margin: 0;padding: 0;border: none;box-shadow: none\" src=\"https:\/\/ferne-welten.com\/wp-content\/plugins\/social-media-feather\/synved-social\/addons\/extra-icons\/image\/social\/circle\/64x64\/facebook.png\" \/><\/a><a class=\"synved-social-button synved-social-button-share synved-social-size-32 synved-social-resolution-single synved-social-provider-twitter nolightbox\" data-provider=\"twitter\" target=\"_blank\" rel=\"nofollow\" title=\"Auf Twitter teilen\" href=\"https:\/\/twitter.com\/intent\/tweet?url=https%3A%2F%2Fferne-welten.com%2Findex.php%3Frest_route%3D%252Fwp%252Fv2%252Fposts%252F680&#038;text=Hey%20check%20this%20out\" style=\"font-size: 0px;width:32px;height:32px;margin:0;margin-bottom:5px;margin-right:5px\"><img loading=\"lazy\" decoding=\"async\" alt=\"twitter\" title=\"Auf Twitter teilen\" class=\"synved-share-image synved-social-image synved-social-image-share\" width=\"32\" height=\"32\" style=\"display: inline;width:32px;height:32px;margin: 0;padding: 0;border: none;box-shadow: none\" src=\"https:\/\/ferne-welten.com\/wp-content\/plugins\/social-media-feather\/synved-social\/addons\/extra-icons\/image\/social\/circle\/64x64\/twitter.png\" \/><\/a><a class=\"synved-social-button synved-social-button-share synved-social-size-32 synved-social-resolution-single synved-social-provider-reddit nolightbox\" data-provider=\"reddit\" target=\"_blank\" rel=\"nofollow\" title=\"Auf Reddit teilen\" href=\"https:\/\/www.reddit.com\/submit?url=https%3A%2F%2Fferne-welten.com%2Findex.php%3Frest_route%3D%252Fwp%252Fv2%252Fposts%252F680&#038;title=Aufmarsch%20der%20Anti-Europ%C3%A4er\" style=\"font-size: 0px;width:32px;height:32px;margin:0;margin-bottom:5px;margin-right:5px\"><img loading=\"lazy\" decoding=\"async\" alt=\"reddit\" title=\"Auf Reddit teilen\" class=\"synved-share-image synved-social-image synved-social-image-share\" width=\"32\" height=\"32\" style=\"display: inline;width:32px;height:32px;margin: 0;padding: 0;border: none;box-shadow: none\" src=\"https:\/\/ferne-welten.com\/wp-content\/plugins\/social-media-feather\/synved-social\/addons\/extra-icons\/image\/social\/circle\/64x64\/reddit.png\" \/><\/a><a class=\"synved-social-button synved-social-button-share synved-social-size-32 synved-social-resolution-single synved-social-provider-pinterest nolightbox\" data-provider=\"pinterest\" target=\"_blank\" rel=\"nofollow\" title=\"Auf Pinterest pinnen\" href=\"https:\/\/pinterest.com\/pin\/create\/button\/?url=https%3A%2F%2Fferne-welten.com%2Findex.php%3Frest_route%3D%252Fwp%252Fv2%252Fposts%252F680&#038;media=&#038;description=Aufmarsch%20der%20Anti-Europ%C3%A4er\" style=\"font-size: 0px;width:32px;height:32px;margin:0;margin-bottom:5px;margin-right:5px\"><img loading=\"lazy\" decoding=\"async\" alt=\"pinterest\" title=\"Auf Pinterest pinnen\" class=\"synved-share-image synved-social-image synved-social-image-share\" width=\"32\" height=\"32\" style=\"display: inline;width:32px;height:32px;margin: 0;padding: 0;border: none;box-shadow: none\" src=\"https:\/\/ferne-welten.com\/wp-content\/plugins\/social-media-feather\/synved-social\/addons\/extra-icons\/image\/social\/circle\/64x64\/pinterest.png\" \/><\/a><a class=\"synved-social-button synved-social-button-share synved-social-size-32 synved-social-resolution-single synved-social-provider-linkedin nolightbox\" data-provider=\"linkedin\" target=\"_blank\" rel=\"nofollow\" title=\"Auf Linkedin teilen\" href=\"https:\/\/www.linkedin.com\/shareArticle?mini=true&#038;url=https%3A%2F%2Fferne-welten.com%2Findex.php%3Frest_route%3D%252Fwp%252Fv2%252Fposts%252F680&#038;title=Aufmarsch%20der%20Anti-Europ%C3%A4er\" style=\"font-size: 0px;width:32px;height:32px;margin:0;margin-bottom:5px;margin-right:5px\"><img loading=\"lazy\" decoding=\"async\" alt=\"linkedin\" title=\"Auf Linkedin teilen\" class=\"synved-share-image synved-social-image synved-social-image-share\" width=\"32\" height=\"32\" style=\"display: inline;width:32px;height:32px;margin: 0;padding: 0;border: none;box-shadow: none\" src=\"https:\/\/ferne-welten.com\/wp-content\/plugins\/social-media-feather\/synved-social\/addons\/extra-icons\/image\/social\/circle\/64x64\/linkedin.png\" \/><\/a><a class=\"synved-social-button synved-social-button-share synved-social-size-32 synved-social-resolution-single synved-social-provider-tumblr nolightbox\" data-provider=\"tumblr\" target=\"_blank\" rel=\"nofollow\" title=\"\u00dcber Tumblr teilen\" href=\"https:\/\/tumblr.com\/share?s=&#038;v=3&#038;t=Aufmarsch%20der%20Anti-Europ%C3%A4er&#038;u=https%3A%2F%2Fferne-welten.com%2Findex.php%3Frest_route%3D%252Fwp%252Fv2%252Fposts%252F680\" style=\"font-size: 0px;width:32px;height:32px;margin:0;margin-bottom:5px;margin-right:5px\"><img loading=\"lazy\" decoding=\"async\" alt=\"tumblr\" title=\"\u00dcber Tumblr teilen\" class=\"synved-share-image synved-social-image synved-social-image-share\" width=\"32\" height=\"32\" style=\"display: inline;width:32px;height:32px;margin: 0;padding: 0;border: none;box-shadow: none\" src=\"https:\/\/ferne-welten.com\/wp-content\/plugins\/social-media-feather\/synved-social\/addons\/extra-icons\/image\/social\/circle\/64x64\/tumblr.png\" \/><\/a><a class=\"synved-social-button synved-social-button-share synved-social-size-32 synved-social-resolution-single synved-social-provider-mail nolightbox\" data-provider=\"mail\" rel=\"nofollow\" title=\"Link per Mail weiterleiten\" href=\"mailto:?subject=Aufmarsch%20der%20Anti-Europ%C3%A4er&#038;body=Hey%20check%20this%20out:%20https%3A%2F%2Fferne-welten.com%2Findex.php%3Frest_route%3D%252Fwp%252Fv2%252Fposts%252F680\" style=\"font-size: 0px;width:32px;height:32px;margin:0;margin-bottom:5px\"><img loading=\"lazy\" decoding=\"async\" alt=\"mail\" title=\"Link per Mail weiterleiten\" class=\"synved-share-image synved-social-image synved-social-image-share\" width=\"32\" height=\"32\" style=\"display: inline;width:32px;height:32px;margin: 0;padding: 0;border: none;box-shadow: none\" src=\"https:\/\/ferne-welten.com\/wp-content\/plugins\/social-media-feather\/synved-social\/addons\/extra-icons\/image\/social\/circle\/64x64\/mail.png\" \/><\/a>","protected":false},"excerpt":{"rendered":"<p>Am Freitag, den 08.06.2012, trafen sie in Berlin zusammen. Die Kader der Partei der Vernunft (PdV),\u00a0die Leser der rechten Wochenzeitung\u00a0Junge Freiheit\u00a0und andere Wutb\u00fcrger versammelten\u00a0sich vor dem Reichstag, um gegen einen angeblichen\u00a0\u201ekalten Staatsstreich\u201d\u00a0zu protestieren, den sie mit dem ESM-Vertrag verwirklicht sehen.<\/p>\n","protected":false},"author":1,"featured_media":0,"comment_status":"open","ping_status":"open","sticky":false,"template":"","format":"standard","meta":{"footnotes":""},"categories":[359,79],"tags":[119,245,246,247,191,248,249,250,209,195,224,251,252],"class_list":["post-680","post","type-post","status-publish","format-standard","hentry","category-eiskaltland","category-mythen","tag-aktionsbuendnis-direkte-demokratie","tag-alex11","tag-attac","tag-beatrix-von-storch","tag-berlin","tag-daniel-neun","tag-junge-freiheit","tag-net-news-global","tag-npd","tag-occupy","tag-pdv","tag-radio-utopie","tag-zivile-koalition"],"_links":{"self":[{"href":"https:\/\/ferne-welten.com\/index.php?rest_route=\/wp\/v2\/posts\/680","targetHints":{"allow":["GET"]}}],"collection":[{"href":"https:\/\/ferne-welten.com\/index.php?rest_route=\/wp\/v2\/posts"}],"about":[{"href":"https:\/\/ferne-welten.com\/index.php?rest_route=\/wp\/v2\/types\/post"}],"author":[{"embeddable":true,"href":"https:\/\/ferne-welten.com\/index.php?rest_route=\/wp\/v2\/users\/1"}],"replies":[{"embeddable":true,"href":"https:\/\/ferne-welten.com\/index.php?rest_route=%2Fwp%2Fv2%2Fcomments&post=680"}],"version-history":[{"count":2,"href":"https:\/\/ferne-welten.com\/index.php?rest_route=\/wp\/v2\/posts\/680\/revisions"}],"predecessor-version":[{"id":1221,"href":"https:\/\/ferne-welten.com\/index.php?rest_route=\/wp\/v2\/posts\/680\/revisions\/1221"}],"wp:attachment":[{"href":"https:\/\/ferne-welten.com\/index.php?rest_route=%2Fwp%2Fv2%2Fmedia&parent=680"}],"wp:term":[{"taxonomy":"category","embeddable":true,"href":"https:\/\/ferne-welten.com\/index.php?rest_route=%2Fwp%2Fv2%2Fcategories&post=680"},{"taxonomy":"post_tag","embeddable":true,"href":"https:\/\/ferne-welten.com\/index.php?rest_route=%2Fwp%2Fv2%2Ftags&post=680"}],"curies":[{"name":"wp","href":"https:\/\/api.w.org\/{rel}","templated":true}]}}