{"id":682,"date":"2012-06-01T19:46:31","date_gmt":"2012-06-01T18:46:31","guid":{"rendered":"http:\/\/ferne-welten.com\/?p=682"},"modified":"2017-04-30T14:19:13","modified_gmt":"2017-04-30T13:19:13","slug":"massaker-der-verschwoerungsszene","status":"publish","type":"post","link":"https:\/\/ferne-welten.com\/?p=682","title":{"rendered":"Massaker der Verschw\u00f6rungsszene"},"content":{"rendered":"<p style=\"text-align: justify;\">Das Massaker in der syrischen Stadt Al-Hula, bei dem mindestens 100 Menschen ermordet wurden, besch\u00e4ftigt auch in Deutschland Verschw\u00f6rungsideologen, Nationalsozialisten und Anti-Imperialisten.<\/p>\n<p style=\"text-align: justify;\"><!--more--><\/p>\n<p style=\"text-align: justify;\">Zuvor hatte die syrische Despotie eine Untersuchungskomission eingesetzt, die die\u00a0m\u00f6rderischen Ereignisse\u00a0in ihrem Sinne deutete. Es seien\u00a0\u201e800 aufst\u00e4ndische K\u00e4mpfer\u201d\u00a0gewesen, die f\u00fcr das Massaker verantwortlich seien, behauptete der Leiter der f\u00fcr die Aufkl\u00e4rung des Massakers zust\u00e4ndigen Untersuchungskommission, Kassem Dschamal Suleiman, bei einer Pressekonferenz. Ziel des Massakers sei es gewesen, die Unruhe zwischen verschiedenen Religionsgruppen zu sch\u00fcren. Diese Darstellung fand ihren Weg in die Blogs und Internetseiten der deutschen Verschw\u00f6rungsszene, nachdem ein russischer Aktivist einen eigenen Bericht geschrieben hatte.<\/p>\n<p style=\"text-align: justify;\">Die Rede ist von Marat Musin, der seit Monaten f\u00fcr das syrische Regime aktiv ist. In den deutschen Blogs der Verschw\u00f6rungsszene wird Musin als unabh\u00e4ngiger Journalist dargestellt, der lediglich aus der Region berichten w\u00fcrde. Interviews mit dem Fernsehsender\u00a0Russia Today\u00a0und sein Weblog\u00a0\u201eANNA-News\u201d, der sich der\u00a0\u201eWahrheit\u201d\u00a0verschrieben hat, verst\u00e4rken diesen Eindruck. Doch Marat Musin ist kein unabh\u00e4ngiger Journalist, sondern stellvertretender\u00a0Vorsitzender\u00a0eines Solidarit\u00e4ts-Komitees, in dem auch Holocaustleugner und Islamisten aktiv sind.<\/p>\n<p style=\"text-align: justify;\">F\u00fcr das russische\u00a0\u201eKomitee f\u00fcr Solidarit\u00e4t mit den V\u00f6lkern Libyens und Syriens\u201d\u00a0tritt Marat Musin als\u00a0einer der stellvertretenden Vorsitzenden auf. In Vorstand des Komitees finden sich einige antisemitische Gestalten, so\u00a0zum Beispiel\u00a0Israel Shamir. Es handelt sich um einen\u00a0antisemitischen Holocaustleugner, der sich mit der Frage besch\u00e4ftigt\u00a0\u201ewie die Verschw\u00f6rung der Weisen von Zion zerschlagen werden kann\u201d.<\/p>\n<p style=\"text-align: justify;\">In einem seiner Artikel spricht Shamir von einer Elite, die er \u2014 so die antisemitische Chiffre \u2014 im\u00a0\u201eOsten Manhattans\u201d\u00a0verortet. Shamir hat sich\u00a0 einem m\u00f6rderischen Antisemitismus verschrieben. Er ruft beispielsweise dazu auf\u00a0\u201edie Bastarde an den Stra\u00dfenlaternen\u201d\u00a0aufzuh\u00e4ngen. Mit diesem antisemitischen Holocaustleugner arbeitet der angeblich unabh\u00e4ngige Journalist Musin im Solidarit\u00e4tskomitee zusammen, sie eint das Eintreten f\u00fcr die Diktatur in Syrien.\u00a0Der\u00a0Vorsitzende des Solidarit\u00e4tskomitees ist\u00a0Sergej Baburin, ein\u00a0Wortf\u00fchrer\u00a0der antisemitischen Nationalisten in Russland.<\/p>\n<p style=\"text-align: justify;\">In ihrem Solidarit\u00e4tskomitee sind aber auch Islamisten, wie\u00a0Jamal Hyder vom\u00a0\u201eIslamischen Zentrum Russlands\u201d\u00a0(IZR), aktiv. Au\u00dferdem unterst\u00fctzt der Aktivist Maxim Shevchenko das Komitee. Er will eine\u00a0\u201ezionistische Bedrohung\u201d\u00a0ausgemacht haben, die\u00a0\u201ehunderte Politiker, Journalisten, Geheimdienstler, Gesch\u00e4ftsleute\u201d\u00a0und einen\u00a0\u201efinanziellen Kreis\u201d\u00a0umfassen w\u00fcrde.\u00a0Shevchenko glaubt im paranoiden Wahn, der so typisch f\u00fcr Antisemiten ist, dass er von Mitgliedern des\u00a0\u201eJ\u00fcdische Kongress Russlands\u201d\u00a0(REK) durch Mordank\u00fcndigungen bedroht werden w\u00fcrde.<\/p>\n<p style=\"text-align: justify;\">Antisemiten, Islamisten und Holocaustleugner: Das sind die Kompagnons des angeblich unabh\u00e4ngigen Journalisten Marat Musin, den deutsche Verschw\u00f6rungsideologen, Nationalsozialisten und Anti-Imperialisten als Kronzeugen entdeckt haben.<\/p>\n<p style=\"text-align: justify;\">Nachdem das Regime am 27.05 behauptet hatte, dass das Massaker in Hula auf\u00a0\u201eaufst\u00e4ndische K\u00e4mpfer\u201d\u00a0zur\u00fcckzuf\u00fchren sei, ver\u00f6ffentlichte Marat Musin am 30.05 n\u00e4mlich mehrere\u00a0Artikel\u00a0und\u00a0Interviews, mit denen\u00a0er die Theorien des syrischen Regimes best\u00e4tigen wollte.<\/p>\n<p style=\"text-align: justify;\">Er schrieb von einer\u00a0\u201eS\u00e4uberungsaktion\u201d, f\u00fcr die er\u00a0\u201eTerroristen\u201d, \u201eBanditen\u201d\u00a0und die\u00a0\u201eFreie Syrische Armee\u201d\u00a0verantwortlich machte. Diese h\u00e4tten\u201emehrere Familien des Al-Saed-Clans mit insgesamt 20 Kindern sowie Familien des Clans Abdur Razak ausgel\u00f6scht\u201d.<\/p>\n<p style=\"text-align: justify;\">In einem seiner Berichte pr\u00e4sentierte der stellvertrende Vorsitzende des russischen Solidarit\u00e4tskomitees die Aussagen einiger Soldaten, dort bezeichnete er die Berichte von UNO-Beobachtern als\u00a0\u201edummen Scherz f\u00fcr den UN-Sicherheitsrat\u201d.<\/p>\n<p style=\"text-align: justify;\">Die\u00a0Augenzeugenberichte\u00a0von \u00dcberlebenden des Masssakers wurden von ihm verschwiegen. Stattdessen lieferte Musin ein verschw\u00f6rungsideologisches Motiv:<\/p>\n<blockquote><p>Das Ziel der Provokation war es, den Zorn und die Entr\u00fcstung der Welt\u00f6ffentlichkeit hervorzurufen, (\u2026) welche den Weg f\u00fcr eine milit\u00e4rische Intervention durch die NATO geebnet h\u00e4tte.<\/p><\/blockquote>\n<p style=\"text-align: justify;\">Diese Propaganda des stellvertretenden Vorsitzenden Musin fand \u00fcber\u00a0dessen Internetseite\u00a0\u201eANNA-News\u201d\u00a0den Weg nach Deutschland. Die\u00a0englischsprachigen\u00a0Versionen seiner Artikel wurden schnell ins Deutsche \u00fcbersetzt und auf verschiedenen Internetseiten der deutschen Verschw\u00f6rungsszene, in nationalsozialistischen Weblogs und auf den Seiten deutscher Anti-Imperialisten ver\u00f6ffentlicht.<\/p>\n<p style=\"text-align: justify;\">Ein Artikel wurde beispielsweise von Jens\u00a0Blecker\u00a0publik gemacht, der die verschw\u00f6rungsideologische Seite \u201eInfokrieger News\u201d\u00a0betreibt.\u00a0Blecker\u00a0begr\u00fcndete die Ver\u00f6ffentlichung in einer Weise, die keine Fragen offen l\u00e4sst:\u00a0\u201eNat\u00fcrlich passt er auch in mein Weltbild und best\u00e4tigt meine Vorurteile\u201d, schrieb der\u00a0deutsche Verschw\u00f6rungsideologe. Der ebenso deutsche Anti-Imperialist Harald Pflueger\u00a0verwies\u00a0in seinem Weblog ebenfalls auf die Artikel, die Nationalsozialisten von der\u00a0\u201eSache des Volkes\u201d\u00a0schrieben von der\u00a0\u201eAl-Hula-L\u00fcge\u201d. In allen F\u00e4llen wurden die Machwerke des Marat Musin als Quelle angef\u00fchrt.<\/p>\n<p style=\"text-align: justify;\">Mit seiner Propaganda f\u00fcr das syrische Regime erreicht der stellvertretende Vorsitzende des russischen Solidarit\u00e4tskomitees zwar keine gro\u00dfe \u00d6ffentlichkeit, daf\u00fcr aber die deutsche Verschw\u00f6rungsszene und andere Gestalten, die seine Deutung des Massakers nur zu gerne glauben wollen.<\/p>\n<p style=\"text-align: justify;\">Marat Musin d\u00fcrfte dies auch in Zukunft gelingen. Sein Netzwerk aus antisemitischen Hetzern, die mit ihrem Solidarit\u00e4tskomitee Propaganda f\u00fcr das syrische Regime verbreiten, liefert n\u00e4mlich genau die Pseudo-Informationen, die nicht nur in den Kreisen der deutschen Verschw\u00f6rungsszene so ungeheuer beliebt sind.<\/p>\n<a class=\"synved-social-button synved-social-button-share synved-social-size-32 synved-social-resolution-single synved-social-provider-facebook nolightbox\" data-provider=\"facebook\" target=\"_blank\" rel=\"nofollow\" title=\"Auf Facebook teilen\" href=\"https:\/\/www.facebook.com\/sharer.php?u=https%3A%2F%2Fferne-welten.com%2Findex.php%3Frest_route%3D%252Fwp%252Fv2%252Fposts%252F682&#038;t=Massaker%20der%20Verschw%C3%B6rungsszene&#038;s=100&#038;p&#091;url&#093;=https%3A%2F%2Fferne-welten.com%2Findex.php%3Frest_route%3D%252Fwp%252Fv2%252Fposts%252F682&#038;p&#091;images&#093;&#091;0&#093;=&#038;p&#091;title&#093;=Massaker%20der%20Verschw%C3%B6rungsszene\" style=\"font-size: 0px;width:32px;height:32px;margin:0;margin-bottom:5px;margin-right:5px\"><img loading=\"lazy\" decoding=\"async\" alt=\"Facebook\" title=\"Auf Facebook teilen\" class=\"synved-share-image synved-social-image synved-social-image-share\" width=\"32\" height=\"32\" style=\"display: inline;width:32px;height:32px;margin: 0;padding: 0;border: none;box-shadow: none\" src=\"https:\/\/ferne-welten.com\/wp-content\/plugins\/social-media-feather\/synved-social\/addons\/extra-icons\/image\/social\/circle\/64x64\/facebook.png\" \/><\/a><a class=\"synved-social-button synved-social-button-share synved-social-size-32 synved-social-resolution-single synved-social-provider-twitter nolightbox\" data-provider=\"twitter\" target=\"_blank\" rel=\"nofollow\" title=\"Auf Twitter teilen\" href=\"https:\/\/twitter.com\/intent\/tweet?url=https%3A%2F%2Fferne-welten.com%2Findex.php%3Frest_route%3D%252Fwp%252Fv2%252Fposts%252F682&#038;text=Hey%20check%20this%20out\" style=\"font-size: 0px;width:32px;height:32px;margin:0;margin-bottom:5px;margin-right:5px\"><img loading=\"lazy\" decoding=\"async\" alt=\"twitter\" title=\"Auf Twitter teilen\" class=\"synved-share-image synved-social-image synved-social-image-share\" width=\"32\" height=\"32\" style=\"display: inline;width:32px;height:32px;margin: 0;padding: 0;border: none;box-shadow: none\" src=\"https:\/\/ferne-welten.com\/wp-content\/plugins\/social-media-feather\/synved-social\/addons\/extra-icons\/image\/social\/circle\/64x64\/twitter.png\" \/><\/a><a class=\"synved-social-button synved-social-button-share synved-social-size-32 synved-social-resolution-single synved-social-provider-reddit nolightbox\" data-provider=\"reddit\" target=\"_blank\" rel=\"nofollow\" title=\"Auf Reddit teilen\" href=\"https:\/\/www.reddit.com\/submit?url=https%3A%2F%2Fferne-welten.com%2Findex.php%3Frest_route%3D%252Fwp%252Fv2%252Fposts%252F682&#038;title=Massaker%20der%20Verschw%C3%B6rungsszene\" style=\"font-size: 0px;width:32px;height:32px;margin:0;margin-bottom:5px;margin-right:5px\"><img loading=\"lazy\" decoding=\"async\" alt=\"reddit\" title=\"Auf Reddit teilen\" class=\"synved-share-image synved-social-image synved-social-image-share\" width=\"32\" height=\"32\" style=\"display: inline;width:32px;height:32px;margin: 0;padding: 0;border: none;box-shadow: none\" src=\"https:\/\/ferne-welten.com\/wp-content\/plugins\/social-media-feather\/synved-social\/addons\/extra-icons\/image\/social\/circle\/64x64\/reddit.png\" \/><\/a><a class=\"synved-social-button synved-social-button-share synved-social-size-32 synved-social-resolution-single synved-social-provider-pinterest nolightbox\" data-provider=\"pinterest\" target=\"_blank\" rel=\"nofollow\" title=\"Auf Pinterest pinnen\" href=\"https:\/\/pinterest.com\/pin\/create\/button\/?url=https%3A%2F%2Fferne-welten.com%2Findex.php%3Frest_route%3D%252Fwp%252Fv2%252Fposts%252F682&#038;media=&#038;description=Massaker%20der%20Verschw%C3%B6rungsszene\" style=\"font-size: 0px;width:32px;height:32px;margin:0;margin-bottom:5px;margin-right:5px\"><img loading=\"lazy\" decoding=\"async\" alt=\"pinterest\" title=\"Auf Pinterest pinnen\" class=\"synved-share-image synved-social-image synved-social-image-share\" width=\"32\" height=\"32\" style=\"display: inline;width:32px;height:32px;margin: 0;padding: 0;border: none;box-shadow: none\" src=\"https:\/\/ferne-welten.com\/wp-content\/plugins\/social-media-feather\/synved-social\/addons\/extra-icons\/image\/social\/circle\/64x64\/pinterest.png\" \/><\/a><a class=\"synved-social-button synved-social-button-share synved-social-size-32 synved-social-resolution-single synved-social-provider-linkedin nolightbox\" data-provider=\"linkedin\" target=\"_blank\" rel=\"nofollow\" title=\"Auf Linkedin teilen\" href=\"https:\/\/www.linkedin.com\/shareArticle?mini=true&#038;url=https%3A%2F%2Fferne-welten.com%2Findex.php%3Frest_route%3D%252Fwp%252Fv2%252Fposts%252F682&#038;title=Massaker%20der%20Verschw%C3%B6rungsszene\" style=\"font-size: 0px;width:32px;height:32px;margin:0;margin-bottom:5px;margin-right:5px\"><img loading=\"lazy\" decoding=\"async\" alt=\"linkedin\" title=\"Auf Linkedin teilen\" class=\"synved-share-image synved-social-image synved-social-image-share\" width=\"32\" height=\"32\" style=\"display: inline;width:32px;height:32px;margin: 0;padding: 0;border: none;box-shadow: none\" src=\"https:\/\/ferne-welten.com\/wp-content\/plugins\/social-media-feather\/synved-social\/addons\/extra-icons\/image\/social\/circle\/64x64\/linkedin.png\" \/><\/a><a class=\"synved-social-button synved-social-button-share synved-social-size-32 synved-social-resolution-single synved-social-provider-tumblr nolightbox\" data-provider=\"tumblr\" target=\"_blank\" rel=\"nofollow\" title=\"\u00dcber Tumblr teilen\" href=\"https:\/\/tumblr.com\/share?s=&#038;v=3&#038;t=Massaker%20der%20Verschw%C3%B6rungsszene&#038;u=https%3A%2F%2Fferne-welten.com%2Findex.php%3Frest_route%3D%252Fwp%252Fv2%252Fposts%252F682\" style=\"font-size: 0px;width:32px;height:32px;margin:0;margin-bottom:5px;margin-right:5px\"><img loading=\"lazy\" decoding=\"async\" alt=\"tumblr\" title=\"\u00dcber Tumblr teilen\" class=\"synved-share-image synved-social-image synved-social-image-share\" width=\"32\" height=\"32\" style=\"display: inline;width:32px;height:32px;margin: 0;padding: 0;border: none;box-shadow: none\" src=\"https:\/\/ferne-welten.com\/wp-content\/plugins\/social-media-feather\/synved-social\/addons\/extra-icons\/image\/social\/circle\/64x64\/tumblr.png\" \/><\/a><a class=\"synved-social-button synved-social-button-share synved-social-size-32 synved-social-resolution-single synved-social-provider-mail nolightbox\" data-provider=\"mail\" rel=\"nofollow\" title=\"Link per Mail weiterleiten\" href=\"mailto:?subject=Massaker%20der%20Verschw%C3%B6rungsszene&#038;body=Hey%20check%20this%20out:%20https%3A%2F%2Fferne-welten.com%2Findex.php%3Frest_route%3D%252Fwp%252Fv2%252Fposts%252F682\" style=\"font-size: 0px;width:32px;height:32px;margin:0;margin-bottom:5px\"><img loading=\"lazy\" decoding=\"async\" alt=\"mail\" title=\"Link per Mail weiterleiten\" class=\"synved-share-image synved-social-image synved-social-image-share\" width=\"32\" height=\"32\" style=\"display: inline;width:32px;height:32px;margin: 0;padding: 0;border: none;box-shadow: none\" src=\"https:\/\/ferne-welten.com\/wp-content\/plugins\/social-media-feather\/synved-social\/addons\/extra-icons\/image\/social\/circle\/64x64\/mail.png\" \/><\/a>","protected":false},"excerpt":{"rendered":"<p>Das Massaker in der syrischen Stadt Al-Hula, bei dem mindestens 100 Menschen ermordet wurden, besch\u00e4ftigt auch in Deutschland Verschw\u00f6rungsideologen, Nationalsozialisten und Anti-Imperialisten.<\/p>\n","protected":false},"author":1,"featured_media":0,"comment_status":"open","ping_status":"open","sticky":false,"template":"","format":"standard","meta":{"footnotes":""},"categories":[79],"tags":[254,585,107,255,256,257,230,258,71,105,203],"class_list":["post-682","post","type-post","status-publish","format-standard","hentry","category-mythen","tag-al-hula","tag-anti-imperialismus","tag-antisemitismus","tag-harald-pflueger","tag-israel-shamir","tag-jamal-hyder","tag-jens-blecker","tag-marat-musin","tag-nationalsozialismus","tag-russia-today","tag-syrien"],"_links":{"self":[{"href":"https:\/\/ferne-welten.com\/index.php?rest_route=\/wp\/v2\/posts\/682","targetHints":{"allow":["GET"]}}],"collection":[{"href":"https:\/\/ferne-welten.com\/index.php?rest_route=\/wp\/v2\/posts"}],"about":[{"href":"https:\/\/ferne-welten.com\/index.php?rest_route=\/wp\/v2\/types\/post"}],"author":[{"embeddable":true,"href":"https:\/\/ferne-welten.com\/index.php?rest_route=\/wp\/v2\/users\/1"}],"replies":[{"embeddable":true,"href":"https:\/\/ferne-welten.com\/index.php?rest_route=%2Fwp%2Fv2%2Fcomments&post=682"}],"version-history":[{"count":2,"href":"https:\/\/ferne-welten.com\/index.php?rest_route=\/wp\/v2\/posts\/682\/revisions"}],"predecessor-version":[{"id":1531,"href":"https:\/\/ferne-welten.com\/index.php?rest_route=\/wp\/v2\/posts\/682\/revisions\/1531"}],"wp:attachment":[{"href":"https:\/\/ferne-welten.com\/index.php?rest_route=%2Fwp%2Fv2%2Fmedia&parent=682"}],"wp:term":[{"taxonomy":"category","embeddable":true,"href":"https:\/\/ferne-welten.com\/index.php?rest_route=%2Fwp%2Fv2%2Fcategories&post=682"},{"taxonomy":"post_tag","embeddable":true,"href":"https:\/\/ferne-welten.com\/index.php?rest_route=%2Fwp%2Fv2%2Ftags&post=682"}],"curies":[{"name":"wp","href":"https:\/\/api.w.org\/{rel}","templated":true}]}}