{"id":688,"date":"2012-05-14T19:53:31","date_gmt":"2012-05-14T18:53:31","guid":{"rendered":"http:\/\/ferne-welten.com\/?p=688"},"modified":"2017-04-30T12:07:38","modified_gmt":"2017-04-30T11:07:38","slug":"aufmarsch-der-assad-fans","status":"publish","type":"post","link":"https:\/\/ferne-welten.com\/?p=688","title":{"rendered":"Aufmarsch der Assad-Fans"},"content":{"rendered":"<p style=\"text-align: justify;\">Am Samstag, den 12.05.2012, war es mal wieder soweit. Die Unterst\u00fctzer_innen des syrischen Diktators Assad kamen zu einer\u00a0\u201eRiesen-DEMO in Berlin\u201d\u00a0zusammen. Im Demonstrationsaufruf war von einer geheimnisvollen\u00a0\u201eVerschw\u00f6rung\u201d\u00a0die Rede. Als Urheber dieser angeblichen\u00a0\u201eVerschw\u00f6rung\u201d\u00a0wurde der\u00a0\u201eWesten\u201d\u00a0ausgemacht.<\/p>\n<p style=\"text-align: justify;\"><!--more--><\/p>\n<p style=\"text-align: justify;\">Im\u00a0<a href=\"https:\/\/www.facebook.com\/events\/262078630549530\/\">Aufruf\u00a0<\/a>zum Aufmarsch wurden allerdings nicht nur verschw\u00f6rungsideologische Konstrukte beworben. Hier wurde au\u00dferdem vom\u00a0\u201egeliebten Volk\u201d\u00a0und von dessen\u00a0\u201eLiebe zum Pr\u00e4sidenten Bashar Al-Assad\u201d\u00a0geschrieben. Das Vorgehen des syrischen Regimes, das mit seiner Armee zahlreiche Zivilist_innen ermordete, fand keine Erw\u00e4hnung. Bei soviel v\u00f6lkischer\u00a0\u201eLiebe\u201d\u00a0zu\u00a0\u201eVolk\u201d\u00a0und\u00a0\u201ePr\u00e4sidenten\u201d\u00a0ist das allerdings nicht verwunderlich.<\/p>\n<p style=\"text-align: justify;\">Letztlich waren es etwa einhundert Teilnehmer_innen, die zum Aufmarsch zusammenkamen. Anh\u00e4nger_innen des syrischen Regimes und Aktivist_innen der deutschen Friedensbewegung gingen hier f\u00fcr die Diktatur des Baschar al-Assad auf die Stra\u00dfe.<\/p>\n<p style=\"text-align: justify;\">Dabei wurde nur eine einzelne Fahne der Linkspartei in die Luft gehalten, daf\u00fcr wurden umso mehr schwarz-rot-goldene und syrische Fahnen geschwenkt. Auf einigen Fahnen und anderen Gegenst\u00e4nden war das Gesicht des syrischen Diktators zu sehen, der als Ikone allgegenw\u00e4rtig war. Ihm wurde mit verschiedenen Sprechch\u00f6ren gehuldigt:\u00a0\u201eAssad, Assad\u201d, br\u00fcllten die Demonstrant_innen.<\/p>\n<p style=\"text-align: justify;\">Zwischendurch griff\u00a0Christoph R. H\u00f6rstel\u00a0zum Mikrophon, um eine ausf\u00fchrliche Rede zu halten. Der Verschw\u00f6rungsideologe warnte vor den angeblichen\u00a0\u201eMachenschaften\u201dder USA. H\u00f6rstel war vor einigen Monaten nach Syrien gereist, von dort gab er ausf\u00fchrliche Interviews mit denen der das Vorgehens das Regimes verharmloste.<\/p>\n<p style=\"text-align: justify;\">Ein Interview gab er damals dem deutschsprachigen Radio des iranischen Rundfunks IRIB, f\u00fcr den\u00a0sich H\u00f6rstel immer wieder befragen l\u00e4sst, um gegen\u00a0\u201eUSreael\u201d\u00a0hetzen und vor der NATO-\u201eVerbrecherbande\u201d\u00a0zu warnen. \u00c4hnlich gestaltete sich auch seine erste Rede vor den anwesenden Assad-Fans in Berlin:\u00a0\u201eDie Amerikaner beschuldigen die Regierung einer Sache, die sie selbst machen\u201d, br\u00fcllte der Verschw\u00f6rungsideologe, der\u00a0ansonsten unter anderem die Ereignisse des 11. September 2001 umdeutet. Die Teilnehmer_innen reagierten begeistert.<\/p>\n<p style=\"text-align: justify;\">Bei soviel Zustimmung werden einige Demonstrant_innen den Verschw\u00f6rungsideologen auch per Unterschrift unterst\u00fctzt haben. H\u00f6rstel sammelte nach seiner Rede n\u00e4mlich Unterst\u00fctzungsunterschriften, mit denen er sich als eine Art Berater f\u00fcr das syrische Regime in Stellung bringen m\u00f6chte. Daf\u00fcr nimmt H\u00f6rstel sogar seinen Tod in Kauf:<\/p>\n<blockquote><p>Wenn mir Verrat nachgewiesen wird \u2013 oder ich falsch berate, lasse ich mich freiwillig in der Hauptstadt (Damaskus) aufh\u00e4ngen.<\/p><\/blockquote>\n<p style=\"text-align: justify;\">Das\u00a0bietet dieser Verschw\u00f6rungsideologe gro\u00dfz\u00fcgig auf der strukturell antisemitischen Internetseite\u00a0\u201eAlles Schall und Rauch\u201d\u00a0an.<\/p>\n<p style=\"text-align: justify;\">W\u00e4hrend H\u00f6rstel einen seiner ausf\u00fchrlichen Monologe hielt, verteilten Demonstrant_innen Zettel auf dem Boden. Auf diesen DIN-A4 Zetteln war unter anderem der Davidstern zu sehen, der nun von den Demonstrant_innen\u00a0 in den Staub getreten wurde.<\/p>\n<p style=\"text-align: justify;\">Aus ihrer antisemitischen und antiamerikanischen Einstellung machten weder Demonstrant_innen noch die Redner ein Geheimnis. Christoph R. H\u00f6rstel hielt vor der amerikanischen Botschaft, in direkter N\u00e4he zum Holocaust-Mahnmal, eine weitere Brandrede. Dort wandte er sich an die Mitarbeiter der Botschaft:<\/p>\n<blockquote><p>Get the hell out of Germany, take your fucking troops with you.<\/p><\/blockquote>\n<p style=\"text-align: justify;\">So\u00a0br\u00fcllte der Demagoge. Mit v\u00f6lkischen Parolen begeisterte er die Jubelsyrier:<\/p>\n<blockquote><p>We want Germany f\u00fcr the Germans. We want Syria for the Syrians.<\/p><\/blockquote>\n<p style=\"text-align: justify;\">Das schrie der Verschw\u00f6rungsideologe. Solche S\u00e4tze wurden von den Demonstrant_innen mit Jubel quittiert.<\/p>\n<p style=\"text-align: justify;\">Die anderen Redner \u00e4u\u00dferten sich durchaus \u00e4hnlich. Nur das Gru\u00dfwort von Brigitte Queck wirkte vergleichsweise harmlos. Die Aktivistin der\u00a0\u201eM\u00fctter gegen den Krieg Berlin-Brandenburg\u201d\u00a0\u00fcberbrachte\u00a0\u201eSolidarit\u00e4tsgr\u00fc\u00dfe an das syrische Volk, das mehrheitlich an Assad glaubt\u201d. Weil sie nicht br\u00fcllte, ging ihre Solidarisierung mit dem\u00a0\u201esyrischen Volk\u201d\u00a0allerdings unter.<\/p>\n<p style=\"text-align: justify;\">Ein weiterer Redner gab daf\u00fcr einen umso erschreckenderen Einblick in sein antisemitisches Weltbild, mit dem er die Demonstrant_innen begeisterte. In seiner Rede brachte der unbekannte Redner s\u00e4mtliche Stereotype des Antisemitismus unter.<\/p>\n<p style=\"text-align: justify;\">Er sprach vom\u00a0\u201emenschenverachtenden Zionismus\u201d, der\u00a0\u201ealles\u201d\u00a0daf\u00fcr tun w\u00fcrde, um\u00a0\u201edie Macht des Geldes zu bewahren\u201d. Nun w\u00fcrden die\u00a0\u201eZionisten\u201d\u00a0und die USA gegen Syrien mobil machen. Ein verschw\u00f6rungsideologisches Motiv lieferte der Redner gleich mit: Syrien sei eine\u00a0\u201eSt\u00fctze f\u00fcr die entrechteten Pal\u00e4stinenser und leistet als einziges arabisches Land Widerstand gegen Israel\u201d. Die Menge br\u00fcllte begeistert. Der antisemitische Wahn, der f\u00fcr einen ungenehmen Aufstand nur\u00a0\u201eZionisten\u201d\u00a0verantwortlich machen kann, wurde hier offensichtlich.<\/p>\n<p style=\"text-align: justify;\">Die antiamerikanische und antisemitische Demonstration, die am 12.05.2012 durch Berlin zog, wird nun von den Organisatoren begeistert\u00a0<a href=\"https:\/\/www.facebook.com\/permalink.php?story_fbid=308758602537963&amp;id=131286843613412\">beurteilt<\/a>:\u00a0\u201eEs war eine Super-Demo\u201d, schreiben sie auf ihrer Facebook-Pinnwand. Ihren Aufmarsch, bei dem mit v\u00f6lkischen Parolen, gegen die USA angeschrien wurde, wollen die Organisator_innen daher in n\u00e4chster Zeit wiederholen. Wahrscheinlich werden dann wieder Davidsterne in den Staub getreten und antisemitische Brandreden gehalten werden.<\/p>\n<p><iframe loading=\"lazy\" src=\"https:\/\/www.youtube.com\/embed\/OVBGXcMN2lU\" width=\"860\" height=\"615\" frameborder=\"0\" allowfullscreen=\"allowfullscreen\"><\/iframe><\/p>\n<a class=\"synved-social-button synved-social-button-share synved-social-size-32 synved-social-resolution-single synved-social-provider-facebook nolightbox\" data-provider=\"facebook\" target=\"_blank\" rel=\"nofollow\" title=\"Auf Facebook teilen\" href=\"https:\/\/www.facebook.com\/sharer.php?u=https%3A%2F%2Fferne-welten.com%2Findex.php%3Frest_route%3D%252Fwp%252Fv2%252Fposts%252F688&#038;t=Aufmarsch%20der%20Assad-Fans&#038;s=100&#038;p&#091;url&#093;=https%3A%2F%2Fferne-welten.com%2Findex.php%3Frest_route%3D%252Fwp%252Fv2%252Fposts%252F688&#038;p&#091;images&#093;&#091;0&#093;=&#038;p&#091;title&#093;=Aufmarsch%20der%20Assad-Fans\" style=\"font-size: 0px;width:32px;height:32px;margin:0;margin-bottom:5px;margin-right:5px\"><img loading=\"lazy\" decoding=\"async\" alt=\"Facebook\" title=\"Auf Facebook teilen\" class=\"synved-share-image synved-social-image synved-social-image-share\" width=\"32\" height=\"32\" style=\"display: inline;width:32px;height:32px;margin: 0;padding: 0;border: none;box-shadow: none\" src=\"https:\/\/ferne-welten.com\/wp-content\/plugins\/social-media-feather\/synved-social\/addons\/extra-icons\/image\/social\/circle\/64x64\/facebook.png\" \/><\/a><a class=\"synved-social-button synved-social-button-share synved-social-size-32 synved-social-resolution-single synved-social-provider-twitter nolightbox\" data-provider=\"twitter\" target=\"_blank\" rel=\"nofollow\" title=\"Auf Twitter teilen\" href=\"https:\/\/twitter.com\/intent\/tweet?url=https%3A%2F%2Fferne-welten.com%2Findex.php%3Frest_route%3D%252Fwp%252Fv2%252Fposts%252F688&#038;text=Hey%20check%20this%20out\" style=\"font-size: 0px;width:32px;height:32px;margin:0;margin-bottom:5px;margin-right:5px\"><img loading=\"lazy\" decoding=\"async\" alt=\"twitter\" title=\"Auf Twitter teilen\" class=\"synved-share-image synved-social-image synved-social-image-share\" width=\"32\" height=\"32\" style=\"display: inline;width:32px;height:32px;margin: 0;padding: 0;border: none;box-shadow: none\" src=\"https:\/\/ferne-welten.com\/wp-content\/plugins\/social-media-feather\/synved-social\/addons\/extra-icons\/image\/social\/circle\/64x64\/twitter.png\" \/><\/a><a class=\"synved-social-button synved-social-button-share synved-social-size-32 synved-social-resolution-single synved-social-provider-reddit nolightbox\" data-provider=\"reddit\" target=\"_blank\" rel=\"nofollow\" title=\"Auf Reddit teilen\" href=\"https:\/\/www.reddit.com\/submit?url=https%3A%2F%2Fferne-welten.com%2Findex.php%3Frest_route%3D%252Fwp%252Fv2%252Fposts%252F688&#038;title=Aufmarsch%20der%20Assad-Fans\" style=\"font-size: 0px;width:32px;height:32px;margin:0;margin-bottom:5px;margin-right:5px\"><img loading=\"lazy\" decoding=\"async\" alt=\"reddit\" title=\"Auf Reddit teilen\" class=\"synved-share-image synved-social-image synved-social-image-share\" width=\"32\" height=\"32\" style=\"display: inline;width:32px;height:32px;margin: 0;padding: 0;border: none;box-shadow: none\" src=\"https:\/\/ferne-welten.com\/wp-content\/plugins\/social-media-feather\/synved-social\/addons\/extra-icons\/image\/social\/circle\/64x64\/reddit.png\" \/><\/a><a class=\"synved-social-button synved-social-button-share synved-social-size-32 synved-social-resolution-single synved-social-provider-pinterest nolightbox\" data-provider=\"pinterest\" target=\"_blank\" rel=\"nofollow\" title=\"Auf Pinterest pinnen\" href=\"https:\/\/pinterest.com\/pin\/create\/button\/?url=https%3A%2F%2Fferne-welten.com%2Findex.php%3Frest_route%3D%252Fwp%252Fv2%252Fposts%252F688&#038;media=&#038;description=Aufmarsch%20der%20Assad-Fans\" style=\"font-size: 0px;width:32px;height:32px;margin:0;margin-bottom:5px;margin-right:5px\"><img loading=\"lazy\" decoding=\"async\" alt=\"pinterest\" title=\"Auf Pinterest pinnen\" class=\"synved-share-image synved-social-image synved-social-image-share\" width=\"32\" height=\"32\" style=\"display: inline;width:32px;height:32px;margin: 0;padding: 0;border: none;box-shadow: none\" src=\"https:\/\/ferne-welten.com\/wp-content\/plugins\/social-media-feather\/synved-social\/addons\/extra-icons\/image\/social\/circle\/64x64\/pinterest.png\" \/><\/a><a class=\"synved-social-button synved-social-button-share synved-social-size-32 synved-social-resolution-single synved-social-provider-linkedin nolightbox\" data-provider=\"linkedin\" target=\"_blank\" rel=\"nofollow\" title=\"Auf Linkedin teilen\" href=\"https:\/\/www.linkedin.com\/shareArticle?mini=true&#038;url=https%3A%2F%2Fferne-welten.com%2Findex.php%3Frest_route%3D%252Fwp%252Fv2%252Fposts%252F688&#038;title=Aufmarsch%20der%20Assad-Fans\" style=\"font-size: 0px;width:32px;height:32px;margin:0;margin-bottom:5px;margin-right:5px\"><img loading=\"lazy\" decoding=\"async\" alt=\"linkedin\" title=\"Auf Linkedin teilen\" class=\"synved-share-image synved-social-image synved-social-image-share\" width=\"32\" height=\"32\" style=\"display: inline;width:32px;height:32px;margin: 0;padding: 0;border: none;box-shadow: none\" src=\"https:\/\/ferne-welten.com\/wp-content\/plugins\/social-media-feather\/synved-social\/addons\/extra-icons\/image\/social\/circle\/64x64\/linkedin.png\" \/><\/a><a class=\"synved-social-button synved-social-button-share synved-social-size-32 synved-social-resolution-single synved-social-provider-tumblr nolightbox\" data-provider=\"tumblr\" target=\"_blank\" rel=\"nofollow\" title=\"\u00dcber Tumblr teilen\" href=\"https:\/\/tumblr.com\/share?s=&#038;v=3&#038;t=Aufmarsch%20der%20Assad-Fans&#038;u=https%3A%2F%2Fferne-welten.com%2Findex.php%3Frest_route%3D%252Fwp%252Fv2%252Fposts%252F688\" style=\"font-size: 0px;width:32px;height:32px;margin:0;margin-bottom:5px;margin-right:5px\"><img loading=\"lazy\" decoding=\"async\" alt=\"tumblr\" title=\"\u00dcber Tumblr teilen\" class=\"synved-share-image synved-social-image synved-social-image-share\" width=\"32\" height=\"32\" style=\"display: inline;width:32px;height:32px;margin: 0;padding: 0;border: none;box-shadow: none\" src=\"https:\/\/ferne-welten.com\/wp-content\/plugins\/social-media-feather\/synved-social\/addons\/extra-icons\/image\/social\/circle\/64x64\/tumblr.png\" \/><\/a><a class=\"synved-social-button synved-social-button-share synved-social-size-32 synved-social-resolution-single synved-social-provider-mail nolightbox\" data-provider=\"mail\" rel=\"nofollow\" title=\"Link per Mail weiterleiten\" href=\"mailto:?subject=Aufmarsch%20der%20Assad-Fans&#038;body=Hey%20check%20this%20out:%20https%3A%2F%2Fferne-welten.com%2Findex.php%3Frest_route%3D%252Fwp%252Fv2%252Fposts%252F688\" style=\"font-size: 0px;width:32px;height:32px;margin:0;margin-bottom:5px\"><img loading=\"lazy\" decoding=\"async\" alt=\"mail\" title=\"Link per Mail weiterleiten\" class=\"synved-share-image synved-social-image synved-social-image-share\" width=\"32\" height=\"32\" style=\"display: inline;width:32px;height:32px;margin: 0;padding: 0;border: none;box-shadow: none\" src=\"https:\/\/ferne-welten.com\/wp-content\/plugins\/social-media-feather\/synved-social\/addons\/extra-icons\/image\/social\/circle\/64x64\/mail.png\" \/><\/a>","protected":false},"excerpt":{"rendered":"<p>Am Samstag, den 12.05.2012, war es mal wieder soweit. Die Unterst\u00fctzer_innen des syrischen Diktators Assad kamen zu einer\u00a0\u201eRiesen-DEMO in Berlin\u201d\u00a0zusammen. Im Demonstrationsaufruf war von einer geheimnisvollen\u00a0\u201eVerschw\u00f6rung\u201d\u00a0die Rede. Als Urheber dieser angeblichen\u00a0\u201eVerschw\u00f6rung\u201d\u00a0wurde der\u00a0\u201eWesten\u201d\u00a0ausgemacht.<\/p>\n","protected":false},"author":1,"featured_media":0,"comment_status":"open","ping_status":"open","sticky":false,"template":"","format":"standard","meta":{"footnotes":""},"categories":[79],"tags":[267,191,197,268,203],"class_list":["post-688","post","type-post","status-publish","format-standard","hentry","category-mythen","tag-assad","tag-berlin","tag-christoph-hoerstel","tag-die-linke","tag-syrien"],"_links":{"self":[{"href":"https:\/\/ferne-welten.com\/index.php?rest_route=\/wp\/v2\/posts\/688","targetHints":{"allow":["GET"]}}],"collection":[{"href":"https:\/\/ferne-welten.com\/index.php?rest_route=\/wp\/v2\/posts"}],"about":[{"href":"https:\/\/ferne-welten.com\/index.php?rest_route=\/wp\/v2\/types\/post"}],"author":[{"embeddable":true,"href":"https:\/\/ferne-welten.com\/index.php?rest_route=\/wp\/v2\/users\/1"}],"replies":[{"embeddable":true,"href":"https:\/\/ferne-welten.com\/index.php?rest_route=%2Fwp%2Fv2%2Fcomments&post=688"}],"version-history":[{"count":2,"href":"https:\/\/ferne-welten.com\/index.php?rest_route=\/wp\/v2\/posts\/688\/revisions"}],"predecessor-version":[{"id":1412,"href":"https:\/\/ferne-welten.com\/index.php?rest_route=\/wp\/v2\/posts\/688\/revisions\/1412"}],"wp:attachment":[{"href":"https:\/\/ferne-welten.com\/index.php?rest_route=%2Fwp%2Fv2%2Fmedia&parent=688"}],"wp:term":[{"taxonomy":"category","embeddable":true,"href":"https:\/\/ferne-welten.com\/index.php?rest_route=%2Fwp%2Fv2%2Fcategories&post=688"},{"taxonomy":"post_tag","embeddable":true,"href":"https:\/\/ferne-welten.com\/index.php?rest_route=%2Fwp%2Fv2%2Ftags&post=688"}],"curies":[{"name":"wp","href":"https:\/\/api.w.org\/{rel}","templated":true}]}}