{"id":690,"date":"2012-05-02T19:56:49","date_gmt":"2012-05-02T18:56:49","guid":{"rendered":"http:\/\/ferne-welten.com\/?p=690"},"modified":"2017-04-30T12:10:18","modified_gmt":"2017-04-30T11:10:18","slug":"der-ziegelphysiker","status":"publish","type":"post","link":"https:\/\/ferne-welten.com\/?p=690","title":{"rendered":"Der Ziegelphysiker"},"content":{"rendered":"<p style=\"text-align: justify;\">An der Reisegruppe, die am 27. April 2012 vom iranischen Pr\u00e4sidenten Mahmud Ahmadinedschad zur\u201ePrivataudienz\u201d\u00a0empfangen wurde, waren nicht nur Verschw\u00f6rungsideologen und\u00a0der FDP-Landtagskandidat Claus H\u00fcbscher\u00a0beteiligt. Ein\u00a0Ziegelphysiker\u00a0reiste zur\u00a0\u201ePrivataudienz\u201d. \u00a0Die Rede ist von Konrad Fischer, der aus seinem Heimatort, dem oberfr\u00e4nkischen Hochstadt am Main, nach Teheran reiste.<\/p>\n<p style=\"text-align: justify;\"><!--more--><\/p>\n<p style=\"text-align: justify;\">Der 1955\u00a0geborene Fischer vertritt, laut\u00a0dem kritischen Internetlexikon Esowatch, eine\u00a0\u201eAu\u00dfenseiter-Ansicht zur Physik der W\u00e4rmed\u00e4mmung\u201d. Auf seiner Internetseite empfiehlt der Verschw\u00f6rungsideologe, der in\u00a0der\u00a0\u00d6ffentlichkeit als\u00a0\u201eArchitekt und Gutachter\u201d\u00a0in Erscheinung tritt, verschiedene Berichte des iranischen Regimes, in denen \u00fcber die Audienz beim Antisemiten berichtet wird. Die dazugeh\u00f6rigen Fotos zeigen auch ihn beim H\u00e4ndedruck mit dem iranischen Pr\u00e4sidenten Ahmadinedschad.<\/p>\n<p style=\"text-align: justify;\">Der Ziegelpysiker ist ansonsten ein gefragter\u00a0Interview-Partner des Bayerischen Rundfunks. Dort \u00e4u\u00dfert er sich vor allem zu den Risiken der W\u00e4rmed\u00e4mmung und spricht \u00fcber Photovoltaikanlagen.<\/p>\n<p style=\"text-align: justify;\">Seine sonstigen Theorien werden durch\u00a0<a href=\"http:\/\/anonym.to\/?http:\/\/konrad-fischer-info.de\/\">seine eigene Internetseite<\/a>\u00a0deutlich, auf der Fischer im homophoben Jargon \u00fcber\u201eSchwulerei mit Minderj\u00e4hrigen\u201d\u00a0schreibt, f\u00fcr die er die\u00a0\u201eM\u00e4chtigen\u201d\u00a0verantwortlich macht. Au\u00dferdem empfiehlt Fischer dort unterschiedliche B\u00fccher, die vor allem in verschiedenen Verlagen der rechten Szene erscheinen.<\/p>\n<p style=\"text-align: justify;\">Auf seiner Internetseite bewirbt er zum Beispiel ein Buch des\u00a0Claus Nordbruch. Dieser bekennende Apartheids-Freund lebt in S\u00fcdafrika, von dort h\u00e4lt er enge Kontakte in die deutsche Nazi-Szene und beliefert sie mit Artikeln, die unter anderem in der NPD-Zeitung\u00a0\u201eDeutsche Stimme\u201d\u00a0erscheinen.<\/p>\n<p style=\"text-align: justify;\">In den Buchempfehlungen des Konrad Fischer finden sich Werbung f\u00fcr weitere Machwerke, die in den Verlagen der deutschen Nazi-Szene erschienen sind. Die Hetzschrift\u00a0\u201eDer geplante Krieg: Churchills Verschw\u00f6rung gegen Hitlers Deutschland\u201d, die\u00a0in der\u00a0<a href=\"http:\/\/de.wikipedia.org\/wiki\/Verlagsgesellschaft_Berg\">nationalsozialistischen Verlagsgesellschaft Berg<\/a>\u00a0erschienen ist, wird von Fischer ebenfalls empfohlen:\u00a0\u201eChurchill als Galionsfigur eines perversen Netzwerks zur Ausl\u00f6sung des zweiten Weltkriegs und Vernichtung Deutschland\u201d, bewirbt Fischer dieses Buch \u2014 ganz geschichtsrevisionistisch \u2014 auf seiner Internetseite.<\/p>\n<p style=\"text-align: justify;\">Dort findet sich auch Werbung f\u00fcr weitere geschichtsrevisionistische Nazi-Propagaganda, mit denen die Kriegsschuld Deutschlands geleugnet wird. Konrad Fischer bedient sich hier eines unglaublichen antisemitischen Jargons. Er schreibt vom damaligen Premierminister \u201eChurchill und seiner j\u00fcdischen Freundes\u2013 und Emigrantenschar\u201d, die er als\u00a0\u201escharende Kriegstreiber\u201d\u00a0bezeichnet.<\/p>\n<p style=\"text-align: justify;\">Einige der von Fischer beworbenen B\u00fccher sind im\u00a0\u201eGrabert-Verlag\u201d\u00a0erschienen, der die Naziszene ebenfalls mit Propaganda beliefert. Mehrfach wurden B\u00fccher aus dem\u00a0Verlagsprogramm wegen Volksverhetzung, Beleidigung und Verunglimpfung Verstorbener eingezogen oder von der Bundespr\u00fcfstelle f\u00fcr jugendgef\u00e4hrdende Medien (BPjM) indiziert. Fischer empfiehlt auf seiner Internetseite au\u00dferdem die\u201emanchmal durchaus lesenswerte Kommentare in der National-Zeitung von Dr. Gerhard Frey\u201d. Es handelt sich\u00a0<a href=\"http:\/\/de.wikipedia.org\/wiki\/National-Zeitung_(M%C3%BCnchen)\">um eine weitere Zeitung<\/a>\u00a0f\u00fcr deutsche Nationalsozialisten.<\/p>\n<p style=\"text-align: justify;\">Der Ziegelphysiker Konrad Fischer empfiehlt allerdings nicht nur B\u00fccher und Zeitungen der extremen Rechten, sondern auch andere Machwerke. So zum Beispiel ein Buch des\u00a0Verschw\u00f6rungsideologen J\u00fcrgen Els\u00e4sser, mit dem\u00a0sich Fischer gerade in den Iran begeben hatte. Fischer garniert seine Buchempfehlung mit einigen eigenen antisemitischen Tiraden. Er schreibt vom\u00a0\u201ebluttriefenden zionistisch-faschistischen Israel\u201d\u00a0und konstruiert\u00a0\u201eUSraelische Netzwerke gegen den Iran\u201d. Die Chiffre von\u00a0\u201eUSrael\u201d\u00a0wird ansonsten\u00a0<a href=\"http:\/\/www.netz-gegen-nazis.de\/artikel\/wo-ist-eigentlich-die-ostkueste-9281\">gerne von Nationalsozialisten genutzt<\/a>.<\/p>\n<p style=\"text-align: justify;\">Es ist eine antisemitische Sprache, die auf der Internetseite des Ziegelpyhsikers verwendet wird. Fischer warnt hier vor\u00a0\u201em\u00e4chtigen Juden\u201d\u00a0und\u00a0\u201eGlobalheuschrecken\u201d, seinesgleichen sieht er als\u00a0\u201eSklaven, Halbaffen und Schabbesgojim\u201d, die von\u00a0\u201eUsrael\u201d\u00a0unterdr\u00fcckt werden.<\/p>\n<p style=\"text-align: justify;\">Fischer ist, da besteht nun wirklich nicht der geringste Zweifel, ein fanatischer Antisemit. Dies wird auch durch seine Verharmlosung des Holocaust deutlich, den er mit angeblichen israelischen Verbrechen gleichsetzt. Au\u00dferdem macht er J\u00fcdinnen und Juden f\u00fcr den grassierenden Antisemitismus verantwortlich. Die\u00a0\u201ePal\u00e4stinenser\u201d\u00a0seien einer\u00a0\u201egenozidgleichen Holocausterei\u201d\u00a0ausgesetzt, dies w\u00fcrde\u00a0\u201eeinen neuen weltweiten Antisemitismus geradezu\u201d\u00a0erzwingen. Dies sind nur einige Beispiele f\u00fcr den Antisemitismus des Ziegelphysikers, den dieser auf seiner Internetseite propagiert.<\/p>\n<p style=\"text-align: justify;\">Wahrscheinlich trieb ihn dieser Antisemitismus nach Teheran. Er\u00a0reiste gemeinsam\u00a0mit dem Querfrontler J\u00fcrgen Els\u00e4sser, dem Verschw\u00f6rungsideologen\u00a0Gerhard Wisnewski, dem\u00a0\u201eArbeiterfotografie\u201d\u2013Aktivisten\u00a0Andreas Neumann,\u00a0dem FDP-Landtagskandidaten Claus H\u00fcbscher\u00a0und dem\u00a0\u201eMuslim-Markt\u201d\u2013Bereiber\u00a0Yavuz \u00d6zoguz in den Iran.<\/p>\n<p style=\"text-align: justify;\">Dort trafen sie\u00a0gemeinsam, w\u00e4hrend einer\u00a0\u201ePrivataudienz\u201d, auf den iranischen Pr\u00e4sidenten Ahmadinedschad. Zur\u00fcck in Deutschland wird Fischer wahrscheinlich wieder als\u00a0\u201eArchitekt und Gutachter\u201d\u00a0auftreten und eventuell dem\u00a0Bayerischen Rundfunk Interviews \u00fcber W\u00e4rmed\u00e4mmung und Photovoltaikanlagen geben. Au\u00dferdem wird er sicherlich weiterhin B\u00fccher aus den Verlagen der deutschen Nazi-Szene empfehlen. Auf seiner Internetseite wird er obendrein die unverhohlene antisemitische Hetze betreiben. Die Reise in den Iran und den Besuch beim antisemitischen Pr\u00e4sidenten wird er, wie die anderen Teilnehmer, sicherlich in guter Erinnerung behalten.<\/p>\n<a class=\"synved-social-button synved-social-button-share synved-social-size-32 synved-social-resolution-single synved-social-provider-facebook nolightbox\" data-provider=\"facebook\" target=\"_blank\" rel=\"nofollow\" title=\"Auf Facebook teilen\" href=\"https:\/\/www.facebook.com\/sharer.php?u=https%3A%2F%2Fferne-welten.com%2Findex.php%3Frest_route%3D%252Fwp%252Fv2%252Fposts%252F690&#038;t=Der%20Ziegelphysiker&#038;s=100&#038;p&#091;url&#093;=https%3A%2F%2Fferne-welten.com%2Findex.php%3Frest_route%3D%252Fwp%252Fv2%252Fposts%252F690&#038;p&#091;images&#093;&#091;0&#093;=&#038;p&#091;title&#093;=Der%20Ziegelphysiker\" style=\"font-size: 0px;width:32px;height:32px;margin:0;margin-bottom:5px;margin-right:5px\"><img loading=\"lazy\" decoding=\"async\" alt=\"Facebook\" title=\"Auf Facebook teilen\" class=\"synved-share-image synved-social-image synved-social-image-share\" width=\"32\" height=\"32\" style=\"display: inline;width:32px;height:32px;margin: 0;padding: 0;border: none;box-shadow: none\" src=\"https:\/\/ferne-welten.com\/wp-content\/plugins\/social-media-feather\/synved-social\/addons\/extra-icons\/image\/social\/circle\/64x64\/facebook.png\" \/><\/a><a class=\"synved-social-button synved-social-button-share synved-social-size-32 synved-social-resolution-single synved-social-provider-twitter nolightbox\" data-provider=\"twitter\" target=\"_blank\" rel=\"nofollow\" title=\"Auf Twitter teilen\" href=\"https:\/\/twitter.com\/intent\/tweet?url=https%3A%2F%2Fferne-welten.com%2Findex.php%3Frest_route%3D%252Fwp%252Fv2%252Fposts%252F690&#038;text=Hey%20check%20this%20out\" style=\"font-size: 0px;width:32px;height:32px;margin:0;margin-bottom:5px;margin-right:5px\"><img loading=\"lazy\" decoding=\"async\" alt=\"twitter\" title=\"Auf Twitter teilen\" class=\"synved-share-image synved-social-image synved-social-image-share\" width=\"32\" height=\"32\" style=\"display: inline;width:32px;height:32px;margin: 0;padding: 0;border: none;box-shadow: none\" src=\"https:\/\/ferne-welten.com\/wp-content\/plugins\/social-media-feather\/synved-social\/addons\/extra-icons\/image\/social\/circle\/64x64\/twitter.png\" \/><\/a><a class=\"synved-social-button synved-social-button-share synved-social-size-32 synved-social-resolution-single synved-social-provider-reddit nolightbox\" data-provider=\"reddit\" target=\"_blank\" rel=\"nofollow\" title=\"Auf Reddit teilen\" href=\"https:\/\/www.reddit.com\/submit?url=https%3A%2F%2Fferne-welten.com%2Findex.php%3Frest_route%3D%252Fwp%252Fv2%252Fposts%252F690&#038;title=Der%20Ziegelphysiker\" style=\"font-size: 0px;width:32px;height:32px;margin:0;margin-bottom:5px;margin-right:5px\"><img loading=\"lazy\" decoding=\"async\" alt=\"reddit\" title=\"Auf Reddit teilen\" class=\"synved-share-image synved-social-image synved-social-image-share\" width=\"32\" height=\"32\" style=\"display: inline;width:32px;height:32px;margin: 0;padding: 0;border: none;box-shadow: none\" src=\"https:\/\/ferne-welten.com\/wp-content\/plugins\/social-media-feather\/synved-social\/addons\/extra-icons\/image\/social\/circle\/64x64\/reddit.png\" \/><\/a><a class=\"synved-social-button synved-social-button-share synved-social-size-32 synved-social-resolution-single synved-social-provider-pinterest nolightbox\" data-provider=\"pinterest\" target=\"_blank\" rel=\"nofollow\" title=\"Auf Pinterest pinnen\" href=\"https:\/\/pinterest.com\/pin\/create\/button\/?url=https%3A%2F%2Fferne-welten.com%2Findex.php%3Frest_route%3D%252Fwp%252Fv2%252Fposts%252F690&#038;media=&#038;description=Der%20Ziegelphysiker\" style=\"font-size: 0px;width:32px;height:32px;margin:0;margin-bottom:5px;margin-right:5px\"><img loading=\"lazy\" decoding=\"async\" alt=\"pinterest\" title=\"Auf Pinterest pinnen\" class=\"synved-share-image synved-social-image synved-social-image-share\" width=\"32\" height=\"32\" style=\"display: inline;width:32px;height:32px;margin: 0;padding: 0;border: none;box-shadow: none\" src=\"https:\/\/ferne-welten.com\/wp-content\/plugins\/social-media-feather\/synved-social\/addons\/extra-icons\/image\/social\/circle\/64x64\/pinterest.png\" \/><\/a><a class=\"synved-social-button synved-social-button-share synved-social-size-32 synved-social-resolution-single synved-social-provider-linkedin nolightbox\" data-provider=\"linkedin\" target=\"_blank\" rel=\"nofollow\" title=\"Auf Linkedin teilen\" href=\"https:\/\/www.linkedin.com\/shareArticle?mini=true&#038;url=https%3A%2F%2Fferne-welten.com%2Findex.php%3Frest_route%3D%252Fwp%252Fv2%252Fposts%252F690&#038;title=Der%20Ziegelphysiker\" style=\"font-size: 0px;width:32px;height:32px;margin:0;margin-bottom:5px;margin-right:5px\"><img loading=\"lazy\" decoding=\"async\" alt=\"linkedin\" title=\"Auf Linkedin teilen\" class=\"synved-share-image synved-social-image synved-social-image-share\" width=\"32\" height=\"32\" style=\"display: inline;width:32px;height:32px;margin: 0;padding: 0;border: none;box-shadow: none\" src=\"https:\/\/ferne-welten.com\/wp-content\/plugins\/social-media-feather\/synved-social\/addons\/extra-icons\/image\/social\/circle\/64x64\/linkedin.png\" \/><\/a><a class=\"synved-social-button synved-social-button-share synved-social-size-32 synved-social-resolution-single synved-social-provider-tumblr nolightbox\" data-provider=\"tumblr\" target=\"_blank\" rel=\"nofollow\" title=\"\u00dcber Tumblr teilen\" href=\"https:\/\/tumblr.com\/share?s=&#038;v=3&#038;t=Der%20Ziegelphysiker&#038;u=https%3A%2F%2Fferne-welten.com%2Findex.php%3Frest_route%3D%252Fwp%252Fv2%252Fposts%252F690\" style=\"font-size: 0px;width:32px;height:32px;margin:0;margin-bottom:5px;margin-right:5px\"><img loading=\"lazy\" decoding=\"async\" alt=\"tumblr\" title=\"\u00dcber Tumblr teilen\" class=\"synved-share-image synved-social-image synved-social-image-share\" width=\"32\" height=\"32\" style=\"display: inline;width:32px;height:32px;margin: 0;padding: 0;border: none;box-shadow: none\" src=\"https:\/\/ferne-welten.com\/wp-content\/plugins\/social-media-feather\/synved-social\/addons\/extra-icons\/image\/social\/circle\/64x64\/tumblr.png\" \/><\/a><a class=\"synved-social-button synved-social-button-share synved-social-size-32 synved-social-resolution-single synved-social-provider-mail nolightbox\" data-provider=\"mail\" rel=\"nofollow\" title=\"Link per Mail weiterleiten\" href=\"mailto:?subject=Der%20Ziegelphysiker&#038;body=Hey%20check%20this%20out:%20https%3A%2F%2Fferne-welten.com%2Findex.php%3Frest_route%3D%252Fwp%252Fv2%252Fposts%252F690\" style=\"font-size: 0px;width:32px;height:32px;margin:0;margin-bottom:5px\"><img loading=\"lazy\" decoding=\"async\" alt=\"mail\" title=\"Link per Mail weiterleiten\" class=\"synved-share-image synved-social-image synved-social-image-share\" width=\"32\" height=\"32\" style=\"display: inline;width:32px;height:32px;margin: 0;padding: 0;border: none;box-shadow: none\" src=\"https:\/\/ferne-welten.com\/wp-content\/plugins\/social-media-feather\/synved-social\/addons\/extra-icons\/image\/social\/circle\/64x64\/mail.png\" \/><\/a>","protected":false},"excerpt":{"rendered":"<p>An der Reisegruppe, die am 27. April 2012 vom iranischen Pr\u00e4sidenten Mahmud Ahmadinedschad zur\u201ePrivataudienz\u201d\u00a0empfangen wurde, waren nicht nur Verschw\u00f6rungsideologen und\u00a0der FDP-Landtagskandidat Claus H\u00fcbscher\u00a0beteiligt. Ein\u00a0Ziegelphysiker\u00a0reiste zur\u00a0\u201ePrivataudienz\u201d. \u00a0Die Rede ist von Konrad Fischer, der aus seinem Heimatort, dem oberfr\u00e4nkischen Hochstadt am Main,&#8230;<br \/><a class=\"read-more-button\" href=\"https:\/\/ferne-welten.com\/?p=690\">Read more<\/a><\/p>\n","protected":false},"author":1,"featured_media":0,"comment_status":"open","ping_status":"open","sticky":false,"template":"","format":"standard","meta":{"footnotes":""},"categories":[79],"tags":[269,162,270],"class_list":["post-690","post","type-post","status-publish","format-standard","hentry","category-mythen","tag-iran","tag-juergen-elsaesser","tag-konrad-fischer"],"_links":{"self":[{"href":"https:\/\/ferne-welten.com\/index.php?rest_route=\/wp\/v2\/posts\/690","targetHints":{"allow":["GET"]}}],"collection":[{"href":"https:\/\/ferne-welten.com\/index.php?rest_route=\/wp\/v2\/posts"}],"about":[{"href":"https:\/\/ferne-welten.com\/index.php?rest_route=\/wp\/v2\/types\/post"}],"author":[{"embeddable":true,"href":"https:\/\/ferne-welten.com\/index.php?rest_route=\/wp\/v2\/users\/1"}],"replies":[{"embeddable":true,"href":"https:\/\/ferne-welten.com\/index.php?rest_route=%2Fwp%2Fv2%2Fcomments&post=690"}],"version-history":[{"count":2,"href":"https:\/\/ferne-welten.com\/index.php?rest_route=\/wp\/v2\/posts\/690\/revisions"}],"predecessor-version":[{"id":1419,"href":"https:\/\/ferne-welten.com\/index.php?rest_route=\/wp\/v2\/posts\/690\/revisions\/1419"}],"wp:attachment":[{"href":"https:\/\/ferne-welten.com\/index.php?rest_route=%2Fwp%2Fv2%2Fmedia&parent=690"}],"wp:term":[{"taxonomy":"category","embeddable":true,"href":"https:\/\/ferne-welten.com\/index.php?rest_route=%2Fwp%2Fv2%2Fcategories&post=690"},{"taxonomy":"post_tag","embeddable":true,"href":"https:\/\/ferne-welten.com\/index.php?rest_route=%2Fwp%2Fv2%2Ftags&post=690"}],"curies":[{"name":"wp","href":"https:\/\/api.w.org\/{rel}","templated":true}]}}