{"id":694,"date":"2012-04-30T19:59:50","date_gmt":"2012-04-30T18:59:50","guid":{"rendered":"http:\/\/ferne-welten.com\/?p=694"},"modified":"2017-04-30T14:20:37","modified_gmt":"2017-04-30T13:20:37","slug":"naturgeist-im-auto","status":"publish","type":"post","link":"https:\/\/ferne-welten.com\/?p=694","title":{"rendered":"Naturgeist im Auto"},"content":{"rendered":"<p style=\"text-align: justify;\">Waldorfschulen und die Moderne? Das waren schon immer zwei Dinge, die nicht unbedingt harmonieren. Bereits der Gr\u00fcnder der Waldorfschulen, der anthroposophische Vordenker Rudolf Steiner, klagte \u00fcber die Moderne und den\u00a0\u201eMaterialismus\u201d.<\/p>\n<p style=\"text-align: justify;\"><!--more--><\/p>\n<p style=\"text-align: justify;\">Steiner\u00a0behauptete, dass das\u00a0\u201eganze neuzeitliche Geistesleben\u201d\u00a0geradezu\u00a0\u201ezerst\u00f6rerische Formen angenommen\u201d\u00a0<a href=\"http:\/\/fvn-rs.net\/index.php?option=com_content&amp;view=article&amp;id=3414:erster-vortrag-koberwitz-7-juni-1914-vorrede-und-einleitung-zum-kursus-emanzipation-des-menschlich-und-tierischen-lebens-von-der-aeusseren-welt&amp;catid=223:ga-327-geisteswissenschaftliche-grundlagen-zum-ged&amp;Itemid=16\">h\u00e4tte<\/a>. Mit den\u00a0\u201eWerken der Technik\u201d\u00a0w\u00fcrde zudem eine\u201eahrimanische\u201d, das hei\u00dft teuflische,\u00a0\u201eUmgebung\u201d\u00a0geschaffen werden. Dieser Warnung vor der Moderne und der Technik stellte Steiner seine\u00a0\u201eGeisteswissenschaft\u201d\u00a0entgegen.<\/p>\n<p style=\"text-align: justify;\">Es handelt sich um ein esoterisches Gebilde, in dem zahlreiche Wesenheiten existieren. In\u00a0Steiners Planetarium\u00a0leben\u00a0\u201eVolksgeister\u201d, \u201eErzengel\u201d, \u201eZwerge\u201d\u00a0und andere Gestalten. Die\u00a0\u201eVolksgeister\u201d\u00a0w\u00fcrden\u00a0\u201edas Leben gr\u00f6\u00dferer Menschheitszusammenh\u00e4nge, wie zum Beispiel V\u00f6lker\u201d\u00a0und\u00a0\u201eRassen\u201d\u00a0beeinflussen, sagte Steiner. Er\u00a0behauptete, dass er den Weg gefunden h\u00e4tte, das Wirken dieser Wesenheiten zu erkennen. Sein theoretisches Gebilde nannte er\u00a0\u201eAnthroposophie\u201d. Diesem Gebilde werden Waldorfsch\u00fcler_innen bis heute ausgesetzt.<\/p>\n<p style=\"text-align: justify;\">Etwa 70.000 Sch\u00fclerinnen und Sch\u00fcler werden auf den deutschen Waldorfschulen anthroposophisch verzogen. F\u00fcr Waldorfp\u00e4dagog_innen und Waldorfeltern gibt der\u00a0\u201eBund der Freien Waldorfschulen\u201d\u00a0ein Hochglanzmagazin heraus.<\/p>\n<p style=\"text-align: justify;\">Die\u00a0Zeitschrift\u00a0\u201eErziehungskunst\u201d\u00a0wird von zahlreichen Eltern und Lehrern gelesen, denen dort eine aktualisierte Form der anthroposophischen Ideologie vermittelt wird. Die Angst vor der Moderne und vor der Technik ist in diesem Magazin bis heute zu finden. In der\u00a0<a href=\"http:\/\/anonym.to\/?http:\/\/www.erziehungskunst.de\/inhaltsverzeichnis\/#c692\">Mai-Ausgabe\u00a0<\/a>dieser Waldorf-Zeitschrift wird sich mit\u00a0\u201ePhantasie und Technologie\u201d\u00a0auseinandergesetzt.<\/p>\n<p style=\"text-align: justify;\">Dort warnt Martin Spura vor der Technik und vor ihren angeblichen Folgen:\u00a0\u201eDie Technik bedroht die \u00c4sthetik und vernichtet sie\u201d,<a href=\"http:\/\/anonym.to\/?http:\/\/www.erziehungskunst.de\/artikel\/phantasie-und-technologie\/\">\u00a0glaubt Spura<\/a>. Er fordert M\u00e4rchen statt M\u00e4rchenfilme, denn durch Filme, bei\u00a0\u201edenen der technische Effekt im Vordergrund steht\u201d,\u00a0w\u00fcrden\u00a0\u201ekeine zarten Seelensaite mehr erklingen\u201d. Die Folgen dieses visuellen M\u00e4rchen-Konsums sei, dass Kinder zunehmend an\u00a0\u201eADHS leiden\u201d\u00a0w\u00fcrden.<\/p>\n<p style=\"text-align: justify;\">Spura macht diese Krankheit zu einer\u00a0\u201eEindrucks\u00adallergie\u201d\u00a0und deutet so die Ursachen der Krankheit um. Seine unwissenschaftliche Diagnose f\u00fchrt den Anthroposoph zur Forderung nach einem\u00a0\u201eRaum\u201d\u00a0ohne\u201etechnischen Leistungs\u2013 und Fortschrittsanspruch\u201d. Dieser Raum wird in den Waldorfschulen geschaffen, in dem die moderne Technik im besten Fall vernachl\u00e4ssigt wird.<\/p>\n<p style=\"text-align: justify;\">Im schlimmsten Fall wird sie komplett abgelehnt. Dies zeigt auch ein weiterer Artikel in der anthroposophischen Zeitschrift. Dort darf eine Dr. Paula Beckmann, die als\u00a0\u201eMedienp\u00e4dagogin\u201d\u00a0in Erscheinung tritt, vor den Gefahren von Computerspielen und Fernseherfilmen\u00a0<a href=\"http:\/\/anonym.to\/?http:\/\/www.erziehungskunst.de\/artikel\/phantasie-ohne-grenzen-halten-virtuelle-welten-was-sie-versprechen\/\">warnen<\/a>, indem sie Menschen, die Computer-Spiele nutzen, als dicke und s\u00fcchtige Nerds denunziert. Sie zitiert, am Ende ihres tendenzi\u00f6sen Artikels, einen namenlosen Spiele-S\u00fcchtigen:<\/p>\n<blockquote><p>Unverst\u00e4ndlich, dass Leute, die Haschisch oder Drogen verkaufen, festgenommen werden, w\u00e4hrend Leute, die Spiele wie WoW verkaufen, als St\u00fctzen f\u00fcr den Wirtschaftsstandort angesehen werden.<\/p><\/blockquote>\n<p style=\"text-align: justify;\">Durch Computerspiele und Fernseher-Konsum w\u00fcrden die Menschen zu\u00a0\u201ebiologische Maschinen\u201d\u00a0mutieren. Beckmann sieht darin eine\u00a0\u201eArt von Materialismus\u201d. Auf den Spuren des Vordenkers, Rudolf Steiner, werden alle technologischen Errungenschaften abgelehnt.<\/p>\n<p style=\"text-align: justify;\">Einen anderen Weg empfiehlt Thomas Mayer,\u00a0der ansonsten mit\u201eZwergen\u201d\u00a0spricht. Er behauptet in seinem\u00a0<a href=\"http:\/\/anonym.to\/?http:\/\/www.erziehungskunst.de\/artikel\/technikwesen-wollen-unsere-freundschaft\/\">wahnhaften Artikel<\/a>, dass die\u00a0\u201eNaturgeister\u201d,\u00a0deren Erfindung auf Rudolf Steiner zur\u00fcckgeht, \u201eauch mit der Technik verbunden\u201d\u00a0seien. Mayer will einen\u00a0\u201eNaturgeist\u201d\u00a0gefunden haben, der seinen Computer begleitet. Er will sogar den Namen dieses\u00a0\u201eNaturgeist\u201d\u00a0erfahren haben:\u00a0\u201eSora Barabam\u201d\u00a0lebt,\u00a0zumindest f\u00fcr den esoterischen Autoren.\u00a0Au\u00dferdem m\u00f6chte Mayer viele weitere Wesenheiten entdeckt haben, die seinen technischen Gef\u00e4hrte begleiten.<\/p>\n<p style=\"text-align: justify;\">In seinem Auto soll es gleich zwei Wesen geben, die ihn vor Unf\u00e4llen und Pannen sch\u00fctzen. Mayer breitet nun eine ganze Geschichte aus, f\u00fcr die sich gl\u00e4ubige Esoteriker sicherlich begeistern werden.<\/p>\n<blockquote>\n<p style=\"text-align: justify;\">Einmal ging ich zu \u2018Huma Ranatal\u2019, einem Naturwesen, das andere Naturwesen ausbildet, und bat ihn: \u2018Ich h\u00e4tte gerne aus Deiner Schule ein Naturwesen f\u00fcr mein Auto. Ich fahre immer zu schnell und habe ein ungutes Gef\u00fchl.\u2019 Zack, war schon ein Wesen da, es hei\u00dft \u2018Huma Uto\u2019. Ich nahm es mit zu meinem Auto. Da fiel mir ein, ich w\u00fcrde etwas falsch machen, da ist doch schon jemand! Also f\u00fchrte ich ein Gespr\u00e4ch mit dem Autowesen. \u2018Ich bringe Huma Uto mit, ist es Dir recht?\u2019 Die beiden rauften sich zusammen und ich hatte zwei Wesen in meinem Auto (\u2026).<\/p>\n<p style=\"text-align: justify;\">Einmal war ich auf der Autobahn und hatte vergessen zu tanken. Der Motor setzte aus und ich rollte auf den Seitenstreifen. Ich sagte zu \u2018Huma Uto\u2019: \u2018Eineinhalb Kilometer sind es noch bis zur n\u00e4chsten Ausfahrt und 500 Meter bis zur Tankstelle, bitte hilf, dass das noch m\u00f6glich ist!\u2019 Auf einmal lief der Motor wieder. Ich dachte, das ist doch nicht m\u00f6glich, der Motor hat doch schon ausgesetzt? Wir sind aber genau hingekommen, nur die letzten zwei Meter zur Tanks\u00e4ule musste ich schieben.<\/p>\n<\/blockquote>\n<p style=\"text-align: justify;\">Der anthroposophische Autor gibt den geneigten Waldorfp\u00e4dagoginnen und Waldorfeltern einige Ratschl\u00e4ge mit auf den Weg. Er glaubt:<\/p>\n<blockquote><p>Technikwesen wollen geliebt und angesprochen werden.<\/p><\/blockquote>\n<p style=\"text-align: justify;\">Daher empfiehlt er, dass seine Leser_innen das Gespr\u00e4ch suchen, dadurch w\u00fcrden\u00a0\u201eviele unn\u00f6tigen Reparaturen und Verschrottungen vermieden werden\u201d.<\/p>\n<p style=\"text-align: justify;\">Das anthroposophische Magazin bewegt sich eben irgendwo zwischen irrationaler Ablehnung der Moderne und ebenso irrationaler Verkl\u00e4rung der Technik, die mit nicht-existenten Wesenheiten in Verbindung gebracht wird. Es wird allerdings gen\u00fcgend P\u00e4dagogen und Waldorfeltern geben, die nach der\u00a0\u201eErziehungskunst\u201d\u2013Lekt\u00fcre nun den\u00a0\u201eNaturgeist\u201d\u00a0in ihrem Auto suchen.<\/p>\n<a class=\"synved-social-button synved-social-button-share synved-social-size-32 synved-social-resolution-single synved-social-provider-facebook nolightbox\" data-provider=\"facebook\" target=\"_blank\" rel=\"nofollow\" title=\"Auf Facebook teilen\" href=\"https:\/\/www.facebook.com\/sharer.php?u=https%3A%2F%2Fferne-welten.com%2Findex.php%3Frest_route%3D%252Fwp%252Fv2%252Fposts%252F694&#038;t=Naturgeist%20im%20Auto&#038;s=100&#038;p&#091;url&#093;=https%3A%2F%2Fferne-welten.com%2Findex.php%3Frest_route%3D%252Fwp%252Fv2%252Fposts%252F694&#038;p&#091;images&#093;&#091;0&#093;=&#038;p&#091;title&#093;=Naturgeist%20im%20Auto\" style=\"font-size: 0px;width:32px;height:32px;margin:0;margin-bottom:5px;margin-right:5px\"><img loading=\"lazy\" decoding=\"async\" alt=\"Facebook\" title=\"Auf Facebook teilen\" class=\"synved-share-image synved-social-image synved-social-image-share\" width=\"32\" height=\"32\" style=\"display: inline;width:32px;height:32px;margin: 0;padding: 0;border: none;box-shadow: none\" src=\"https:\/\/ferne-welten.com\/wp-content\/plugins\/social-media-feather\/synved-social\/addons\/extra-icons\/image\/social\/circle\/64x64\/facebook.png\" \/><\/a><a class=\"synved-social-button synved-social-button-share synved-social-size-32 synved-social-resolution-single synved-social-provider-twitter nolightbox\" data-provider=\"twitter\" target=\"_blank\" rel=\"nofollow\" title=\"Auf Twitter teilen\" href=\"https:\/\/twitter.com\/intent\/tweet?url=https%3A%2F%2Fferne-welten.com%2Findex.php%3Frest_route%3D%252Fwp%252Fv2%252Fposts%252F694&#038;text=Hey%20check%20this%20out\" style=\"font-size: 0px;width:32px;height:32px;margin:0;margin-bottom:5px;margin-right:5px\"><img loading=\"lazy\" decoding=\"async\" alt=\"twitter\" title=\"Auf Twitter teilen\" class=\"synved-share-image synved-social-image synved-social-image-share\" width=\"32\" height=\"32\" style=\"display: inline;width:32px;height:32px;margin: 0;padding: 0;border: none;box-shadow: none\" src=\"https:\/\/ferne-welten.com\/wp-content\/plugins\/social-media-feather\/synved-social\/addons\/extra-icons\/image\/social\/circle\/64x64\/twitter.png\" \/><\/a><a class=\"synved-social-button synved-social-button-share synved-social-size-32 synved-social-resolution-single synved-social-provider-reddit nolightbox\" data-provider=\"reddit\" target=\"_blank\" rel=\"nofollow\" title=\"Auf Reddit teilen\" href=\"https:\/\/www.reddit.com\/submit?url=https%3A%2F%2Fferne-welten.com%2Findex.php%3Frest_route%3D%252Fwp%252Fv2%252Fposts%252F694&#038;title=Naturgeist%20im%20Auto\" style=\"font-size: 0px;width:32px;height:32px;margin:0;margin-bottom:5px;margin-right:5px\"><img loading=\"lazy\" decoding=\"async\" alt=\"reddit\" title=\"Auf Reddit teilen\" class=\"synved-share-image synved-social-image synved-social-image-share\" width=\"32\" height=\"32\" style=\"display: inline;width:32px;height:32px;margin: 0;padding: 0;border: none;box-shadow: none\" src=\"https:\/\/ferne-welten.com\/wp-content\/plugins\/social-media-feather\/synved-social\/addons\/extra-icons\/image\/social\/circle\/64x64\/reddit.png\" \/><\/a><a class=\"synved-social-button synved-social-button-share synved-social-size-32 synved-social-resolution-single synved-social-provider-pinterest nolightbox\" data-provider=\"pinterest\" target=\"_blank\" rel=\"nofollow\" title=\"Auf Pinterest pinnen\" href=\"https:\/\/pinterest.com\/pin\/create\/button\/?url=https%3A%2F%2Fferne-welten.com%2Findex.php%3Frest_route%3D%252Fwp%252Fv2%252Fposts%252F694&#038;media=&#038;description=Naturgeist%20im%20Auto\" style=\"font-size: 0px;width:32px;height:32px;margin:0;margin-bottom:5px;margin-right:5px\"><img loading=\"lazy\" decoding=\"async\" alt=\"pinterest\" title=\"Auf Pinterest pinnen\" class=\"synved-share-image synved-social-image synved-social-image-share\" width=\"32\" height=\"32\" style=\"display: inline;width:32px;height:32px;margin: 0;padding: 0;border: none;box-shadow: none\" src=\"https:\/\/ferne-welten.com\/wp-content\/plugins\/social-media-feather\/synved-social\/addons\/extra-icons\/image\/social\/circle\/64x64\/pinterest.png\" \/><\/a><a class=\"synved-social-button synved-social-button-share synved-social-size-32 synved-social-resolution-single synved-social-provider-linkedin nolightbox\" data-provider=\"linkedin\" target=\"_blank\" rel=\"nofollow\" title=\"Auf Linkedin teilen\" href=\"https:\/\/www.linkedin.com\/shareArticle?mini=true&#038;url=https%3A%2F%2Fferne-welten.com%2Findex.php%3Frest_route%3D%252Fwp%252Fv2%252Fposts%252F694&#038;title=Naturgeist%20im%20Auto\" style=\"font-size: 0px;width:32px;height:32px;margin:0;margin-bottom:5px;margin-right:5px\"><img loading=\"lazy\" decoding=\"async\" alt=\"linkedin\" title=\"Auf Linkedin teilen\" class=\"synved-share-image synved-social-image synved-social-image-share\" width=\"32\" height=\"32\" style=\"display: inline;width:32px;height:32px;margin: 0;padding: 0;border: none;box-shadow: none\" src=\"https:\/\/ferne-welten.com\/wp-content\/plugins\/social-media-feather\/synved-social\/addons\/extra-icons\/image\/social\/circle\/64x64\/linkedin.png\" \/><\/a><a class=\"synved-social-button synved-social-button-share synved-social-size-32 synved-social-resolution-single synved-social-provider-tumblr nolightbox\" data-provider=\"tumblr\" target=\"_blank\" rel=\"nofollow\" title=\"\u00dcber Tumblr teilen\" href=\"https:\/\/tumblr.com\/share?s=&#038;v=3&#038;t=Naturgeist%20im%20Auto&#038;u=https%3A%2F%2Fferne-welten.com%2Findex.php%3Frest_route%3D%252Fwp%252Fv2%252Fposts%252F694\" style=\"font-size: 0px;width:32px;height:32px;margin:0;margin-bottom:5px;margin-right:5px\"><img loading=\"lazy\" decoding=\"async\" alt=\"tumblr\" title=\"\u00dcber Tumblr teilen\" class=\"synved-share-image synved-social-image synved-social-image-share\" width=\"32\" height=\"32\" style=\"display: inline;width:32px;height:32px;margin: 0;padding: 0;border: none;box-shadow: none\" src=\"https:\/\/ferne-welten.com\/wp-content\/plugins\/social-media-feather\/synved-social\/addons\/extra-icons\/image\/social\/circle\/64x64\/tumblr.png\" \/><\/a><a class=\"synved-social-button synved-social-button-share synved-social-size-32 synved-social-resolution-single synved-social-provider-mail nolightbox\" data-provider=\"mail\" rel=\"nofollow\" title=\"Link per Mail weiterleiten\" href=\"mailto:?subject=Naturgeist%20im%20Auto&#038;body=Hey%20check%20this%20out:%20https%3A%2F%2Fferne-welten.com%2Findex.php%3Frest_route%3D%252Fwp%252Fv2%252Fposts%252F694\" style=\"font-size: 0px;width:32px;height:32px;margin:0;margin-bottom:5px\"><img loading=\"lazy\" decoding=\"async\" alt=\"mail\" title=\"Link per Mail weiterleiten\" class=\"synved-share-image synved-social-image synved-social-image-share\" width=\"32\" height=\"32\" style=\"display: inline;width:32px;height:32px;margin: 0;padding: 0;border: none;box-shadow: none\" src=\"https:\/\/ferne-welten.com\/wp-content\/plugins\/social-media-feather\/synved-social\/addons\/extra-icons\/image\/social\/circle\/64x64\/mail.png\" \/><\/a>","protected":false},"excerpt":{"rendered":"<p>Waldorfschulen und die Moderne? Das waren schon immer zwei Dinge, die nicht unbedingt harmonieren. Bereits der Gr\u00fcnder der Waldorfschulen, der anthroposophische Vordenker Rudolf Steiner, klagte \u00fcber die Moderne und den\u00a0\u201eMaterialismus\u201d.<\/p>\n","protected":false},"author":1,"featured_media":0,"comment_status":"open","ping_status":"open","sticky":false,"template":"","format":"standard","meta":{"footnotes":""},"categories":[79],"tags":[112,633,80,668,109,667,602],"class_list":["post-694","post","type-post","status-publish","format-standard","hentry","category-mythen","tag-anthroposophie","tag-erziehungskunst","tag-esoterik","tag-naturwesen","tag-rudolf-steiner","tag-thomas-mayer","tag-zwerge"],"_links":{"self":[{"href":"https:\/\/ferne-welten.com\/index.php?rest_route=\/wp\/v2\/posts\/694","targetHints":{"allow":["GET"]}}],"collection":[{"href":"https:\/\/ferne-welten.com\/index.php?rest_route=\/wp\/v2\/posts"}],"about":[{"href":"https:\/\/ferne-welten.com\/index.php?rest_route=\/wp\/v2\/types\/post"}],"author":[{"embeddable":true,"href":"https:\/\/ferne-welten.com\/index.php?rest_route=\/wp\/v2\/users\/1"}],"replies":[{"embeddable":true,"href":"https:\/\/ferne-welten.com\/index.php?rest_route=%2Fwp%2Fv2%2Fcomments&post=694"}],"version-history":[{"count":3,"href":"https:\/\/ferne-welten.com\/index.php?rest_route=\/wp\/v2\/posts\/694\/revisions"}],"predecessor-version":[{"id":1533,"href":"https:\/\/ferne-welten.com\/index.php?rest_route=\/wp\/v2\/posts\/694\/revisions\/1533"}],"wp:attachment":[{"href":"https:\/\/ferne-welten.com\/index.php?rest_route=%2Fwp%2Fv2%2Fmedia&parent=694"}],"wp:term":[{"taxonomy":"category","embeddable":true,"href":"https:\/\/ferne-welten.com\/index.php?rest_route=%2Fwp%2Fv2%2Fcategories&post=694"},{"taxonomy":"post_tag","embeddable":true,"href":"https:\/\/ferne-welten.com\/index.php?rest_route=%2Fwp%2Fv2%2Ftags&post=694"}],"curies":[{"name":"wp","href":"https:\/\/api.w.org\/{rel}","templated":true}]}}