{"id":696,"date":"2012-04-25T20:00:48","date_gmt":"2012-04-25T19:00:48","guid":{"rendered":"http:\/\/ferne-welten.com\/?p=696"},"modified":"2017-04-30T12:09:02","modified_gmt":"2017-04-30T11:09:02","slug":"partei-des-verschwoerungsideologen","status":"publish","type":"post","link":"https:\/\/ferne-welten.com\/?p=696","title":{"rendered":"Partei des Verschw\u00f6rungsideologen"},"content":{"rendered":"<p style=\"text-align: justify;\">Am 13. Mai 2012 wird in Nordrhein-Westfalen gew\u00e4hlt. Au\u00dfer den bekannten Parteien treten auch verschiedenere kleinere Parteien an. Um Stimmen buhlt die\u00a0\u201eFamilien-Partei Deutschland\u201d, die sich im anti-feministischen Jargon gegen\u00a0\u201eAktivisten des Gender Mainstream\u201d\u00a0ausspricht und nach eigenen Angaben weder\u00a0\u201eweder cool noch sexy\u201d\u00a0ist.Im Saarland kam das gut an. 1,7 Prozent der W\u00e4hler_innen machten ihr Kreuz bei der\u00a0\u201eFamilien-Partei\u201d, die damit sogar die FDP\u00a0<a href=\"http:\/\/www.spiegel.de\/politik\/deutschland\/0,1518,823642,00.html\">\u00fcbertrumpfte<\/a>. Am 13. Mai\u00a0 erhofft sich die Partei ganz \u00e4hnliche Ergebnisse.<\/p>\n<p style=\"text-align: justify;\"><!--more--><\/p>\n<p style=\"text-align: justify;\">Davon tr\u00e4umt allerdings auch eine weitere Partei. Die \u201ePartei der Vernunft\u201d(<a href=\"http:\/\/anonym.to\/?http:\/\/www.parteidervernunft.de\/\">PDV<\/a>) m\u00f6chte am liebsten das Erbe der FDP antreten. Dabei hofft sie auf die Stimmen von Verschw\u00f6rungsaktivist_innen und neoliberalen Kleinb\u00fcrger_innen. Die kleine Partei, zu deren Wahlparteitag gerade einmal\u00a0<a href=\"http:\/\/anonym.to\/?http:\/\/nordrhein-westfalen.parteidervernunft.de\/die-pdv-nrw-zieht-den-wahlkampf\">31\u00a0<\/a>Mitglieder erschienen, buhlt au\u00dferdem um die Unterst\u00fctzung von Europa-Hasser_innen, deutschen Pazifist_innen und Antikommunist_innen.<\/p>\n<p style=\"text-align: justify;\">Die Gruppierung wurde am 30. Mai 2009 in Hambach gegr\u00fcndet. Die Idee stammte vom Parteigr\u00fcnder und Bundesvorsitzenden\u00a0Oliver Janich, der zu dieser Zeit als Autor f\u00fcr den\u00a0\u201eFocus-Money\u201d\u00a0arbeitete. Dort schrieb er gegen den\u00a0\u201eKlimaschwindel\u201d\u00a0an und ver\u00f6ffentlichte\u00a0ein gro\u00dfes Spezial, mit\u00a0dem die Ideen der Verschw\u00f6rungsszene beworben wurden. Hier ging es um die Umdeutung der Ereignisse des 11. Septembers 2001. In einer seiner weiteren Kolumnen drohte er auch mit der Gr\u00fcndung einer\u00a0\u201ePartei der Vernunft\u201d, die er in mehreren Ausgaben des Focus-Ablegers bewarb, bis die\u00a0<a href=\"http:\/\/www.spiegel.de\/kultur\/gesellschaft\/0,1518,722258,00.html\">Staatsanwaltschaft gegen ihn ermittelte<\/a>, weil er Aktien von mindestens einem Start-up-Unternehmen angepriesen und so mitgeholfen haben soll, den Kurs nach oben zu treiben.<\/p>\n<p style=\"text-align: justify;\">Seit der Parteigr\u00fcndung ist Janich vor allem als Bundesvorsitzender aktiv. Seine Theorien bewirbt der umtriebige Parteivorsitzende unter anderem auf den Veranstaltungen der\u00a0\u201eTruther\u201d\u00a0und\u00a0\u201eInfokrieger\u201d. Im letzten Jahr war er Teilnehmer einer Veranstaltung gegen das\u00a0\u201eBilderberger\u201d\u2013Treffen in der Schweiz. Dort\u00a0<a href=\"http:\/\/www.youtube.com\/watch?v=IbVofHKW8IY\">sa\u00df er<\/a>\u00a0gemeinsam mit dem\u00a0Querfrontler J\u00fcrgen Els\u00e4sser\u00a0auf der B\u00fchne, um die Verschw\u00f6rungsfans mit Verschw\u00f6rungsmythen zu begeistern.<\/p>\n<p style=\"text-align: justify;\">Janich ist ein gefragter Interview-Partner f\u00fcr die verschw\u00f6rungsideologische\u00a0Internetseite\u00a0\u201eInfokrieg.tv\u201d. Auf dieser Internetseite werden die\u00a0Morde des\u00a0\u201eNationalsozialistischen Untergrunds\u201d\u00a0ebenso\u00a0umgedeutet\u00a0wie der m\u00f6rderische Terror der al-Qaida. Der Terror wird dort zum\u00a0\u201eInside Job\u201d\u00a0staatlicher Institutionen gemacht. Vom\u00a0\u201eInside Job\u201c\u00a0ist auch Janich \u00fcberzeugt, deswegen mobilisierte er mit einem\u00a0Online-Aufruf\u00a0zu einem\u00a0Aufmarsch von Anti-Amerikaner_innen, die zum zehnten Jahrestag der Anschl\u00e4ge des 11. September 2001 durch Karlsruhe marschierten.<\/p>\n<p style=\"text-align: justify;\">Diese Positionierung des Parteivorsitzenden findet sich auch im aktuellen Parteiprogramm\u00a0der\u00a0\u201ePartei der Vernunft\u201d. Dort wird eine\u00a0\u201eunabh\u00e4ngige Untersuchung der Ereignisse vom 11. September\u201c\u00a0sowie\u00a0\u201eeine Gerichtsverhandlung vor einem unabh\u00e4ngigen Gericht\u201c\u00a0gefordert.\u00a0 Es handelt sich um eine zentrale Forderung der\u00a0\u201eTruther\u201c\u00a0und\u00a0\u201eInfokrieger\u201c, die im Programm dieser Partei zu finden ist. Kein Wunder, dass sich auch einige bekanntere Verschw\u00f6rungsaktivisten f\u00fcr die kleine Partei engagieren. Da w\u00e4re zum Beispiel\u00a0\u201eKilez More\u201c, der am\u00a0 24. November 2011 auf einer\u00a0Parteiveranstaltung in M\u00fcnchen\u00a0auftrat. Dieser Verschw\u00f6rungsrapper\u00a0reimt, zur Freude der Partei-Mitglieder, \u00fcber\u00a0\u201eIluminaten\u201c, die f\u00fcr ihr\u00a0\u201eVolk\u201d\u00a0an einer\u201eWeltregierung\u201c\u00a0arbeiten w\u00fcrden.<\/p>\n<p style=\"text-align: justify;\">Im Parteiprogramm finden sich nicht nur verschw\u00f6rungsideologische Forderungen. Die\u00a0\u201ePartei der Vernunft\u201c\u00a0steht f\u00fcr die totale Abschaffung des verbliebenen Sozialstaats. Die Partei fordert einen\u00a0\u201evollst\u00e4ndig flexibilisierten Arbeitsmarkt\u201c\u00a0und eine\u00a0\u201eAufhebung des K\u00fcndigungsschutz\u201c. Die Rente soll abgeschafft werden. Die B\u00fcrger_innen sollen sich\u00a0\u201eprivat gegen alle Ungl\u00fccke des Lebens und f\u00fcr das Alter abzusichern\u201c, hei\u00dft es im Parteiprogramm.<\/p>\n<p style=\"text-align: justify;\">Migrant_innen soll das Leben in Deutschland weiter erschwert werden. Diese sollen\u00a0\u201eerst nach zehn Jahren Arbeit\u201c\u00a0die deutsche Staatsangeh\u00f6rigkeit erwerben k\u00f6nnen und auch erst dann durch die Sozialsysteme ber\u00fccksichtigt werden. Au\u00dferdem spricht man sich gegen bestimmte Kriegseins\u00e4tze aus. Das Ziel ist offensichtlich: Auf diese Weise sollen\u00a0friedensbewegte Deutsche\u00a0und andere Anti-Amerikaner_innen von den Zielen der Partei \u00fcberzeugt werden. Auf dem\u00a0<a href=\"http:\/\/anonym.to\/?http:\/\/www.friedensfestival.org\/\">\u201eFriedensfestival\u201d\u00a0<\/a>im Jahr 2011 polemisierte der Parteivorsitzende Janich auf dem Alexanderplatz in Berlin A<a href=\"http:\/\/vimeo.com\/14121462\">gegen amerikanische Kriege und\u00a0\u201eGeldverleiher\u201d<\/a>, die bereits von Jesus aus dem Tempel geworfen worden w\u00e4ren.<\/p>\n<p style=\"text-align: justify;\">Im Parteiprogramm und in den Reden des Verschw\u00f6rungsideologen Oliver Janich lassen Thesen entdecken, die an die strukturell antisemitische\u00a0\u201eZinskritik\u201c\u00a0eines Silvio Gesell und die\u00a0\u201elibert\u00e4re\u201dPropaganda des Ron Paul erinnern. Im Parteiprogramm wird von der\u00a0\u201eGeldsch\u00f6pfung der Gesch\u00e4ftsbanken aus dem Nichts\u201c\u00a0geschrieben und vor einem\u00a0\u201eungedeckten Papiergeldsystem\u201c\u00a0gewarnt. Stattdessen will sich die Partei f\u00fcr\u00a0\u201ealternative Geldsysteme wie die Regiogelder\u201c\u00a0einsetzen.<\/p>\n<p style=\"text-align: justify;\">Dazu passt die paranoide Angst vor dem Euro. Die Partei organisierte mehrere\u00a0Kundgebungen\u00a0gegen den\u00a0\u201eEuro-Wahn\u201c. In Berlin marschierten Parteimitglieder unter anderem am 14. Mai 2011 vor dem Reichstag auf. Als Redner war der\u00a0verschw\u00f6rungsideologische Querfrontler J\u00fcrgen Els\u00e4sser\u00a0eingeladen worden, der\u00a0\u201eLinke\u201c, \u201eRechte\u201c\u00a0und\u201eReligi\u00f6se\u201c\u00a0zu einer gro\u00dfen deutschen Gemeinschaft vereinen m\u00f6chte. In\u00a0<a href=\"http:\/\/www.youtube.com\/watch?v=oRrKflZL4S8\">seiner Rede<\/a>\u00a0warnte Els\u00e4sser vor einer\u00a0\u201eDiktatur der Kommissare\u201c.<\/p>\n<p style=\"text-align: justify;\">Die\u00a0\u201ePartei der Vernunft\u201c\u00a0(PDV) sieht in der Europ\u00e4ischen Union gar eine drohende\u00a0\u201eEUdSSR\u201c\u00a0und macht mit derartiger antikommunistischer Paranoia eine anti-europ\u00e4ische Politik. Dies geschah zum Beispiel auf der 26. Mitgliederversammlung der\u00a0<a href=\"http:\/\/de.wikipedia.org\/wiki\/Aktion_f%C3%BCr_eine_unabh%C3%A4ngige_und_neutrale_Schweiz\">AUNS\u00a0<\/a>(\u201eAktion f\u00fcr eine unabh\u00e4ngige und neutrale Schweiz\u201c).\u00a0<a href=\"http:\/\/anonym.to\/?http:\/\/www.parteidervernunft.de\/node\/1728\">Dort<\/a>\u00a0sprach sich das PDV-Bundesvorstandsmitglied Norbert Geng gegen die angeblich drohende\u00a0\u201eEUdSSR\u201c\u00a0aus. Seine Brandrede wurde vom AUNS-Vorsitzenden Pirmin Schwander eifrig beklatscht. Dieser sitzt au\u00dferdem f\u00fcr die rechtspopulistische\u00a0\u201eSchweizer Volkspartei\u201c\u00a0(SVP) im Nationalrat, er trat im auf einer\u00a0Veranstaltung gegen die\u00a0\u201eBilderberg-Konferenz\u201c\u00a0auf, die unter anderem von der antisemitischen Internetseite\u00a0\u201eAlles Schall und Rauch\u201c\u00a0organisiert wurde.<\/p>\n<p style=\"text-align: justify;\">Der Landtagswahlkampf in Nordrhein-Westfalen muss allerdings ohne derartige prominente Unterst\u00fctzung auskommen. Es sind die<a href=\"http:\/\/anonym.to\/?http:\/\/nordrhein-westfalen.parteidervernunft.de\/die-pdv-nrw-zieht-den-wahlkampf\">\u00a0f\u00fcnf Listenkandidat_innen<\/a>\u00a0und einige Partei-Kader, die den Wahlkampf der\u00a0\u201ePartei der Vernunft\u201c\u00a0unterst\u00fctzen, ein Wahlprogramm wurde bisher nicht ver\u00f6ffentlicht. Auf Listenplatz Eins tritt der Unternehmensberater Dieter Audehm an. Um sich die Stimmen der\u00a0\u201eTruther\u201c\u00a0und\u00a0\u201eInfokrieger\u201c\u00a0zu sichern, gab er dem Internetportal\u00a0\u201eInfokrieg.tv\u201c\u00a0ein\u00a0<a href=\"http:\/\/www.youtube.com\/watch?v=mxQDCjHm1XE\">ausf\u00fchrliches Interview<\/a>. Dieses Interview f\u00fcr die Verschw\u00f6rungswebsite wird nun \u00fcber die\u00a0<a href=\"http:\/\/anonym.to\/?http:\/\/nordrhein-westfalen.parteidervernunft.de\">Homepage\u00a0<\/a>des Landesverbandes verbreitet. Ansonsten wird die Kandidatur des Dieter Audehm vor allem \u00fcber soziale Netzwerke beworben, ganze 45 Personen\u00a0<a href=\"https:\/\/www.facebook.com\/DieterAudehm\">begeistern<\/a>\u00a0sich dort zur Zeit f\u00fcr den Spitzenkandidaten.<\/p>\n<p style=\"text-align: justify;\">\u00dcber die anderen Landtagskandidat_innen ist noch weniger bekannt. Der Wahlkampf wird vor allem \u00fcber eine mehr als\u00a0<a href=\"https:\/\/www.facebook.com\/Parteidervernunft.NRW\">unpers\u00f6nliche Facebook-Seite<\/a>\u00a0gef\u00fchrt. Au\u00dferdem wurde\u00a0<a href=\"http:\/\/www.youtube.com\/watch?v=zotRMVgJNYo\">ein Wahlwerbespot<\/a>\u00a0finanziert, der die W\u00e4hler_innen mit\u00a0<a href=\"http:\/\/www.youtube.com\/watch?v=Qh2sWSVRrmo\">kleinen Kindern<\/a>\u00a0umwirbt. Auf der Facebook-Seite findet sich eine der wenigen inhaltlichen Positionierungen.<\/p>\n<p style=\"text-align: justify;\">Die Seite ver\u00f6ffentlichte eine\u00a0<a href=\"https:\/\/www.facebook.com\/photo.php?v=1659175159546&amp;set=vb.188720451164464&amp;type=2&amp;theater\">Rede des Dieter Ber<\/a>, der zumindest zeitweilig im Bundes\u2013 und im Landesvorstand der Partei aktiv war. Ber stellte die Behauptung auf, dass im Bundestag\u00a0\u201ePl\u00e4ne geschmiedet\u201c\u00a0w\u00fcrden, die ihn an die\u00a0\u201ePlanwirtschaft der Kommunisten\u201c\u00a0erinnerten und warnte im antikommunistischen Jargon vor einer\u00a0\u201e\u00f6koszialistischen, planwirtschaftlichen Wohlf\u00fchldiktatur\u201c. In der\u00a0\u201eKlimapolitik\u201c\u00a0sah er\u00a0\u201eBlasphemie und G\u00f6ttesl\u00e4sterung\u201c, f\u00fcr die Klimaerw\u00e4rmung machte er Vulkane verantwortlich. Ber behauptete, dass es eine\u00a0\u201elangfristige Strategie der Kommunisten\u201c\u00a0gebe, mit denen alle anderen Parteien unterwandert werden w\u00fcrden, die einzige Alternative sei die\u00a0\u201ePartei der Vernunft\u201c.<\/p>\n<p style=\"text-align: justify;\">Mit anti-europ\u00e4ischen, verschw\u00f6rungsideologischen und antikommunistischen Forderungen wird nun auf Stimmenfang gegangen. Es werden auch\u00a0\u201eTruther\u201c\u00a0und\u00a0\u201eInfokrieger\u201c\u00a0sein, die am 13. Mai ihr Kreuz bei der\u00a0\u201ePartei der Vernunft\u201c\u00a0machen werden. Die Partei hofft auf einen Achtungserfolg, auf den sie aufbauen kann. Ob dieser Wunsch allerdings in Erf\u00fcllung geht, wird sich erst in wenigen Wochen zeigen.<\/p>\n<a class=\"synved-social-button synved-social-button-share synved-social-size-32 synved-social-resolution-single synved-social-provider-facebook nolightbox\" data-provider=\"facebook\" target=\"_blank\" rel=\"nofollow\" title=\"Auf Facebook teilen\" href=\"https:\/\/www.facebook.com\/sharer.php?u=https%3A%2F%2Fferne-welten.com%2Findex.php%3Frest_route%3D%252Fwp%252Fv2%252Fposts%252F696&#038;t=Partei%20des%20Verschw%C3%B6rungsideologen&#038;s=100&#038;p&#091;url&#093;=https%3A%2F%2Fferne-welten.com%2Findex.php%3Frest_route%3D%252Fwp%252Fv2%252Fposts%252F696&#038;p&#091;images&#093;&#091;0&#093;=&#038;p&#091;title&#093;=Partei%20des%20Verschw%C3%B6rungsideologen\" style=\"font-size: 0px;width:32px;height:32px;margin:0;margin-bottom:5px;margin-right:5px\"><img loading=\"lazy\" decoding=\"async\" alt=\"Facebook\" title=\"Auf Facebook teilen\" class=\"synved-share-image synved-social-image synved-social-image-share\" width=\"32\" height=\"32\" style=\"display: inline;width:32px;height:32px;margin: 0;padding: 0;border: none;box-shadow: none\" src=\"https:\/\/ferne-welten.com\/wp-content\/plugins\/social-media-feather\/synved-social\/addons\/extra-icons\/image\/social\/circle\/64x64\/facebook.png\" \/><\/a><a class=\"synved-social-button synved-social-button-share synved-social-size-32 synved-social-resolution-single synved-social-provider-twitter nolightbox\" data-provider=\"twitter\" target=\"_blank\" rel=\"nofollow\" title=\"Auf Twitter teilen\" href=\"https:\/\/twitter.com\/intent\/tweet?url=https%3A%2F%2Fferne-welten.com%2Findex.php%3Frest_route%3D%252Fwp%252Fv2%252Fposts%252F696&#038;text=Hey%20check%20this%20out\" style=\"font-size: 0px;width:32px;height:32px;margin:0;margin-bottom:5px;margin-right:5px\"><img loading=\"lazy\" decoding=\"async\" alt=\"twitter\" title=\"Auf Twitter teilen\" class=\"synved-share-image synved-social-image synved-social-image-share\" width=\"32\" height=\"32\" style=\"display: inline;width:32px;height:32px;margin: 0;padding: 0;border: none;box-shadow: none\" src=\"https:\/\/ferne-welten.com\/wp-content\/plugins\/social-media-feather\/synved-social\/addons\/extra-icons\/image\/social\/circle\/64x64\/twitter.png\" \/><\/a><a class=\"synved-social-button synved-social-button-share synved-social-size-32 synved-social-resolution-single synved-social-provider-reddit nolightbox\" data-provider=\"reddit\" target=\"_blank\" rel=\"nofollow\" title=\"Auf Reddit teilen\" href=\"https:\/\/www.reddit.com\/submit?url=https%3A%2F%2Fferne-welten.com%2Findex.php%3Frest_route%3D%252Fwp%252Fv2%252Fposts%252F696&#038;title=Partei%20des%20Verschw%C3%B6rungsideologen\" style=\"font-size: 0px;width:32px;height:32px;margin:0;margin-bottom:5px;margin-right:5px\"><img loading=\"lazy\" decoding=\"async\" alt=\"reddit\" title=\"Auf Reddit teilen\" class=\"synved-share-image synved-social-image synved-social-image-share\" width=\"32\" height=\"32\" style=\"display: inline;width:32px;height:32px;margin: 0;padding: 0;border: none;box-shadow: none\" src=\"https:\/\/ferne-welten.com\/wp-content\/plugins\/social-media-feather\/synved-social\/addons\/extra-icons\/image\/social\/circle\/64x64\/reddit.png\" \/><\/a><a class=\"synved-social-button synved-social-button-share synved-social-size-32 synved-social-resolution-single synved-social-provider-pinterest nolightbox\" data-provider=\"pinterest\" target=\"_blank\" rel=\"nofollow\" title=\"Auf Pinterest pinnen\" href=\"https:\/\/pinterest.com\/pin\/create\/button\/?url=https%3A%2F%2Fferne-welten.com%2Findex.php%3Frest_route%3D%252Fwp%252Fv2%252Fposts%252F696&#038;media=&#038;description=Partei%20des%20Verschw%C3%B6rungsideologen\" style=\"font-size: 0px;width:32px;height:32px;margin:0;margin-bottom:5px;margin-right:5px\"><img loading=\"lazy\" decoding=\"async\" alt=\"pinterest\" title=\"Auf Pinterest pinnen\" class=\"synved-share-image synved-social-image synved-social-image-share\" width=\"32\" height=\"32\" style=\"display: inline;width:32px;height:32px;margin: 0;padding: 0;border: none;box-shadow: none\" src=\"https:\/\/ferne-welten.com\/wp-content\/plugins\/social-media-feather\/synved-social\/addons\/extra-icons\/image\/social\/circle\/64x64\/pinterest.png\" \/><\/a><a class=\"synved-social-button synved-social-button-share synved-social-size-32 synved-social-resolution-single synved-social-provider-linkedin nolightbox\" data-provider=\"linkedin\" target=\"_blank\" rel=\"nofollow\" title=\"Auf Linkedin teilen\" href=\"https:\/\/www.linkedin.com\/shareArticle?mini=true&#038;url=https%3A%2F%2Fferne-welten.com%2Findex.php%3Frest_route%3D%252Fwp%252Fv2%252Fposts%252F696&#038;title=Partei%20des%20Verschw%C3%B6rungsideologen\" style=\"font-size: 0px;width:32px;height:32px;margin:0;margin-bottom:5px;margin-right:5px\"><img loading=\"lazy\" decoding=\"async\" alt=\"linkedin\" title=\"Auf Linkedin teilen\" class=\"synved-share-image synved-social-image synved-social-image-share\" width=\"32\" height=\"32\" style=\"display: inline;width:32px;height:32px;margin: 0;padding: 0;border: none;box-shadow: none\" src=\"https:\/\/ferne-welten.com\/wp-content\/plugins\/social-media-feather\/synved-social\/addons\/extra-icons\/image\/social\/circle\/64x64\/linkedin.png\" \/><\/a><a class=\"synved-social-button synved-social-button-share synved-social-size-32 synved-social-resolution-single synved-social-provider-tumblr nolightbox\" data-provider=\"tumblr\" target=\"_blank\" rel=\"nofollow\" title=\"\u00dcber Tumblr teilen\" href=\"https:\/\/tumblr.com\/share?s=&#038;v=3&#038;t=Partei%20des%20Verschw%C3%B6rungsideologen&#038;u=https%3A%2F%2Fferne-welten.com%2Findex.php%3Frest_route%3D%252Fwp%252Fv2%252Fposts%252F696\" style=\"font-size: 0px;width:32px;height:32px;margin:0;margin-bottom:5px;margin-right:5px\"><img loading=\"lazy\" decoding=\"async\" alt=\"tumblr\" title=\"\u00dcber Tumblr teilen\" class=\"synved-share-image synved-social-image synved-social-image-share\" width=\"32\" height=\"32\" style=\"display: inline;width:32px;height:32px;margin: 0;padding: 0;border: none;box-shadow: none\" src=\"https:\/\/ferne-welten.com\/wp-content\/plugins\/social-media-feather\/synved-social\/addons\/extra-icons\/image\/social\/circle\/64x64\/tumblr.png\" \/><\/a><a class=\"synved-social-button synved-social-button-share synved-social-size-32 synved-social-resolution-single synved-social-provider-mail nolightbox\" data-provider=\"mail\" rel=\"nofollow\" title=\"Link per Mail weiterleiten\" href=\"mailto:?subject=Partei%20des%20Verschw%C3%B6rungsideologen&#038;body=Hey%20check%20this%20out:%20https%3A%2F%2Fferne-welten.com%2Findex.php%3Frest_route%3D%252Fwp%252Fv2%252Fposts%252F696\" style=\"font-size: 0px;width:32px;height:32px;margin:0;margin-bottom:5px\"><img loading=\"lazy\" decoding=\"async\" alt=\"mail\" title=\"Link per Mail weiterleiten\" class=\"synved-share-image synved-social-image synved-social-image-share\" width=\"32\" height=\"32\" style=\"display: inline;width:32px;height:32px;margin: 0;padding: 0;border: none;box-shadow: none\" src=\"https:\/\/ferne-welten.com\/wp-content\/plugins\/social-media-feather\/synved-social\/addons\/extra-icons\/image\/social\/circle\/64x64\/mail.png\" \/><\/a>","protected":false},"excerpt":{"rendered":"<p>Am 13. Mai 2012 wird in Nordrhein-Westfalen gew\u00e4hlt. Au\u00dfer den bekannten Parteien treten auch verschiedenere kleinere Parteien an. Um Stimmen buhlt die\u00a0\u201eFamilien-Partei Deutschland\u201d, die sich im anti-feministischen Jargon gegen\u00a0\u201eAktivisten des Gender Mainstream\u201d\u00a0ausspricht und nach eigenen Angaben weder\u00a0\u201eweder cool noch sexy\u201d\u00a0ist.Im&#8230;<br \/><a class=\"read-more-button\" href=\"https:\/\/ferne-welten.com\/?p=696\">Read more<\/a><\/p>\n","protected":false},"author":1,"featured_media":0,"comment_status":"open","ping_status":"open","sticky":false,"template":"","format":"standard","meta":{"footnotes":""},"categories":[79],"tags":[277,260,278,279,280,281,231,82,224],"class_list":["post-696","post","type-post","status-publish","format-standard","hentry","category-mythen","tag-auns","tag-dieter-audehm","tag-dieter-ber","tag-elsaesser","tag-friedensfestival","tag-infokrieg","tag-kilez-more","tag-oliver-janich","tag-pdv"],"_links":{"self":[{"href":"https:\/\/ferne-welten.com\/index.php?rest_route=\/wp\/v2\/posts\/696","targetHints":{"allow":["GET"]}}],"collection":[{"href":"https:\/\/ferne-welten.com\/index.php?rest_route=\/wp\/v2\/posts"}],"about":[{"href":"https:\/\/ferne-welten.com\/index.php?rest_route=\/wp\/v2\/types\/post"}],"author":[{"embeddable":true,"href":"https:\/\/ferne-welten.com\/index.php?rest_route=\/wp\/v2\/users\/1"}],"replies":[{"embeddable":true,"href":"https:\/\/ferne-welten.com\/index.php?rest_route=%2Fwp%2Fv2%2Fcomments&post=696"}],"version-history":[{"count":2,"href":"https:\/\/ferne-welten.com\/index.php?rest_route=\/wp\/v2\/posts\/696\/revisions"}],"predecessor-version":[{"id":1415,"href":"https:\/\/ferne-welten.com\/index.php?rest_route=\/wp\/v2\/posts\/696\/revisions\/1415"}],"wp:attachment":[{"href":"https:\/\/ferne-welten.com\/index.php?rest_route=%2Fwp%2Fv2%2Fmedia&parent=696"}],"wp:term":[{"taxonomy":"category","embeddable":true,"href":"https:\/\/ferne-welten.com\/index.php?rest_route=%2Fwp%2Fv2%2Fcategories&post=696"},{"taxonomy":"post_tag","embeddable":true,"href":"https:\/\/ferne-welten.com\/index.php?rest_route=%2Fwp%2Fv2%2Ftags&post=696"}],"curies":[{"name":"wp","href":"https:\/\/api.w.org\/{rel}","templated":true}]}}