{"id":716,"date":"2016-12-07T14:12:51","date_gmt":"2016-12-07T13:12:51","guid":{"rendered":"http:\/\/ferne-welten.com\/?p=716"},"modified":"2016-12-11T12:50:30","modified_gmt":"2016-12-11T11:50:30","slug":"abend-sozialdemokratie","status":"publish","type":"post","link":"https:\/\/ferne-welten.com\/?p=716","title":{"rendered":"Der Abend der Sozialdemokratie"},"content":{"rendered":"<p style=\"text-align: justify;\">Oldenburg: Ansammlung von H\u00e4usern in der Grenzregion zu Ostfriesland. Besorgte Bewohner_innen betreiben anti-israelische Debatten, die Leserbriefspalten, Weblogs und Kommentarfelder f\u00fcllen. In den vergangenen Monaten urteilten sie \u00fcber Israel, weil sich ein hiesiger P\u00e4dagoge als Aktivist der\u00a0antisemitischen Bewegung &#8222;<em>Boycott, Divestment and Sanctions&#8220; (<\/em>BDS) inszeniert. Nun wurde auch unter Sozialdemokrat_innen \u00fcber den Aktivisten, die Boykottkampagne und Israel gesprochen.<\/p>\n<p style=\"text-align: justify;\"><!--more--><\/p>\n<p style=\"text-align: justify;\"><strong>Vorgeschichte zur\u00a0Veranstaltung<\/strong><\/p>\n<p style=\"text-align: justify;\">Der Lehrer, Christoph Glanz, geht derzeit <a href=\"http:\/\/www.mena-watch.com\/mena-analysen-beitraege\/eine-deutsche-gewerkschaft-und-die-israelboykottbewegung\/\" target=\"_blank\">juristisch<\/a>\u00a0gegen eine sozialdemokratische Stadtratsabgeordnete vor. Sie war eine der wenigen Personen, die eine ad\u00e4quate Einordnung der Ideologie des <a href=\"http:\/\/antifaelf.blogsport.de\/2016\/06\/16\/kurz-notiert-9\/\" target=\"_blank\">Aktivisten<\/a>\u00a0vornahm. W\u00e4hrenddessen <a href=\"https:\/\/lizaswelt.net\/2016\/10\/28\/bds-nicht-in-unserem-namen\/\" target=\"_blank\">solidarisierte <\/a>sich der <a href=\"http:\/\/ferne-welten.com\/?p=395\" target=\"_blank\">hiesige<\/a>\u00a0Ableger <a href=\"http:\/\/gewantifa.blogsport.eu\/das-gift-des-nationalismus-wirkt-es-geht-nicht-nur-um-wagenknecht-die-rechte-ideologie-und-politik-der-sogenannten-linkspartei\/\" target=\"_blank\">der<\/a>\u00a0sogenannten <a href=\"http:\/\/ferne-welten.com\/?p=418\" target=\"_blank\">Linkspartei<\/a>, deren bekanntester Kader als Verteidiger des Lehrers in Erscheinung tritt. <a href=\"http:\/\/www.nwzonline.de\/oldenburg\/politik\/gewerkschaft-stellt-sich-hinter-lehrer-glanz_a_31,1,2218183216.html\" target=\"_blank\">Teile<\/a>\u00a0der <a href=\"https:\/\/lizaswelt.net\/2016\/09\/12\/von-der-unkenntnis-einer-bildungsgewerkschaft\/\" target=\"_blank\">Gewerkschaftsb\u00fcrokratie<\/a>\u00a0boten\u00a0dem P\u00e4dagogen zuvor eine Publikationsm\u00f6glichkeit abseits von Weblogs wie dem antisemitischen Portal\u00a0<em>&#8222;The Electronic Intifada&#8220;.\u00a0<\/em><\/p>\n<p style=\"text-align: justify;\">Einheimische schrieben derweil Leserbriefe und Kommentare. Deutsche Befindlichkeiten wurden in der Lokalzeitung und im Netz ausgelebt. \u00a0Manche <a href=\"http:\/\/www.nwzonline.de\/leserbriefe\/antisemitismus-vorwurf-loest-diskussion-aus_a_31,1,2719736914.html\" target=\"_blank\">beklagten<\/a>\u00a0eine angebliche <em>&#8222;Besatzung und Kolonisierung&#8220;<\/em>, um sich f\u00fcr die Boykottbewegung und damit gegen den Staat der Shoah-\u00dcberlebenden auszusprechen. Andere <a href=\"https:\/\/www.oldenburger-rundschau.de\/2016\/11\/29\/zur-oldenburger-bds-debatte\/\" target=\"_blank\">beschwerten<\/a>\u00a0sich derweil \u00fcber\u00a0<em>&#8222;infla\u00adtio\u00adn\u00e4\u00adre Anti\u00adse\u00admi\u00adtis\u00admus\u00advor\u00adw\u00fcr\u00adfe&#8220;.\u00a0<\/em>Kritik wurde zum <em>&#8222;Kon\u00adstru\u00adie\u00adren von &#8218;Argu\u00admen\u00adten'&#8220; <\/em><a href=\"https:\/\/www.oldenburger-rundschau.de\/2016\/11\/29\/zur-oldenburger-bds-debatte\/\" target=\"_blank\">gemacht<\/a><em>, <\/em>w\u00e4hrend sich<em> w<\/em>eitere Akteure gar in einem &#8222;<i>Unterdr\u00fcckungskrieg&#8220; <\/i><a href=\"http:\/\/ferne-welten.com\/wp-content\/uploads\/2016\/12\/BDS-OL.jpg\" target=\"_blank\">w\u00e4hnten<\/a>,\u00a0f\u00fcr den der israelische Staat\u00a0verantwortlich sei.<\/p>\n<p style=\"text-align: justify;\">F\u00fcr den sozialdemokratischen Ortsverband der Anlass, um am 17. November in einer Kneipe zu einem\u00a0<em>&#8222;Oldenburger Abend&#8220;<\/em>\u00a0\u00a0<a href=\"http:\/\/ferne-welten.com\/wp-content\/uploads\/2016\/12\/SPD-Art-FB2-1.jpg\" target=\"_blank\">einzuladen<\/a>. Im Hinterzimmer der mit kubanischen Stilelementen ausgestatteten Lokalit\u00e4t sollte \u00fcber <a href=\"http:\/\/ferne-welten.com\/wp-content\/uploads\/2016\/12\/SPD-Art-FB2-1.jpg\" target=\"_blank\">Antisemitismus und Israel <\/a>gesprochen werden. Lokalpolitiker_innen und Mitglieder des saturierten B\u00fcrgertums\u00a0waren zusammengekommen, um sich Fragen zu widmen. Bei Becks und weiteren Kaltgetr\u00e4nken, fast in direkter N\u00e4he zum ikonischen Wandportr\u00e4t des kubanischen Leninisten Ernesto <em>&#8222;Che&#8220;<\/em> Guevara, versuchte die Sozialdemokratie, Antworten zu geben.<\/p>\n<p style=\"text-align: justify;\"><strong>Fragen\u00a0der Sozialdemokratie<\/strong><\/p>\n<p style=\"text-align: justify;\"><em>&#8222;Was ist Antisemitismus? Was ist Kritik an der Politik der Regierung Israels?&#8220; <\/em>Fragen\u00a0des Ortsverbandes, die auch anti-israelische Akteure zur Teilnahme motiviert haben mag. Antworten sollte zun\u00e4chst Helmut Hafner formulieren, der als Mitarbeiter der Bremer Senatskanzlei unter anderem f\u00fcr religi\u00f6se und weltanschauliche Fragen verantwortlich ist. In dieser Funktion organisiert er im dortigen Rathaus die <em>&#8222;Nacht der Jugend&#8220;<\/em>, die <em>&#8222;j\u00e4hrlich zum Gedenken an die Opfer der Reichspogromnacht&#8220;<\/em> <a href=\"http:\/\/www.sat1regional.de\/videos\/article\/nacht-der-jugend-im-bremer-rathaus-erinnerung-an-opfer-der-reichspogromnacht-218824.html\" target=\"_blank\">stattfindet<\/a>, um auch mit Rap und Rock\u00a0toten J\u00fcdinnen und Juden zu gedenken.<\/p>\n<p style=\"text-align: justify;\">Als Verantwortlicher trat der selbsternannte <em>&#8222;Exot&#8220;<\/em> in der Vergangenheit vor die Presse, um f\u00fcr die abendliche Zusammenkunft zu werben. Der TAZ <a href=\"http:\/\/www.taz.de\/!5079720\/\" target=\"_blank\">erz\u00e4hlte <\/a>Hafner zum Beispiel, wie er einen j\u00fcdischen Sch\u00fcler belehrte, der eine Kritik formulierte, als tanzende Cheerleader am Jahrestag der deutschen Pogrome ein <em>&#8222;Zeichen&#8220;<\/em> setzen sollten: <em>&#8222;Diese 15 jungen Frauen aus acht Nationen \u00fcben das ganze Jahr, nun wollen sie ihren Sport hier zeigen, um ein Zeichen gegen Antisemitismus und Rassismus zu setzen. Willst du die drau\u00dfen haben&#8220;<\/em>, fragte der Referent, der sich nicht vom Vorhaben abbringen lie\u00df, sodass die Truppe auftrat.<\/p>\n<p style=\"text-align: justify;\">Unter Werbebannern der Sozialdemokrat_innen sa\u00dfen der Landtagsabgeordnete <a href=\"https:\/\/de.wikipedia.org\/wiki\/Ulf_Prange\" target=\"_blank\">Ulf Prange<\/a>, der durch den Abend f\u00fchrte, sowie Hafner, der ein Impulsreferat hielt, bevor Teile des Publikums Wortbeitr\u00e4ge formulierten. Lokalpatriot Prange, dem laut Werbebanner\u00a0<em>&#8222;unser Oldenburg am Herzen&#8220;<\/em> liegt, er\u00f6ffnete\u00a0im \u00fcberf\u00fcllten Hinterzimmer des <em>&#8222;Havanna&#8220;<\/em>\u00a0durch eine bezeichnende Einleitung, mit der er die Fragestellung entscheidend ausweitete. Der Landtagsabgeordnete sprach von <em>&#8222;berechtigter Israelkritik&#8220;<\/em>, die sich angeblich vom ordin\u00e4ren Antisemitismus unterscheiden w\u00fcrde. Nach dieser Er\u00f6ffnung, die manche Geschehnisse des Abends vorwegnahm, \u00fcbergab er an den Referenten der Sozialdemokratie.<\/p>\n<div id=\"attachment_814\" style=\"width: 810px\" class=\"wp-caption aligncenter\"><a href=\"http:\/\/ferne-welten.com\/wp-content\/uploads\/2016\/12\/Havanna-OL.jpg\"><img loading=\"lazy\" decoding=\"async\" aria-describedby=\"caption-attachment-814\" class=\"size-full wp-image-814\" src=\"http:\/\/ferne-welten.com\/wp-content\/uploads\/2016\/12\/Havanna-OL.jpg\" alt=\"\" width=\"800\" height=\"451\" srcset=\"https:\/\/ferne-welten.com\/wp-content\/uploads\/2016\/12\/Havanna-OL.jpg 800w, https:\/\/ferne-welten.com\/wp-content\/uploads\/2016\/12\/Havanna-OL-300x169.jpg 300w, https:\/\/ferne-welten.com\/wp-content\/uploads\/2016\/12\/Havanna-OL-768x433.jpg 768w, https:\/\/ferne-welten.com\/wp-content\/uploads\/2016\/12\/Havanna-OL-680x383.jpg 680w, https:\/\/ferne-welten.com\/wp-content\/uploads\/2016\/12\/Havanna-OL-710x400.jpg 710w\" sizes=\"auto, (max-width: 800px) 100vw, 800px\" \/><\/a><p id=\"caption-attachment-814\" class=\"wp-caption-text\">Provinzkneipe: Versammlungsort der Sozialdemokratie<\/p><\/div>\n<p style=\"text-align: justify;\"><strong>Positionen deutscher Sozialdemokrat_innen<\/strong><\/p>\n<p style=\"text-align: justify;\">Helmut Hafner befasste sich weniger mit den Strukturen des Antisemitismus, sondern positionierte sich zun\u00e4chst in Bezug auf den andauernden Krieg\u00a0zwischen antisemitischen Rackets wie der Hamas und der b\u00fcrgerlichen Demokratie in Israel. Er wollte<em> &#8222;mehrere Wahrheiten&#8220;<\/em>\u00a0ausgemacht haben. Nicht n\u00e4her benannte\u00a0<em>&#8222;Gro\u00dfm\u00e4chte&#8220;<\/em>, die <em>&#8222;seit \u00fcber 100 Jahren in der Region&#8220;<\/em> aktiv seien, wurden im Anschluss in Mitverantwortung genommen. Nach wenigen Worten zur industriellen Vernichtung von J\u00fcdinnen und Juden widmete sich der Referent dem Begriff des Antisemiten.<\/p>\n<p style=\"text-align: justify;\"><em>\u201eF\u00fcr mich gibt es keine schlimmere Benennung eines Menschen, als wenn man ihn als Antisemiten bezeichnet\u201c<\/em>, urteilte Hafner. Der Referent machte einen <em>&#8222;inflation\u00e4ren Gebrauch&#8220;<\/em> der Bezeichnung aus, die wie <em>&#8222;ein Makel&#8220;<\/em> wirken w\u00fcrde. Daher meidet er die gef\u00fcrchtete Einordnung. So schien Hafner altbekannte Diskurse zu reproduzieren, die die deutsche Debatte in den Vergangenheit pr\u00e4gten. Auf den Spuren von <a href=\"http:\/\/www.hagalil.com\/antisemitismus\/deutschland\/walser-1.htm\" target=\"_blank\">Walser<\/a>\u00a0und <a href=\"http:\/\/jungle-world.com\/artikel\/2015\/26\/52219.html\" target=\"_blank\">Augstein<\/a>\u00a0wurde die Benennung und Einordnung von Antisemiten verweigert.<\/p>\n<p style=\"text-align: justify;\">Eine Reproduktion g\u00e4ngiger Denkmuster deutscher Ideologie lie\u00df sich im weiteren Verlauf des Referats erleben. Hafner bezog sich dabei auf einen Begriff der revisionistischen Propaganda, mit dem Deutsche schon in den 1950er Jahren gegen Kritik immunisieren wollten. Sie konstruierten eine durch Alliierte erhobene\u00a0<em>&#8222;Kollektivschuld&#8220;<\/em>, unter der die Deutschen leiden w\u00fcrden<em>. <\/em>So machten sich die Apologeten, die gegen die angebliche <em>&#8222;Kollektivschuld&#8220;<\/em> ansprachen, zu<em>\u00a0<\/em>Opfern geschichtlicher Vorg\u00e4nge, ohne dass Verantwortung benannt werden musste.<\/p>\n<p style=\"text-align: justify;\">Dieser Begriff, der heute in Redebeitr\u00e4gen nationalsozialistischer Hetzer zur Entlastung bem\u00fcht wird, wurde durch den Referenten verwendet, um kollektive Schuld f\u00fcr die anwesenden Nachfahr_innen abzuwehren. In diesem Fall konnte Hafner Teile des\u00a0Publikums beruhigen: <em>&#8222;Es gibt keine deutsche Kollektivschuld&#8220;<\/em>, formulierte der Redner. Schon Mitte des vergangenen Jahrhunderts, in dunklen Zeiten der Adenauer-\u00c4ra, l\u00f6ste der Begriff der Kollektivschuld, ein Konzept zur Abwehr von Erinnerung, stets rituelle Emp\u00f6rung aus. Im neuen Jahrtausend reicht ein Abstecher zu Sozialdemokrat_innen, um \u00e4hnliche Empfindungen zu erleben.<\/p>\n<p style=\"text-align: justify;\">Im Laufe des Abends redeten Zuh\u00f6rer_innen ins Saalmikrofon, um den Redner in seiner spezifischen Form der Emp\u00f6rung zu best\u00e4tigen. Ein SPD-Mitglied aus Wilhelmshaven meldete sich bald nach den ersten Einlassungen des Referenten zu Wort, um von unschuldigen Verwandten und seiner Person zu berichten &#8211; sowie gegen <em>&#8222;Kollektivschuld&#8220;<\/em> anzusprechen. Er wurde durch den Mitarbeiter des Bremer Senats best\u00e4tigt, der seine Konstruktion der kollektiven Unschuld wiederholte.<\/p>\n<div id=\"attachment_777\" style=\"width: 2871px\" class=\"wp-caption alignnone\"><a href=\"http:\/\/ferne-welten.com\/wp-content\/uploads\/2016\/12\/SPD-Art-Live3.jpg\"><img loading=\"lazy\" decoding=\"async\" aria-describedby=\"caption-attachment-777\" class=\"wp-image-777 size-full\" src=\"http:\/\/ferne-welten.com\/wp-content\/uploads\/2016\/12\/SPD-Art-Live3.jpg\" alt=\"spd-art-live3\" width=\"2861\" height=\"1142\" srcset=\"https:\/\/ferne-welten.com\/wp-content\/uploads\/2016\/12\/SPD-Art-Live3.jpg 2861w, https:\/\/ferne-welten.com\/wp-content\/uploads\/2016\/12\/SPD-Art-Live3-300x120.jpg 300w, https:\/\/ferne-welten.com\/wp-content\/uploads\/2016\/12\/SPD-Art-Live3-768x307.jpg 768w, https:\/\/ferne-welten.com\/wp-content\/uploads\/2016\/12\/SPD-Art-Live3-1024x409.jpg 1024w, https:\/\/ferne-welten.com\/wp-content\/uploads\/2016\/12\/SPD-Art-Live3-940x375.jpg 940w, https:\/\/ferne-welten.com\/wp-content\/uploads\/2016\/12\/SPD-Art-Live3-1002x400.jpg 1002w\" sizes=\"auto, (max-width: 2861px) 100vw, 2861px\" \/><\/a><p id=\"caption-attachment-777\" class=\"wp-caption-text\">Tischdekoration: Deutsche Phrasen gegen Stillstand<\/p><\/div>\n<p style=\"text-align: justify;\"><strong>Freund_innen der Sozialdemokratie<\/strong><\/p>\n<p style=\"text-align: justify;\">Helmut Hafner verwies wiederholt auf Kooperationen mit dem anwesenden Sprecher einer pro-pal\u00e4stinensischen Organisation<em>, <\/em>der ebenfalls\u00a0aus der nahen Gro\u00dfstadt angereist war. Mit seinem <em>&#8222;Bruder&#8220;<\/em>\u00a0h\u00e4tte er es geschafft, <em>&#8222;Konflikte nicht in Bremen&#8220;<\/em> auszutragen. Die Vielzahl antisemitischer Aufm\u00e4rsche, Aktionen und Attacken, die es seit vielen Jahren in dieser Metropole gibt, spielten nur eine nebens\u00e4chliche Rolle. Hafner redete kaum \u00fcber Manifestationen gegen Israel, an denen sich in der Vergangenheit mehrere tausend Menschen in Bremen beteiligten. Stattdessen stellte sich der promovierte Theologe als Mittler dar, der einen fernen Konflikt zumindest am Wohnort befriedet.<\/p>\n<p style=\"text-align: justify;\">Hafner\u00a0schwieg von den Inhalten der Organisation, zu der der\u00a0<em>&#8222;Bruder&#8220;<\/em> geh\u00f6rt. Von aktuellen Einlassungen des Verbandes, der in einem Tonfall von Paranoia vor dem <em>&#8222;Bau von Kolonien im besetzten Pal\u00e4stina&#8220;<\/em> warnt, war nicht die Rede. Daf\u00fcr sprach Hafner von <em>&#8222;Fanatikern&#8220;<\/em>, die auf <em>&#8222;beiden Seiten&#8220;<\/em> existieren w\u00fcrden. Diesen Menschen sei mit <em>&#8222;Verst\u00e4ndnis&#8220;<\/em> zu begegnen, forderte der Mitarbeiter in der Bremer Senatskanzlei, der die fortw\u00e4hrenden Angriffe auf J\u00fcdinnen und Juden in Israel an dieser Stelle nicht benannte.<\/p>\n<p style=\"text-align: justify;\">Die Oldenburgerin Traude Reck trat sich als Rednerin hervor. Als regionale Vorsitzende der <em>&#8222;Deutsch-Pal\u00e4stinensischen Gesellschaft&#8220;<\/em> und als Aktivistin des Vereins <em>&#8222;Hilfswerk Pal\u00e4stina&#8220;<\/em>\u00a0scheint sie sich einer obsessiv anmutenden T\u00e4tigkeit verschrieben zu haben. Ihr Auftritt beinhaltete eine erneute Verteidigung des hiesigen Aktivisten Christoph Glanz sowie seiner BDS-Kampagne, die den Staat Israel in seiner Gesamtheit attackiert und durch die Hamas unterst\u00fctzt wird.<\/p>\n<p style=\"text-align: justify;\">Unterst\u00fctzt von einigen Anwesenden redete sich Reck, die vor einigen Jahren von RTL zu einer deutschen <em>&#8222;Heldin des Alltags&#8220;<\/em> <a href=\"http:\/\/archiv.rtlregional.de\/player.php?id=5383\" target=\"_blank\">gemacht wurde<\/a>, in Rage. Dass ihr Zusammenschluss einen Aufmarsch organisierte, an dem sich unter anderem der Betreiber und Anh\u00e4nger der antisemitischen Internetseite <em>&#8222;Muslim Markt&#8220;<\/em> beteiligten, wurde nicht benannt. <em>&#8222;Kinderm\u00f6rder Israel&#8220;<\/em>, lautete damals die Parole, durch die Marschierende eine antisemitische Ritualmordlegende aktualisierten. Am Abend verwendete Reck in ihrem Beitrag die d\u00e4monisierende Phrase vom <em>&#8222;israelischen Apartheidstaat&#8220;.\u00a0<\/em><\/p>\n<div id=\"attachment_776\" style=\"width: 3082px\" class=\"wp-caption alignnone\"><a href=\"http:\/\/ferne-welten.com\/wp-content\/uploads\/2016\/12\/SPD-Art-Live2.jpg\"><img loading=\"lazy\" decoding=\"async\" aria-describedby=\"caption-attachment-776\" class=\"wp-image-776 size-full\" src=\"http:\/\/ferne-welten.com\/wp-content\/uploads\/2016\/12\/SPD-Art-Live2.jpg\" alt=\"spd-art-live2\" width=\"3072\" height=\"1668\" srcset=\"https:\/\/ferne-welten.com\/wp-content\/uploads\/2016\/12\/SPD-Art-Live2.jpg 3072w, https:\/\/ferne-welten.com\/wp-content\/uploads\/2016\/12\/SPD-Art-Live2-300x163.jpg 300w, https:\/\/ferne-welten.com\/wp-content\/uploads\/2016\/12\/SPD-Art-Live2-768x417.jpg 768w, https:\/\/ferne-welten.com\/wp-content\/uploads\/2016\/12\/SPD-Art-Live2-1024x556.jpg 1024w, https:\/\/ferne-welten.com\/wp-content\/uploads\/2016\/12\/SPD-Art-Live2-940x510.jpg 940w, https:\/\/ferne-welten.com\/wp-content\/uploads\/2016\/12\/SPD-Art-Live2-737x400.jpg 737w\" sizes=\"auto, (max-width: 3072px) 100vw, 3072px\" \/><\/a><p id=\"caption-attachment-776\" class=\"wp-caption-text\">Provinzdekoration: SPD-Herz, Werbe-Herz, vegane Selbstdarstellung und Anti-TTIP-Aufkleber (v.l.n.r.)<\/p><\/div>\n<p style=\"text-align: justify;\"><strong>Kritiker und Lehrmeister<\/strong><\/p>\n<p style=\"text-align: justify;\">Zuvor \u00fcbte ein Vertreter der <em>&#8222;Deutsch-Israelischen Gesellschaft&#8220; <\/em>(DIG), in der sich manche <em>&#8222;Freunde Israels&#8220;<\/em> organisieren, deutliche Kritik an den Inhalten des Referenten. Er warf Hafner unter anderem vor, die aktuelle Literatur \u00fcber Antisemitismus nicht zu kennen. Als Arbeitsgrundlage nannte der Kritiker den 3-D-Test, durch den sich Antisemitismus ausmachen lie\u00dfe. Teilnehmer_innen ignorierten die Hinweise, um weiterhin anti-israelische Ressentiments zu artikulieren, die in dem Hinterraum der angeblich <em>&#8222;Ruhe und Gem\u00fctlichkeit in kubanischer Atmosph\u00e4re&#8220;<\/em> bietenden Lokalit\u00e4t\u00a0aus anwesenden Zeitgenossen herausbrachen.<\/p>\n<p style=\"text-align: justify;\">Der Referent verwies nach diesen ersten Einlassungen auf j\u00fcdische Bekanntschaften wie <a href=\"https:\/\/de.wikipedia.org\/wiki\/David_Grossman\" target=\"_blank\">David Grossman<\/a> oder <a href=\"https:\/\/de.wikipedia.org\/wiki\/Amos_Oz\">Amoz Oz<\/a>, mit denen er gegen eine <em>&#8222;uns\u00e4gliche Besatzungspolitik&#8220;<\/em> polemisierte. W\u00e4hrend er von der Situation im Gaza-Streifen und in anderen Territorien schwieg, in der antisemitische Banden Menschen\u00a0durch Tugendterror unterdr\u00fccken, sprach er immer wieder \u00fcber Israel und gegen die dortige Regierung an. Vor einer Einordnung der BDS-Bewegung dr\u00fcckte sich Hafner, dem sogar der hanseatische Ableger der Boykottkampagne unbekannt schien.<\/p>\n<div id=\"attachment_775\" style=\"width: 2476px\" class=\"wp-caption aligncenter\"><a href=\"http:\/\/ferne-welten.com\/wp-content\/uploads\/2016\/12\/SPD-Art-Live1.jpg\"><img loading=\"lazy\" decoding=\"async\" aria-describedby=\"caption-attachment-775\" class=\"wp-image-775 size-full\" src=\"http:\/\/ferne-welten.com\/wp-content\/uploads\/2016\/12\/SPD-Art-Live1.jpg\" alt=\"spd-art-live1\" width=\"2466\" height=\"951\" srcset=\"https:\/\/ferne-welten.com\/wp-content\/uploads\/2016\/12\/SPD-Art-Live1.jpg 2466w, https:\/\/ferne-welten.com\/wp-content\/uploads\/2016\/12\/SPD-Art-Live1-300x116.jpg 300w, https:\/\/ferne-welten.com\/wp-content\/uploads\/2016\/12\/SPD-Art-Live1-768x296.jpg 768w, https:\/\/ferne-welten.com\/wp-content\/uploads\/2016\/12\/SPD-Art-Live1-1024x395.jpg 1024w, https:\/\/ferne-welten.com\/wp-content\/uploads\/2016\/12\/SPD-Art-Live1-940x363.jpg 940w, https:\/\/ferne-welten.com\/wp-content\/uploads\/2016\/12\/SPD-Art-Live1-1037x400.jpg 1037w\" sizes=\"auto, (max-width: 2466px) 100vw, 2466px\" \/><\/a><p id=\"caption-attachment-775\" class=\"wp-caption-text\">Provinzreferenten: Ulf Prange und Helmut Hafner<\/p><\/div>\n<p style=\"text-align: justify;\">Immerhin r\u00e4umte der Sozialdemokrat, der sich weigert Antisemiten zu benennen, im Laufe der Veranstaltung ein, dass er <em>&#8222;kein Experte&#8220;<\/em> f\u00fcr Antisemitismus sei. Er habe <em>&#8222;nicht die neue Literatur&#8220;<\/em> zum Thema <em>&#8222;gelesen&#8220;<\/em>, sagte der Referent. Dass sich auch\u00a0in den vergangenen Jahrzehnten Autoren mit Antisemitismus und dessen Fortleben innerhalb deutscher Ideologie befasst haben, wurde nicht benannt. Interventionen eines Moishe Postone, die Untersuchungen einer Eleonore Sterling oder Beobachtungen eines Jean Amery\u00a0scheinen den Referenten nicht erreicht zu haben, obwohl sie bereits vor Jahrzehnten entstanden.<\/p>\n<p style=\"text-align: justify;\">Indem der Vortragende am Ende des Abends zum Lehrmeister mutierte, der sich trotz oder wegen der deutschen Geschichte anma\u00dft, die israelische Politik zu beurteilen, schien sich eine Beobachtung von Wolfgang Pohrt zu bewahrheiten. Es existiere eine deutsche Obsession, <em>&#8222;Israel mit Lob und Tadel moralisch beizustehen, damit das Opfer nicht r\u00fcckf\u00e4llig werde\u201c, <\/em>sagte er vor langer Zeit.\u00a0<em>&#8222;Man muss auch die Politik Israels kritisch betrachten&#8220;<\/em>, forderte Hafner mit einer gewissen Deutlichkeit. \u00c4hnliche Schlussfolgerungen scheint auch die lokale SPD zu ziehen.<\/p>\n<p style=\"text-align: justify;\">Im Anschluss an den Abend ver\u00f6ffentlichte die Partei ein <a href=\"http:\/\/ferne-welten.com\/wp-content\/uploads\/2016\/12\/SPD-Art-FB.jpg\" target=\"_blank\">Statement<\/a>, in dem die Ausf\u00e4lle des Referenten zum <em>&#8222;guten Einstieg&#8220;<\/em> gemacht wurden. Von den Thesen des Helmut Hafner, der die kollektive Schuld ablehnt, israelische Politik kritisieren m\u00f6chte und sich vor einer Einordnung aktueller und vergangener Erscheinungsformen des Antisemitismus dr\u00fcckt, ist nicht die Rede. Trotzdem <a href=\"http:\/\/ferne-welten.com\/wp-content\/uploads\/2016\/12\/SPD-Art-FB.jpg\" target=\"_blank\">positioniert sich der Ortsverein deutlich<\/a>:\u00a0<em>&#8222;Klar aufgezeigt wurde, wo der Unterschied zwischen Antisemitismus und Kritik an israelischer Politik liegt.&#8220;\u00a0<\/em><\/p>\n<p style=\"text-align: justify;\"><strong>Einordnung eines Abends<\/strong><\/p>\n<p style=\"text-align: justify;\">Tats\u00e4chlich offenbarten zahlreiche Besucher_innen ihre Ressentiments, wenn von israelischer Politik die Rede war. Unter Bannern der Sozialdemokratie\u00a0emp\u00f6rten sich Teilnehmer_innen \u00fcber <em>&#8222;Siedlungspolitik&#8220;,<\/em> <em>&#8222;Checkpoints und Kontrollen&#8220;<\/em>. Selbst das \u00f6rtliche Provinzblatt <a href=\"http:\/\/www.nwzonline.de\/oldenburg\/politik\/kein-kind-wird-als-antisemit-geboren_a_31,1,3551372620.html\">berichtet<\/a>, dass Anwesende \u00fcber <em>&#8222;Kollektivschuld und Siedlungspolitik in Israel&#8220;<\/em> sprachen, womit wesentliche Inhalte des Abends benannt sind. So bot die Sozialdemokratie die B\u00fchne f\u00fcr die Fortf\u00fchrung von Einlassungen, die in der\u00a0Stadt seit vielen Monaten formuliert werden. Zwar gab es verbale Distanzierungen, aber auch reichlich Ressentiments, die Teilnehmer_innen der Veranstaltung in aller Deutlichkeit offenbarten.<\/p>\n<p style=\"text-align: justify;\">Ortsverband, Referent und Teilnehmer_innen seien daher an eine Intervention des Kritikers Joachim Bruhn erinnert, der sich bereits 2003 mit Fragen\u00a0<a href=\"http:\/\/www.ca-ira.net\/isf\/beitraege\/pdf\/bruhn-kritik.israel.pdf\" target=\"_blank\">befasste<\/a>, die die hiesige SPD und gro\u00dfe Teile des anwesenden Publikums ganz anders beantworten:\u00a0<em>&#8222;Ob jede Kritik am Staat Israel antisemitisch ist, kann man nur mit einem glasklaren Ja beantworten&#8220;.<\/em>\u00a0Sie\u00a0w\u00fcrde sich gegen den israelischen Staat richten, der revolution\u00e4re Emanzipationsgewalt von J\u00fcdinnen und Juden ist. Kritik k\u00f6nne<em> &#8222;nur aus der Perspektive des Abscheus vor dieser Emanzipation ge\u00e4u\u00dfert werden&#8220;<\/em>, <a href=\"http:\/\/www.ca-ira.net\/isf\/beitraege\/pdf\/bruhn-kritik.israel.pdf\" target=\"_blank\">polemisierte<\/a>\u00a0Bruhn vor mehr als zehn Jahren. Der Abend unter Sozialdemokrat_innen scheint zu zeigen, wie aktuell dieses Urteil ist.<\/p>\n<p>&nbsp;<\/p>\n<a class=\"synved-social-button synved-social-button-share synved-social-size-32 synved-social-resolution-single synved-social-provider-facebook nolightbox\" data-provider=\"facebook\" target=\"_blank\" rel=\"nofollow\" title=\"Auf Facebook teilen\" href=\"https:\/\/www.facebook.com\/sharer.php?u=https%3A%2F%2Fferne-welten.com%2Findex.php%3Frest_route%3D%252Fwp%252Fv2%252Fposts%252F716&#038;t=Der%20Abend%20der%20Sozialdemokratie&#038;s=100&#038;p&#091;url&#093;=https%3A%2F%2Fferne-welten.com%2Findex.php%3Frest_route%3D%252Fwp%252Fv2%252Fposts%252F716&#038;p&#091;images&#093;&#091;0&#093;=http%3A%2F%2Fferne-welten.com%2Fwp-content%2Fuploads%2F2016%2F12%2FHavanna-OL.jpg&#038;p&#091;title&#093;=Der%20Abend%20der%20Sozialdemokratie\" style=\"font-size: 0px;width:32px;height:32px;margin:0;margin-bottom:5px;margin-right:5px\"><img loading=\"lazy\" decoding=\"async\" alt=\"Facebook\" title=\"Auf Facebook teilen\" class=\"synved-share-image synved-social-image synved-social-image-share\" width=\"32\" height=\"32\" style=\"display: inline;width:32px;height:32px;margin: 0;padding: 0;border: none;box-shadow: none\" src=\"https:\/\/ferne-welten.com\/wp-content\/plugins\/social-media-feather\/synved-social\/addons\/extra-icons\/image\/social\/circle\/64x64\/facebook.png\" \/><\/a><a class=\"synved-social-button synved-social-button-share synved-social-size-32 synved-social-resolution-single synved-social-provider-twitter nolightbox\" data-provider=\"twitter\" target=\"_blank\" rel=\"nofollow\" title=\"Auf Twitter teilen\" href=\"https:\/\/twitter.com\/intent\/tweet?url=https%3A%2F%2Fferne-welten.com%2Findex.php%3Frest_route%3D%252Fwp%252Fv2%252Fposts%252F716&#038;text=Hey%20check%20this%20out\" style=\"font-size: 0px;width:32px;height:32px;margin:0;margin-bottom:5px;margin-right:5px\"><img loading=\"lazy\" decoding=\"async\" alt=\"twitter\" title=\"Auf Twitter teilen\" class=\"synved-share-image synved-social-image synved-social-image-share\" width=\"32\" height=\"32\" style=\"display: inline;width:32px;height:32px;margin: 0;padding: 0;border: none;box-shadow: none\" src=\"https:\/\/ferne-welten.com\/wp-content\/plugins\/social-media-feather\/synved-social\/addons\/extra-icons\/image\/social\/circle\/64x64\/twitter.png\" \/><\/a><a class=\"synved-social-button synved-social-button-share synved-social-size-32 synved-social-resolution-single synved-social-provider-reddit nolightbox\" data-provider=\"reddit\" target=\"_blank\" rel=\"nofollow\" title=\"Auf Reddit teilen\" href=\"https:\/\/www.reddit.com\/submit?url=https%3A%2F%2Fferne-welten.com%2Findex.php%3Frest_route%3D%252Fwp%252Fv2%252Fposts%252F716&#038;title=Der%20Abend%20der%20Sozialdemokratie\" style=\"font-size: 0px;width:32px;height:32px;margin:0;margin-bottom:5px;margin-right:5px\"><img loading=\"lazy\" decoding=\"async\" alt=\"reddit\" title=\"Auf Reddit teilen\" class=\"synved-share-image synved-social-image synved-social-image-share\" width=\"32\" height=\"32\" style=\"display: inline;width:32px;height:32px;margin: 0;padding: 0;border: none;box-shadow: none\" src=\"https:\/\/ferne-welten.com\/wp-content\/plugins\/social-media-feather\/synved-social\/addons\/extra-icons\/image\/social\/circle\/64x64\/reddit.png\" \/><\/a><a class=\"synved-social-button synved-social-button-share synved-social-size-32 synved-social-resolution-single synved-social-provider-pinterest nolightbox\" data-provider=\"pinterest\" target=\"_blank\" rel=\"nofollow\" title=\"Auf Pinterest pinnen\" href=\"https:\/\/pinterest.com\/pin\/create\/button\/?url=https%3A%2F%2Fferne-welten.com%2Findex.php%3Frest_route%3D%252Fwp%252Fv2%252Fposts%252F716&#038;media=http%3A%2F%2Fferne-welten.com%2Fwp-content%2Fuploads%2F2016%2F12%2FHavanna-OL.jpg&#038;description=Der%20Abend%20der%20Sozialdemokratie\" style=\"font-size: 0px;width:32px;height:32px;margin:0;margin-bottom:5px;margin-right:5px\"><img loading=\"lazy\" decoding=\"async\" alt=\"pinterest\" title=\"Auf Pinterest pinnen\" class=\"synved-share-image synved-social-image synved-social-image-share\" width=\"32\" height=\"32\" style=\"display: inline;width:32px;height:32px;margin: 0;padding: 0;border: none;box-shadow: none\" src=\"https:\/\/ferne-welten.com\/wp-content\/plugins\/social-media-feather\/synved-social\/addons\/extra-icons\/image\/social\/circle\/64x64\/pinterest.png\" \/><\/a><a class=\"synved-social-button synved-social-button-share synved-social-size-32 synved-social-resolution-single synved-social-provider-linkedin nolightbox\" data-provider=\"linkedin\" target=\"_blank\" rel=\"nofollow\" title=\"Auf Linkedin teilen\" href=\"https:\/\/www.linkedin.com\/shareArticle?mini=true&#038;url=https%3A%2F%2Fferne-welten.com%2Findex.php%3Frest_route%3D%252Fwp%252Fv2%252Fposts%252F716&#038;title=Der%20Abend%20der%20Sozialdemokratie\" style=\"font-size: 0px;width:32px;height:32px;margin:0;margin-bottom:5px;margin-right:5px\"><img loading=\"lazy\" decoding=\"async\" alt=\"linkedin\" title=\"Auf Linkedin teilen\" class=\"synved-share-image synved-social-image synved-social-image-share\" width=\"32\" height=\"32\" style=\"display: inline;width:32px;height:32px;margin: 0;padding: 0;border: none;box-shadow: none\" src=\"https:\/\/ferne-welten.com\/wp-content\/plugins\/social-media-feather\/synved-social\/addons\/extra-icons\/image\/social\/circle\/64x64\/linkedin.png\" \/><\/a><a class=\"synved-social-button synved-social-button-share synved-social-size-32 synved-social-resolution-single synved-social-provider-tumblr nolightbox\" data-provider=\"tumblr\" target=\"_blank\" rel=\"nofollow\" title=\"\u00dcber Tumblr teilen\" href=\"https:\/\/tumblr.com\/share?s=&#038;v=3&#038;t=Der%20Abend%20der%20Sozialdemokratie&#038;u=https%3A%2F%2Fferne-welten.com%2Findex.php%3Frest_route%3D%252Fwp%252Fv2%252Fposts%252F716\" style=\"font-size: 0px;width:32px;height:32px;margin:0;margin-bottom:5px;margin-right:5px\"><img loading=\"lazy\" decoding=\"async\" alt=\"tumblr\" title=\"\u00dcber Tumblr teilen\" class=\"synved-share-image synved-social-image synved-social-image-share\" width=\"32\" height=\"32\" style=\"display: inline;width:32px;height:32px;margin: 0;padding: 0;border: none;box-shadow: none\" src=\"https:\/\/ferne-welten.com\/wp-content\/plugins\/social-media-feather\/synved-social\/addons\/extra-icons\/image\/social\/circle\/64x64\/tumblr.png\" \/><\/a><a class=\"synved-social-button synved-social-button-share synved-social-size-32 synved-social-resolution-single synved-social-provider-mail nolightbox\" data-provider=\"mail\" rel=\"nofollow\" title=\"Link per Mail weiterleiten\" href=\"mailto:?subject=Der%20Abend%20der%20Sozialdemokratie&#038;body=Hey%20check%20this%20out:%20https%3A%2F%2Fferne-welten.com%2Findex.php%3Frest_route%3D%252Fwp%252Fv2%252Fposts%252F716\" style=\"font-size: 0px;width:32px;height:32px;margin:0;margin-bottom:5px\"><img loading=\"lazy\" decoding=\"async\" alt=\"mail\" title=\"Link per Mail weiterleiten\" class=\"synved-share-image synved-social-image synved-social-image-share\" width=\"32\" height=\"32\" style=\"display: inline;width:32px;height:32px;margin: 0;padding: 0;border: none;box-shadow: none\" src=\"https:\/\/ferne-welten.com\/wp-content\/plugins\/social-media-feather\/synved-social\/addons\/extra-icons\/image\/social\/circle\/64x64\/mail.png\" \/><\/a>","protected":false},"excerpt":{"rendered":"<p>Oldenburg: Ansammlung von H\u00e4usern in der Grenzregion zu Ostfriesland. Besorgte Bewohner_innen betreiben anti-israelische Debatten, die Leserbriefspalten, Weblogs und Kommentarfelder f\u00fcllen. In den vergangenen Monaten urteilten sie \u00fcber Israel, weil sich ein hiesiger P\u00e4dagoge als Aktivist der\u00a0antisemitischen Bewegung &#8222;Boycott, Divestment and&#8230;<br \/><a class=\"read-more-button\" href=\"https:\/\/ferne-welten.com\/?p=716\">Read more<\/a><\/p>\n","protected":false},"author":1,"featured_media":0,"comment_status":"open","ping_status":"open","sticky":false,"template":"","format":"standard","meta":{"footnotes":""},"categories":[88,79],"tags":[107,286,166,288,284,289,287,93,41,285],"class_list":["post-716","post","type-post","status-publish","format-standard","hentry","category-dorfkritik","category-mythen","tag-antisemitismus","tag-bds","tag-bremen","tag-christoph-glanz","tag-helmut-hafner","tag-hilfswerk-palaestina","tag-israel","tag-oldenburg","tag-rtl","tag-spd"],"_links":{"self":[{"href":"https:\/\/ferne-welten.com\/index.php?rest_route=\/wp\/v2\/posts\/716","targetHints":{"allow":["GET"]}}],"collection":[{"href":"https:\/\/ferne-welten.com\/index.php?rest_route=\/wp\/v2\/posts"}],"about":[{"href":"https:\/\/ferne-welten.com\/index.php?rest_route=\/wp\/v2\/types\/post"}],"author":[{"embeddable":true,"href":"https:\/\/ferne-welten.com\/index.php?rest_route=\/wp\/v2\/users\/1"}],"replies":[{"embeddable":true,"href":"https:\/\/ferne-welten.com\/index.php?rest_route=%2Fwp%2Fv2%2Fcomments&post=716"}],"version-history":[{"count":98,"href":"https:\/\/ferne-welten.com\/index.php?rest_route=\/wp\/v2\/posts\/716\/revisions"}],"predecessor-version":[{"id":833,"href":"https:\/\/ferne-welten.com\/index.php?rest_route=\/wp\/v2\/posts\/716\/revisions\/833"}],"wp:attachment":[{"href":"https:\/\/ferne-welten.com\/index.php?rest_route=%2Fwp%2Fv2%2Fmedia&parent=716"}],"wp:term":[{"taxonomy":"category","embeddable":true,"href":"https:\/\/ferne-welten.com\/index.php?rest_route=%2Fwp%2Fv2%2Fcategories&post=716"},{"taxonomy":"post_tag","embeddable":true,"href":"https:\/\/ferne-welten.com\/index.php?rest_route=%2Fwp%2Fv2%2Ftags&post=716"}],"curies":[{"name":"wp","href":"https:\/\/api.w.org\/{rel}","templated":true}]}}