{"id":940,"date":"2017-01-14T16:55:08","date_gmt":"2017-01-14T15:55:08","guid":{"rendered":"http:\/\/ferne-welten.com\/?p=940"},"modified":"2017-03-22T23:06:55","modified_gmt":"2017-03-22T22:06:55","slug":"volkstanz-gegen-pop-und-pornos","status":"publish","type":"post","link":"https:\/\/ferne-welten.com\/?p=940","title":{"rendered":"Volkstanz gegen Pop und Pornos"},"content":{"rendered":"<p style=\"text-align: justify;\">Die\u00a0<em>&#8222;Rote Garde&#8220;<\/em> entwickelte\u00a0als Jugendverband der <em>&#8222;Kommunistischen Partei Deutschlands\/Marxisten-Leninisten&#8220;<\/em> (KPD\/ML) besondere Formen der Kulturarbeit, mit der ein\u00a0<em>&#8222;Kampf gegen die ideologische Beeinflussung und Vergiftung der Jugend&#8220;<\/em>\u00a0angegangen werden sollte. Auf dem <em>&#8222;1. Ordentlichen Kongress der Roten Garde&#8220;<\/em>, der zwischen dem 13. und 15. Mai 1978 mit einem\u00a0<em>&#8222;Massenzeltlager&#8220;\u00a0<\/em>und einer\u00a0<em>&#8222;Gro\u00dfveranstaltung&#8220;<\/em> begangen wurde, forderten Vorsitzende eine politische Praxis, die aus der Diffamierung damaliger Popkultur erwuchs.<\/p>\n<p style=\"text-align: justify;\"><!--more--><\/p>\n<p style=\"text-align: justify;\">Im <a href=\"http:\/\/www.mao-projekt.de\/BRD\/ORG\/GRM\/Rote_Garde_1978_Grundsatzreferat.shtml\" target=\"_blank\">Grundsatzreferat<\/a>, das dank der Arbeit des Mao-Projektes erneut der \u00d6ffentlichkeit vorliegt, wurde eine Konspiration konstruiert, die die jugendlichen Prolet_innen mit perfiden Methoden verf\u00fchren w\u00fcrde. Ein <em>&#8222;Apparat der Massenbeeinflussung w\u00fcrde gegen die Jugend&#8220;<\/em> eingesetzt werden, warnte der Redner, der <em>&#8222;Alkoholismus, Pornografie und Ausschweifungen aller Art&#8220;<\/em> unter lohnabh\u00e4ngigen Jugendlichen <a href=\"http:\/\/ferne-welten.com\/wp-content\/uploads\/2017\/01\/KJDV-B\u00f6se-Dinge.jpg\" target=\"_blank\">beklagte<\/a>. Der <em>&#8222;1. Vorsitzende&#8220;<\/em>\u00a0<a href=\"http:\/\/ferne-welten.com\/wp-content\/uploads\/2017\/01\/KJDV-B\u00f6se-Dinge.jpg\" target=\"_blank\">beschwerte<\/a> sich \u00fcber angebliche <em>&#8222;Dauerberieselung in Musik, Tanz und Unterhaltung&#8220;<\/em>, die er als <em>&#8222;Sumpfbl\u00fcten der Unkultur&#8220;<\/em> bezeichnete.<\/p>\n<p style=\"text-align: justify;\">Der Jugendverband bezog sich in seinem Hass auf mehrere Vordenker. Neben dem Parteivorsitzenden der eigenen K-Gruppe, <a href=\"https:\/\/de.wikipedia.org\/wiki\/Ernst_Aust\" target=\"_blank\">Ernst Aust<\/a>, begeisterten sich die Kader_innen f\u00fcr den albanischen Stalinisten <a href=\"https:\/\/de.wikipedia.org\/wiki\/Enver_Hoxha\" target=\"_blank\">Enver Hoxha<\/a>, der in seinen Schriften vor der <em>&#8222;Verf\u00fchrung zu Alkoholismus, Narkotismus, Sexualismus&#8220;<\/em>\u00a0warnte. In diesem Geiste positionierte sich auch die\u00a0<a href=\"http:\/\/www.mao-projekt.de\/BRD\/ORG\/GRM\/Rote_Garde_Linkliste.shtml\" target=\"_blank\">Jugend<\/a><a href=\"http:\/\/www.mao-projekt.de\/BRD\/ORG\/GRM\/Rote_Garde_Linkliste.shtml\" target=\"_blank\">gruppe<\/a>. Im Grundsatzreferat f\u00fcrchtete\u00a0der Vorsitzende einen<em>\u00a0&#8222;dekadenten Pop- und Porno-Rummel&#8220;<\/em>, dem sich Mitglieder nicht hingeben sollten.<\/p>\n<p style=\"text-align: justify;\">Statt <em>&#8222;Rock&#8220;, &#8222;Pop&#8220;<\/em> und anderer Produkte der Kulturindustrie, die im Grundsatzreferat angegangen wurden, versuchten sich\u00a0die <em>&#8222;Roten Garden&#8220;<\/em>\u00a0 an eigenen und \u00fcberaus deutschen Praktiken, die die <em>&#8222;Arbeiterjugend&#8220;<\/em> begeistern sollten. Im Grundsatzreferat ist von <em>&#8222;Tanz- und Unterhaltungsabenden&#8220;<\/em> die Rede, die <em>&#8222;Gel\u00e4ndespiele&#8220;<\/em> und andere Formen k\u00f6rperlicher Verausgabung begleiten sollen. Dabei warnte der Vorsitzende vor <em>&#8222;\u00dcberspitzungen&#8220;<\/em>. Manche Kader_innen w\u00fcrden, bei Gr\u00fcndung der geforderten <em>&#8222;Volkstanzgruppen&#8220;<\/em>, vor<em> &#8222;lauter &#8218;Pflege des deutschen Volksguts'&#8220;<\/em> den <em>&#8222;Spa\u00df an Tanz&#8220;<\/em> und <em>&#8222;Bewegung&#8220;<\/em> vergessen, <a href=\"http:\/\/ferne-welten.com\/wp-content\/uploads\/2017\/01\/Rote-Garden-Volkstanz78.jpg\" target=\"_blank\">h\u00e4lt<\/a> das Grundsatzreferat fest.<\/p>\n<div id=\"attachment_964\" style=\"width: 919px\" class=\"wp-caption aligncenter\"><img loading=\"lazy\" decoding=\"async\" aria-describedby=\"caption-attachment-964\" class=\"wp-image-964 size-full\" src=\"http:\/\/ferne-welten.com\/wp-content\/uploads\/2017\/01\/KJDV-Gesang.jpg\" width=\"909\" height=\"534\" srcset=\"https:\/\/ferne-welten.com\/wp-content\/uploads\/2017\/01\/KJDV-Gesang.jpg 909w, https:\/\/ferne-welten.com\/wp-content\/uploads\/2017\/01\/KJDV-Gesang-300x176.jpg 300w, https:\/\/ferne-welten.com\/wp-content\/uploads\/2017\/01\/KJDV-Gesang-768x451.jpg 768w, https:\/\/ferne-welten.com\/wp-content\/uploads\/2017\/01\/KJDV-Gesang-681x400.jpg 681w\" sizes=\"auto, (max-width: 909px) 100vw, 909px\" \/><p id=\"caption-attachment-964\" class=\"wp-caption-text\">Kader_innen bei der Pflege deutschen Liedguts (1978)<\/p><\/div>\n<p style=\"text-align: justify;\">Es sei <em>&#8222;m\u00f6glich, auf einem Tanzabend auch ab und zu ein Lied von den &#8218;Beatles&#8216; oder \u00e4hnliches zu spielen&#8220;<\/em>, erlaubte der Vorsitzende der<em> &#8222;Roten Garden&#8220;<\/em>. Eine Ausnahmeregelung, die die empfohlene <em>&#8222;Volksmusik&#8220;<\/em> und <em>&#8222;Volkslieder&#8220;<\/em> erg\u00e4nzen sollte. Noch wichtiger schien allerdings die <em>&#8222;paramilit\u00e4rische Ausbildung&#8220;<\/em>, die als <em>&#8222;Bestandteil&#8220;<\/em> f\u00fcr den <em>&#8222;Sieg im&#8220;<\/em> angestrebten <em>&#8222;Volkskrieg&#8220;<\/em> definiert wurde. Den\u00a0Kampf f\u00fcr ein <em>&#8222;gemeinsames Ziel&#8220;<\/em>, forderte der Vorsitzende:<\/p>\n<blockquote>\n<p style=\"text-align: justify;\"><em>&#8222;Ein Deutschland, das dem deutschen Volk geh\u00f6rt. In dem sich keine amerikanischen oder russische Besatzer mehr breitmachen. (&#8230;) Ein Deutschland, das durch keine Macht der Welt mehr daran gehindert werden kann (&#8230;), sich (&#8230;) wiederzuvereinigen.&#8220;<\/em><\/p>\n<\/blockquote>\n<p style=\"text-align: justify;\">Jubelst\u00fcrme erwartete\u00a0<a href=\"http:\/\/www.mao-projekt.de\/BRD\/ORG\/GRM\/Rote_Garde_1978_Kongress.shtml\" target=\"_blank\">damals<\/a>\u00a0der Parteivorsitzende <a href=\"https:\/\/de.wikipedia.org\/wiki\/Ernst_Aust\" target=\"_blank\">Ernst Aust<\/a>, der<em> &#8222;v\u00f6llig unerwartet&#8220;<\/em> auf der <em>&#8222;Gro\u00dfveranstaltung&#8220; <\/em>zum Treffen des Jugendverbandes<em>\u00a0<\/em>auftrat, was f\u00fcr lange Beifallsbekundungen gesorgt haben soll. Ideologische Grundlagen legte\u00a0der Vorsitzende, um den sich \u00fcber Jahrzehnte ein bizarrer Personenkult entfaltete, bereits in vorherigen Jahren. <a href=\"http:\/\/www.mao-projekt.de\/BRD\/ORG\/GRM\/Rote_Garde_1975_Kongress.shtml\" target=\"_blank\">Auf<\/a> einem <em>&#8222;Jugendkongress&#8220;<\/em> der &#8222;Roten Garden&#8220;, der 1975 stattfand, widmete sich Aust dem angeblichen\u00a0<em>&#8222;Gift der b\u00fcrgerlichen Dekadenz&#8220;<\/em>. Indem er ein drastisches Beispiel suchte,\u00a0<a href=\"http:\/\/ferne-welten.com\/wp-content\/uploads\/2017\/01\/ErnstAust-Haschen.jpg\" target=\"_blank\">wandte<\/a>\u00a0sich der Vorsitzende gegen lange Haare:<\/p>\n<blockquote>\n<p style=\"text-align: justify;\"><em>&#8222;Aber man muss sich doch den Jugendlichen anpassen, sagen manche, wenn ich mir die Haare k\u00fcrze, isoliere ich mich von ihnen. Das hei\u00dft doch nichts anderes als zu sagen: Wenn ich Jugendliche aus einer Haschkommune gewinnen will, muss ich selber haschen.&#8220;<\/em><\/p>\n<\/blockquote>\n<p style=\"text-align: justify;\">W\u00e4hrend Aust Hasch und Pornos f\u00fcrchtete, <a href=\"http:\/\/ferne-welten.com\/wp-content\/uploads\/2017\/01\/ErnstAust-M\u00e4dchen.jpg\" target=\"_blank\">tr\u00e4umte der Stalinist von\u00a0<\/a>Sex im Wald: <em>&#8222;Die Liebe spielt in diesem Alter eine gro\u00dfe Rolle. Lernt Euch kennen! Auch ich bin als junger Kommunist mit meinem M\u00e4dchen nicht in den Wald gegangen, um (&#8230;) zu diskutieren&#8220;.<\/em>\u00a0Solche Fantasien wurden durch ein praktisches Programm erg\u00e4nzt, das Jugendliche begeistern sollte: <em>&#8222;Volkslieder&#8220;, &#8222;Volkst\u00e4nze&#8220; <\/em>sowie\u00a0<em>&#8222;Walzer, Foxtrott und Tango&#8220;<\/em> wurden unter anderem durch den Vorsitzenden der<em> &#8222;KPD\/ML&#8220;<\/em><i>\u00a0<\/i>empfohlen.<\/p>\n<div id=\"attachment_966\" style=\"width: 860px\" class=\"wp-caption aligncenter\"><a href=\"http:\/\/ferne-welten.com\/wp-content\/uploads\/2017\/01\/Pop-Alternative-KJDV.jpg\"><img loading=\"lazy\" decoding=\"async\" aria-describedby=\"caption-attachment-966\" class=\"wp-image-966\" src=\"http:\/\/ferne-welten.com\/wp-content\/uploads\/2017\/01\/Pop-Alternative-KJDV.jpg\" width=\"850\" height=\"377\" srcset=\"https:\/\/ferne-welten.com\/wp-content\/uploads\/2017\/01\/Pop-Alternative-KJDV.jpg 679w, https:\/\/ferne-welten.com\/wp-content\/uploads\/2017\/01\/Pop-Alternative-KJDV-300x133.jpg 300w\" sizes=\"auto, (max-width: 850px) 100vw, 850px\" \/><\/a><p id=\"caption-attachment-966\" class=\"wp-caption-text\">Teilnehmer_innen\u00a0beim Volkstanz (1978)<\/p><\/div>\n<p style=\"text-align: justify;\">Die <a href=\"http:\/\/ferne-welten.com\/wp-content\/uploads\/2017\/01\/ErnstAust-M\u00e4dchen.jpg\" target=\"_blank\">Praxis<\/a> aus <em>&#8222;Volksmusik&#8220;\u00a0<\/em>und <em>&#8222;Volkst\u00e4nzen&#8220;<\/em> passte zu den nationalistischen Phrasen von Partei und Jugendverband, die sich schon 1973 mit einer Erkl\u00e4rung positionierten, in der die F\u00f6rderung des <em>&#8222;Nationalbewu\u00dftseins&#8220;<\/em>, des <em>&#8222;Nationalgef\u00fchls&#8220;<\/em> und des <em>&#8222;wahren deutschen Patriotismus&#8220;<\/em> <a href=\"http:\/\/cpgerml.50g.com\/ernst\/ea_dddv.html\" target=\"_blank\">eingefordert<\/a> wurde. Ernst Aust inszenierte sich derweil als Partei-Prolet, der mit der Phraseologie des linksdeutschen Irrationalismus arbeitete. Sein nationaler Hass auf die Vereinigten Staaten fand in der <em>&#8222;Liebe zur Heimat&#8220;<\/em> seine Erg\u00e4nzung. Die Jugend m\u00fcsse <em>&#8222;im Geiste des Patriotismus&#8220;<\/em> erzogen werden, <a href=\"http:\/\/ferne-welten.com\/wp-content\/uploads\/2017\/01\/ErnstAust-Heimatnationalismusmus.jpg\" target=\"_blank\">forderte Aust<\/a>. Mit Lenin berief er sich\u00a0auf\u00a0<em>&#8222;Vaterlandsliebe, Liebe und und Hingabe um die Heimat&#8220;<\/em>.<\/p>\n<p style=\"text-align: justify;\">So wurde die Geschichte des <a href=\"http:\/\/ferne-welten.com\/?p=872\" target=\"_blank\">linken Nationalismus<\/a> um bizarre Positionierungen bereichert, die nicht in Vergessenheit geraten sollten. Schlie\u00dflich beziehen sich anachronistische Teile der Linken weiterhin auf Konstrukte wie <em>&#8222;Volk&#8220;<\/em> und <em>&#8222;Vaterland&#8220;<\/em>. Anderen dienten die Phrasen des deutschen Maoismus als v\u00f6lkische Einstiegsdroge. So <a href=\"https:\/\/www.antifainfoblatt.de\/artikel\/der-traum-von-rot-braunen-b%C3%BCndnissen\" target=\"_blank\">schrieb<\/a>\u00a0ein Anh\u00e4nger, der Nationalsozialist <a href=\"https:\/\/de.wikipedia.org\/wiki\/Thomas_Brehl\" target=\"_blank\">Thomas Brehl<\/a>, \u00fcber seinen <em>&#8222;Chef, (&#8230;) der seine politische Heimat&#8220; <\/em>zun\u00e4chst<em> &#8222;bei der damals bereits nationalkommunistischen KPD\/ML fand&#8220;.<\/em>\u00a0Gemeint ist <a href=\"http:\/\/www.netz-gegen-nazis.de\/artikel\/schwule-nazis-ein-brisantes-thema-f%C3%BCr-die-rechtsextreme-szene-8724\" target=\"_blank\">Michael K\u00fchnen<\/a>, der neben <a href=\"https:\/\/de.wikipedia.org\/wiki\/Christian_Worch\" target=\"_blank\">Christian Worch<\/a> eine der zentralen Figuren des aufstreben Neo-Nationalsozialismus war.<\/p>\n<p style=\"text-align: justify;\">Es gibt \u00e4hnliche Karrieren: <a href=\"https:\/\/www.antifainfoblatt.de\/artikel\/michael-koth-eine-rot-braune-karriere\" target=\"_blank\">Michael Koth<\/a>, langj\u00e4hriger Funktion\u00e4r der <em>&#8222;Sozialistischen Einheitspartei Westberlin&#8220;<\/em> (SEW) und sp\u00e4terer Vorsitzender der <em>&#8222;KPD\/ML&#8220;<\/em> in der geteilten Stadt, ging mit anderen Mitgliedern der Splittergruppe zur<em> &#8222;Kommunistischen Partei Deutschlands&#8220;<\/em> (Ost), die sich bis in die Gegenwart einer verschw\u00f6rungsideologischen Phraseologie verschrieben hat. Sp\u00e4ter diente Koth als Kader des nazistischen <em>&#8222;<a href=\"http:\/\/www.netz-gegen-nazis.de\/lexikontext\/kampfbund-deutscher-sozialisten-kds\" target=\"_blank\">Kampfbunds deutscher Sozialisten<\/a>&#8222;<\/em> (KDS), der sich im Stil an den Sturmabteilungen orientierte.<\/p>\n<p style=\"text-align: justify;\">Heute ist der Querfrontler Vorsitzender einer Splittergruppe, die sich <em>&#8222;Antiimperialistische Plattform Deutschlands&#8220;<\/em> nennt. Der ideologische Leuchtturm dieser\u00a0<a href=\"http:\/\/www.taz.de\/!5051779\/\" target=\"_blank\">Gruppe<\/a>\u00a0ist das Regime in Nordkorea. Zwar sind manche Vorstellungen des Kaders\u00a0einer nazistischen Konstruktion der Welt gewichen, allerdings bleibt ein Wesenskern erhalten.\u00a0Anti-Amerikanismus ist die historische Konstante, die sich weiterhin im Hass auf den Westen entl\u00e4dt. Die ferne Vergangenheit, in der Kader des <a href=\"http:\/\/ferne-welten.com\/?p=592\" target=\"_blank\">deutschen Maoismus<\/a> gegen die Vereinigten Staaten hetzten, ist sehr nahe, wenn Michael Koth heute \u00fcber den<em> &#8222;US-Imperalismus und seine Vasallen&#8220;<\/em> spricht.<\/p>\n<p style=\"text-align: justify;\">\n<a class=\"synved-social-button synved-social-button-share synved-social-size-32 synved-social-resolution-single synved-social-provider-facebook nolightbox\" data-provider=\"facebook\" target=\"_blank\" rel=\"nofollow\" title=\"Auf Facebook teilen\" href=\"https:\/\/www.facebook.com\/sharer.php?u=https%3A%2F%2Fferne-welten.com%2Findex.php%3Frest_route%3D%252Fwp%252Fv2%252Fposts%252F940&#038;t=Volkstanz%20gegen%20Pop%20und%20Pornos&#038;s=100&#038;p&#091;url&#093;=https%3A%2F%2Fferne-welten.com%2Findex.php%3Frest_route%3D%252Fwp%252Fv2%252Fposts%252F940&#038;p&#091;images&#093;&#091;0&#093;=http%3A%2F%2Fferne-welten.com%2Fwp-content%2Fuploads%2F2017%2F01%2FKJDV-Gesang.jpg&#038;p&#091;title&#093;=Volkstanz%20gegen%20Pop%20und%20Pornos\" style=\"font-size: 0px;width:32px;height:32px;margin:0;margin-bottom:5px;margin-right:5px\"><img loading=\"lazy\" decoding=\"async\" alt=\"Facebook\" title=\"Auf Facebook teilen\" class=\"synved-share-image synved-social-image synved-social-image-share\" width=\"32\" height=\"32\" style=\"display: inline;width:32px;height:32px;margin: 0;padding: 0;border: none;box-shadow: none\" src=\"https:\/\/ferne-welten.com\/wp-content\/plugins\/social-media-feather\/synved-social\/addons\/extra-icons\/image\/social\/circle\/64x64\/facebook.png\" \/><\/a><a class=\"synved-social-button synved-social-button-share synved-social-size-32 synved-social-resolution-single synved-social-provider-twitter nolightbox\" data-provider=\"twitter\" target=\"_blank\" rel=\"nofollow\" title=\"Auf Twitter teilen\" href=\"https:\/\/twitter.com\/intent\/tweet?url=https%3A%2F%2Fferne-welten.com%2Findex.php%3Frest_route%3D%252Fwp%252Fv2%252Fposts%252F940&#038;text=Hey%20check%20this%20out\" style=\"font-size: 0px;width:32px;height:32px;margin:0;margin-bottom:5px;margin-right:5px\"><img loading=\"lazy\" decoding=\"async\" alt=\"twitter\" title=\"Auf Twitter teilen\" class=\"synved-share-image synved-social-image synved-social-image-share\" width=\"32\" height=\"32\" style=\"display: inline;width:32px;height:32px;margin: 0;padding: 0;border: none;box-shadow: none\" src=\"https:\/\/ferne-welten.com\/wp-content\/plugins\/social-media-feather\/synved-social\/addons\/extra-icons\/image\/social\/circle\/64x64\/twitter.png\" \/><\/a><a class=\"synved-social-button synved-social-button-share synved-social-size-32 synved-social-resolution-single synved-social-provider-reddit nolightbox\" data-provider=\"reddit\" target=\"_blank\" rel=\"nofollow\" title=\"Auf Reddit teilen\" href=\"https:\/\/www.reddit.com\/submit?url=https%3A%2F%2Fferne-welten.com%2Findex.php%3Frest_route%3D%252Fwp%252Fv2%252Fposts%252F940&#038;title=Volkstanz%20gegen%20Pop%20und%20Pornos\" style=\"font-size: 0px;width:32px;height:32px;margin:0;margin-bottom:5px;margin-right:5px\"><img loading=\"lazy\" decoding=\"async\" alt=\"reddit\" title=\"Auf Reddit teilen\" class=\"synved-share-image synved-social-image synved-social-image-share\" width=\"32\" height=\"32\" style=\"display: inline;width:32px;height:32px;margin: 0;padding: 0;border: none;box-shadow: none\" src=\"https:\/\/ferne-welten.com\/wp-content\/plugins\/social-media-feather\/synved-social\/addons\/extra-icons\/image\/social\/circle\/64x64\/reddit.png\" \/><\/a><a class=\"synved-social-button synved-social-button-share synved-social-size-32 synved-social-resolution-single synved-social-provider-pinterest nolightbox\" data-provider=\"pinterest\" target=\"_blank\" rel=\"nofollow\" title=\"Auf Pinterest pinnen\" href=\"https:\/\/pinterest.com\/pin\/create\/button\/?url=https%3A%2F%2Fferne-welten.com%2Findex.php%3Frest_route%3D%252Fwp%252Fv2%252Fposts%252F940&#038;media=http%3A%2F%2Fferne-welten.com%2Fwp-content%2Fuploads%2F2017%2F01%2FKJDV-Gesang.jpg&#038;description=Volkstanz%20gegen%20Pop%20und%20Pornos\" style=\"font-size: 0px;width:32px;height:32px;margin:0;margin-bottom:5px;margin-right:5px\"><img loading=\"lazy\" decoding=\"async\" alt=\"pinterest\" title=\"Auf Pinterest pinnen\" class=\"synved-share-image synved-social-image synved-social-image-share\" width=\"32\" height=\"32\" style=\"display: inline;width:32px;height:32px;margin: 0;padding: 0;border: none;box-shadow: none\" src=\"https:\/\/ferne-welten.com\/wp-content\/plugins\/social-media-feather\/synved-social\/addons\/extra-icons\/image\/social\/circle\/64x64\/pinterest.png\" \/><\/a><a class=\"synved-social-button synved-social-button-share synved-social-size-32 synved-social-resolution-single synved-social-provider-linkedin nolightbox\" data-provider=\"linkedin\" target=\"_blank\" rel=\"nofollow\" title=\"Auf Linkedin teilen\" href=\"https:\/\/www.linkedin.com\/shareArticle?mini=true&#038;url=https%3A%2F%2Fferne-welten.com%2Findex.php%3Frest_route%3D%252Fwp%252Fv2%252Fposts%252F940&#038;title=Volkstanz%20gegen%20Pop%20und%20Pornos\" style=\"font-size: 0px;width:32px;height:32px;margin:0;margin-bottom:5px;margin-right:5px\"><img loading=\"lazy\" decoding=\"async\" alt=\"linkedin\" title=\"Auf Linkedin teilen\" class=\"synved-share-image synved-social-image synved-social-image-share\" width=\"32\" height=\"32\" style=\"display: inline;width:32px;height:32px;margin: 0;padding: 0;border: none;box-shadow: none\" src=\"https:\/\/ferne-welten.com\/wp-content\/plugins\/social-media-feather\/synved-social\/addons\/extra-icons\/image\/social\/circle\/64x64\/linkedin.png\" \/><\/a><a class=\"synved-social-button synved-social-button-share synved-social-size-32 synved-social-resolution-single synved-social-provider-tumblr nolightbox\" data-provider=\"tumblr\" target=\"_blank\" rel=\"nofollow\" title=\"\u00dcber Tumblr teilen\" href=\"https:\/\/tumblr.com\/share?s=&#038;v=3&#038;t=Volkstanz%20gegen%20Pop%20und%20Pornos&#038;u=https%3A%2F%2Fferne-welten.com%2Findex.php%3Frest_route%3D%252Fwp%252Fv2%252Fposts%252F940\" style=\"font-size: 0px;width:32px;height:32px;margin:0;margin-bottom:5px;margin-right:5px\"><img loading=\"lazy\" decoding=\"async\" alt=\"tumblr\" title=\"\u00dcber Tumblr teilen\" class=\"synved-share-image synved-social-image synved-social-image-share\" width=\"32\" height=\"32\" style=\"display: inline;width:32px;height:32px;margin: 0;padding: 0;border: none;box-shadow: none\" src=\"https:\/\/ferne-welten.com\/wp-content\/plugins\/social-media-feather\/synved-social\/addons\/extra-icons\/image\/social\/circle\/64x64\/tumblr.png\" \/><\/a><a class=\"synved-social-button synved-social-button-share synved-social-size-32 synved-social-resolution-single synved-social-provider-mail nolightbox\" data-provider=\"mail\" rel=\"nofollow\" title=\"Link per Mail weiterleiten\" href=\"mailto:?subject=Volkstanz%20gegen%20Pop%20und%20Pornos&#038;body=Hey%20check%20this%20out:%20https%3A%2F%2Fferne-welten.com%2Findex.php%3Frest_route%3D%252Fwp%252Fv2%252Fposts%252F940\" style=\"font-size: 0px;width:32px;height:32px;margin:0;margin-bottom:5px\"><img loading=\"lazy\" decoding=\"async\" alt=\"mail\" title=\"Link per Mail weiterleiten\" class=\"synved-share-image synved-social-image synved-social-image-share\" width=\"32\" height=\"32\" style=\"display: inline;width:32px;height:32px;margin: 0;padding: 0;border: none;box-shadow: none\" src=\"https:\/\/ferne-welten.com\/wp-content\/plugins\/social-media-feather\/synved-social\/addons\/extra-icons\/image\/social\/circle\/64x64\/mail.png\" \/><\/a>","protected":false},"excerpt":{"rendered":"<p>Die\u00a0&#8222;Rote Garde&#8220; entwickelte\u00a0als Jugendverband der &#8222;Kommunistischen Partei Deutschlands\/Marxisten-Leninisten&#8220; (KPD\/ML) besondere Formen der Kulturarbeit, mit der ein\u00a0&#8222;Kampf gegen die ideologische Beeinflussung und Vergiftung der Jugend&#8220;\u00a0angegangen werden sollte. Auf dem &#8222;1. Ordentlichen Kongress der Roten Garde&#8220;, der zwischen dem 13. und 15&#8230;.<br \/><a class=\"read-more-button\" href=\"https:\/\/ferne-welten.com\/?p=940\">Read more<\/a><\/p>\n","protected":false},"author":1,"featured_media":0,"comment_status":"open","ping_status":"open","sticky":false,"template":"","format":"standard","meta":{"footnotes":""},"categories":[79],"tags":[303,308,312,296,311,310,309,314,315,316,313],"class_list":["post-940","post","type-post","status-publish","format-standard","hentry","category-mythen","tag-anti-amerikanismus","tag-ernst-aust","tag-kds","tag-kjvd","tag-kpd-ost","tag-kpdml","tag-maoismus","tag-michael-koth","tag-michael-kuehnen","tag-rote-garde","tag-thomas-brehl"],"_links":{"self":[{"href":"https:\/\/ferne-welten.com\/index.php?rest_route=\/wp\/v2\/posts\/940","targetHints":{"allow":["GET"]}}],"collection":[{"href":"https:\/\/ferne-welten.com\/index.php?rest_route=\/wp\/v2\/posts"}],"about":[{"href":"https:\/\/ferne-welten.com\/index.php?rest_route=\/wp\/v2\/types\/post"}],"author":[{"embeddable":true,"href":"https:\/\/ferne-welten.com\/index.php?rest_route=\/wp\/v2\/users\/1"}],"replies":[{"embeddable":true,"href":"https:\/\/ferne-welten.com\/index.php?rest_route=%2Fwp%2Fv2%2Fcomments&post=940"}],"version-history":[{"count":14,"href":"https:\/\/ferne-welten.com\/index.php?rest_route=\/wp\/v2\/posts\/940\/revisions"}],"predecessor-version":[{"id":1069,"href":"https:\/\/ferne-welten.com\/index.php?rest_route=\/wp\/v2\/posts\/940\/revisions\/1069"}],"wp:attachment":[{"href":"https:\/\/ferne-welten.com\/index.php?rest_route=%2Fwp%2Fv2%2Fmedia&parent=940"}],"wp:term":[{"taxonomy":"category","embeddable":true,"href":"https:\/\/ferne-welten.com\/index.php?rest_route=%2Fwp%2Fv2%2Fcategories&post=940"},{"taxonomy":"post_tag","embeddable":true,"href":"https:\/\/ferne-welten.com\/index.php?rest_route=%2Fwp%2Fv2%2Ftags&post=940"}],"curies":[{"name":"wp","href":"https:\/\/api.w.org\/{rel}","templated":true}]}}