{"id":998,"date":"2017-03-03T15:02:00","date_gmt":"2017-03-03T14:02:00","guid":{"rendered":"http:\/\/ferne-welten.com\/?p=998"},"modified":"2017-04-19T15:11:45","modified_gmt":"2017-04-19T14:11:45","slug":"buchvorstellung-eines-verschwoerungsideologen","status":"publish","type":"post","link":"https:\/\/ferne-welten.com\/?p=998","title":{"rendered":"Pr\u00e4sentation eines Verschw\u00f6rungsideologen"},"content":{"rendered":"<p style=\"text-align: justify;\"><span style=\"font-weight: 400;\">Am 5. Januar 2017 <\/span><span style=\"font-weight: 400;\">pr\u00e4sentierte Wolfgang Gehrcke seine als Sachbuch getarnte Kampfschrift <\/span><i><span style=\"font-weight: 400;\">\u201eRufmord &#8211; Die Antisemitismus-Kampagne gegen links\u201d<\/span><\/i><span style=\"font-weight: 400;\"> in einem <\/span><i><span style=\"font-weight: 400;\">\u201eGesellschaftshaus\u201c <\/span><\/i><span style=\"font-weight: 400;\">genannten Etablissement. Offizieller Veranstalter war das <\/span><i><span style=\"font-weight: 400;\">\u201cOldenburger Friedensb\u00fcndnis\u201d<\/span><\/i><span style=\"font-weight: 400;\">, das ansonsten durch die Organisation des Ostermarsches ritualisierte Aktivit\u00e4ten in Oldenburg entfaltet. Aktuelle Ereignisse dienten als Anlass, um den Deputierten der sogenannten Linkspartei zur <\/span><i><span style=\"font-weight: 400;\">\u201cBuchvorstellung mit anschlie\u00dfender Diskussion\u201d <\/span><\/i><span style=\"font-weight: 400;\">einzuladen. Kritische Wortmeldungen blieben nicht aus. Antideutsche Communist_innen intervenierten mit einem Reader. \u00a0\u00a0\u00a0<\/span><\/p>\n<p style=\"text-align: justify;\"><!--more--><\/p>\n<p style=\"text-align: justify;\"><b>Vorstellung einer Kampfschrift<\/b><\/p>\n<p style=\"text-align: justify;\"><span style=\"font-weight: 400;\">Der als Aufruf dienende Text behandelt die <\/span><i><span style=\"font-weight: 400;\">\u201cKompilation von Verschw\u00f6rungsmythen\u201d<\/span><\/i><span style=\"font-weight: 400;\">, die als Taschenbuch f\u00fcr 12,90 Euro in einschl\u00e4gigen Infol\u00e4den erh\u00e4ltlich ist, nur am Rande. Stattdessen schien die Einladung des Abgeordneten willkommener Anlass, um eine deutliche Positionierung vorzunehmen. So <a href=\"http:\/\/www.oldenburger-friedensbuendnis.de\/wp-content\/uploads\/2016\/11\/RufmordA21.pdf\" target=\"_blank\">raunte<\/a> das <\/span><i><span style=\"font-weight: 400;\">\u201cB\u00fcndnis friedenspolitisch engagierter Menschen und Organisationen\u201d<\/span><\/i><span style=\"font-weight: 400;\"> von <\/span><i><span style=\"font-weight: 400;\">\u201cinternationalen Anfeindungen\u201d, <\/span><\/i><span style=\"font-weight: 400;\">wenn <a href=\"http:\/\/www.jpost.com\/Diaspora\/Leading-BDS-activist-Move-Israel-to-Germany-467972\" target=\"_blank\">aufmerksame<\/a> <a href=\"http:\/\/www.jpost.com\/Diaspora\/German-organizers-of-Kristallnacht-memorial-sought-to-ban-Israeli-flag-472715\" target=\"_blank\">Berichterstattung<\/a> \u00fcber einen <a href=\"http:\/\/www.jpost.com\/Diaspora\/German-mayor-rejects-BDS-activity-of-antisemitic-teacher-471157\" target=\"_blank\">Aktivisten<\/a> gemeint war, der den Israel-Boykott betreibt<\/span><i><span style=\"font-weight: 400;\">. \u201cMit alledem hat sich Wolfgang Gehrcke intensiv und faktenreich auseinandergesetzt\u201d<\/span><\/i><span style=\"font-weight: 400;\">, behaupteten die Veranstalter. <\/span><\/p>\n<p style=\"text-align: justify;\"><span style=\"font-weight: 400;\">Auftritte in Formaten von YouTube-Kan\u00e4le, die verschw\u00f6rungsideologische Irrationalit\u00e4ten verbreiten, offenbaren dessen Inhalte. Dann l\u00e4chelt der Bundestagsabgeordnete der <a href=\"http:\/\/gewantifa.blogsport.eu\/das-gift-des-nationalismus-wirkt-es-geht-nicht-nur-um-wagenknecht-die-rechte-ideologie-und-politik-der-sogenannten-linkspartei\/\" target=\"_blank\">sogenannten Linkspartei<\/a> nicht vom <a href=\"http:\/\/www.oldenburger-friedensbuendnis.de\/wp-content\/uploads\/2016\/11\/RufmordA21.pdf\" target=\"_blank\">bunten<\/a> Flugblatt, sondern in den Sendungen des <a href=\"https:\/\/www.psiram.com\/ge\/index.php\/Ken_Jebsen\" target=\"_blank\">Ken Jebsen<\/a>, der als verschw\u00f6rungsideologischer Mystiker einen gewissen Bekanntheitsgrad erlangt hat. Mit offensiven Einlassungen, die gro\u00dfe Verbreitung finden, betreibt Jebsen eindeutige Politik: \u201e<\/span><i><span style=\"font-weight: 400;\">Dabei belegt er den israelischen Staat mit Adjektiven, die aus dem Arsenal des Antisemitismus stammen\u201c. <\/span><\/i><\/p>\n<p style=\"text-align: justify;\"><span style=\"font-weight: 400;\">Wolfgang Gehrcke trat wiederholt vor die Kameras des YouTube-Stars, der zuvor f\u00fcr das deutschnationale Compact-Magazin den Moderator gab. Nicht nur in solchen Interviews inszeniert sich der Bundestagsabgeordnete, derzeit stellvertretender Vorsitzender der Linksfraktion, als wohlmeinender Aufkl\u00e4rer. Gehrcke offenbart eine verborgene <em>&#8222;Wahrheit&#8220;<\/em> \u00fcber die \u201e<\/span><i><span style=\"font-weight: 400;\">formellen und informellen Netzwerke\u201c. <\/span><\/i><span style=\"font-weight: 400;\">Der Kader konstruiert \u201e<\/span><i><span style=\"font-weight: 400;\">ein Kartell von Meinungstr\u00e4gern und Meinungsbildenden\u201c, <\/span><\/i><span style=\"font-weight: 400;\">die letztendlich mit dem<\/span><i><span style=\"font-weight: 400;\"> \u201eAmerican Jewish Committee und anderen\u201c <\/span><\/i><span style=\"font-weight: 400;\">verbunden sind. <\/span><\/p>\n<p style=\"text-align: justify;\"><b>Versammlung von Wutb\u00fcrger_innen<\/b><\/p>\n<p style=\"text-align: justify;\"><span style=\"font-weight: 400;\">Im Festsaal eines <\/span><i><span style=\"font-weight: 400;\">\u201cGesellschaftshaus\u201d <\/span><\/i><span style=\"font-weight: 400;\">in Oldenburg versammelten sich etwa 60 Personen. Sie nutzten die schn\u00f6den Sitze, mit denen Teile des weitaus gr\u00f6\u00dferen Saales bestuhlt waren. Ratsmitglieder der Linkspartei, Kader der Gewerkschaftsb\u00fcrokratie und altgediente Alternative sa\u00dfen im \u00a0Raum. Au\u00dferdem auf den Pl\u00e4tzen: Akteure einer Kameradschaft f\u00fcr Israel-Boykott, die das Label <\/span><i><span style=\"font-weight: 400;\">\u201cBoycott, Divestment and Sanctions\u201d<\/span><\/i><span style=\"font-weight: 400;\"> (BDS) tr\u00e4gt. Den kargen Sitzplatz teilen sie mit Wiederg\u00e4ngern des deutschen Irrationalismus, die mit den <\/span><i><span style=\"font-weight: 400;\">\u201cMahnwachen f\u00fcr den Frieden\u201d <\/span><\/i><span style=\"font-weight: 400;\">politische Erfahrungen sammelte. <\/span><\/p>\n<p style=\"text-align: justify;\"><span style=\"font-weight: 400;\">Die vergiftete Atmosph\u00e4re, die hiesige Debatten pr\u00e4gt, offenbarte sich schon vor Beginn der Versammlung. <\/span><i><span style=\"font-weight: 400;\">\u201cZionistenpack\u201d<\/span><\/i><span style=\"font-weight: 400;\">, emp\u00f6rte sich eine Teilnehmerin. <\/span><i><span style=\"font-weight: 400;\">\u201cVerpisst euch einfach\u201d<\/span><\/i><span style=\"font-weight: 400;\">, geiferte ein Besucher. Zur Verteidigung ihres als <\/span><i><span style=\"font-weight: 400;\">\u201cBuchvorstellung\u201d<\/span><\/i><span style=\"font-weight: 400;\"> verkleideten Stammtisches drohten Kader mit der Staatsmacht. Ein erboster Moderator z\u00fcckte seine Akte, als er eine Person im Publikum identifizierte, der <a href=\"https:\/\/lizaswelt.net\/2016\/10\/28\/bds-nicht-in-unserem-namen\/\" target=\"_blank\">eine Unterschrift<\/a> gegen einen anti-israelischen Aktivisten zur Last gelegt wurde: <\/span><i><span style=\"font-weight: 400;\">\u201cDas habe ich hier alles dokumentiert\u201d<\/span><\/i><span style=\"font-weight: 400;\">, behauptete der Kader. <\/span><i><span style=\"font-weight: 400;\">\u201cDahinten sitzt er\u201d,<\/span><\/i><span style=\"font-weight: 400;\"> sekundierte seine Begleitung, die durch den lehrreichen Abend f\u00fchrte. <\/span><\/p>\n<p style=\"text-align: justify;\"><span style=\"font-weight: 400;\">Mit Hilfe israelischer <\/span><i><span style=\"font-weight: 400;\">\u201cFreunde\u201d<\/span><\/i><span style=\"font-weight: 400;\">, die als Kronzeugen dienen,<\/span> <span style=\"font-weight: 400;\">sprach der Bundestagsabgeordnete im Anschluss vom <\/span><i><span style=\"font-weight: 400;\">\u201cApartheidstaat\u201d<\/span><\/i><span style=\"font-weight: 400;\">, dem er eine <\/span><i><span style=\"font-weight: 400;\">\u201cTrennung nach Ethnien\u201d<\/span><\/i><span style=\"font-weight: 400;\"> vorwarf. Von Deutschland, das<\/span><i><span style=\"font-weight: 400;\"> \u201ceine besondere Verantwortung\u201d<\/span><\/i><span style=\"font-weight: 400;\"> besitze, erwarte Gehrcke <\/span><i><span style=\"font-weight: 400;\">\u201cein Signal\u201d<\/span><\/i><span style=\"font-weight: 400;\">: <\/span><i><span style=\"font-weight: 400;\">\u201cSo geht\u2019s nicht weiter\u201d<\/span><\/i><span style=\"font-weight: 400;\">, polterte der deutsche Abgeordnete in Richtung der israelischen Politik, w\u00e4hrend er anwesenden Anh\u00e4nger_innen des Boykotts einen taktischen Ratschlag erteilte: \u201c<\/span><i><span style=\"font-weight: 400;\">Machen Sie keine Boykottkampagne in Deutschland. In Frankreich, in anderen L\u00e4ndern, liest sich das schon v\u00f6llig anders.\u201d<\/span><\/i><\/p>\n<p style=\"text-align: justify;\"><span style=\"font-weight: 400;\">Ansonsten reproduzierte der taktierende Autor altbekannte Thesen, aus denen er bereits ein Buch kompilierte: <\/span><i><span style=\"font-weight: 400;\">\u201cEin Linker kann kein Antisemit sein\u201d<\/span><\/i><span style=\"font-weight: 400;\">, definierte der Abgeordneten der sogenannten Linkspartei gegen deutsche Realit\u00e4ten. Boykottkampagnen gegen Israel k\u00f6nnen <\/span><i><span style=\"font-weight: 400;\">\u201cpolitisch falsch\u201d <\/span><\/i><span style=\"font-weight: 400;\">sein, seien deswegen aber<\/span><i><span style=\"font-weight: 400;\"> \u201cnicht antisemitisch\u201d<\/span><\/i><span style=\"font-weight: 400;\">, relativierte Gehrcke. Ihren Persilschein erhielten au\u00dferdem: Attac, Jakob Augstein, G\u00fcnter Grass, Jassir Arafat und ein teilnehmender <\/span><i><span style=\"font-weight: 400;\">\u201cLehrer aus Oldenburg\u201d<\/span><\/i><span style=\"font-weight: 400;\">. <\/span><i><span style=\"font-weight: 400;\">\u201cDas hat mit Antisemitismus nichts zu tun\u201d<\/span><\/i><span style=\"font-weight: 400;\">, beschied der Bundestagsabgeordnete. <\/span><\/p>\n<p style=\"text-align: justify;\"><b>Verteidigungen eines Rhetorikers <\/b><\/p>\n<p style=\"text-align: justify;\"><span style=\"font-weight: 400;\">Rhetorische Fragen dienten Gehrcke als wiederkehrendes Stilmittel. Im Verlauf stellte unz\u00e4hlige Fragen, auf die der Abgeordnete keine Antwort erwartete: \u201c<\/span><i><span style=\"font-weight: 400;\">Glauben Sie wirklich, dass kein Unterschied besteht, zwischen der Finanztransaktionssteuer und dem Holocaust\u201d, <\/span><\/i><span style=\"font-weight: 400;\">fragte Gehrcke in den Raum. Fragend konstruierte er finanzielle Machenschaften des israelischen Geheimdienstes, der angeblich Hamas und Hisbollah aufgebaut h\u00e4tte. Andere Mythen dienten der Einordnung postnazistischer Diskussionskultur. <\/span><\/p>\n<p style=\"text-align: justify;\"><i><span style=\"font-weight: 400;\">&#8222;Netzwerke\u201d, <\/span><\/i><span style=\"font-weight: 400;\">die aus wenigen <\/span><i><span style=\"font-weight: 400;\">\u201cExperten\u201d, Abgeordneten <\/span><\/i><span style=\"font-weight: 400;\">und <\/span><i><span style=\"font-weight: 400;\">\u201cf\u00fcnfzig bis hundert Journalisten\u201d <\/span><\/i><span style=\"font-weight: 400;\">bestehen, w\u00fcrden<\/span><i><span style=\"font-weight: 400;\"> \u201cdie au\u00dfenpolitische Wahrnehmung, das Meinungsbild in diesem Lande pr\u00e4gen\u201d.<\/span><\/i><span style=\"font-weight: 400;\"> In Anlehnung an sein Buch munkelte Gehrcke von <\/span><i><span style=\"font-weight: 400;\">\u201cKampagnen\u201d,<\/span><\/i><span style=\"font-weight: 400;\"> f\u00fcr die er die Jerusalem Post im Allgemeinen und den Journalisten <a href=\"http:\/\/www.jpost.com\/Author\/Benjamin-Weinthal\" target=\"_blank\">Benjamin Weinthal<\/a> im Besonderen verantwortlich machte. Es ginge darum, die sogenannte Linkspartei so zu stigmatisieren, dass sie f\u00fcr Debatten nicht mehr in Frage k\u00e4me. <\/span><\/p>\n<p style=\"text-align: justify;\"><span style=\"font-weight: 400;\">Von der vorab <a href=\"http:\/\/ferne-welten.com\/wp-content\/uploads\/2017\/03\/GehrckeFinaler.pdf\" target=\"_blank\">verteilten Kritik antideutscher Communist_innen<\/a> \u00a0habe<\/span> <span style=\"font-weight: 400;\">er<\/span> <span style=\"font-weight: 400;\">nur wenig verstanden, bem\u00e4ngelte Gehrcke. Dieser liefere <\/span><i><span style=\"font-weight: 400;\">\u201cInhalte f\u00fcr autorit\u00e4re Charaktere, die als konformistische Rebell_innen konspirologischen Mythen anh\u00e4ngen wollen\u201d<\/span><\/i><span style=\"font-weight: 400;\">, schrieben diese Autor_innen. Gehrcke vermied es, \u00fcber solche Einordnungen zu sprechen. Stattdessen behandelte er Imperative, die sich am Ende des Readers finden: <\/span><\/p>\n<blockquote>\n<p style=\"text-align: justify;\"><i><span style=\"font-weight: 400;\">&#8222;\u00dcberlegen sie sich mal selber, was (&#8230;) Sie da schreiben: \u2018Kein Friede mit den Feind_innen Israels\u2019. (&#8230;) Wie sollen Sie denn Gewalt verhindern (&#8230;)? (&#8230;) Wenn Sie sagen, kein Friede mit denen, hei\u00dft das, Sie m\u00fcssen auffordern, Krieg diesen Feinden Israels.\u201d <\/span><\/i><\/p>\n<\/blockquote>\n<p style=\"text-align: justify;\"><i><span style=\"font-weight: 400;\">\u201cSie h\u00e4tten eigentlich mehr schreiben m\u00fcssen: \u2018Reden Sie miteinander\u2019\u201d<\/span><\/i><span style=\"font-weight: 400;\">, lautete der Ratschlag des Abgeordneten, der vielfach zum Appeasement aufrief. Diesmal richtete sich sein Appell an Menschen, die zur Negation der Nation aufrufen, dessen Bauger\u00fcst der Antisemitismus ist: <\/span><i><span style=\"font-weight: 400;\">\u201cMit (&#8230;)\u00a0\u2018Nieder mit Deutschland\u2019 kann ich \u00fcberhaupt nichts anfangen\u201d<\/span><\/i><span style=\"font-weight: 400;\">, positionierte sich Gehrcke, der stattdessen <\/span><i><span style=\"font-weight: 400;\">\u201cFormen des Dialoges\u201d <\/span><\/i><span style=\"font-weight: 400;\">forderte, <\/span><i><span style=\"font-weight: 400;\">\u201cdie Menschen an einen Tisch bringt\u201d. <\/span><\/i><span style=\"font-weight: 400;\">W\u00e4hrend eine Parole gegen Deutschland im Obergeschoss den Unmut des Apologeten erregte, tagte die \u00f6rtliche AfD im Untergeschoss der Lokalit\u00e4t. <\/span><\/p>\n<p style=\"text-align: justify;\"><b>Vereinigungen des Irrationalismus<\/b><\/p>\n<p style=\"text-align: justify;\"><span style=\"font-weight: 400;\">Kurz nach der Veranstaltung, in deren weiteren Verlauf BDS-Kader langatmige Tiraden hielten, <a href=\"http:\/\/www.die-linke-oldenburg.de\/index.php?option=com_content&amp;view=article&amp;id=1842:rufmord-die-antisemitismus-kampagne-gegen-links&amp;catid=61:veranstaltungen&amp;Itemid=103\" target=\"_blank\">ver\u00f6ffentlichte<\/a> die <a href=\"http:\/\/ferne-welten.com\/?p=418\" target=\"_blank\">hiesige Linkspartei<\/a> eine geschnittene Variante, sodass manche \u00c4u\u00dferung der Nachwelt erhalten bleibt. Den <\/span><i><span style=\"font-weight: 400;\">\u201cRedeausschnitten\u201d <\/span><\/i><span style=\"font-weight: 400;\">fehlen einige Interventionen. Manche Wortmeldungen wie der Hinweis auf die Anwesenheit der AfD wurden entfernt. Zurufe aller Art fielen dem Schnitt zum Opfer. Der Kreisverband der der sogenannten Linkspartei, der zum <\/span><i><span style=\"font-weight: 400;\">\u201cFriedensb\u00fcndnis\u201d<\/span><\/i><span style=\"font-weight: 400;\"> geh\u00f6rt, generiert sich eine eigene Realit\u00e4t, die nur bedingt den Ereignissen des Abends entspricht.<\/span><\/p>\n<p style=\"text-align: justify;\"><span style=\"font-weight: 400;\">In den vergangenen Jahren lud diese Vereinigung immer wieder Personen, um Position zu beziehen. Diether Dehm, der die Kategorie der Nation bejaht und die Solidarit\u00e4t mit der Hamas verteidigt, war am 19. Mai 2016 zu Gast beim Kreisverband. Der selbsternannte <\/span><i><span style=\"font-weight: 400;\">\u201eVolksdiplomat\u201c<\/span><\/i><span style=\"font-weight: 400;\"> Andreas Maurer, der zuvor einem russischen Nationalsozialisten <a href=\"http:\/\/ferne-welten.com\/?p=388\" target=\"_blank\">Rede und Antwort stand,<\/a> referierte wenig sp\u00e4ter in einem esoterischen Veranstaltungszentrum. Am 01. September 2016 f\u00fcllte Sahra Wagenknecht den hiesigen Julius-Mosen-Platz. Hunderte lauschten damals den Ausf\u00fchrungen der <a href=\"http:\/\/www.rainertrampert.de\/artikel\/sarah-wagenknecht-und-die-voelkische-selektion\" target=\"_blank\">potentiellen<\/a>\u00a0<\/span><i><span style=\"font-weight: 400;\">\u201cF\u00fchrerin einer v\u00f6lkischen Nationalbewegung\u201d<\/span><\/i><span style=\"font-weight: 400;\">, die gegen <\/span><i><span style=\"font-weight: 400;\">\u201cgro\u00dfe Unternehmen\u201d, &#8222;Steuerausl\u00e4nder\u201d<\/span><\/i><span style=\"font-weight: 400;\"> sowie die <\/span><i><span style=\"font-weight: 400;\">\u201cAbzocke der normalen B\u00fcrgerinnen und B\u00fcrger\u201d\u00a0<\/span><\/i><span style=\"font-weight: 400;\"><a href=\"https:\/\/www.youtube.com\/watch?v=PvInZQGVy14\" target=\"_blank\">sprach<\/a>. <\/span><\/p>\n<p style=\"text-align: justify;\"><span style=\"font-weight: 400;\">Im Gewand eines linken Populismus bl\u00fchen reaktion\u00e4re Verschw\u00f6rungsmythen. Diese traurige Tradition setzte nun Gehrcke fort. In Oldenburg reproduzierte der Abgeordnete alte Erz\u00e4hlungen, in deren Zentrum israelische Geheimdienste oder Journalisten und Stiftungen stehen. Seiner Konstruktion von konspirativen Netzwerken, die au\u00dfenpolitische Wahrnehmungen bestimmen, begegnen Teile der Linken mit Zustimmung. Gehrcke fungiert als Stichwortgeber, der verschw\u00f6rungsideologischen Vorstellungen best\u00e4tigt. Dass solche Vorstellungen einer Kritik der Verh\u00e4ltnisse entgegenstehen, offenbarte sich\u00a0an diesem Abend, der linke Wutb\u00fcrger_innen auf Einladung der<strong>\u00a0<\/strong>Vereinigungen des Irrationalismus<strong>\u00a0<\/strong>zusammenbrachte.<\/span><\/p>\n<p style=\"text-align: center;\"><i><span style=\"font-weight: 400;\">Manche Zitate stammen aus einem Reader antideutscher Communist_innen, die in Oldenburg \u00fcberleben, bis die klassenlose Gesellschaft erreicht oder die Zombie-Apokalypse ausgebrochen ist. Die Intervention, an der andere Genoss_innen und der Autor dieser Zeilen beteiligt waren, <a href=\"http:\/\/ferne-welten.com\/wp-content\/uploads\/2017\/03\/GehrckeFinaler.pdf\" target=\"_blank\">l\u00e4sst sich an dieser Stelle als PDF einsehen<\/a>.<\/span><\/i><\/p>\n<a class=\"synved-social-button synved-social-button-share synved-social-size-32 synved-social-resolution-single synved-social-provider-facebook nolightbox\" data-provider=\"facebook\" target=\"_blank\" rel=\"nofollow\" title=\"Auf Facebook teilen\" href=\"https:\/\/www.facebook.com\/sharer.php?u=https%3A%2F%2Fferne-welten.com%2Findex.php%3Frest_route%3D%252Fwp%252Fv2%252Fposts%252F998&#038;t=Pr%C3%A4sentation%20eines%20Verschw%C3%B6rungsideologen&#038;s=100&#038;p&#091;url&#093;=https%3A%2F%2Fferne-welten.com%2Findex.php%3Frest_route%3D%252Fwp%252Fv2%252Fposts%252F998&#038;p&#091;images&#093;&#091;0&#093;=&#038;p&#091;title&#093;=Pr%C3%A4sentation%20eines%20Verschw%C3%B6rungsideologen\" style=\"font-size: 0px;width:32px;height:32px;margin:0;margin-bottom:5px;margin-right:5px\"><img loading=\"lazy\" decoding=\"async\" alt=\"Facebook\" title=\"Auf Facebook teilen\" class=\"synved-share-image synved-social-image synved-social-image-share\" width=\"32\" height=\"32\" style=\"display: inline;width:32px;height:32px;margin: 0;padding: 0;border: none;box-shadow: none\" src=\"https:\/\/ferne-welten.com\/wp-content\/plugins\/social-media-feather\/synved-social\/addons\/extra-icons\/image\/social\/circle\/64x64\/facebook.png\" \/><\/a><a class=\"synved-social-button synved-social-button-share synved-social-size-32 synved-social-resolution-single synved-social-provider-twitter nolightbox\" data-provider=\"twitter\" target=\"_blank\" rel=\"nofollow\" title=\"Auf Twitter teilen\" href=\"https:\/\/twitter.com\/intent\/tweet?url=https%3A%2F%2Fferne-welten.com%2Findex.php%3Frest_route%3D%252Fwp%252Fv2%252Fposts%252F998&#038;text=Hey%20check%20this%20out\" style=\"font-size: 0px;width:32px;height:32px;margin:0;margin-bottom:5px;margin-right:5px\"><img loading=\"lazy\" decoding=\"async\" alt=\"twitter\" title=\"Auf Twitter teilen\" class=\"synved-share-image synved-social-image synved-social-image-share\" width=\"32\" height=\"32\" style=\"display: inline;width:32px;height:32px;margin: 0;padding: 0;border: none;box-shadow: none\" src=\"https:\/\/ferne-welten.com\/wp-content\/plugins\/social-media-feather\/synved-social\/addons\/extra-icons\/image\/social\/circle\/64x64\/twitter.png\" \/><\/a><a class=\"synved-social-button synved-social-button-share synved-social-size-32 synved-social-resolution-single synved-social-provider-reddit nolightbox\" data-provider=\"reddit\" target=\"_blank\" rel=\"nofollow\" title=\"Auf Reddit teilen\" href=\"https:\/\/www.reddit.com\/submit?url=https%3A%2F%2Fferne-welten.com%2Findex.php%3Frest_route%3D%252Fwp%252Fv2%252Fposts%252F998&#038;title=Pr%C3%A4sentation%20eines%20Verschw%C3%B6rungsideologen\" style=\"font-size: 0px;width:32px;height:32px;margin:0;margin-bottom:5px;margin-right:5px\"><img loading=\"lazy\" decoding=\"async\" alt=\"reddit\" title=\"Auf Reddit teilen\" class=\"synved-share-image synved-social-image synved-social-image-share\" width=\"32\" height=\"32\" style=\"display: inline;width:32px;height:32px;margin: 0;padding: 0;border: none;box-shadow: none\" src=\"https:\/\/ferne-welten.com\/wp-content\/plugins\/social-media-feather\/synved-social\/addons\/extra-icons\/image\/social\/circle\/64x64\/reddit.png\" \/><\/a><a class=\"synved-social-button synved-social-button-share synved-social-size-32 synved-social-resolution-single synved-social-provider-pinterest nolightbox\" data-provider=\"pinterest\" target=\"_blank\" rel=\"nofollow\" title=\"Auf Pinterest pinnen\" href=\"https:\/\/pinterest.com\/pin\/create\/button\/?url=https%3A%2F%2Fferne-welten.com%2Findex.php%3Frest_route%3D%252Fwp%252Fv2%252Fposts%252F998&#038;media=&#038;description=Pr%C3%A4sentation%20eines%20Verschw%C3%B6rungsideologen\" style=\"font-size: 0px;width:32px;height:32px;margin:0;margin-bottom:5px;margin-right:5px\"><img loading=\"lazy\" decoding=\"async\" alt=\"pinterest\" title=\"Auf Pinterest pinnen\" class=\"synved-share-image synved-social-image synved-social-image-share\" width=\"32\" height=\"32\" style=\"display: inline;width:32px;height:32px;margin: 0;padding: 0;border: none;box-shadow: none\" src=\"https:\/\/ferne-welten.com\/wp-content\/plugins\/social-media-feather\/synved-social\/addons\/extra-icons\/image\/social\/circle\/64x64\/pinterest.png\" \/><\/a><a class=\"synved-social-button synved-social-button-share synved-social-size-32 synved-social-resolution-single synved-social-provider-linkedin nolightbox\" data-provider=\"linkedin\" target=\"_blank\" rel=\"nofollow\" title=\"Auf Linkedin teilen\" href=\"https:\/\/www.linkedin.com\/shareArticle?mini=true&#038;url=https%3A%2F%2Fferne-welten.com%2Findex.php%3Frest_route%3D%252Fwp%252Fv2%252Fposts%252F998&#038;title=Pr%C3%A4sentation%20eines%20Verschw%C3%B6rungsideologen\" style=\"font-size: 0px;width:32px;height:32px;margin:0;margin-bottom:5px;margin-right:5px\"><img loading=\"lazy\" decoding=\"async\" alt=\"linkedin\" title=\"Auf Linkedin teilen\" class=\"synved-share-image synved-social-image synved-social-image-share\" width=\"32\" height=\"32\" style=\"display: inline;width:32px;height:32px;margin: 0;padding: 0;border: none;box-shadow: none\" src=\"https:\/\/ferne-welten.com\/wp-content\/plugins\/social-media-feather\/synved-social\/addons\/extra-icons\/image\/social\/circle\/64x64\/linkedin.png\" \/><\/a><a class=\"synved-social-button synved-social-button-share synved-social-size-32 synved-social-resolution-single synved-social-provider-tumblr nolightbox\" data-provider=\"tumblr\" target=\"_blank\" rel=\"nofollow\" title=\"\u00dcber Tumblr teilen\" href=\"https:\/\/tumblr.com\/share?s=&#038;v=3&#038;t=Pr%C3%A4sentation%20eines%20Verschw%C3%B6rungsideologen&#038;u=https%3A%2F%2Fferne-welten.com%2Findex.php%3Frest_route%3D%252Fwp%252Fv2%252Fposts%252F998\" style=\"font-size: 0px;width:32px;height:32px;margin:0;margin-bottom:5px;margin-right:5px\"><img loading=\"lazy\" decoding=\"async\" alt=\"tumblr\" title=\"\u00dcber Tumblr teilen\" class=\"synved-share-image synved-social-image synved-social-image-share\" width=\"32\" height=\"32\" style=\"display: inline;width:32px;height:32px;margin: 0;padding: 0;border: none;box-shadow: none\" src=\"https:\/\/ferne-welten.com\/wp-content\/plugins\/social-media-feather\/synved-social\/addons\/extra-icons\/image\/social\/circle\/64x64\/tumblr.png\" \/><\/a><a class=\"synved-social-button synved-social-button-share synved-social-size-32 synved-social-resolution-single synved-social-provider-mail nolightbox\" data-provider=\"mail\" rel=\"nofollow\" title=\"Link per Mail weiterleiten\" href=\"mailto:?subject=Pr%C3%A4sentation%20eines%20Verschw%C3%B6rungsideologen&#038;body=Hey%20check%20this%20out:%20https%3A%2F%2Fferne-welten.com%2Findex.php%3Frest_route%3D%252Fwp%252Fv2%252Fposts%252F998\" style=\"font-size: 0px;width:32px;height:32px;margin:0;margin-bottom:5px\"><img loading=\"lazy\" decoding=\"async\" alt=\"mail\" title=\"Link per Mail weiterleiten\" class=\"synved-share-image synved-social-image synved-social-image-share\" width=\"32\" height=\"32\" style=\"display: inline;width:32px;height:32px;margin: 0;padding: 0;border: none;box-shadow: none\" src=\"https:\/\/ferne-welten.com\/wp-content\/plugins\/social-media-feather\/synved-social\/addons\/extra-icons\/image\/social\/circle\/64x64\/mail.png\" \/><\/a>","protected":false},"excerpt":{"rendered":"<p>Am 5. Januar 2017 pr\u00e4sentierte Wolfgang Gehrcke seine als Sachbuch getarnte Kampfschrift \u201eRufmord \u2013 Die Antisemitismus-Kampagne gegen links\u201d in einem \u201eGesellschaftshaus\u201c genannten Etablissement. Offizieller Veranstalter war das \u201cOldenburger Friedensb\u00fcndnis\u201d, das ansonsten durch die Organisation des Ostermarsches ritualisierte Aktivit\u00e4ten in Oldenburg entfaltet. Aktuelle Ereignisse dienten als Anlass, um den Deputierten der sogenannten Linkspartei zur \u201cBuchvorstellung mit anschlie\u00dfender Diskussion\u201d einzuladen. Kritische Wortmeldungen blieben nicht aus. Antideutsche Communist_innen intervenierten mit einem Reader.    <\/p>\n","protected":false},"author":1,"featured_media":0,"comment_status":"open","ping_status":"open","sticky":false,"template":"","format":"standard","meta":{"footnotes":""},"categories":[88,359,79],"tags":[118,107,286,318,317,287,89,93],"class_list":["post-998","post","type-post","status-publish","format-standard","hentry","category-dorfkritik","category-eiskaltland","category-mythen","tag-afd","tag-antisemitismus","tag-bds","tag-friedensbuendnis","tag-gehrcke","tag-israel","tag-linkspartei","tag-oldenburg"],"_links":{"self":[{"href":"https:\/\/ferne-welten.com\/index.php?rest_route=\/wp\/v2\/posts\/998","targetHints":{"allow":["GET"]}}],"collection":[{"href":"https:\/\/ferne-welten.com\/index.php?rest_route=\/wp\/v2\/posts"}],"about":[{"href":"https:\/\/ferne-welten.com\/index.php?rest_route=\/wp\/v2\/types\/post"}],"author":[{"embeddable":true,"href":"https:\/\/ferne-welten.com\/index.php?rest_route=\/wp\/v2\/users\/1"}],"replies":[{"embeddable":true,"href":"https:\/\/ferne-welten.com\/index.php?rest_route=%2Fwp%2Fv2%2Fcomments&post=998"}],"version-history":[{"count":17,"href":"https:\/\/ferne-welten.com\/index.php?rest_route=\/wp\/v2\/posts\/998\/revisions"}],"predecessor-version":[{"id":1019,"href":"https:\/\/ferne-welten.com\/index.php?rest_route=\/wp\/v2\/posts\/998\/revisions\/1019"}],"wp:attachment":[{"href":"https:\/\/ferne-welten.com\/index.php?rest_route=%2Fwp%2Fv2%2Fmedia&parent=998"}],"wp:term":[{"taxonomy":"category","embeddable":true,"href":"https:\/\/ferne-welten.com\/index.php?rest_route=%2Fwp%2Fv2%2Fcategories&post=998"},{"taxonomy":"post_tag","embeddable":true,"href":"https:\/\/ferne-welten.com\/index.php?rest_route=%2Fwp%2Fv2%2Ftags&post=998"}],"curies":[{"name":"wp","href":"https:\/\/api.w.org\/{rel}","templated":true}]}}